{"id":25526,"date":"2023-08-23T13:52:21","date_gmt":"2023-08-23T16:52:21","guid":{"rendered":"https:\/\/jornaltimoneiro.com.br\/?p=25526"},"modified":"2023-08-23T13:52:21","modified_gmt":"2023-08-23T16:52:21","slug":"tecnicos-canoenses-sao-convidados-para-participar-dos-jogos-da-juventude-em-sp","status":"publish","type":"post","link":"https:\/\/jornaltimoneiro.com.br\/index.php\/2023\/08\/23\/tecnicos-canoenses-sao-convidados-para-participar-dos-jogos-da-juventude-em-sp\/","title":{"rendered":"T\u00e9cnicos canoenses s\u00e3o convidados para participar dos Jogos da Juventude em SP"},"content":{"rendered":"<p>Dois membros da equipe do programa Atleta Cidad\u00e3o do Futuro (ACF) de Canoas ter\u00e3o a honra de representar a cidade nos Jogos da Juventude de 2023.<\/p>\n<p>Este prestigiado evento est\u00e1 programado para ocorrer de 1\u00ba a 16 de setembro, na cidade de Ribeir\u00e3o Preto, no estado de S\u00e3o Paulo.<\/p>\n<p>Yuri Fajardo ter\u00e1 a importante fun\u00e7\u00e3o de treinador da equipe de atletismo. Ele expressou sua alegria ao receber o convite para desempenhar esse papel em um evento de tal envergadura, organizado pelo Comit\u00ea Ol\u00edmpico Brasileiro (COB).<\/p>\n<p>O treinador enfatizou a relev\u00e2ncia do evento, pois \u00e9 l\u00e1 que talentos emergentes podem ser identificados, potencialmente se tornando futuros representantes do pa\u00eds em eventos de grande destaque, como os Jogos Ol\u00edmpicos.<\/p>\n<p>J\u00e1 Juliana S\u00e1nchez, especialista em Gin\u00e1stica R\u00edtmica, desempenhar\u00e1 um papel crucial como \u00e1rbitra da modalidade. Ela \u00e9 a \u00fanica representante do estado do Rio Grande do Sul a ter a honra de participar dos Jogos Escolares da Juventude deste ano.<\/p>\n<p>Ambos os talentosos profissionais est\u00e3o programados para embarcar rumo a S\u00e3o Paulo no dia 31 de agosto, prontos para contribuir com suas habilidades e paix\u00e3o pelo esporte.[<\/p>\n<h4>Sobre os jogos<\/h4>\n<p>O evento \u00e9 organizado pelo Comit\u00ea Ol\u00edmpico do Brasil (COB) e oferece suporte para as modalidades ol\u00edmpicas atrav\u00e9s de a\u00e7\u00f5es em prol da forma\u00e7\u00e3o de atletas jovens e profissionais do esporte.<\/p>\n<p>Desde 2000, re\u00fane anualmente mais de 4,5 mil atletas com at\u00e9 17 anos, oriundos de escolas p\u00fablicas e privadas de todo o pa\u00eds.<\/p>\n","protected":false},"excerpt":{"rendered":"<p>Dois membros da equipe do programa Atleta Cidad\u00e3o do Futuro (ACF) de Canoas ter\u00e3o a honra de representar a cidade nos Jogos da Juventude de 2023. Este prestigiado evento est\u00e1 programado para ocorrer de 1\u00ba a 16 de setembro, na cidade de Ribeir\u00e3o Preto, no estado de S\u00e3o Paulo. Yuri Fajardo ter\u00e1 a importante fun\u00e7\u00e3o [&hellip;]<\/p>\n","protected":false},"author":2,"featured_media":25527,"comment_status":"open","ping_status":"open","sticky":false,"template":"","format":"standard","meta":{"amp_status":"","footnotes":""},"categories":[24],"tags":[1279,1280,31,1278,1281,1282,214,213,80,334,1283],"class_list":["post-25526","post","type-post","status-publish","format-standard","has-post-thumbnail","hentry","category-esporte","tag-acf","tag-atletismo","tag-canoas","tag-cob","tag-ginastica-ritmica","tag-jogos-da-juventude","tag-regiao-metropolitana","tag-rio-grande-do-sul","tag-rs","tag-sao-paulo","tag-sp"],"yoast_head":"<!-- This site is optimized with the Yoast SEO plugin v20.5 - https:\/\/yoast.com\/wordpress\/plugins\/seo\/ -->\n<title>T\u00e9cnicos canoenses s\u00e3o convidados para participar dos Jogos da Juventude em SP - O Timoneiro Jornal Canoas RS<\/title>\n<meta name=\"description\" content=\"T\u00e9cnicos canoenses s\u00e3o convidados para participar dos Jogos da Juventude em SP esporte gin\u00e1stica r\u00edtmica atletismo COB ACF canoas Rs\" \/>\n<meta name=\"robots\" content=\"index, follow, max-snippet:-1, max-image-preview:large, max-video-preview:-1\" \/>\n<link rel=\"canonical\" href=\"https:\/\/jornaltimoneiro.com.br\/index.php\/2023\/08\/23\/tecnicos-canoenses-sao-convidados-para-participar-dos-jogos-da-juventude-em-sp\/\" \/>\n<meta property=\"og:locale\" content=\"pt_BR\" \/>\n<meta property=\"og:type\" content=\"article\" \/>\n<meta property=\"og:title\" content=\"T\u00e9cnicos canoenses s\u00e3o convidados para participar dos Jogos da Juventude em SP - O Timoneiro Jornal Canoas RS\" \/>\n<meta property=\"og:description\" content=\"T\u00e9cnicos canoenses s\u00e3o convidados para participar dos Jogos da Juventude em SP esporte gin\u00e1stica r\u00edtmica atletismo COB ACF canoas Rs\" \/>\n<meta property=\"og:url\" content=\"https:\/\/jornaltimoneiro.com.br\/index.php\/2023\/08\/23\/tecnicos-canoenses-sao-convidados-para-participar-dos-jogos-da-juventude-em-sp\/\" \/>\n<meta property=\"og:site_name\" content=\"O Timoneiro Jornal Canoas RS\" \/>\n<meta property=\"article:publisher\" content=\"https:\/\/www.facebook.com\/jornaltimoneiro\" \/>\n<meta property=\"article:published_time\" content=\"2023-08-23T16:52:21+00:00\" \/>\n<meta property=\"og:image\" content=\"https:\/\/jornaltimoneiro.com.br\/wp-content\/uploads\/2023\/08\/Washington-Alves-COB.jpg\" \/>\n\t<meta property=\"og:image:width\" content=\"640\" \/>\n\t<meta property=\"og:image:height\" content=\"412\" \/>\n\t<meta property=\"og:image:type\" content=\"image\/jpeg\" \/>\n<meta name=\"author\" content=\"Reda\u00e7\u00e3o\" \/>\n<meta name=\"twitter:card\" content=\"summary_large_image\" \/>\n<meta name=\"twitter:creator\" content=\"@_OTimoneiro\" \/>\n<meta name=\"twitter:site\" content=\"@_OTimoneiro\" \/>\n<meta name=\"twitter:label1\" content=\"Escrito por\" \/>\n\t<meta name=\"twitter:data1\" content=\"Reda\u00e7\u00e3o\" \/>\n\t<meta name=\"twitter:label2\" content=\"Est. tempo de leitura\" \/>\n\t<meta name=\"twitter:data2\" content=\"2 minutos\" \/>\n<script type=\"application\/ld+json\" class=\"yoast-schema-graph\">{\"@context\":\"https:\/\/schema.org\",\"@graph\":[{\"@type\":\"Article\",\"@id\":\"https:\/\/jornaltimoneiro.com.br\/index.php\/2023\/08\/23\/tecnicos-canoenses-sao-convidados-para-participar-dos-jogos-da-juventude-em-sp\/#article\",\"isPartOf\":{\"@id\":\"https:\/\/jornaltimoneiro.com.br\/index.php\/2023\/08\/23\/tecnicos-canoenses-sao-convidados-para-participar-dos-jogos-da-juventude-em-sp\/\"},\"author\":{\"name\":\"Reda\u00e7\u00e3o\",\"@id\":\"https:\/\/jornaltimoneiro.com.br\/#\/schema\/person\/f63482f1a02b1a9592707865e509ab40\"},\"headline\":\"T\u00e9cnicos canoenses s\u00e3o convidados para participar dos Jogos da Juventude em SP\",\"datePublished\":\"2023-08-23T16:52:21+00:00\",\"dateModified\":\"2023-08-23T16:52:21+00:00\",\"mainEntityOfPage\":{\"@id\":\"https:\/\/jornaltimoneiro.com.br\/index.php\/2023\/08\/23\/tecnicos-canoenses-sao-convidados-para-participar-dos-jogos-da-juventude-em-sp\/\"},\"wordCount\":268,\"commentCount\":0,\"publisher\":{\"@id\":\"https:\/\/jornaltimoneiro.com.br\/#organization\"},\"keywords\":[\"acf\",\"atletismo\",\"canoas\",\"cob\",\"gin\u00e1stica r\u00edtmica\",\"jogos da juventude\",\"regi\u00e3o metropolitana\",\"rio grande do sul\",\"RS\",\"s\u00e3o paulo\",\"SP\"],\"articleSection\":[\"Esporte\"],\"inLanguage\":\"pt-BR\",\"potentialAction\":[{\"@type\":\"CommentAction\",\"name\":\"Comment\",\"target\":[\"https:\/\/jornaltimoneiro.com.br\/index.php\/2023\/08\/23\/tecnicos-canoenses-sao-convidados-para-participar-dos-jogos-da-juventude-em-sp\/#respond\"]}]},{\"@type\":\"WebPage\",\"@id\":\"https:\/\/jornaltimoneiro.com.br\/index.php\/2023\/08\/23\/tecnicos-canoenses-sao-convidados-para-participar-dos-jogos-da-juventude-em-sp\/\",\"url\":\"https:\/\/jornaltimoneiro.com.br\/index.php\/2023\/08\/23\/tecnicos-canoenses-sao-convidados-para-participar-dos-jogos-da-juventude-em-sp\/\",\"name\":\"T\u00e9cnicos canoenses s\u00e3o convidados para participar dos Jogos da Juventude em SP - O Timoneiro Jornal Canoas RS\",\"isPartOf\":{\"@id\":\"https:\/\/jornaltimoneiro.com.br\/#website\"},\"datePublished\":\"2023-08-23T16:52:21+00:00\",\"dateModified\":\"2023-08-23T16:52:21+00:00\",\"description\":\"T\u00e9cnicos canoenses s\u00e3o convidados para participar dos Jogos da Juventude em SP esporte gin\u00e1stica r\u00edtmica atletismo COB ACF canoas Rs\",\"breadcrumb\":{\"@id\":\"https:\/\/jornaltimoneiro.com.br\/index.php\/2023\/08\/23\/tecnicos-canoenses-sao-convidados-para-participar-dos-jogos-da-juventude-em-sp\/#breadcrumb\"},\"inLanguage\":\"pt-BR\",\"potentialAction\":[{\"@type\":\"ReadAction\",\"target\":[\"https:\/\/jornaltimoneiro.com.br\/index.php\/2023\/08\/23\/tecnicos-canoenses-sao-convidados-para-participar-dos-jogos-da-juventude-em-sp\/\"]}]},{\"@type\":\"BreadcrumbList\",\"@id\":\"https:\/\/jornaltimoneiro.com.br\/index.php\/2023\/08\/23\/tecnicos-canoenses-sao-convidados-para-participar-dos-jogos-da-juventude-em-sp\/#breadcrumb\",\"itemListElement\":[{\"@type\":\"ListItem\",\"position\":1,\"name\":\"In\u00edcio\",\"item\":\"https:\/\/jornaltimoneiro.com.br\/\"},{\"@type\":\"ListItem\",\"position\":2,\"name\":\"T\u00e9cnicos canoenses s\u00e3o convidados para participar dos Jogos da Juventude em SP\"}]},{\"@type\":\"WebSite\",\"@id\":\"https:\/\/jornaltimoneiro.com.br\/#website\",\"url\":\"https:\/\/jornaltimoneiro.com.br\/\",\"name\":\"Jornal Timoneiro Canoas RS\",\"description\":\"Jornal O Timoneiro, o verdadeiro jornal de Canoas\",\"publisher\":{\"@id\":\"https:\/\/jornaltimoneiro.com.br\/#organization\"},\"potentialAction\":[{\"@type\":\"SearchAction\",\"target\":{\"@type\":\"EntryPoint\",\"urlTemplate\":\"https:\/\/jornaltimoneiro.com.br\/?s={search_term_string}\"},\"query-input\":\"required name=search_term_string\"}],\"inLanguage\":\"pt-BR\"},{\"@type\":\"Organization\",\"@id\":\"https:\/\/jornaltimoneiro.com.br\/#organization\",\"name\":\"Jornal Timoneiro Canoas RS\",\"url\":\"https:\/\/jornaltimoneiro.com.br\/\",\"logo\":{\"@type\":\"ImageObject\",\"inLanguage\":\"pt-BR\",\"@id\":\"https:\/\/jornaltimoneiro.com.br\/#\/schema\/logo\/image\/\",\"url\":\"https:\/\/jornaltimoneiro.com.br\/wp-content\/uploads\/2023\/03\/logonovo.png\",\"contentUrl\":\"https:\/\/jornaltimoneiro.com.br\/wp-content\/uploads\/2023\/03\/logonovo.png\",\"width\":\"469\",\"height\":\"171\",\"caption\":\"Jornal Timoneiro Canoas RS\"},\"image\":{\"@id\":\"https:\/\/jornaltimoneiro.com.br\/#\/schema\/logo\/image\/\"},\"sameAs\":[\"https:\/\/www.facebook.com\/jornaltimoneiro\",\"https:\/\/twitter.com\/_OTimoneiro\",\"https:\/\/www.instagram.com\/jornaltimoneirocanoas\/\",\"https:\/\/www.youtube.com\/@jornalotimoneiro7927\"]},{\"@type\":\"Person\",\"@id\":\"https:\/\/jornaltimoneiro.com.br\/#\/schema\/person\/f63482f1a02b1a9592707865e509ab40\",\"name\":\"Reda\u00e7\u00e3o\",\"image\":{\"@type\":\"ImageObject\",\"inLanguage\":\"pt-BR\",\"@id\":\"https:\/\/jornaltimoneiro.com.br\/#\/schema\/person\/image\/\",\"url\":\"https:\/\/jornaltimoneiro.com.br\/wp-content\/uploads\/2023\/03\/download.jpeg\",\"contentUrl\":\"https:\/\/jornaltimoneiro.com.br\/wp-content\/uploads\/2023\/03\/download.jpeg\",\"caption\":\"Reda\u00e7\u00e3o\"},\"url\":\"https:\/\/jornaltimoneiro.com.br\/index.php\/author\/simone-dutra\/\"}]}<\/script>\n<!-- \/ Yoast SEO plugin. -->","yoast_head_json":{"title":"T\u00e9cnicos canoenses s\u00e3o convidados para participar dos Jogos da Juventude em SP - O Timoneiro Jornal Canoas RS","description":"T\u00e9cnicos canoenses s\u00e3o convidados para participar dos Jogos da Juventude em SP esporte gin\u00e1stica r\u00edtmica atletismo COB ACF canoas Rs","robots":{"index":"index","follow":"follow","max-snippet":"max-snippet:-1","max-image-preview":"max-image-preview:large","max-video-preview":"max-video-preview:-1"},"canonical":"https:\/\/jornaltimoneiro.com.br\/index.php\/2023\/08\/23\/tecnicos-canoenses-sao-convidados-para-participar-dos-jogos-da-juventude-em-sp\/","og_locale":"pt_BR","og_type":"article","og_title":"T\u00e9cnicos canoenses s\u00e3o convidados para participar dos Jogos da Juventude em SP - O Timoneiro Jornal Canoas RS","og_description":"T\u00e9cnicos canoenses s\u00e3o convidados para participar dos Jogos da Juventude em SP esporte gin\u00e1stica r\u00edtmica atletismo COB ACF canoas Rs","og_url":"https:\/\/jornaltimoneiro.com.br\/index.php\/2023\/08\/23\/tecnicos-canoenses-sao-convidados-para-participar-dos-jogos-da-juventude-em-sp\/","og_site_name":"O Timoneiro Jornal Canoas RS","article_publisher":"https:\/\/www.facebook.com\/jornaltimoneiro","article_published_time":"2023-08-23T16:52:21+00:00","og_image":[{"width":"640","height":"412","url":"https:\/\/jornaltimoneiro.com.br\/wp-content\/uploads\/2023\/08\/Washington-Alves-COB.jpg","type":"image\/jpeg"}],"author":"Reda\u00e7\u00e3o","twitter_card":"summary_large_image","twitter_creator":"@_OTimoneiro","twitter_site":"@_OTimoneiro","twitter_misc":{"Escrito por":"Reda\u00e7\u00e3o","Est. tempo de leitura":"2 minutos"},"schema":{"@context":"https:\/\/schema.org","@graph":[{"@type":"Article","@id":"https:\/\/jornaltimoneiro.com.br\/index.php\/2023\/08\/23\/tecnicos-canoenses-sao-convidados-para-participar-dos-jogos-da-juventude-em-sp\/#article","isPartOf":{"@id":"https:\/\/jornaltimoneiro.com.br\/index.php\/2023\/08\/23\/tecnicos-canoenses-sao-convidados-para-participar-dos-jogos-da-juventude-em-sp\/"},"author":{"name":"Reda\u00e7\u00e3o","@id":"https:\/\/jornaltimoneiro.com.br\/#\/schema\/person\/f63482f1a02b1a9592707865e509ab40"},"headline":"T\u00e9cnicos canoenses s\u00e3o convidados para participar dos Jogos da Juventude em SP","datePublished":"2023-08-23T16:52:21+00:00","dateModified":"2023-08-23T16:52:21+00:00","mainEntityOfPage":{"@id":"https:\/\/jornaltimoneiro.com.br\/index.php\/2023\/08\/23\/tecnicos-canoenses-sao-convidados-para-participar-dos-jogos-da-juventude-em-sp\/"},"wordCount":268,"commentCount":0,"publisher":{"@id":"https:\/\/jornaltimoneiro.com.br\/#organization"},"keywords":["acf","atletismo","canoas","cob","gin\u00e1stica r\u00edtmica","jogos da juventude","regi\u00e3o metropolitana","rio grande do sul","RS","s\u00e3o paulo","SP"],"articleSection":["Esporte"],"inLanguage":"pt-BR","potentialAction":[{"@type":"CommentAction","name":"Comment","target":["https:\/\/jornaltimoneiro.com.br\/index.php\/2023\/08\/23\/tecnicos-canoenses-sao-convidados-para-participar-dos-jogos-da-juventude-em-sp\/#respond"]}]},{"@type":"WebPage","@id":"https:\/\/jornaltimoneiro.com.br\/index.php\/2023\/08\/23\/tecnicos-canoenses-sao-convidados-para-participar-dos-jogos-da-juventude-em-sp\/","url":"https:\/\/jornaltimoneiro.com.br\/index.php\/2023\/08\/23\/tecnicos-canoenses-sao-convidados-para-participar-dos-jogos-da-juventude-em-sp\/","name":"T\u00e9cnicos canoenses s\u00e3o convidados para participar dos Jogos da Juventude em SP - O Timoneiro Jornal Canoas RS","isPartOf":{"@id":"https:\/\/jornaltimoneiro.com.br\/#website"},"datePublished":"2023-08-23T16:52:21+00:00","dateModified":"2023-08-23T16:52:21+00:00","description":"T\u00e9cnicos canoenses s\u00e3o convidados para participar dos Jogos da Juventude em SP esporte gin\u00e1stica r\u00edtmica atletismo COB ACF canoas Rs","breadcrumb":{"@id":"https:\/\/jornaltimoneiro.com.br\/index.php\/2023\/08\/23\/tecnicos-canoenses-sao-convidados-para-participar-dos-jogos-da-juventude-em-sp\/#breadcrumb"},"inLanguage":"pt-BR","potentialAction":[{"@type":"ReadAction","target":["https:\/\/jornaltimoneiro.com.br\/index.php\/2023\/08\/23\/tecnicos-canoenses-sao-convidados-para-participar-dos-jogos-da-juventude-em-sp\/"]}]},{"@type":"BreadcrumbList","@id":"https:\/\/jornaltimoneiro.com.br\/index.php\/2023\/08\/23\/tecnicos-canoenses-sao-convidados-para-participar-dos-jogos-da-juventude-em-sp\/#breadcrumb","itemListElement":[{"@type":"ListItem","position":1,"name":"In\u00edcio","item":"https:\/\/jornaltimoneiro.com.br\/"},{"@type":"ListItem","position":2,"name":"T\u00e9cnicos canoenses s\u00e3o convidados para participar dos Jogos da Juventude em SP"}]},{"@type":"WebSite","@id":"https:\/\/jornaltimoneiro.com.br\/#website","url":"https:\/\/jornaltimoneiro.com.br\/","name":"Jornal Timoneiro Canoas RS","description":"Jornal O Timoneiro, o verdadeiro jornal de Canoas","publisher":{"@id":"https:\/\/jornaltimoneiro.com.br\/#organization"},"potentialAction":[{"@type":"SearchAction","target":{"@type":"EntryPoint","urlTemplate":"https:\/\/jornaltimoneiro.com.br\/?s={search_term_string}"},"query-input":"required name=search_term_string"}],"inLanguage":"pt-BR"},{"@type":"Organization","@id":"https:\/\/jornaltimoneiro.com.br\/#organization","name":"Jornal Timoneiro Canoas RS","url":"https:\/\/jornaltimoneiro.com.br\/","logo":{"@type":"ImageObject","inLanguage":"pt-BR","@id":"https:\/\/jornaltimoneiro.com.br\/#\/schema\/logo\/image\/","url":"https:\/\/jornaltimoneiro.com.br\/wp-content\/uploads\/2023\/03\/logonovo.png","contentUrl":"https:\/\/jornaltimoneiro.com.br\/wp-content\/uploads\/2023\/03\/logonovo.png","width":"469","height":"171","caption":"Jornal Timoneiro Canoas RS"},"image":{"@id":"https:\/\/jornaltimoneiro.com.br\/#\/schema\/logo\/image\/"},"sameAs":["https:\/\/www.facebook.com\/jornaltimoneiro","https:\/\/twitter.com\/_OTimoneiro","https:\/\/www.instagram.com\/jornaltimoneirocanoas\/","https:\/\/www.youtube.com\/@jornalotimoneiro7927"]},{"@type":"Person","@id":"https:\/\/jornaltimoneiro.com.br\/#\/schema\/person\/f63482f1a02b1a9592707865e509ab40","name":"Reda\u00e7\u00e3o","image":{"@type":"ImageObject","inLanguage":"pt-BR","@id":"https:\/\/jornaltimoneiro.com.br\/#\/schema\/person\/image\/","url":"https:\/\/jornaltimoneiro.com.br\/wp-content\/uploads\/2023\/03\/download.jpeg","contentUrl":"https:\/\/jornaltimoneiro.com.br\/wp-content\/uploads\/2023\/03\/download.jpeg","caption":"Reda\u00e7\u00e3o"},"url":"https:\/\/jornaltimoneiro.com.br\/index.php\/author\/simone-dutra\/"}]}},"_links":{"self":[{"href":"https:\/\/jornaltimoneiro.com.br\/index.php\/wp-json\/wp\/v2\/posts\/25526"}],"collection":[{"href":"https:\/\/jornaltimoneiro.com.br\/index.php\/wp-json\/wp\/v2\/posts"}],"about":[{"href":"https:\/\/jornaltimoneiro.com.br\/index.php\/wp-json\/wp\/v2\/types\/post"}],"author":[{"embeddable":true,"href":"https:\/\/jornaltimoneiro.com.br\/index.php\/wp-json\/wp\/v2\/users\/2"}],"replies":[{"embeddable":true,"href":"https:\/\/jornaltimoneiro.com.br\/index.php\/wp-json\/wp\/v2\/comments?post=25526"}],"version-history":[{"count":1,"href":"https:\/\/jornaltimoneiro.com.br\/index.php\/wp-json\/wp\/v2\/posts\/25526\/revisions"}],"predecessor-version":[{"id":25528,"href":"https:\/\/jornaltimoneiro.com.br\/index.php\/wp-json\/wp\/v2\/posts\/25526\/revisions\/25528"}],"wp:featuredmedia":[{"embeddable":true,"href":"https:\/\/jornaltimoneiro.com.br\/index.php\/wp-json\/wp\/v2\/media\/25527"}],"wp:attachment":[{"href":"https:\/\/jornaltimoneiro.com.br\/index.php\/wp-json\/wp\/v2\/media?parent=25526"}],"wp:term":[{"taxonomy":"category","embeddable":true,"href":"https:\/\/jornaltimoneiro.com.br\/index.php\/wp-json\/wp\/v2\/categories?post=25526"},{"taxonomy":"post_tag","embeddable":true,"href":"https:\/\/jornaltimoneiro.com.br\/index.php\/wp-json\/wp\/v2\/tags?post=25526"}],"curies":[{"name":"wp","href":"https:\/\/api.w.org\/{rel}","templated":true}]}}