{"id":2537,"date":"2016-01-22T10:46:16","date_gmt":"2016-01-22T12:46:16","guid":{"rendered":"http:\/\/otimoneiro.com.br\/?p=2537"},"modified":"2016-01-22T10:46:16","modified_gmt":"2016-01-22T12:46:16","slug":"vigilancia-em-saude-revela-quais-sao-os-bairros-com-maior-incidencia-de-aedes-egypt","status":"publish","type":"post","link":"https:\/\/jornaltimoneiro.com.br\/index.php\/2016\/01\/22\/vigilancia-em-saude-revela-quais-sao-os-bairros-com-maior-incidencia-de-aedes-egypt\/","title":{"rendered":"Vigil\u00e2ncia em Sa\u00fade revela quais s\u00e3o os bairros com maior incid\u00eancia de Aedes Aegypti"},"content":{"rendered":"<p><a href=\"http:\/\/otimoneiro.com.br\/wp-content\/uploads\/2016\/01\/DSC8702-1024x6831.jpg\"><img decoding=\"async\" class=\"aligncenter size-large wp-image-2540\" src=\"http:\/\/otimoneiro.com.br\/wp-content\/uploads\/2016\/01\/DSC8702-1024x6831-1024x683.jpg\" alt=\"DSC8702-1024x683\" width=\"1024\" height=\"683\" \/><\/a><\/p>\n<p>Em entrevista exclusiva ao programa OT Not\u00edcias, na R\u00e1dio O Timoneiro, na manh\u00e3 desta sexta-feira, 22, o m\u00e9dico veterin\u00e1rio da Vigil\u00e2ncia em Sa\u00fade, Jean Pierre Maillard, n\u00e3o apenas reiterou a informa\u00e7\u00e3o de que h\u00e1 suspeita de Zika V\u00edrus em Canoas, como tamb\u00e9m apontou os bairros que tem maior possibilidade de contamina\u00e7\u00e3o.<\/p>\n<div>Segundo Maillard, os bairros com maior\u00a0\u00edndice epid\u00eamico de Aedes Aegypti s\u00e3o: Est\u00e2ncia Velha, Nossa Senhora das Gracas, Rio Branco, Niter\u00f3i e Fatima. No entanto, os moradores dos demais bairros tamb\u00e9m n\u00e3o devem descuidar da preven\u00e7\u00e3o, evitando o ac\u00famulo de \u00e1gua parada.<\/div>\n<div><\/div>\n<div><\/div>\n<div><strong>OU\u00c7A A ENTREVISTA COMPLETA\u00a0<\/strong><\/div>\n<div>\n<!--[if lt IE 9]><script>document.createElement('audio');<\/script><![endif]-->\n<audio class=\"wp-audio-shortcode\" id=\"audio-2537-1\" preload=\"none\" style=\"width: 100%;\" controls=\"controls\"><source type=\"audio\/mpeg\" src=\"http:\/\/otimoneiro.com.br\/wp-content\/uploads\/2016\/01\/ENTREVISTA.mp3?_=1\" \/><a href=\"http:\/\/otimoneiro.com.br\/wp-content\/uploads\/2016\/01\/ENTREVISTA.mp3\">http:\/\/otimoneiro.com.br\/wp-content\/uploads\/2016\/01\/ENTREVISTA.mp3<\/a><\/audio>\n<\/div>\n<div><\/div>\n<div><\/div>\n<div>Sobre o caso suspeito de contamina\u00e7\u00e3o de Zika em uma canoense que pode ter contra\u00eddo o v\u00edrus no Rio de Janeiro, Maillard ressaltou que, mesmo que se confirme, a paciente teria chegado na cidade com a contamina\u00e7\u00e3o em uma fase em que n\u00e3o seria mais poss\u00edvel a transmiss\u00e3o para o mosquito.<\/div>\n<div><\/div>\n<div><a href=\"http:\/\/otimoneiro.com.br\/aedes-agentes-nao-conseguem-vistoriar-56-dos-imoveis-visitados-em-canoas\/\">Agentes n\u00e3o conseguem vistoriar 56% dos im\u00f3veis de Canoas<\/a><\/div>\n<div><\/div>\n<div><a href=\"http:\/\/otimoneiro.com.br\/prefeitura-confirma-primeiro-caso-suspeito-de-zika-em-canoas\/\">Prefeitura confirma primeiro caso suspeito de zika no munic\u00edpio<\/a><\/div>\n","protected":false},"excerpt":{"rendered":"<p>Na quinta-feira, 21, a Prefeitura confirmou a primeira suspeita de contamina\u00e7\u00e3o por Zika V\u00edrus na cidade<\/p>\n","protected":false},"author":1,"featured_media":2540,"comment_status":"open","ping_status":"open","sticky":false,"template":"","format":"standard","meta":{"amp_status":"","footnotes":""},"categories":[25,19,29,22,26],"tags":[],"class_list":["post-2537","post","type-post","status-publish","format-standard","has-post-thumbnail","hentry","category-comunidade","category-destaques","category-meio-ambiente","category-noticias","category-saude"],"yoast_head":"<!-- This site is optimized with the Yoast SEO plugin v20.5 - https:\/\/yoast.com\/wordpress\/plugins\/seo\/ -->\n<title>Vigil\u00e2ncia em Sa\u00fade revela quais s\u00e3o os bairros com maior incid\u00eancia de Aedes Aegypti - O Timoneiro Jornal Canoas RS<\/title>\n<meta name=\"robots\" content=\"index, follow, max-snippet:-1, max-image-preview:large, max-video-preview:-1\" \/>\n<link rel=\"canonical\" href=\"https:\/\/jornaltimoneiro.com.br\/index.php\/2016\/01\/22\/vigilancia-em-saude-revela-quais-sao-os-bairros-com-maior-incidencia-de-aedes-egypt\/\" \/>\n<meta property=\"og:locale\" content=\"pt_BR\" \/>\n<meta property=\"og:type\" content=\"article\" \/>\n<meta property=\"og:title\" content=\"Vigil\u00e2ncia em Sa\u00fade revela quais s\u00e3o os bairros com maior incid\u00eancia de Aedes Aegypti - O Timoneiro Jornal Canoas RS\" \/>\n<meta property=\"og:description\" content=\"Na quinta-feira, 21, a Prefeitura confirmou a primeira suspeita de contamina\u00e7\u00e3o por Zika V\u00edrus na cidade\" \/>\n<meta property=\"og:url\" content=\"https:\/\/jornaltimoneiro.com.br\/index.php\/2016\/01\/22\/vigilancia-em-saude-revela-quais-sao-os-bairros-com-maior-incidencia-de-aedes-egypt\/\" \/>\n<meta property=\"og:site_name\" content=\"O Timoneiro Jornal Canoas RS\" \/>\n<meta property=\"article:publisher\" content=\"https:\/\/www.facebook.com\/jornaltimoneiro\" \/>\n<meta property=\"article:published_time\" content=\"2016-01-22T12:46:16+00:00\" \/>\n<meta name=\"author\" content=\"Reda\u00e7\u00e3o\" \/>\n<meta name=\"twitter:card\" content=\"summary_large_image\" \/>\n<meta name=\"twitter:creator\" content=\"@_OTimoneiro\" \/>\n<meta name=\"twitter:site\" content=\"@_OTimoneiro\" \/>\n<meta name=\"twitter:label1\" content=\"Escrito por\" \/>\n\t<meta name=\"twitter:data1\" content=\"Reda\u00e7\u00e3o\" \/>\n\t<meta name=\"twitter:label2\" content=\"Est. tempo de leitura\" \/>\n\t<meta name=\"twitter:data2\" content=\"1 minuto\" \/>\n<script type=\"application\/ld+json\" class=\"yoast-schema-graph\">{\"@context\":\"https:\/\/schema.org\",\"@graph\":[{\"@type\":\"Article\",\"@id\":\"https:\/\/jornaltimoneiro.com.br\/index.php\/2016\/01\/22\/vigilancia-em-saude-revela-quais-sao-os-bairros-com-maior-incidencia-de-aedes-egypt\/#article\",\"isPartOf\":{\"@id\":\"https:\/\/jornaltimoneiro.com.br\/index.php\/2016\/01\/22\/vigilancia-em-saude-revela-quais-sao-os-bairros-com-maior-incidencia-de-aedes-egypt\/\"},\"author\":{\"name\":\"Reda\u00e7\u00e3o\",\"@id\":\"https:\/\/jornaltimoneiro.com.br\/#\/schema\/person\/620efd1d8244466117482be494360b08\"},\"headline\":\"Vigil\u00e2ncia em Sa\u00fade revela quais s\u00e3o os bairros com maior incid\u00eancia de Aedes Aegypti\",\"datePublished\":\"2016-01-22T12:46:16+00:00\",\"dateModified\":\"2016-01-22T12:46:16+00:00\",\"mainEntityOfPage\":{\"@id\":\"https:\/\/jornaltimoneiro.com.br\/index.php\/2016\/01\/22\/vigilancia-em-saude-revela-quais-sao-os-bairros-com-maior-incidencia-de-aedes-egypt\/\"},\"wordCount\":223,\"commentCount\":0,\"publisher\":{\"@id\":\"https:\/\/jornaltimoneiro.com.br\/#organization\"},\"articleSection\":[\"Comunidade\",\"Destaques\",\"Meio Ambiente\",\"Not\u00edcias\",\"Sa\u00fade\"],\"inLanguage\":\"pt-BR\",\"potentialAction\":[{\"@type\":\"CommentAction\",\"name\":\"Comment\",\"target\":[\"https:\/\/jornaltimoneiro.com.br\/index.php\/2016\/01\/22\/vigilancia-em-saude-revela-quais-sao-os-bairros-com-maior-incidencia-de-aedes-egypt\/#respond\"]}]},{\"@type\":\"WebPage\",\"@id\":\"https:\/\/jornaltimoneiro.com.br\/index.php\/2016\/01\/22\/vigilancia-em-saude-revela-quais-sao-os-bairros-com-maior-incidencia-de-aedes-egypt\/\",\"url\":\"https:\/\/jornaltimoneiro.com.br\/index.php\/2016\/01\/22\/vigilancia-em-saude-revela-quais-sao-os-bairros-com-maior-incidencia-de-aedes-egypt\/\",\"name\":\"Vigil\u00e2ncia em Sa\u00fade revela quais s\u00e3o os bairros com maior incid\u00eancia de Aedes Aegypti - O Timoneiro Jornal Canoas RS\",\"isPartOf\":{\"@id\":\"https:\/\/jornaltimoneiro.com.br\/#website\"},\"datePublished\":\"2016-01-22T12:46:16+00:00\",\"dateModified\":\"2016-01-22T12:46:16+00:00\",\"breadcrumb\":{\"@id\":\"https:\/\/jornaltimoneiro.com.br\/index.php\/2016\/01\/22\/vigilancia-em-saude-revela-quais-sao-os-bairros-com-maior-incidencia-de-aedes-egypt\/#breadcrumb\"},\"inLanguage\":\"pt-BR\",\"potentialAction\":[{\"@type\":\"ReadAction\",\"target\":[\"https:\/\/jornaltimoneiro.com.br\/index.php\/2016\/01\/22\/vigilancia-em-saude-revela-quais-sao-os-bairros-com-maior-incidencia-de-aedes-egypt\/\"]}]},{\"@type\":\"BreadcrumbList\",\"@id\":\"https:\/\/jornaltimoneiro.com.br\/index.php\/2016\/01\/22\/vigilancia-em-saude-revela-quais-sao-os-bairros-com-maior-incidencia-de-aedes-egypt\/#breadcrumb\",\"itemListElement\":[{\"@type\":\"ListItem\",\"position\":1,\"name\":\"In\u00edcio\",\"item\":\"https:\/\/jornaltimoneiro.com.br\/\"},{\"@type\":\"ListItem\",\"position\":2,\"name\":\"Vigil\u00e2ncia em Sa\u00fade revela quais s\u00e3o os bairros com maior incid\u00eancia de Aedes Aegypti\"}]},{\"@type\":\"WebSite\",\"@id\":\"https:\/\/jornaltimoneiro.com.br\/#website\",\"url\":\"https:\/\/jornaltimoneiro.com.br\/\",\"name\":\"Jornal Timoneiro Canoas RS\",\"description\":\"Jornal O Timoneiro, o verdadeiro jornal de Canoas\",\"publisher\":{\"@id\":\"https:\/\/jornaltimoneiro.com.br\/#organization\"},\"potentialAction\":[{\"@type\":\"SearchAction\",\"target\":{\"@type\":\"EntryPoint\",\"urlTemplate\":\"https:\/\/jornaltimoneiro.com.br\/?s={search_term_string}\"},\"query-input\":\"required name=search_term_string\"}],\"inLanguage\":\"pt-BR\"},{\"@type\":\"Organization\",\"@id\":\"https:\/\/jornaltimoneiro.com.br\/#organization\",\"name\":\"Jornal Timoneiro Canoas RS\",\"url\":\"https:\/\/jornaltimoneiro.com.br\/\",\"logo\":{\"@type\":\"ImageObject\",\"inLanguage\":\"pt-BR\",\"@id\":\"https:\/\/jornaltimoneiro.com.br\/#\/schema\/logo\/image\/\",\"url\":\"https:\/\/jornaltimoneiro.com.br\/wp-content\/uploads\/2023\/03\/logonovo.png\",\"contentUrl\":\"https:\/\/jornaltimoneiro.com.br\/wp-content\/uploads\/2023\/03\/logonovo.png\",\"width\":\"469\",\"height\":\"171\",\"caption\":\"Jornal Timoneiro Canoas RS\"},\"image\":{\"@id\":\"https:\/\/jornaltimoneiro.com.br\/#\/schema\/logo\/image\/\"},\"sameAs\":[\"https:\/\/www.facebook.com\/jornaltimoneiro\",\"https:\/\/twitter.com\/_OTimoneiro\",\"https:\/\/www.instagram.com\/jornaltimoneirocanoas\/\",\"https:\/\/www.youtube.com\/@jornalotimoneiro7927\"]},{\"@type\":\"Person\",\"@id\":\"https:\/\/jornaltimoneiro.com.br\/#\/schema\/person\/620efd1d8244466117482be494360b08\",\"name\":\"Reda\u00e7\u00e3o\",\"image\":{\"@type\":\"ImageObject\",\"inLanguage\":\"pt-BR\",\"@id\":\"https:\/\/jornaltimoneiro.com.br\/#\/schema\/person\/image\/\",\"url\":\"https:\/\/secure.gravatar.com\/avatar\/2f04e1b304682a8d9db336c7acd77f08?s=96&d=mm&r=g\",\"contentUrl\":\"https:\/\/secure.gravatar.com\/avatar\/2f04e1b304682a8d9db336c7acd77f08?s=96&d=mm&r=g\",\"caption\":\"Reda\u00e7\u00e3o\"},\"url\":\"https:\/\/jornaltimoneiro.com.br\/index.php\/author\/timoneirocanoas\/\"}]}<\/script>\n<!-- \/ Yoast SEO plugin. -->","yoast_head_json":{"title":"Vigil\u00e2ncia em Sa\u00fade revela quais s\u00e3o os bairros com maior incid\u00eancia de Aedes Aegypti - O Timoneiro Jornal Canoas RS","robots":{"index":"index","follow":"follow","max-snippet":"max-snippet:-1","max-image-preview":"max-image-preview:large","max-video-preview":"max-video-preview:-1"},"canonical":"https:\/\/jornaltimoneiro.com.br\/index.php\/2016\/01\/22\/vigilancia-em-saude-revela-quais-sao-os-bairros-com-maior-incidencia-de-aedes-egypt\/","og_locale":"pt_BR","og_type":"article","og_title":"Vigil\u00e2ncia em Sa\u00fade revela quais s\u00e3o os bairros com maior incid\u00eancia de Aedes Aegypti - O Timoneiro Jornal Canoas RS","og_description":"Na quinta-feira, 21, a Prefeitura confirmou a primeira suspeita de contamina\u00e7\u00e3o por Zika V\u00edrus na cidade","og_url":"https:\/\/jornaltimoneiro.com.br\/index.php\/2016\/01\/22\/vigilancia-em-saude-revela-quais-sao-os-bairros-com-maior-incidencia-de-aedes-egypt\/","og_site_name":"O Timoneiro Jornal Canoas RS","article_publisher":"https:\/\/www.facebook.com\/jornaltimoneiro","article_published_time":"2016-01-22T12:46:16+00:00","author":"Reda\u00e7\u00e3o","twitter_card":"summary_large_image","twitter_creator":"@_OTimoneiro","twitter_site":"@_OTimoneiro","twitter_misc":{"Escrito por":"Reda\u00e7\u00e3o","Est. tempo de leitura":"1 minuto"},"schema":{"@context":"https:\/\/schema.org","@graph":[{"@type":"Article","@id":"https:\/\/jornaltimoneiro.com.br\/index.php\/2016\/01\/22\/vigilancia-em-saude-revela-quais-sao-os-bairros-com-maior-incidencia-de-aedes-egypt\/#article","isPartOf":{"@id":"https:\/\/jornaltimoneiro.com.br\/index.php\/2016\/01\/22\/vigilancia-em-saude-revela-quais-sao-os-bairros-com-maior-incidencia-de-aedes-egypt\/"},"author":{"name":"Reda\u00e7\u00e3o","@id":"https:\/\/jornaltimoneiro.com.br\/#\/schema\/person\/620efd1d8244466117482be494360b08"},"headline":"Vigil\u00e2ncia em Sa\u00fade revela quais s\u00e3o os bairros com maior incid\u00eancia de Aedes Aegypti","datePublished":"2016-01-22T12:46:16+00:00","dateModified":"2016-01-22T12:46:16+00:00","mainEntityOfPage":{"@id":"https:\/\/jornaltimoneiro.com.br\/index.php\/2016\/01\/22\/vigilancia-em-saude-revela-quais-sao-os-bairros-com-maior-incidencia-de-aedes-egypt\/"},"wordCount":223,"commentCount":0,"publisher":{"@id":"https:\/\/jornaltimoneiro.com.br\/#organization"},"articleSection":["Comunidade","Destaques","Meio Ambiente","Not\u00edcias","Sa\u00fade"],"inLanguage":"pt-BR","potentialAction":[{"@type":"CommentAction","name":"Comment","target":["https:\/\/jornaltimoneiro.com.br\/index.php\/2016\/01\/22\/vigilancia-em-saude-revela-quais-sao-os-bairros-com-maior-incidencia-de-aedes-egypt\/#respond"]}]},{"@type":"WebPage","@id":"https:\/\/jornaltimoneiro.com.br\/index.php\/2016\/01\/22\/vigilancia-em-saude-revela-quais-sao-os-bairros-com-maior-incidencia-de-aedes-egypt\/","url":"https:\/\/jornaltimoneiro.com.br\/index.php\/2016\/01\/22\/vigilancia-em-saude-revela-quais-sao-os-bairros-com-maior-incidencia-de-aedes-egypt\/","name":"Vigil\u00e2ncia em Sa\u00fade revela quais s\u00e3o os bairros com maior incid\u00eancia de Aedes Aegypti - O Timoneiro Jornal Canoas RS","isPartOf":{"@id":"https:\/\/jornaltimoneiro.com.br\/#website"},"datePublished":"2016-01-22T12:46:16+00:00","dateModified":"2016-01-22T12:46:16+00:00","breadcrumb":{"@id":"https:\/\/jornaltimoneiro.com.br\/index.php\/2016\/01\/22\/vigilancia-em-saude-revela-quais-sao-os-bairros-com-maior-incidencia-de-aedes-egypt\/#breadcrumb"},"inLanguage":"pt-BR","potentialAction":[{"@type":"ReadAction","target":["https:\/\/jornaltimoneiro.com.br\/index.php\/2016\/01\/22\/vigilancia-em-saude-revela-quais-sao-os-bairros-com-maior-incidencia-de-aedes-egypt\/"]}]},{"@type":"BreadcrumbList","@id":"https:\/\/jornaltimoneiro.com.br\/index.php\/2016\/01\/22\/vigilancia-em-saude-revela-quais-sao-os-bairros-com-maior-incidencia-de-aedes-egypt\/#breadcrumb","itemListElement":[{"@type":"ListItem","position":1,"name":"In\u00edcio","item":"https:\/\/jornaltimoneiro.com.br\/"},{"@type":"ListItem","position":2,"name":"Vigil\u00e2ncia em Sa\u00fade revela quais s\u00e3o os bairros com maior incid\u00eancia de Aedes Aegypti"}]},{"@type":"WebSite","@id":"https:\/\/jornaltimoneiro.com.br\/#website","url":"https:\/\/jornaltimoneiro.com.br\/","name":"Jornal Timoneiro Canoas RS","description":"Jornal O Timoneiro, o verdadeiro jornal de Canoas","publisher":{"@id":"https:\/\/jornaltimoneiro.com.br\/#organization"},"potentialAction":[{"@type":"SearchAction","target":{"@type":"EntryPoint","urlTemplate":"https:\/\/jornaltimoneiro.com.br\/?s={search_term_string}"},"query-input":"required name=search_term_string"}],"inLanguage":"pt-BR"},{"@type":"Organization","@id":"https:\/\/jornaltimoneiro.com.br\/#organization","name":"Jornal Timoneiro Canoas RS","url":"https:\/\/jornaltimoneiro.com.br\/","logo":{"@type":"ImageObject","inLanguage":"pt-BR","@id":"https:\/\/jornaltimoneiro.com.br\/#\/schema\/logo\/image\/","url":"https:\/\/jornaltimoneiro.com.br\/wp-content\/uploads\/2023\/03\/logonovo.png","contentUrl":"https:\/\/jornaltimoneiro.com.br\/wp-content\/uploads\/2023\/03\/logonovo.png","width":"469","height":"171","caption":"Jornal Timoneiro Canoas RS"},"image":{"@id":"https:\/\/jornaltimoneiro.com.br\/#\/schema\/logo\/image\/"},"sameAs":["https:\/\/www.facebook.com\/jornaltimoneiro","https:\/\/twitter.com\/_OTimoneiro","https:\/\/www.instagram.com\/jornaltimoneirocanoas\/","https:\/\/www.youtube.com\/@jornalotimoneiro7927"]},{"@type":"Person","@id":"https:\/\/jornaltimoneiro.com.br\/#\/schema\/person\/620efd1d8244466117482be494360b08","name":"Reda\u00e7\u00e3o","image":{"@type":"ImageObject","inLanguage":"pt-BR","@id":"https:\/\/jornaltimoneiro.com.br\/#\/schema\/person\/image\/","url":"https:\/\/secure.gravatar.com\/avatar\/2f04e1b304682a8d9db336c7acd77f08?s=96&d=mm&r=g","contentUrl":"https:\/\/secure.gravatar.com\/avatar\/2f04e1b304682a8d9db336c7acd77f08?s=96&d=mm&r=g","caption":"Reda\u00e7\u00e3o"},"url":"https:\/\/jornaltimoneiro.com.br\/index.php\/author\/timoneirocanoas\/"}]}},"_links":{"self":[{"href":"https:\/\/jornaltimoneiro.com.br\/index.php\/wp-json\/wp\/v2\/posts\/2537"}],"collection":[{"href":"https:\/\/jornaltimoneiro.com.br\/index.php\/wp-json\/wp\/v2\/posts"}],"about":[{"href":"https:\/\/jornaltimoneiro.com.br\/index.php\/wp-json\/wp\/v2\/types\/post"}],"author":[{"embeddable":true,"href":"https:\/\/jornaltimoneiro.com.br\/index.php\/wp-json\/wp\/v2\/users\/1"}],"replies":[{"embeddable":true,"href":"https:\/\/jornaltimoneiro.com.br\/index.php\/wp-json\/wp\/v2\/comments?post=2537"}],"version-history":[{"count":0,"href":"https:\/\/jornaltimoneiro.com.br\/index.php\/wp-json\/wp\/v2\/posts\/2537\/revisions"}],"wp:featuredmedia":[{"embeddable":true,"href":"https:\/\/jornaltimoneiro.com.br\/index.php\/wp-json\/"}],"wp:attachment":[{"href":"https:\/\/jornaltimoneiro.com.br\/index.php\/wp-json\/wp\/v2\/media?parent=2537"}],"wp:term":[{"taxonomy":"category","embeddable":true,"href":"https:\/\/jornaltimoneiro.com.br\/index.php\/wp-json\/wp\/v2\/categories?post=2537"},{"taxonomy":"post_tag","embeddable":true,"href":"https:\/\/jornaltimoneiro.com.br\/index.php\/wp-json\/wp\/v2\/tags?post=2537"}],"curies":[{"name":"wp","href":"https:\/\/api.w.org\/{rel}","templated":true}]}}