{"id":25359,"date":"2023-08-01T12:02:52","date_gmt":"2023-08-01T15:02:52","guid":{"rendered":"https:\/\/jornaltimoneiro.com.br\/?p=25359"},"modified":"2023-08-01T12:02:52","modified_gmt":"2023-08-01T15:02:52","slug":"i-festival-estadual-de-mulheres-na-comedia-acontece-de-10-a-12-de-agosto-em-novo-hamburgo","status":"publish","type":"post","link":"https:\/\/jornaltimoneiro.com.br\/index.php\/2023\/08\/01\/i-festival-estadual-de-mulheres-na-comedia-acontece-de-10-a-12-de-agosto-em-novo-hamburgo\/","title":{"rendered":"I Festival Estadual de Mulheres na Com\u00e9dia acontece de 10 a 12 de agosto em Novo Hamburgo"},"content":{"rendered":"<p>De 10 a 12 de agosto, ser\u00e1 realizado no Teatro Paschoal Carlos Magno, em Novo Hamburgo\/RS, tr\u00eas dias de apresenta\u00e7\u00f5es art\u00edsticas, exposi\u00e7\u00f5es e oficinas realizadas por ELAS; artistas que s\u00e3o respons\u00e1veis por manter viva a com\u00e9dia no Rio Grande do Sul.<\/p>\n<p>O evento acontece nos turnos manh\u00e3, tarde e noite, com sess\u00f5es para o p\u00fablico adulto e infantil.<\/p>\n<p>Confira a programa\u00e7\u00e3o completa clicando neste <a href=\"file:\/\/\/C:\/Users\/Simone\/Downloads\/I%20Festival%20Estadual%20de%20Mulheres%20na%20Com%C3%A9dia%20(11)%20(1)%20(2)%20(2).pdf\">link.<\/a><\/p>\n<p>Conhe\u00e7a mais sobre o evento atrav\u00e9s do Instagram: @mulheresnacomedia\/<\/p>\n","protected":false},"excerpt":{"rendered":"<p>De 10 a 12 de agosto, ser\u00e1 realizado no Teatro Paschoal Carlos Magno, em Novo Hamburgo\/RS, tr\u00eas dias de apresenta\u00e7\u00f5es art\u00edsticas, exposi\u00e7\u00f5es e oficinas realizadas por ELAS; artistas que s\u00e3o respons\u00e1veis por manter viva a com\u00e9dia no Rio Grande do Sul. O evento acontece nos turnos manh\u00e3, tarde e noite, com sess\u00f5es para o p\u00fablico [&hellip;]<\/p>\n","protected":false},"author":2,"featured_media":25360,"comment_status":"open","ping_status":"open","sticky":false,"template":"","format":"standard","meta":{"amp_status":"","footnotes":""},"categories":[76],"tags":[31,1169,116,1170,254,214,213,80],"class_list":["post-25359","post","type-post","status-publish","format-standard","has-post-thumbnail","hentry","category-cultura","tag-canoas","tag-comedia","tag-cultura","tag-mulheres","tag-novo-hamburgo","tag-regiao-metropolitana","tag-rio-grande-do-sul","tag-rs"],"yoast_head":"<!-- This site is optimized with the Yoast SEO plugin v20.5 - https:\/\/yoast.com\/wordpress\/plugins\/seo\/ -->\n<title>I Festival Estadual de Mulheres na Com\u00e9dia acontece de 10 a 12 de agosto em Novo Hamburgo - O Timoneiro Jornal Canoas RS<\/title>\n<meta name=\"description\" content=\"Festival Estadual de Mulheres na Com\u00e9dia acontece de 10 a 12 de agosto em Novo Hamburgo teatro entretenimento regi\u00e3o metropolitana rs cultura\" \/>\n<meta name=\"robots\" content=\"index, follow, max-snippet:-1, max-image-preview:large, max-video-preview:-1\" \/>\n<link rel=\"canonical\" href=\"https:\/\/jornaltimoneiro.com.br\/index.php\/2023\/08\/01\/i-festival-estadual-de-mulheres-na-comedia-acontece-de-10-a-12-de-agosto-em-novo-hamburgo\/\" \/>\n<meta property=\"og:locale\" content=\"pt_BR\" \/>\n<meta property=\"og:type\" content=\"article\" \/>\n<meta property=\"og:title\" content=\"I Festival Estadual de Mulheres na Com\u00e9dia acontece de 10 a 12 de agosto em Novo Hamburgo - O Timoneiro Jornal Canoas RS\" \/>\n<meta property=\"og:description\" content=\"Festival Estadual de Mulheres na Com\u00e9dia acontece de 10 a 12 de agosto em Novo Hamburgo teatro entretenimento regi\u00e3o metropolitana rs cultura\" \/>\n<meta property=\"og:url\" content=\"https:\/\/jornaltimoneiro.com.br\/index.php\/2023\/08\/01\/i-festival-estadual-de-mulheres-na-comedia-acontece-de-10-a-12-de-agosto-em-novo-hamburgo\/\" \/>\n<meta property=\"og:site_name\" content=\"O Timoneiro Jornal Canoas RS\" \/>\n<meta property=\"article:publisher\" content=\"https:\/\/www.facebook.com\/jornaltimoneiro\" \/>\n<meta property=\"article:published_time\" content=\"2023-08-01T15:02:52+00:00\" \/>\n<meta property=\"og:image\" content=\"https:\/\/jornaltimoneiro.com.br\/wp-content\/uploads\/2023\/08\/4b55dcbe-481c-400f-bda1-fadc49f837f7.jpg\" \/>\n\t<meta property=\"og:image:width\" content=\"1080\" \/>\n\t<meta property=\"og:image:height\" content=\"856\" \/>\n\t<meta property=\"og:image:type\" content=\"image\/jpeg\" \/>\n<meta name=\"author\" content=\"Reda\u00e7\u00e3o\" \/>\n<meta name=\"twitter:card\" content=\"summary_large_image\" \/>\n<meta name=\"twitter:creator\" content=\"@_OTimoneiro\" \/>\n<meta name=\"twitter:site\" content=\"@_OTimoneiro\" \/>\n<meta name=\"twitter:label1\" content=\"Escrito por\" \/>\n\t<meta name=\"twitter:data1\" content=\"Reda\u00e7\u00e3o\" \/>\n\t<meta name=\"twitter:label2\" content=\"Est. tempo de leitura\" \/>\n\t<meta name=\"twitter:data2\" content=\"1 minuto\" \/>\n<script type=\"application\/ld+json\" class=\"yoast-schema-graph\">{\"@context\":\"https:\/\/schema.org\",\"@graph\":[{\"@type\":\"Article\",\"@id\":\"https:\/\/jornaltimoneiro.com.br\/index.php\/2023\/08\/01\/i-festival-estadual-de-mulheres-na-comedia-acontece-de-10-a-12-de-agosto-em-novo-hamburgo\/#article\",\"isPartOf\":{\"@id\":\"https:\/\/jornaltimoneiro.com.br\/index.php\/2023\/08\/01\/i-festival-estadual-de-mulheres-na-comedia-acontece-de-10-a-12-de-agosto-em-novo-hamburgo\/\"},\"author\":{\"name\":\"Reda\u00e7\u00e3o\",\"@id\":\"https:\/\/jornaltimoneiro.com.br\/#\/schema\/person\/f63482f1a02b1a9592707865e509ab40\"},\"headline\":\"I Festival Estadual de Mulheres na Com\u00e9dia acontece de 10 a 12 de agosto em Novo Hamburgo\",\"datePublished\":\"2023-08-01T15:02:52+00:00\",\"dateModified\":\"2023-08-01T15:02:52+00:00\",\"mainEntityOfPage\":{\"@id\":\"https:\/\/jornaltimoneiro.com.br\/index.php\/2023\/08\/01\/i-festival-estadual-de-mulheres-na-comedia-acontece-de-10-a-12-de-agosto-em-novo-hamburgo\/\"},\"wordCount\":101,\"commentCount\":0,\"publisher\":{\"@id\":\"https:\/\/jornaltimoneiro.com.br\/#organization\"},\"keywords\":[\"canoas\",\"com\u00e9dia\",\"cultura\",\"mulheres\",\"Novo Hamburgo\",\"regi\u00e3o metropolitana\",\"rio grande do sul\",\"RS\"],\"articleSection\":[\"Cultura\"],\"inLanguage\":\"pt-BR\",\"potentialAction\":[{\"@type\":\"CommentAction\",\"name\":\"Comment\",\"target\":[\"https:\/\/jornaltimoneiro.com.br\/index.php\/2023\/08\/01\/i-festival-estadual-de-mulheres-na-comedia-acontece-de-10-a-12-de-agosto-em-novo-hamburgo\/#respond\"]}]},{\"@type\":\"WebPage\",\"@id\":\"https:\/\/jornaltimoneiro.com.br\/index.php\/2023\/08\/01\/i-festival-estadual-de-mulheres-na-comedia-acontece-de-10-a-12-de-agosto-em-novo-hamburgo\/\",\"url\":\"https:\/\/jornaltimoneiro.com.br\/index.php\/2023\/08\/01\/i-festival-estadual-de-mulheres-na-comedia-acontece-de-10-a-12-de-agosto-em-novo-hamburgo\/\",\"name\":\"I Festival Estadual de Mulheres na Com\u00e9dia acontece de 10 a 12 de agosto em Novo Hamburgo - O Timoneiro Jornal Canoas RS\",\"isPartOf\":{\"@id\":\"https:\/\/jornaltimoneiro.com.br\/#website\"},\"datePublished\":\"2023-08-01T15:02:52+00:00\",\"dateModified\":\"2023-08-01T15:02:52+00:00\",\"description\":\"Festival Estadual de Mulheres na Com\u00e9dia acontece de 10 a 12 de agosto em Novo Hamburgo teatro entretenimento regi\u00e3o metropolitana rs cultura\",\"breadcrumb\":{\"@id\":\"https:\/\/jornaltimoneiro.com.br\/index.php\/2023\/08\/01\/i-festival-estadual-de-mulheres-na-comedia-acontece-de-10-a-12-de-agosto-em-novo-hamburgo\/#breadcrumb\"},\"inLanguage\":\"pt-BR\",\"potentialAction\":[{\"@type\":\"ReadAction\",\"target\":[\"https:\/\/jornaltimoneiro.com.br\/index.php\/2023\/08\/01\/i-festival-estadual-de-mulheres-na-comedia-acontece-de-10-a-12-de-agosto-em-novo-hamburgo\/\"]}]},{\"@type\":\"BreadcrumbList\",\"@id\":\"https:\/\/jornaltimoneiro.com.br\/index.php\/2023\/08\/01\/i-festival-estadual-de-mulheres-na-comedia-acontece-de-10-a-12-de-agosto-em-novo-hamburgo\/#breadcrumb\",\"itemListElement\":[{\"@type\":\"ListItem\",\"position\":1,\"name\":\"In\u00edcio\",\"item\":\"https:\/\/jornaltimoneiro.com.br\/\"},{\"@type\":\"ListItem\",\"position\":2,\"name\":\"I Festival Estadual de Mulheres na Com\u00e9dia acontece de 10 a 12 de agosto em Novo Hamburgo\"}]},{\"@type\":\"WebSite\",\"@id\":\"https:\/\/jornaltimoneiro.com.br\/#website\",\"url\":\"https:\/\/jornaltimoneiro.com.br\/\",\"name\":\"Jornal Timoneiro Canoas RS\",\"description\":\"Jornal O Timoneiro, o verdadeiro jornal de Canoas\",\"publisher\":{\"@id\":\"https:\/\/jornaltimoneiro.com.br\/#organization\"},\"potentialAction\":[{\"@type\":\"SearchAction\",\"target\":{\"@type\":\"EntryPoint\",\"urlTemplate\":\"https:\/\/jornaltimoneiro.com.br\/?s={search_term_string}\"},\"query-input\":\"required name=search_term_string\"}],\"inLanguage\":\"pt-BR\"},{\"@type\":\"Organization\",\"@id\":\"https:\/\/jornaltimoneiro.com.br\/#organization\",\"name\":\"Jornal Timoneiro Canoas RS\",\"url\":\"https:\/\/jornaltimoneiro.com.br\/\",\"logo\":{\"@type\":\"ImageObject\",\"inLanguage\":\"pt-BR\",\"@id\":\"https:\/\/jornaltimoneiro.com.br\/#\/schema\/logo\/image\/\",\"url\":\"https:\/\/jornaltimoneiro.com.br\/wp-content\/uploads\/2023\/03\/logonovo.png\",\"contentUrl\":\"https:\/\/jornaltimoneiro.com.br\/wp-content\/uploads\/2023\/03\/logonovo.png\",\"width\":\"469\",\"height\":\"171\",\"caption\":\"Jornal Timoneiro Canoas RS\"},\"image\":{\"@id\":\"https:\/\/jornaltimoneiro.com.br\/#\/schema\/logo\/image\/\"},\"sameAs\":[\"https:\/\/www.facebook.com\/jornaltimoneiro\",\"https:\/\/twitter.com\/_OTimoneiro\",\"https:\/\/www.instagram.com\/jornaltimoneirocanoas\/\",\"https:\/\/www.youtube.com\/@jornalotimoneiro7927\"]},{\"@type\":\"Person\",\"@id\":\"https:\/\/jornaltimoneiro.com.br\/#\/schema\/person\/f63482f1a02b1a9592707865e509ab40\",\"name\":\"Reda\u00e7\u00e3o\",\"image\":{\"@type\":\"ImageObject\",\"inLanguage\":\"pt-BR\",\"@id\":\"https:\/\/jornaltimoneiro.com.br\/#\/schema\/person\/image\/\",\"url\":\"https:\/\/jornaltimoneiro.com.br\/wp-content\/uploads\/2023\/03\/download.jpeg\",\"contentUrl\":\"https:\/\/jornaltimoneiro.com.br\/wp-content\/uploads\/2023\/03\/download.jpeg\",\"caption\":\"Reda\u00e7\u00e3o\"},\"url\":\"https:\/\/jornaltimoneiro.com.br\/index.php\/author\/simone-dutra\/\"}]}<\/script>\n<!-- \/ Yoast SEO plugin. -->","yoast_head_json":{"title":"I Festival Estadual de Mulheres na Com\u00e9dia acontece de 10 a 12 de agosto em Novo Hamburgo - O Timoneiro Jornal Canoas RS","description":"Festival Estadual de Mulheres na Com\u00e9dia acontece de 10 a 12 de agosto em Novo Hamburgo teatro entretenimento regi\u00e3o metropolitana rs cultura","robots":{"index":"index","follow":"follow","max-snippet":"max-snippet:-1","max-image-preview":"max-image-preview:large","max-video-preview":"max-video-preview:-1"},"canonical":"https:\/\/jornaltimoneiro.com.br\/index.php\/2023\/08\/01\/i-festival-estadual-de-mulheres-na-comedia-acontece-de-10-a-12-de-agosto-em-novo-hamburgo\/","og_locale":"pt_BR","og_type":"article","og_title":"I Festival Estadual de Mulheres na Com\u00e9dia acontece de 10 a 12 de agosto em Novo Hamburgo - O Timoneiro Jornal Canoas RS","og_description":"Festival Estadual de Mulheres na Com\u00e9dia acontece de 10 a 12 de agosto em Novo Hamburgo teatro entretenimento regi\u00e3o metropolitana rs cultura","og_url":"https:\/\/jornaltimoneiro.com.br\/index.php\/2023\/08\/01\/i-festival-estadual-de-mulheres-na-comedia-acontece-de-10-a-12-de-agosto-em-novo-hamburgo\/","og_site_name":"O Timoneiro Jornal Canoas RS","article_publisher":"https:\/\/www.facebook.com\/jornaltimoneiro","article_published_time":"2023-08-01T15:02:52+00:00","og_image":[{"width":"1080","height":"856","url":"https:\/\/jornaltimoneiro.com.br\/wp-content\/uploads\/2023\/08\/4b55dcbe-481c-400f-bda1-fadc49f837f7.jpg","type":"image\/jpeg"}],"author":"Reda\u00e7\u00e3o","twitter_card":"summary_large_image","twitter_creator":"@_OTimoneiro","twitter_site":"@_OTimoneiro","twitter_misc":{"Escrito por":"Reda\u00e7\u00e3o","Est. tempo de leitura":"1 minuto"},"schema":{"@context":"https:\/\/schema.org","@graph":[{"@type":"Article","@id":"https:\/\/jornaltimoneiro.com.br\/index.php\/2023\/08\/01\/i-festival-estadual-de-mulheres-na-comedia-acontece-de-10-a-12-de-agosto-em-novo-hamburgo\/#article","isPartOf":{"@id":"https:\/\/jornaltimoneiro.com.br\/index.php\/2023\/08\/01\/i-festival-estadual-de-mulheres-na-comedia-acontece-de-10-a-12-de-agosto-em-novo-hamburgo\/"},"author":{"name":"Reda\u00e7\u00e3o","@id":"https:\/\/jornaltimoneiro.com.br\/#\/schema\/person\/f63482f1a02b1a9592707865e509ab40"},"headline":"I Festival Estadual de Mulheres na Com\u00e9dia acontece de 10 a 12 de agosto em Novo Hamburgo","datePublished":"2023-08-01T15:02:52+00:00","dateModified":"2023-08-01T15:02:52+00:00","mainEntityOfPage":{"@id":"https:\/\/jornaltimoneiro.com.br\/index.php\/2023\/08\/01\/i-festival-estadual-de-mulheres-na-comedia-acontece-de-10-a-12-de-agosto-em-novo-hamburgo\/"},"wordCount":101,"commentCount":0,"publisher":{"@id":"https:\/\/jornaltimoneiro.com.br\/#organization"},"keywords":["canoas","com\u00e9dia","cultura","mulheres","Novo Hamburgo","regi\u00e3o metropolitana","rio grande do sul","RS"],"articleSection":["Cultura"],"inLanguage":"pt-BR","potentialAction":[{"@type":"CommentAction","name":"Comment","target":["https:\/\/jornaltimoneiro.com.br\/index.php\/2023\/08\/01\/i-festival-estadual-de-mulheres-na-comedia-acontece-de-10-a-12-de-agosto-em-novo-hamburgo\/#respond"]}]},{"@type":"WebPage","@id":"https:\/\/jornaltimoneiro.com.br\/index.php\/2023\/08\/01\/i-festival-estadual-de-mulheres-na-comedia-acontece-de-10-a-12-de-agosto-em-novo-hamburgo\/","url":"https:\/\/jornaltimoneiro.com.br\/index.php\/2023\/08\/01\/i-festival-estadual-de-mulheres-na-comedia-acontece-de-10-a-12-de-agosto-em-novo-hamburgo\/","name":"I Festival Estadual de Mulheres na Com\u00e9dia acontece de 10 a 12 de agosto em Novo Hamburgo - O Timoneiro Jornal Canoas RS","isPartOf":{"@id":"https:\/\/jornaltimoneiro.com.br\/#website"},"datePublished":"2023-08-01T15:02:52+00:00","dateModified":"2023-08-01T15:02:52+00:00","description":"Festival Estadual de Mulheres na Com\u00e9dia acontece de 10 a 12 de agosto em Novo Hamburgo teatro entretenimento regi\u00e3o metropolitana rs cultura","breadcrumb":{"@id":"https:\/\/jornaltimoneiro.com.br\/index.php\/2023\/08\/01\/i-festival-estadual-de-mulheres-na-comedia-acontece-de-10-a-12-de-agosto-em-novo-hamburgo\/#breadcrumb"},"inLanguage":"pt-BR","potentialAction":[{"@type":"ReadAction","target":["https:\/\/jornaltimoneiro.com.br\/index.php\/2023\/08\/01\/i-festival-estadual-de-mulheres-na-comedia-acontece-de-10-a-12-de-agosto-em-novo-hamburgo\/"]}]},{"@type":"BreadcrumbList","@id":"https:\/\/jornaltimoneiro.com.br\/index.php\/2023\/08\/01\/i-festival-estadual-de-mulheres-na-comedia-acontece-de-10-a-12-de-agosto-em-novo-hamburgo\/#breadcrumb","itemListElement":[{"@type":"ListItem","position":1,"name":"In\u00edcio","item":"https:\/\/jornaltimoneiro.com.br\/"},{"@type":"ListItem","position":2,"name":"I Festival Estadual de Mulheres na Com\u00e9dia acontece de 10 a 12 de agosto em Novo Hamburgo"}]},{"@type":"WebSite","@id":"https:\/\/jornaltimoneiro.com.br\/#website","url":"https:\/\/jornaltimoneiro.com.br\/","name":"Jornal Timoneiro Canoas RS","description":"Jornal O Timoneiro, o verdadeiro jornal de Canoas","publisher":{"@id":"https:\/\/jornaltimoneiro.com.br\/#organization"},"potentialAction":[{"@type":"SearchAction","target":{"@type":"EntryPoint","urlTemplate":"https:\/\/jornaltimoneiro.com.br\/?s={search_term_string}"},"query-input":"required name=search_term_string"}],"inLanguage":"pt-BR"},{"@type":"Organization","@id":"https:\/\/jornaltimoneiro.com.br\/#organization","name":"Jornal Timoneiro Canoas RS","url":"https:\/\/jornaltimoneiro.com.br\/","logo":{"@type":"ImageObject","inLanguage":"pt-BR","@id":"https:\/\/jornaltimoneiro.com.br\/#\/schema\/logo\/image\/","url":"https:\/\/jornaltimoneiro.com.br\/wp-content\/uploads\/2023\/03\/logonovo.png","contentUrl":"https:\/\/jornaltimoneiro.com.br\/wp-content\/uploads\/2023\/03\/logonovo.png","width":"469","height":"171","caption":"Jornal Timoneiro Canoas RS"},"image":{"@id":"https:\/\/jornaltimoneiro.com.br\/#\/schema\/logo\/image\/"},"sameAs":["https:\/\/www.facebook.com\/jornaltimoneiro","https:\/\/twitter.com\/_OTimoneiro","https:\/\/www.instagram.com\/jornaltimoneirocanoas\/","https:\/\/www.youtube.com\/@jornalotimoneiro7927"]},{"@type":"Person","@id":"https:\/\/jornaltimoneiro.com.br\/#\/schema\/person\/f63482f1a02b1a9592707865e509ab40","name":"Reda\u00e7\u00e3o","image":{"@type":"ImageObject","inLanguage":"pt-BR","@id":"https:\/\/jornaltimoneiro.com.br\/#\/schema\/person\/image\/","url":"https:\/\/jornaltimoneiro.com.br\/wp-content\/uploads\/2023\/03\/download.jpeg","contentUrl":"https:\/\/jornaltimoneiro.com.br\/wp-content\/uploads\/2023\/03\/download.jpeg","caption":"Reda\u00e7\u00e3o"},"url":"https:\/\/jornaltimoneiro.com.br\/index.php\/author\/simone-dutra\/"}]}},"_links":{"self":[{"href":"https:\/\/jornaltimoneiro.com.br\/index.php\/wp-json\/wp\/v2\/posts\/25359"}],"collection":[{"href":"https:\/\/jornaltimoneiro.com.br\/index.php\/wp-json\/wp\/v2\/posts"}],"about":[{"href":"https:\/\/jornaltimoneiro.com.br\/index.php\/wp-json\/wp\/v2\/types\/post"}],"author":[{"embeddable":true,"href":"https:\/\/jornaltimoneiro.com.br\/index.php\/wp-json\/wp\/v2\/users\/2"}],"replies":[{"embeddable":true,"href":"https:\/\/jornaltimoneiro.com.br\/index.php\/wp-json\/wp\/v2\/comments?post=25359"}],"version-history":[{"count":1,"href":"https:\/\/jornaltimoneiro.com.br\/index.php\/wp-json\/wp\/v2\/posts\/25359\/revisions"}],"predecessor-version":[{"id":25361,"href":"https:\/\/jornaltimoneiro.com.br\/index.php\/wp-json\/wp\/v2\/posts\/25359\/revisions\/25361"}],"wp:featuredmedia":[{"embeddable":true,"href":"https:\/\/jornaltimoneiro.com.br\/index.php\/wp-json\/wp\/v2\/media\/25360"}],"wp:attachment":[{"href":"https:\/\/jornaltimoneiro.com.br\/index.php\/wp-json\/wp\/v2\/media?parent=25359"}],"wp:term":[{"taxonomy":"category","embeddable":true,"href":"https:\/\/jornaltimoneiro.com.br\/index.php\/wp-json\/wp\/v2\/categories?post=25359"},{"taxonomy":"post_tag","embeddable":true,"href":"https:\/\/jornaltimoneiro.com.br\/index.php\/wp-json\/wp\/v2\/tags?post=25359"}],"curies":[{"name":"wp","href":"https:\/\/api.w.org\/{rel}","templated":true}]}}