{"id":25262,"date":"2023-07-19T17:43:20","date_gmt":"2023-07-19T20:43:20","guid":{"rendered":"https:\/\/jornaltimoneiro.com.br\/?p=25262"},"modified":"2023-07-19T17:43:20","modified_gmt":"2023-07-19T20:43:20","slug":"rosa-tattooada-se-apresenta-em-canoas-em-show-de-comemoracao-de-seus-35-anos","status":"publish","type":"post","link":"https:\/\/jornaltimoneiro.com.br\/index.php\/2023\/07\/19\/rosa-tattooada-se-apresenta-em-canoas-em-show-de-comemoracao-de-seus-35-anos\/","title":{"rendered":"Rosa Tattooada se apresenta em Canoas em show de comemora\u00e7\u00e3o de seus 35 anos"},"content":{"rendered":"<p>Em turn\u00ea comemorativa por seus 35 anos de estrada, a\u00a0banda Rosa Tattooada\u00a0se apresenta no\u00a0Teatro do Sesc Canoas\u00a0(Av. Guilherme Schell, 5340) no s\u00e1bado,\u00a0dia 22 de julho.<\/p>\n<p>O show da saudosa banda de rock ga\u00facha contar\u00e1 com grandes sucessos do grupo, novas can\u00e7\u00f5es do \u00e1lbum especial de anivers\u00e1rio, al\u00e9m de covers de cl\u00e1ssicos do g\u00eanero que inspiraram a hist\u00f3ria dos m\u00fasicos.<\/p>\n<h4><strong>Hor\u00e1rio e ingressos<\/strong><\/h4>\n<p>In\u00edcio est\u00e1 marcado para as 20h e os ingressos podem ser adquiridos no Sesc ou atrav\u00e9s do site\u00a0<a href=\"https:\/\/sesc-rs.com.br\/espetaculosculturais\" data-saferedirecturl=\"https:\/\/www.google.com\/url?q=https:\/\/sesc-rs.com.br\/espetaculosculturais&amp;source=gmail&amp;ust=1689875551953000&amp;usg=AOvVaw1zSQIkUgS_tgfcg_rnMno5\">https:\/\/sesc-rs.com.br\/espetaculosculturais<\/a>, por R$20 a usu\u00e1rios do cart\u00e3o Sesc\/Senac nas categorias Com\u00e9rcio e Servi\u00e7os ou Empres\u00e1rios e demais grupos contemplados pela Lei da Meia Entrada, e R$ 40 para o p\u00fablico em geral.<\/p>\n<h4><strong>Forma\u00e7\u00e3o da banda<\/strong><\/h4>\n<p>Formado por Jacques Maciel (voz e guitarra), Valdi Dalla Rosa (baixo e voz) e Dalis Trugillo (bateria), a Rosa Tattooada surgiu da influ\u00eancia do hard rock dos anos 80 e traz no repert\u00f3rio hits como \u201cTardes de Outono\u201d e \u201cO Inferno vai ter que esperar\u201d, uma das m\u00fasicas mais escutadas da hist\u00f3ria do pop rock ga\u00facho.<\/p>\n<p>Mais informa\u00e7\u00f5es podem ser obtidas pelo telefone\/WhatsApp (51) 3456-2013 ou nas redes sociais do Sesc Canoas.<\/p>\n","protected":false},"excerpt":{"rendered":"<p>Em turn\u00ea comemorativa por seus 35 anos de estrada, a\u00a0banda Rosa Tattooada\u00a0se apresenta no\u00a0Teatro do Sesc Canoas\u00a0(Av. Guilherme Schell, 5340) no s\u00e1bado,\u00a0dia 22 de julho. O show da saudosa banda de rock ga\u00facha contar\u00e1 com grandes sucessos do grupo, novas can\u00e7\u00f5es do \u00e1lbum especial de anivers\u00e1rio, al\u00e9m de covers de cl\u00e1ssicos do g\u00eanero que inspiraram [&hellip;]<\/p>\n","protected":false},"author":2,"featured_media":25263,"comment_status":"open","ping_status":"open","sticky":false,"template":"","format":"standard","meta":{"amp_status":"","footnotes":""},"categories":[76],"tags":[1118,269,31,116,214,213,1117,1121,1116,80,206,208,1120,1119],"class_list":["post-25262","post","type-post","status-publish","format-standard","has-post-thumbnail","hentry","category-cultura","tag-35-anos","tag-banda","tag-canoas","tag-cultura","tag-regiao-metropolitana","tag-rio-grande-do-sul","tag-rock","tag-rock-gaucho","tag-rosa-tattoada","tag-rs","tag-sesc-canoas","tag-show","tag-teatro-sesc-canoas","tag-turne"],"yoast_head":"<!-- This site is optimized with the Yoast SEO plugin v20.5 - https:\/\/yoast.com\/wordpress\/plugins\/seo\/ -->\n<title>Rosa Tattooada se apresenta em Canoas em show de comemora\u00e7\u00e3o de seus 35 anos - O Timoneiro Jornal Canoas RS<\/title>\n<meta name=\"description\" content=\"Rosa Tattooada se apresenta em Canoas em show de comemora\u00e7\u00e3o de seus 35 anos sesc canoas entretenimento cultura regi\u00e3o metropolitana RS\" \/>\n<meta name=\"robots\" content=\"index, follow, max-snippet:-1, max-image-preview:large, max-video-preview:-1\" \/>\n<link rel=\"canonical\" href=\"https:\/\/jornaltimoneiro.com.br\/index.php\/2023\/07\/19\/rosa-tattooada-se-apresenta-em-canoas-em-show-de-comemoracao-de-seus-35-anos\/\" \/>\n<meta property=\"og:locale\" content=\"pt_BR\" \/>\n<meta property=\"og:type\" content=\"article\" \/>\n<meta property=\"og:title\" content=\"Rosa Tattooada se apresenta em Canoas em show de comemora\u00e7\u00e3o de seus 35 anos - O Timoneiro Jornal Canoas RS\" \/>\n<meta property=\"og:description\" content=\"Rosa Tattooada se apresenta em Canoas em show de comemora\u00e7\u00e3o de seus 35 anos sesc canoas entretenimento cultura regi\u00e3o metropolitana RS\" \/>\n<meta property=\"og:url\" content=\"https:\/\/jornaltimoneiro.com.br\/index.php\/2023\/07\/19\/rosa-tattooada-se-apresenta-em-canoas-em-show-de-comemoracao-de-seus-35-anos\/\" \/>\n<meta property=\"og:site_name\" content=\"O Timoneiro Jornal Canoas RS\" \/>\n<meta property=\"article:publisher\" content=\"https:\/\/www.facebook.com\/jornaltimoneiro\" \/>\n<meta property=\"article:published_time\" content=\"2023-07-19T20:43:20+00:00\" \/>\n<meta property=\"og:image\" content=\"https:\/\/jornaltimoneiro.com.br\/wp-content\/uploads\/2023\/07\/Foto-1-Rosa-Tattooada-cred.-Henrique-Borges.jpg\" \/>\n\t<meta property=\"og:image:width\" content=\"1080\" \/>\n\t<meta property=\"og:image:height\" content=\"650\" \/>\n\t<meta property=\"og:image:type\" content=\"image\/jpeg\" \/>\n<meta name=\"author\" content=\"Reda\u00e7\u00e3o\" \/>\n<meta name=\"twitter:card\" content=\"summary_large_image\" \/>\n<meta name=\"twitter:creator\" content=\"@_OTimoneiro\" \/>\n<meta name=\"twitter:site\" content=\"@_OTimoneiro\" \/>\n<meta name=\"twitter:label1\" content=\"Escrito por\" \/>\n\t<meta name=\"twitter:data1\" content=\"Reda\u00e7\u00e3o\" \/>\n\t<meta name=\"twitter:label2\" content=\"Est. tempo de leitura\" \/>\n\t<meta name=\"twitter:data2\" content=\"2 minutos\" \/>\n<script type=\"application\/ld+json\" class=\"yoast-schema-graph\">{\"@context\":\"https:\/\/schema.org\",\"@graph\":[{\"@type\":\"Article\",\"@id\":\"https:\/\/jornaltimoneiro.com.br\/index.php\/2023\/07\/19\/rosa-tattooada-se-apresenta-em-canoas-em-show-de-comemoracao-de-seus-35-anos\/#article\",\"isPartOf\":{\"@id\":\"https:\/\/jornaltimoneiro.com.br\/index.php\/2023\/07\/19\/rosa-tattooada-se-apresenta-em-canoas-em-show-de-comemoracao-de-seus-35-anos\/\"},\"author\":{\"name\":\"Reda\u00e7\u00e3o\",\"@id\":\"https:\/\/jornaltimoneiro.com.br\/#\/schema\/person\/f63482f1a02b1a9592707865e509ab40\"},\"headline\":\"Rosa Tattooada se apresenta em Canoas em show de comemora\u00e7\u00e3o de seus 35 anos\",\"datePublished\":\"2023-07-19T20:43:20+00:00\",\"dateModified\":\"2023-07-19T20:43:20+00:00\",\"mainEntityOfPage\":{\"@id\":\"https:\/\/jornaltimoneiro.com.br\/index.php\/2023\/07\/19\/rosa-tattooada-se-apresenta-em-canoas-em-show-de-comemoracao-de-seus-35-anos\/\"},\"wordCount\":231,\"commentCount\":0,\"publisher\":{\"@id\":\"https:\/\/jornaltimoneiro.com.br\/#organization\"},\"keywords\":[\"35 anos\",\"banda\",\"canoas\",\"cultura\",\"regi\u00e3o metropolitana\",\"rio grande do sul\",\"rock\",\"rock ga\u00facho\",\"rosa tattoada\",\"RS\",\"sesc canoas\",\"show\",\"teatro sesc canoas\",\"turn\u00ea\"],\"articleSection\":[\"Cultura\"],\"inLanguage\":\"pt-BR\",\"potentialAction\":[{\"@type\":\"CommentAction\",\"name\":\"Comment\",\"target\":[\"https:\/\/jornaltimoneiro.com.br\/index.php\/2023\/07\/19\/rosa-tattooada-se-apresenta-em-canoas-em-show-de-comemoracao-de-seus-35-anos\/#respond\"]}]},{\"@type\":\"WebPage\",\"@id\":\"https:\/\/jornaltimoneiro.com.br\/index.php\/2023\/07\/19\/rosa-tattooada-se-apresenta-em-canoas-em-show-de-comemoracao-de-seus-35-anos\/\",\"url\":\"https:\/\/jornaltimoneiro.com.br\/index.php\/2023\/07\/19\/rosa-tattooada-se-apresenta-em-canoas-em-show-de-comemoracao-de-seus-35-anos\/\",\"name\":\"Rosa Tattooada se apresenta em Canoas em show de comemora\u00e7\u00e3o de seus 35 anos - O Timoneiro Jornal Canoas RS\",\"isPartOf\":{\"@id\":\"https:\/\/jornaltimoneiro.com.br\/#website\"},\"datePublished\":\"2023-07-19T20:43:20+00:00\",\"dateModified\":\"2023-07-19T20:43:20+00:00\",\"description\":\"Rosa Tattooada se apresenta em Canoas em show de comemora\u00e7\u00e3o de seus 35 anos sesc canoas entretenimento cultura regi\u00e3o metropolitana RS\",\"breadcrumb\":{\"@id\":\"https:\/\/jornaltimoneiro.com.br\/index.php\/2023\/07\/19\/rosa-tattooada-se-apresenta-em-canoas-em-show-de-comemoracao-de-seus-35-anos\/#breadcrumb\"},\"inLanguage\":\"pt-BR\",\"potentialAction\":[{\"@type\":\"ReadAction\",\"target\":[\"https:\/\/jornaltimoneiro.com.br\/index.php\/2023\/07\/19\/rosa-tattooada-se-apresenta-em-canoas-em-show-de-comemoracao-de-seus-35-anos\/\"]}]},{\"@type\":\"BreadcrumbList\",\"@id\":\"https:\/\/jornaltimoneiro.com.br\/index.php\/2023\/07\/19\/rosa-tattooada-se-apresenta-em-canoas-em-show-de-comemoracao-de-seus-35-anos\/#breadcrumb\",\"itemListElement\":[{\"@type\":\"ListItem\",\"position\":1,\"name\":\"In\u00edcio\",\"item\":\"https:\/\/jornaltimoneiro.com.br\/\"},{\"@type\":\"ListItem\",\"position\":2,\"name\":\"Rosa Tattooada se apresenta em Canoas em show de comemora\u00e7\u00e3o de seus 35 anos\"}]},{\"@type\":\"WebSite\",\"@id\":\"https:\/\/jornaltimoneiro.com.br\/#website\",\"url\":\"https:\/\/jornaltimoneiro.com.br\/\",\"name\":\"Jornal Timoneiro Canoas RS\",\"description\":\"Jornal O Timoneiro, o verdadeiro jornal de Canoas\",\"publisher\":{\"@id\":\"https:\/\/jornaltimoneiro.com.br\/#organization\"},\"potentialAction\":[{\"@type\":\"SearchAction\",\"target\":{\"@type\":\"EntryPoint\",\"urlTemplate\":\"https:\/\/jornaltimoneiro.com.br\/?s={search_term_string}\"},\"query-input\":\"required name=search_term_string\"}],\"inLanguage\":\"pt-BR\"},{\"@type\":\"Organization\",\"@id\":\"https:\/\/jornaltimoneiro.com.br\/#organization\",\"name\":\"Jornal Timoneiro Canoas RS\",\"url\":\"https:\/\/jornaltimoneiro.com.br\/\",\"logo\":{\"@type\":\"ImageObject\",\"inLanguage\":\"pt-BR\",\"@id\":\"https:\/\/jornaltimoneiro.com.br\/#\/schema\/logo\/image\/\",\"url\":\"https:\/\/jornaltimoneiro.com.br\/wp-content\/uploads\/2023\/03\/logonovo.png\",\"contentUrl\":\"https:\/\/jornaltimoneiro.com.br\/wp-content\/uploads\/2023\/03\/logonovo.png\",\"width\":\"469\",\"height\":\"171\",\"caption\":\"Jornal Timoneiro Canoas RS\"},\"image\":{\"@id\":\"https:\/\/jornaltimoneiro.com.br\/#\/schema\/logo\/image\/\"},\"sameAs\":[\"https:\/\/www.facebook.com\/jornaltimoneiro\",\"https:\/\/twitter.com\/_OTimoneiro\",\"https:\/\/www.instagram.com\/jornaltimoneirocanoas\/\",\"https:\/\/www.youtube.com\/@jornalotimoneiro7927\"]},{\"@type\":\"Person\",\"@id\":\"https:\/\/jornaltimoneiro.com.br\/#\/schema\/person\/f63482f1a02b1a9592707865e509ab40\",\"name\":\"Reda\u00e7\u00e3o\",\"image\":{\"@type\":\"ImageObject\",\"inLanguage\":\"pt-BR\",\"@id\":\"https:\/\/jornaltimoneiro.com.br\/#\/schema\/person\/image\/\",\"url\":\"https:\/\/jornaltimoneiro.com.br\/wp-content\/uploads\/2023\/03\/download.jpeg\",\"contentUrl\":\"https:\/\/jornaltimoneiro.com.br\/wp-content\/uploads\/2023\/03\/download.jpeg\",\"caption\":\"Reda\u00e7\u00e3o\"},\"url\":\"https:\/\/jornaltimoneiro.com.br\/index.php\/author\/simone-dutra\/\"}]}<\/script>\n<!-- \/ Yoast SEO plugin. -->","yoast_head_json":{"title":"Rosa Tattooada se apresenta em Canoas em show de comemora\u00e7\u00e3o de seus 35 anos - O Timoneiro Jornal Canoas RS","description":"Rosa Tattooada se apresenta em Canoas em show de comemora\u00e7\u00e3o de seus 35 anos sesc canoas entretenimento cultura regi\u00e3o metropolitana RS","robots":{"index":"index","follow":"follow","max-snippet":"max-snippet:-1","max-image-preview":"max-image-preview:large","max-video-preview":"max-video-preview:-1"},"canonical":"https:\/\/jornaltimoneiro.com.br\/index.php\/2023\/07\/19\/rosa-tattooada-se-apresenta-em-canoas-em-show-de-comemoracao-de-seus-35-anos\/","og_locale":"pt_BR","og_type":"article","og_title":"Rosa Tattooada se apresenta em Canoas em show de comemora\u00e7\u00e3o de seus 35 anos - O Timoneiro Jornal Canoas RS","og_description":"Rosa Tattooada se apresenta em Canoas em show de comemora\u00e7\u00e3o de seus 35 anos sesc canoas entretenimento cultura regi\u00e3o metropolitana RS","og_url":"https:\/\/jornaltimoneiro.com.br\/index.php\/2023\/07\/19\/rosa-tattooada-se-apresenta-em-canoas-em-show-de-comemoracao-de-seus-35-anos\/","og_site_name":"O Timoneiro Jornal Canoas RS","article_publisher":"https:\/\/www.facebook.com\/jornaltimoneiro","article_published_time":"2023-07-19T20:43:20+00:00","og_image":[{"width":1080,"height":650,"url":"https:\/\/jornaltimoneiro.com.br\/wp-content\/uploads\/2023\/07\/Foto-1-Rosa-Tattooada-cred.-Henrique-Borges.jpg","type":"image\/jpeg"}],"author":"Reda\u00e7\u00e3o","twitter_card":"summary_large_image","twitter_creator":"@_OTimoneiro","twitter_site":"@_OTimoneiro","twitter_misc":{"Escrito por":"Reda\u00e7\u00e3o","Est. tempo de leitura":"2 minutos"},"schema":{"@context":"https:\/\/schema.org","@graph":[{"@type":"Article","@id":"https:\/\/jornaltimoneiro.com.br\/index.php\/2023\/07\/19\/rosa-tattooada-se-apresenta-em-canoas-em-show-de-comemoracao-de-seus-35-anos\/#article","isPartOf":{"@id":"https:\/\/jornaltimoneiro.com.br\/index.php\/2023\/07\/19\/rosa-tattooada-se-apresenta-em-canoas-em-show-de-comemoracao-de-seus-35-anos\/"},"author":{"name":"Reda\u00e7\u00e3o","@id":"https:\/\/jornaltimoneiro.com.br\/#\/schema\/person\/f63482f1a02b1a9592707865e509ab40"},"headline":"Rosa Tattooada se apresenta em Canoas em show de comemora\u00e7\u00e3o de seus 35 anos","datePublished":"2023-07-19T20:43:20+00:00","dateModified":"2023-07-19T20:43:20+00:00","mainEntityOfPage":{"@id":"https:\/\/jornaltimoneiro.com.br\/index.php\/2023\/07\/19\/rosa-tattooada-se-apresenta-em-canoas-em-show-de-comemoracao-de-seus-35-anos\/"},"wordCount":231,"commentCount":0,"publisher":{"@id":"https:\/\/jornaltimoneiro.com.br\/#organization"},"keywords":["35 anos","banda","canoas","cultura","regi\u00e3o metropolitana","rio grande do sul","rock","rock ga\u00facho","rosa tattoada","RS","sesc canoas","show","teatro sesc canoas","turn\u00ea"],"articleSection":["Cultura"],"inLanguage":"pt-BR","potentialAction":[{"@type":"CommentAction","name":"Comment","target":["https:\/\/jornaltimoneiro.com.br\/index.php\/2023\/07\/19\/rosa-tattooada-se-apresenta-em-canoas-em-show-de-comemoracao-de-seus-35-anos\/#respond"]}]},{"@type":"WebPage","@id":"https:\/\/jornaltimoneiro.com.br\/index.php\/2023\/07\/19\/rosa-tattooada-se-apresenta-em-canoas-em-show-de-comemoracao-de-seus-35-anos\/","url":"https:\/\/jornaltimoneiro.com.br\/index.php\/2023\/07\/19\/rosa-tattooada-se-apresenta-em-canoas-em-show-de-comemoracao-de-seus-35-anos\/","name":"Rosa Tattooada se apresenta em Canoas em show de comemora\u00e7\u00e3o de seus 35 anos - O Timoneiro Jornal Canoas RS","isPartOf":{"@id":"https:\/\/jornaltimoneiro.com.br\/#website"},"datePublished":"2023-07-19T20:43:20+00:00","dateModified":"2023-07-19T20:43:20+00:00","description":"Rosa Tattooada se apresenta em Canoas em show de comemora\u00e7\u00e3o de seus 35 anos sesc canoas entretenimento cultura regi\u00e3o metropolitana RS","breadcrumb":{"@id":"https:\/\/jornaltimoneiro.com.br\/index.php\/2023\/07\/19\/rosa-tattooada-se-apresenta-em-canoas-em-show-de-comemoracao-de-seus-35-anos\/#breadcrumb"},"inLanguage":"pt-BR","potentialAction":[{"@type":"ReadAction","target":["https:\/\/jornaltimoneiro.com.br\/index.php\/2023\/07\/19\/rosa-tattooada-se-apresenta-em-canoas-em-show-de-comemoracao-de-seus-35-anos\/"]}]},{"@type":"BreadcrumbList","@id":"https:\/\/jornaltimoneiro.com.br\/index.php\/2023\/07\/19\/rosa-tattooada-se-apresenta-em-canoas-em-show-de-comemoracao-de-seus-35-anos\/#breadcrumb","itemListElement":[{"@type":"ListItem","position":1,"name":"In\u00edcio","item":"https:\/\/jornaltimoneiro.com.br\/"},{"@type":"ListItem","position":2,"name":"Rosa Tattooada se apresenta em Canoas em show de comemora\u00e7\u00e3o de seus 35 anos"}]},{"@type":"WebSite","@id":"https:\/\/jornaltimoneiro.com.br\/#website","url":"https:\/\/jornaltimoneiro.com.br\/","name":"Jornal Timoneiro Canoas RS","description":"Jornal O Timoneiro, o verdadeiro jornal de Canoas","publisher":{"@id":"https:\/\/jornaltimoneiro.com.br\/#organization"},"potentialAction":[{"@type":"SearchAction","target":{"@type":"EntryPoint","urlTemplate":"https:\/\/jornaltimoneiro.com.br\/?s={search_term_string}"},"query-input":"required name=search_term_string"}],"inLanguage":"pt-BR"},{"@type":"Organization","@id":"https:\/\/jornaltimoneiro.com.br\/#organization","name":"Jornal Timoneiro Canoas RS","url":"https:\/\/jornaltimoneiro.com.br\/","logo":{"@type":"ImageObject","inLanguage":"pt-BR","@id":"https:\/\/jornaltimoneiro.com.br\/#\/schema\/logo\/image\/","url":"https:\/\/jornaltimoneiro.com.br\/wp-content\/uploads\/2023\/03\/logonovo.png","contentUrl":"https:\/\/jornaltimoneiro.com.br\/wp-content\/uploads\/2023\/03\/logonovo.png","width":"469","height":"171","caption":"Jornal Timoneiro Canoas RS"},"image":{"@id":"https:\/\/jornaltimoneiro.com.br\/#\/schema\/logo\/image\/"},"sameAs":["https:\/\/www.facebook.com\/jornaltimoneiro","https:\/\/twitter.com\/_OTimoneiro","https:\/\/www.instagram.com\/jornaltimoneirocanoas\/","https:\/\/www.youtube.com\/@jornalotimoneiro7927"]},{"@type":"Person","@id":"https:\/\/jornaltimoneiro.com.br\/#\/schema\/person\/f63482f1a02b1a9592707865e509ab40","name":"Reda\u00e7\u00e3o","image":{"@type":"ImageObject","inLanguage":"pt-BR","@id":"https:\/\/jornaltimoneiro.com.br\/#\/schema\/person\/image\/","url":"https:\/\/jornaltimoneiro.com.br\/wp-content\/uploads\/2023\/03\/download.jpeg","contentUrl":"https:\/\/jornaltimoneiro.com.br\/wp-content\/uploads\/2023\/03\/download.jpeg","caption":"Reda\u00e7\u00e3o"},"url":"https:\/\/jornaltimoneiro.com.br\/index.php\/author\/simone-dutra\/"}]}},"_links":{"self":[{"href":"https:\/\/jornaltimoneiro.com.br\/index.php\/wp-json\/wp\/v2\/posts\/25262"}],"collection":[{"href":"https:\/\/jornaltimoneiro.com.br\/index.php\/wp-json\/wp\/v2\/posts"}],"about":[{"href":"https:\/\/jornaltimoneiro.com.br\/index.php\/wp-json\/wp\/v2\/types\/post"}],"author":[{"embeddable":true,"href":"https:\/\/jornaltimoneiro.com.br\/index.php\/wp-json\/wp\/v2\/users\/2"}],"replies":[{"embeddable":true,"href":"https:\/\/jornaltimoneiro.com.br\/index.php\/wp-json\/wp\/v2\/comments?post=25262"}],"version-history":[{"count":1,"href":"https:\/\/jornaltimoneiro.com.br\/index.php\/wp-json\/wp\/v2\/posts\/25262\/revisions"}],"predecessor-version":[{"id":25264,"href":"https:\/\/jornaltimoneiro.com.br\/index.php\/wp-json\/wp\/v2\/posts\/25262\/revisions\/25264"}],"wp:featuredmedia":[{"embeddable":true,"href":"https:\/\/jornaltimoneiro.com.br\/index.php\/wp-json\/wp\/v2\/media\/25263"}],"wp:attachment":[{"href":"https:\/\/jornaltimoneiro.com.br\/index.php\/wp-json\/wp\/v2\/media?parent=25262"}],"wp:term":[{"taxonomy":"category","embeddable":true,"href":"https:\/\/jornaltimoneiro.com.br\/index.php\/wp-json\/wp\/v2\/categories?post=25262"},{"taxonomy":"post_tag","embeddable":true,"href":"https:\/\/jornaltimoneiro.com.br\/index.php\/wp-json\/wp\/v2\/tags?post=25262"}],"curies":[{"name":"wp","href":"https:\/\/api.w.org\/{rel}","templated":true}]}}