{"id":25258,"date":"2023-07-19T16:19:26","date_gmt":"2023-07-19T19:19:26","guid":{"rendered":"https:\/\/jornaltimoneiro.com.br\/?p=25258"},"modified":"2023-07-19T16:19:26","modified_gmt":"2023-07-19T19:19:26","slug":"musico-de-israel-ministra-masterclass-na-capela-da-ulbra-em-encontro-nacional-de-organistas","status":"publish","type":"post","link":"https:\/\/jornaltimoneiro.com.br\/index.php\/2023\/07\/19\/musico-de-israel-ministra-masterclass-na-capela-da-ulbra-em-encontro-nacional-de-organistas\/","title":{"rendered":"M\u00fasico de Israel ministra masterclass na Capela da Ulbra em encontro Nacional de Organistas"},"content":{"rendered":"<p>O professor Alexander Gorin, de Israel, ministrou uma masterclass na manh\u00e3 de quarta-feira, 19, na Capela da Ulbra. O evento faz parte do XXVIII Encontro Nacional de Organistas e da I Semana do \u00d3rg\u00e3o na UFRGS.<\/p>\n<p>Apesar do frio intenso, que afeta o \u00f3rg\u00e3o de tubos, a aula foi calorosa, assim como a receptividade ao m\u00fasico.<\/p>\n<p>O isarelense est\u00e1 pela primeira vez no Rio Grande do Sul. Por conta da m\u00fasica, atravessa o mundo como convidado solista da Orquestra Filarm\u00f4nica de Israel, desde 1991. J\u00e1 veio ao Brasil v\u00e1rias vezes, em S\u00e3o Paulo e Rio de Janeiro, e em pa\u00edses como Argentina e Chile.<\/p>\n<p>\u201cO cora\u00e7\u00e3o e a alma que importam\u201d, brinca, referindo-se ao clima gelado que temos enfrentado no RS.<\/p>\n<h4><strong>Sobre o artista<\/strong><\/h4>\n<p>Alexander \u00e9 formado pela Academia de M\u00fasica do Azerbaij\u00e3o em Baku, com especializa\u00e7\u00e3o em \u00f3rg\u00e3o e piano. Complementou os seus estudos de \u00f3rg\u00e3o em Riga (Let\u00f4nia) com Larisa Bulava, bem como com os principais organistas das Academias Internacionais de \u00d3rg\u00e3o em Haarlem (Holanda) e Gotemburgo (Su\u00e9cia) e v\u00e1rias masterclasses.<\/p>\n<div id=\"attachment_25260\" style=\"width: 510px\" class=\"wp-caption alignnone\"><img decoding=\"async\" aria-describedby=\"caption-attachment-25260\" class=\"size-full wp-image-25260\" src=\"https:\/\/jornaltimoneiro.com.br\/wp-content\/uploads\/2023\/07\/WhatsApp-Image-2023-07-19-at-15.46.25.jpeg\" alt=\"Alexander Gorin\/ Foto: Fabr\u00edcio Fonseca\/Ulbra\" width=\"500\" height=\"281\" srcset=\"https:\/\/jornaltimoneiro.com.br\/wp-content\/uploads\/2023\/07\/WhatsApp-Image-2023-07-19-at-15.46.25.jpeg 500w, https:\/\/jornaltimoneiro.com.br\/wp-content\/uploads\/2023\/07\/WhatsApp-Image-2023-07-19-at-15.46.25-300x169.jpeg 300w\" sizes=\"(max-width: 500px) 100vw, 500px\" \/><p id=\"caption-attachment-25260\" class=\"wp-caption-text\">Alexander Gorin\/ Foto: Fabr\u00edcio Fonseca\/Ulbra<\/p><\/div>\n<p>O desenvolvimento art\u00edstico de Alexander recebeu impulsos significativos ap\u00f3s estudos com o organista Ludger Lohmann, na Musikhochschule, em Stuttgart, na Alemanha. Ele atuou tamb\u00e9m como solista ao \u00f3rg\u00e3o para a Sociedade Estadual Filarm\u00f4nica Krasnoyarsk, na Sib\u00e9ria, R\u00fassia, com in\u00fameras apari\u00e7\u00f5es como convidado.<\/p>\n<h4><strong>Pelo mundo <\/strong><\/h4>\n<p>A rotina do m\u00fasico \u00e9 bastante variada, participa de concertos em Israel, na Europa, Am\u00e9rica do Sul e no Extremo Oriente. J\u00e1 se apresentou no Grande Sal\u00e3o da Filarm\u00f3nica em S\u00e3o Petersburgo, na R\u00fassia, e participou do Festival Internacional de Israel em Jerusal\u00e9m. Para comemorar o 250\u00ba anivers\u00e1rio de J.S. Bach, fez v\u00e1rios concertos no J.S. Bach Organ Solo-Festival, em Tel Aviv.<\/p>\n<h4><strong>Instrumento neobarroco<\/strong><\/h4>\n<p>Ainda nesta quarta, tamb\u00e9m ocorreu, dentro da programa\u00e7\u00e3o, a visita ao \u00f3rg\u00e3o de tubos da Ulbra, um dos maiores do Sul do Brasil.<\/p>\n<p>O instrumento neobarroco tem 6,3 metros de altura e, devido \u00e0 complexidade, levou dois anos para a fabrica\u00e7\u00e3o. Foi feito pelo alem\u00e3o naturalizado brasileiro Manfred Ronald Worlitschek, que faleceu em janeiro de 2019, aos 60 anos.<\/p>\n<p>Composto por mais de 45 registros cil\u00edndricos, fabricados em madeiras como \u00e9bano, mogno e cedro, e metais como a\u00e7o e bronze, o \u00f3rg\u00e3o foi oficialmente inaugurado em 2003, ap\u00f3s a conclus\u00e3o das reformas da Capela Universit\u00e1ria.<\/p>\n<h4><strong>Apresenta\u00e7\u00e3o <\/strong><\/h4>\n<p>Ainda \u00e9 poss\u00edvel participar do Concerto Coletivo, em que os participantes do encontro se revezar\u00e3o para tocar o instrumento, na Capela da Ulbra, na sexta-feira, 21, das 16 \u00e0s 17 horas. A atividade marcar\u00e1 o encerramento do evento.<\/p>\n<p>\u201cEst\u00e1 sendo uma oportunidade \u00fanica de conhecer o trabalho de um grande organista e professor que estudou com grandes profissionais. Durante a semana, foram muitas atividades, desde performance, palestras, masterclass e oficinas de improvisa\u00e7\u00e3o e fabrica\u00e7\u00e3o de \u00f3rg\u00e3os de tubos\u201d, ressalta a professora titular de \u00d3rg\u00e3o na UFRGS, Any Raquel Carvalho.<\/p>\n<h4>Multicultural<\/h4>\n<p>Est\u00e3o participando das atividades alunos vindos da Argentina, do Uruguai e do Brasil &#8211; S\u00e3o Paulo, Bras\u00edlia e Curitiba. Cursando h\u00e1 um ano \u201c\u00d3rg\u00e3o\u201d na Universidade Nacional de Ros\u00e1rio, na Argentina, Sofia Barabino veio especialmente ao Rio Grande do Sul para o evento.<\/p>\n<p>\u201cFiz o melhor que pude ao tocar o instrumento. Foi a minha primeira experi\u00eancia\u201d, explica. A jovem toca piano e viola da gamba. Ficou sabendo do evento por um colega de curso e est\u00e1 satisfeita com a iniciativa.<\/p>\n","protected":false},"excerpt":{"rendered":"<p>O professor Alexander Gorin, de Israel, ministrou uma masterclass na manh\u00e3 de quarta-feira, 19, na Capela da Ulbra. O evento faz parte do XXVIII Encontro Nacional de Organistas e da I Semana do \u00d3rg\u00e3o na UFRGS. Apesar do frio intenso, que afeta o \u00f3rg\u00e3o de tubos, a aula foi calorosa, assim como a receptividade ao [&hellip;]<\/p>\n","protected":false},"author":2,"featured_media":25259,"comment_status":"open","ping_status":"open","sticky":false,"template":"","format":"standard","meta":{"amp_status":"","footnotes":""},"categories":[76],"tags":[1114,429,31,116,1115,476,214,213,80,483],"class_list":["post-25258","post","type-post","status-publish","format-standard","has-post-thumbnail","hentry","category-cultura","tag-alexander-gorin","tag-artista","tag-canoas","tag-cultura","tag-israel","tag-musica","tag-regiao-metropolitana","tag-rio-grande-do-sul","tag-rs","tag-ulbra"],"yoast_head":"<!-- This site is optimized with the Yoast SEO plugin v20.5 - https:\/\/yoast.com\/wordpress\/plugins\/seo\/ -->\n<title>M\u00fasico de Israel ministra masterclass na Capela da Ulbra em encontro Nacional de Organistas - O Timoneiro Jornal Canoas RS<\/title>\n<meta name=\"description\" content=\"M\u00fasico de Israel ministra masterclass Capela da Ulbra em encontro Nacional Organistas m\u00fasica cultura regi\u00e3o metropolitana rio grande do sul\" \/>\n<meta name=\"robots\" content=\"index, follow, max-snippet:-1, max-image-preview:large, max-video-preview:-1\" \/>\n<link rel=\"canonical\" href=\"https:\/\/jornaltimoneiro.com.br\/index.php\/2023\/07\/19\/musico-de-israel-ministra-masterclass-na-capela-da-ulbra-em-encontro-nacional-de-organistas\/\" \/>\n<meta property=\"og:locale\" content=\"pt_BR\" \/>\n<meta property=\"og:type\" content=\"article\" \/>\n<meta property=\"og:title\" content=\"M\u00fasico de Israel ministra masterclass na Capela da Ulbra em encontro Nacional de Organistas - O Timoneiro Jornal Canoas RS\" \/>\n<meta property=\"og:description\" content=\"M\u00fasico de Israel ministra masterclass Capela da Ulbra em encontro Nacional Organistas m\u00fasica cultura regi\u00e3o metropolitana rio grande do sul\" \/>\n<meta property=\"og:url\" content=\"https:\/\/jornaltimoneiro.com.br\/index.php\/2023\/07\/19\/musico-de-israel-ministra-masterclass-na-capela-da-ulbra-em-encontro-nacional-de-organistas\/\" \/>\n<meta property=\"og:site_name\" content=\"O Timoneiro Jornal Canoas RS\" \/>\n<meta property=\"article:publisher\" content=\"https:\/\/www.facebook.com\/jornaltimoneiro\" \/>\n<meta property=\"article:published_time\" content=\"2023-07-19T19:19:26+00:00\" \/>\n<meta property=\"og:image\" content=\"https:\/\/jornaltimoneiro.com.br\/wp-content\/uploads\/2023\/07\/WhatsApp-Image-2023-07-19-at-15.46.29.jpeg\" \/>\n\t<meta property=\"og:image:width\" content=\"1080\" \/>\n\t<meta property=\"og:image:height\" content=\"604\" \/>\n\t<meta property=\"og:image:type\" content=\"image\/jpeg\" \/>\n<meta name=\"author\" content=\"Reda\u00e7\u00e3o\" \/>\n<meta name=\"twitter:card\" content=\"summary_large_image\" \/>\n<meta name=\"twitter:creator\" content=\"@_OTimoneiro\" \/>\n<meta name=\"twitter:site\" content=\"@_OTimoneiro\" \/>\n<meta name=\"twitter:label1\" content=\"Escrito por\" \/>\n\t<meta name=\"twitter:data1\" content=\"Reda\u00e7\u00e3o\" \/>\n\t<meta name=\"twitter:label2\" content=\"Est. tempo de leitura\" \/>\n\t<meta name=\"twitter:data2\" content=\"4 minutos\" \/>\n<script type=\"application\/ld+json\" class=\"yoast-schema-graph\">{\"@context\":\"https:\/\/schema.org\",\"@graph\":[{\"@type\":\"Article\",\"@id\":\"https:\/\/jornaltimoneiro.com.br\/index.php\/2023\/07\/19\/musico-de-israel-ministra-masterclass-na-capela-da-ulbra-em-encontro-nacional-de-organistas\/#article\",\"isPartOf\":{\"@id\":\"https:\/\/jornaltimoneiro.com.br\/index.php\/2023\/07\/19\/musico-de-israel-ministra-masterclass-na-capela-da-ulbra-em-encontro-nacional-de-organistas\/\"},\"author\":{\"name\":\"Reda\u00e7\u00e3o\",\"@id\":\"https:\/\/jornaltimoneiro.com.br\/#\/schema\/person\/f63482f1a02b1a9592707865e509ab40\"},\"headline\":\"M\u00fasico de Israel ministra masterclass na Capela da Ulbra em encontro Nacional de Organistas\",\"datePublished\":\"2023-07-19T19:19:26+00:00\",\"dateModified\":\"2023-07-19T19:19:26+00:00\",\"mainEntityOfPage\":{\"@id\":\"https:\/\/jornaltimoneiro.com.br\/index.php\/2023\/07\/19\/musico-de-israel-ministra-masterclass-na-capela-da-ulbra-em-encontro-nacional-de-organistas\/\"},\"wordCount\":624,\"commentCount\":0,\"publisher\":{\"@id\":\"https:\/\/jornaltimoneiro.com.br\/#organization\"},\"keywords\":[\"Alexander Gorin\",\"artista\",\"canoas\",\"cultura\",\"Israel\",\"m\u00fasica\",\"regi\u00e3o metropolitana\",\"rio grande do sul\",\"RS\",\"ulbra\"],\"articleSection\":[\"Cultura\"],\"inLanguage\":\"pt-BR\",\"potentialAction\":[{\"@type\":\"CommentAction\",\"name\":\"Comment\",\"target\":[\"https:\/\/jornaltimoneiro.com.br\/index.php\/2023\/07\/19\/musico-de-israel-ministra-masterclass-na-capela-da-ulbra-em-encontro-nacional-de-organistas\/#respond\"]}]},{\"@type\":\"WebPage\",\"@id\":\"https:\/\/jornaltimoneiro.com.br\/index.php\/2023\/07\/19\/musico-de-israel-ministra-masterclass-na-capela-da-ulbra-em-encontro-nacional-de-organistas\/\",\"url\":\"https:\/\/jornaltimoneiro.com.br\/index.php\/2023\/07\/19\/musico-de-israel-ministra-masterclass-na-capela-da-ulbra-em-encontro-nacional-de-organistas\/\",\"name\":\"M\u00fasico de Israel ministra masterclass na Capela da Ulbra em encontro Nacional de Organistas - O Timoneiro Jornal Canoas RS\",\"isPartOf\":{\"@id\":\"https:\/\/jornaltimoneiro.com.br\/#website\"},\"datePublished\":\"2023-07-19T19:19:26+00:00\",\"dateModified\":\"2023-07-19T19:19:26+00:00\",\"description\":\"M\u00fasico de Israel ministra masterclass Capela da Ulbra em encontro Nacional Organistas m\u00fasica cultura regi\u00e3o metropolitana rio grande do sul\",\"breadcrumb\":{\"@id\":\"https:\/\/jornaltimoneiro.com.br\/index.php\/2023\/07\/19\/musico-de-israel-ministra-masterclass-na-capela-da-ulbra-em-encontro-nacional-de-organistas\/#breadcrumb\"},\"inLanguage\":\"pt-BR\",\"potentialAction\":[{\"@type\":\"ReadAction\",\"target\":[\"https:\/\/jornaltimoneiro.com.br\/index.php\/2023\/07\/19\/musico-de-israel-ministra-masterclass-na-capela-da-ulbra-em-encontro-nacional-de-organistas\/\"]}]},{\"@type\":\"BreadcrumbList\",\"@id\":\"https:\/\/jornaltimoneiro.com.br\/index.php\/2023\/07\/19\/musico-de-israel-ministra-masterclass-na-capela-da-ulbra-em-encontro-nacional-de-organistas\/#breadcrumb\",\"itemListElement\":[{\"@type\":\"ListItem\",\"position\":1,\"name\":\"In\u00edcio\",\"item\":\"https:\/\/jornaltimoneiro.com.br\/\"},{\"@type\":\"ListItem\",\"position\":2,\"name\":\"M\u00fasico de Israel ministra masterclass na Capela da Ulbra em encontro Nacional de Organistas\"}]},{\"@type\":\"WebSite\",\"@id\":\"https:\/\/jornaltimoneiro.com.br\/#website\",\"url\":\"https:\/\/jornaltimoneiro.com.br\/\",\"name\":\"Jornal Timoneiro Canoas RS\",\"description\":\"Jornal O Timoneiro, o verdadeiro jornal de Canoas\",\"publisher\":{\"@id\":\"https:\/\/jornaltimoneiro.com.br\/#organization\"},\"potentialAction\":[{\"@type\":\"SearchAction\",\"target\":{\"@type\":\"EntryPoint\",\"urlTemplate\":\"https:\/\/jornaltimoneiro.com.br\/?s={search_term_string}\"},\"query-input\":\"required name=search_term_string\"}],\"inLanguage\":\"pt-BR\"},{\"@type\":\"Organization\",\"@id\":\"https:\/\/jornaltimoneiro.com.br\/#organization\",\"name\":\"Jornal Timoneiro Canoas RS\",\"url\":\"https:\/\/jornaltimoneiro.com.br\/\",\"logo\":{\"@type\":\"ImageObject\",\"inLanguage\":\"pt-BR\",\"@id\":\"https:\/\/jornaltimoneiro.com.br\/#\/schema\/logo\/image\/\",\"url\":\"https:\/\/jornaltimoneiro.com.br\/wp-content\/uploads\/2023\/03\/logonovo.png\",\"contentUrl\":\"https:\/\/jornaltimoneiro.com.br\/wp-content\/uploads\/2023\/03\/logonovo.png\",\"width\":\"469\",\"height\":\"171\",\"caption\":\"Jornal Timoneiro Canoas RS\"},\"image\":{\"@id\":\"https:\/\/jornaltimoneiro.com.br\/#\/schema\/logo\/image\/\"},\"sameAs\":[\"https:\/\/www.facebook.com\/jornaltimoneiro\",\"https:\/\/twitter.com\/_OTimoneiro\",\"https:\/\/www.instagram.com\/jornaltimoneirocanoas\/\",\"https:\/\/www.youtube.com\/@jornalotimoneiro7927\"]},{\"@type\":\"Person\",\"@id\":\"https:\/\/jornaltimoneiro.com.br\/#\/schema\/person\/f63482f1a02b1a9592707865e509ab40\",\"name\":\"Reda\u00e7\u00e3o\",\"image\":{\"@type\":\"ImageObject\",\"inLanguage\":\"pt-BR\",\"@id\":\"https:\/\/jornaltimoneiro.com.br\/#\/schema\/person\/image\/\",\"url\":\"https:\/\/jornaltimoneiro.com.br\/wp-content\/uploads\/2023\/03\/download.jpeg\",\"contentUrl\":\"https:\/\/jornaltimoneiro.com.br\/wp-content\/uploads\/2023\/03\/download.jpeg\",\"caption\":\"Reda\u00e7\u00e3o\"},\"url\":\"https:\/\/jornaltimoneiro.com.br\/index.php\/author\/simone-dutra\/\"}]}<\/script>\n<!-- \/ Yoast SEO plugin. -->","yoast_head_json":{"title":"M\u00fasico de Israel ministra masterclass na Capela da Ulbra em encontro Nacional de Organistas - O Timoneiro Jornal Canoas RS","description":"M\u00fasico de Israel ministra masterclass Capela da Ulbra em encontro Nacional Organistas m\u00fasica cultura regi\u00e3o metropolitana rio grande do sul","robots":{"index":"index","follow":"follow","max-snippet":"max-snippet:-1","max-image-preview":"max-image-preview:large","max-video-preview":"max-video-preview:-1"},"canonical":"https:\/\/jornaltimoneiro.com.br\/index.php\/2023\/07\/19\/musico-de-israel-ministra-masterclass-na-capela-da-ulbra-em-encontro-nacional-de-organistas\/","og_locale":"pt_BR","og_type":"article","og_title":"M\u00fasico de Israel ministra masterclass na Capela da Ulbra em encontro Nacional de Organistas - O Timoneiro Jornal Canoas RS","og_description":"M\u00fasico de Israel ministra masterclass Capela da Ulbra em encontro Nacional Organistas m\u00fasica cultura regi\u00e3o metropolitana rio grande do sul","og_url":"https:\/\/jornaltimoneiro.com.br\/index.php\/2023\/07\/19\/musico-de-israel-ministra-masterclass-na-capela-da-ulbra-em-encontro-nacional-de-organistas\/","og_site_name":"O Timoneiro Jornal Canoas RS","article_publisher":"https:\/\/www.facebook.com\/jornaltimoneiro","article_published_time":"2023-07-19T19:19:26+00:00","og_image":[{"width":"1080","height":"604","url":"https:\/\/jornaltimoneiro.com.br\/wp-content\/uploads\/2023\/07\/WhatsApp-Image-2023-07-19-at-15.46.29.jpeg","type":"image\/jpeg"}],"author":"Reda\u00e7\u00e3o","twitter_card":"summary_large_image","twitter_creator":"@_OTimoneiro","twitter_site":"@_OTimoneiro","twitter_misc":{"Escrito por":"Reda\u00e7\u00e3o","Est. tempo de leitura":"4 minutos"},"schema":{"@context":"https:\/\/schema.org","@graph":[{"@type":"Article","@id":"https:\/\/jornaltimoneiro.com.br\/index.php\/2023\/07\/19\/musico-de-israel-ministra-masterclass-na-capela-da-ulbra-em-encontro-nacional-de-organistas\/#article","isPartOf":{"@id":"https:\/\/jornaltimoneiro.com.br\/index.php\/2023\/07\/19\/musico-de-israel-ministra-masterclass-na-capela-da-ulbra-em-encontro-nacional-de-organistas\/"},"author":{"name":"Reda\u00e7\u00e3o","@id":"https:\/\/jornaltimoneiro.com.br\/#\/schema\/person\/f63482f1a02b1a9592707865e509ab40"},"headline":"M\u00fasico de Israel ministra masterclass na Capela da Ulbra em encontro Nacional de Organistas","datePublished":"2023-07-19T19:19:26+00:00","dateModified":"2023-07-19T19:19:26+00:00","mainEntityOfPage":{"@id":"https:\/\/jornaltimoneiro.com.br\/index.php\/2023\/07\/19\/musico-de-israel-ministra-masterclass-na-capela-da-ulbra-em-encontro-nacional-de-organistas\/"},"wordCount":624,"commentCount":0,"publisher":{"@id":"https:\/\/jornaltimoneiro.com.br\/#organization"},"keywords":["Alexander Gorin","artista","canoas","cultura","Israel","m\u00fasica","regi\u00e3o metropolitana","rio grande do sul","RS","ulbra"],"articleSection":["Cultura"],"inLanguage":"pt-BR","potentialAction":[{"@type":"CommentAction","name":"Comment","target":["https:\/\/jornaltimoneiro.com.br\/index.php\/2023\/07\/19\/musico-de-israel-ministra-masterclass-na-capela-da-ulbra-em-encontro-nacional-de-organistas\/#respond"]}]},{"@type":"WebPage","@id":"https:\/\/jornaltimoneiro.com.br\/index.php\/2023\/07\/19\/musico-de-israel-ministra-masterclass-na-capela-da-ulbra-em-encontro-nacional-de-organistas\/","url":"https:\/\/jornaltimoneiro.com.br\/index.php\/2023\/07\/19\/musico-de-israel-ministra-masterclass-na-capela-da-ulbra-em-encontro-nacional-de-organistas\/","name":"M\u00fasico de Israel ministra masterclass na Capela da Ulbra em encontro Nacional de Organistas - O Timoneiro Jornal Canoas RS","isPartOf":{"@id":"https:\/\/jornaltimoneiro.com.br\/#website"},"datePublished":"2023-07-19T19:19:26+00:00","dateModified":"2023-07-19T19:19:26+00:00","description":"M\u00fasico de Israel ministra masterclass Capela da Ulbra em encontro Nacional Organistas m\u00fasica cultura regi\u00e3o metropolitana rio grande do sul","breadcrumb":{"@id":"https:\/\/jornaltimoneiro.com.br\/index.php\/2023\/07\/19\/musico-de-israel-ministra-masterclass-na-capela-da-ulbra-em-encontro-nacional-de-organistas\/#breadcrumb"},"inLanguage":"pt-BR","potentialAction":[{"@type":"ReadAction","target":["https:\/\/jornaltimoneiro.com.br\/index.php\/2023\/07\/19\/musico-de-israel-ministra-masterclass-na-capela-da-ulbra-em-encontro-nacional-de-organistas\/"]}]},{"@type":"BreadcrumbList","@id":"https:\/\/jornaltimoneiro.com.br\/index.php\/2023\/07\/19\/musico-de-israel-ministra-masterclass-na-capela-da-ulbra-em-encontro-nacional-de-organistas\/#breadcrumb","itemListElement":[{"@type":"ListItem","position":1,"name":"In\u00edcio","item":"https:\/\/jornaltimoneiro.com.br\/"},{"@type":"ListItem","position":2,"name":"M\u00fasico de Israel ministra masterclass na Capela da Ulbra em encontro Nacional de Organistas"}]},{"@type":"WebSite","@id":"https:\/\/jornaltimoneiro.com.br\/#website","url":"https:\/\/jornaltimoneiro.com.br\/","name":"Jornal Timoneiro Canoas RS","description":"Jornal O Timoneiro, o verdadeiro jornal de Canoas","publisher":{"@id":"https:\/\/jornaltimoneiro.com.br\/#organization"},"potentialAction":[{"@type":"SearchAction","target":{"@type":"EntryPoint","urlTemplate":"https:\/\/jornaltimoneiro.com.br\/?s={search_term_string}"},"query-input":"required name=search_term_string"}],"inLanguage":"pt-BR"},{"@type":"Organization","@id":"https:\/\/jornaltimoneiro.com.br\/#organization","name":"Jornal Timoneiro Canoas RS","url":"https:\/\/jornaltimoneiro.com.br\/","logo":{"@type":"ImageObject","inLanguage":"pt-BR","@id":"https:\/\/jornaltimoneiro.com.br\/#\/schema\/logo\/image\/","url":"https:\/\/jornaltimoneiro.com.br\/wp-content\/uploads\/2023\/03\/logonovo.png","contentUrl":"https:\/\/jornaltimoneiro.com.br\/wp-content\/uploads\/2023\/03\/logonovo.png","width":"469","height":"171","caption":"Jornal Timoneiro Canoas RS"},"image":{"@id":"https:\/\/jornaltimoneiro.com.br\/#\/schema\/logo\/image\/"},"sameAs":["https:\/\/www.facebook.com\/jornaltimoneiro","https:\/\/twitter.com\/_OTimoneiro","https:\/\/www.instagram.com\/jornaltimoneirocanoas\/","https:\/\/www.youtube.com\/@jornalotimoneiro7927"]},{"@type":"Person","@id":"https:\/\/jornaltimoneiro.com.br\/#\/schema\/person\/f63482f1a02b1a9592707865e509ab40","name":"Reda\u00e7\u00e3o","image":{"@type":"ImageObject","inLanguage":"pt-BR","@id":"https:\/\/jornaltimoneiro.com.br\/#\/schema\/person\/image\/","url":"https:\/\/jornaltimoneiro.com.br\/wp-content\/uploads\/2023\/03\/download.jpeg","contentUrl":"https:\/\/jornaltimoneiro.com.br\/wp-content\/uploads\/2023\/03\/download.jpeg","caption":"Reda\u00e7\u00e3o"},"url":"https:\/\/jornaltimoneiro.com.br\/index.php\/author\/simone-dutra\/"}]}},"_links":{"self":[{"href":"https:\/\/jornaltimoneiro.com.br\/index.php\/wp-json\/wp\/v2\/posts\/25258"}],"collection":[{"href":"https:\/\/jornaltimoneiro.com.br\/index.php\/wp-json\/wp\/v2\/posts"}],"about":[{"href":"https:\/\/jornaltimoneiro.com.br\/index.php\/wp-json\/wp\/v2\/types\/post"}],"author":[{"embeddable":true,"href":"https:\/\/jornaltimoneiro.com.br\/index.php\/wp-json\/wp\/v2\/users\/2"}],"replies":[{"embeddable":true,"href":"https:\/\/jornaltimoneiro.com.br\/index.php\/wp-json\/wp\/v2\/comments?post=25258"}],"version-history":[{"count":1,"href":"https:\/\/jornaltimoneiro.com.br\/index.php\/wp-json\/wp\/v2\/posts\/25258\/revisions"}],"predecessor-version":[{"id":25261,"href":"https:\/\/jornaltimoneiro.com.br\/index.php\/wp-json\/wp\/v2\/posts\/25258\/revisions\/25261"}],"wp:featuredmedia":[{"embeddable":true,"href":"https:\/\/jornaltimoneiro.com.br\/index.php\/wp-json\/wp\/v2\/media\/25259"}],"wp:attachment":[{"href":"https:\/\/jornaltimoneiro.com.br\/index.php\/wp-json\/wp\/v2\/media?parent=25258"}],"wp:term":[{"taxonomy":"category","embeddable":true,"href":"https:\/\/jornaltimoneiro.com.br\/index.php\/wp-json\/wp\/v2\/categories?post=25258"},{"taxonomy":"post_tag","embeddable":true,"href":"https:\/\/jornaltimoneiro.com.br\/index.php\/wp-json\/wp\/v2\/tags?post=25258"}],"curies":[{"name":"wp","href":"https:\/\/api.w.org\/{rel}","templated":true}]}}