{"id":25227,"date":"2023-07-18T16:40:01","date_gmt":"2023-07-18T19:40:01","guid":{"rendered":"https:\/\/jornaltimoneiro.com.br\/?p=25227"},"modified":"2023-07-18T19:29:00","modified_gmt":"2023-07-18T22:29:00","slug":"inscricoes-para-microcredito-cultural-canoense-sao-prorrogadas-ate-3-de-agosto","status":"publish","type":"post","link":"https:\/\/jornaltimoneiro.com.br\/index.php\/2023\/07\/18\/inscricoes-para-microcredito-cultural-canoense-sao-prorrogadas-ate-3-de-agosto\/","title":{"rendered":"Inscri\u00e7\u00f5es para Microcr\u00e9dito Cultural 2023 s\u00e3o prorrogadas at\u00e9 3 de agosto\u00a0"},"content":{"rendered":"<p>As inscri\u00e7\u00f5es para o Microcr\u00e9dito Cultural 2023 foram prorrogadas e seguir\u00e3o at\u00e9 o dia 3 de agosto.<\/p>\n<p>O programa destinar\u00e1 o valor de R$ 5 mil para cada um dos 50 projetos selecionados, em diferentes \u00e1reas culturais, totalizando um montante de R$ 250 mil de investimento.<\/p>\n<h4><strong>Edital<\/strong><\/h4>\n<p>O edital est\u00e1 dispon\u00edvel no site da Prefeitura, no <a href=\"https:\/\/www.canoas.rs.gov.br\/licitacoes\/edital-no-76-2023-selecao-de-projetos-culturais-para-a-participacao-no-programa-microcredito-cultural-2023\/\">link,<\/a>\u00a0e na sede da Secretaria Municipal da Cultura (SMC), localizada na rua Ipiranga, 105, no Centro.<\/p>\n<h4>Podem se inscrever pessoas f\u00edsicas ou jur\u00eddicas, residentes ou com sede em Canoas. Entre as \u00e1reas de participa\u00e7\u00e3o est\u00e3o:<\/h4>\n<p>-Artes Visuais; Audiovisual e Cinema; Dan\u00e7a; Patrim\u00f4nio Cultural; Cultura Afro-brasileira; Capoeira; Tradi\u00e7\u00e3o e Folclore; Artes C\u00eanicas; Livro, Leitura e Literatura; M\u00fasica.<\/p>\n<h4><strong>Diversidade cultural<\/strong><\/h4>\n<p>Conforme o secret\u00e1rio municipal de Cultura, Eliezer Pacheco, a iniciativa tem como objetivo incentivar a diversidade cultural com aporte financeiro aos que precisam de apoio para a realiza\u00e7\u00e3o de projetos.<\/p>\n<p>Desde sua primeira edi\u00e7\u00e3o, em 2009, o programa j\u00e1 recebeu a inscri\u00e7\u00e3o de 950 projetos, com 307 contemplados.<\/p>\n","protected":false},"excerpt":{"rendered":"<p>As inscri\u00e7\u00f5es para o Microcr\u00e9dito Cultural 2023 foram prorrogadas e seguir\u00e3o at\u00e9 o dia 3 de agosto. O programa destinar\u00e1 o valor de R$ 5 mil para cada um dos 50 projetos selecionados, em diferentes \u00e1reas culturais, totalizando um montante de R$ 250 mil de investimento. Edital O edital est\u00e1 dispon\u00edvel no site da Prefeitura, [&hellip;]<\/p>\n","protected":false},"author":2,"featured_media":25113,"comment_status":"open","ping_status":"open","sticky":false,"template":"","format":"standard","meta":{"amp_status":"","footnotes":""},"categories":[76],"tags":[31,116,33,1049,44,1100,1083,213,80],"class_list":["post-25227","post","type-post","status-publish","format-standard","has-post-thumbnail","hentry","category-cultura","tag-canoas","tag-cultura","tag-inscricoes","tag-microcredito-cultural","tag-prefeitura-de-canoas","tag-prorrogacao","tag-regiao-metrolitana","tag-rio-grande-do-sul","tag-rs"],"yoast_head":"<!-- This site is optimized with the Yoast SEO plugin v20.5 - https:\/\/yoast.com\/wordpress\/plugins\/seo\/ -->\n<title>Inscri\u00e7\u00f5es para Microcr\u00e9dito Cultural 2023 s\u00e3o prorrogadas at\u00e9 3 de agosto\u00a0 - O Timoneiro Jornal Canoas RS<\/title>\n<meta name=\"description\" content=\"Inscri\u00e7\u00f5es para Microcr\u00e9dito Cultural canoense s\u00e3o prorrogadas at\u00e9 3 de agosto\u00a0cultura arte canoas regi\u00e3o metropolitana rio grande do sul Rs\" \/>\n<meta name=\"robots\" content=\"index, follow, max-snippet:-1, max-image-preview:large, max-video-preview:-1\" \/>\n<link rel=\"canonical\" href=\"https:\/\/jornaltimoneiro.com.br\/index.php\/2023\/07\/18\/inscricoes-para-microcredito-cultural-canoense-sao-prorrogadas-ate-3-de-agosto\/\" \/>\n<meta property=\"og:locale\" content=\"pt_BR\" \/>\n<meta property=\"og:type\" content=\"article\" \/>\n<meta property=\"og:title\" content=\"Inscri\u00e7\u00f5es para Microcr\u00e9dito Cultural 2023 s\u00e3o prorrogadas at\u00e9 3 de agosto\u00a0 - O Timoneiro Jornal Canoas RS\" \/>\n<meta property=\"og:description\" content=\"Inscri\u00e7\u00f5es para Microcr\u00e9dito Cultural canoense s\u00e3o prorrogadas at\u00e9 3 de agosto\u00a0cultura arte canoas regi\u00e3o metropolitana rio grande do sul Rs\" \/>\n<meta property=\"og:url\" content=\"https:\/\/jornaltimoneiro.com.br\/index.php\/2023\/07\/18\/inscricoes-para-microcredito-cultural-canoense-sao-prorrogadas-ate-3-de-agosto\/\" \/>\n<meta property=\"og:site_name\" content=\"O Timoneiro Jornal Canoas RS\" \/>\n<meta property=\"article:publisher\" content=\"https:\/\/www.facebook.com\/jornaltimoneiro\" \/>\n<meta property=\"article:published_time\" content=\"2023-07-18T19:40:01+00:00\" \/>\n<meta property=\"article:modified_time\" content=\"2023-07-18T22:29:00+00:00\" \/>\n<meta property=\"og:image\" content=\"https:\/\/jornaltimoneiro.com.br\/wp-content\/uploads\/2023\/07\/jairo-souza.png\" \/>\n\t<meta property=\"og:image:width\" content=\"1080\" \/>\n\t<meta property=\"og:image:height\" content=\"602\" \/>\n\t<meta property=\"og:image:type\" content=\"image\/png\" \/>\n<meta name=\"author\" content=\"Reda\u00e7\u00e3o\" \/>\n<meta name=\"twitter:card\" content=\"summary_large_image\" \/>\n<meta name=\"twitter:creator\" content=\"@_OTimoneiro\" \/>\n<meta name=\"twitter:site\" content=\"@_OTimoneiro\" \/>\n<meta name=\"twitter:label1\" content=\"Escrito por\" \/>\n\t<meta name=\"twitter:data1\" content=\"Reda\u00e7\u00e3o\" \/>\n\t<meta name=\"twitter:label2\" content=\"Est. tempo de leitura\" \/>\n\t<meta name=\"twitter:data2\" content=\"1 minuto\" \/>\n<script type=\"application\/ld+json\" class=\"yoast-schema-graph\">{\"@context\":\"https:\/\/schema.org\",\"@graph\":[{\"@type\":\"Article\",\"@id\":\"https:\/\/jornaltimoneiro.com.br\/index.php\/2023\/07\/18\/inscricoes-para-microcredito-cultural-canoense-sao-prorrogadas-ate-3-de-agosto\/#article\",\"isPartOf\":{\"@id\":\"https:\/\/jornaltimoneiro.com.br\/index.php\/2023\/07\/18\/inscricoes-para-microcredito-cultural-canoense-sao-prorrogadas-ate-3-de-agosto\/\"},\"author\":{\"name\":\"Reda\u00e7\u00e3o\",\"@id\":\"https:\/\/jornaltimoneiro.com.br\/#\/schema\/person\/f63482f1a02b1a9592707865e509ab40\"},\"headline\":\"Inscri\u00e7\u00f5es para Microcr\u00e9dito Cultural 2023 s\u00e3o prorrogadas at\u00e9 3 de agosto\u00a0\",\"datePublished\":\"2023-07-18T19:40:01+00:00\",\"dateModified\":\"2023-07-18T22:29:00+00:00\",\"mainEntityOfPage\":{\"@id\":\"https:\/\/jornaltimoneiro.com.br\/index.php\/2023\/07\/18\/inscricoes-para-microcredito-cultural-canoense-sao-prorrogadas-ate-3-de-agosto\/\"},\"wordCount\":183,\"commentCount\":0,\"publisher\":{\"@id\":\"https:\/\/jornaltimoneiro.com.br\/#organization\"},\"keywords\":[\"canoas\",\"cultura\",\"inscri\u00e7\u00f5es\",\"microcr\u00e9dito cultural\",\"Prefeitura de Canoas\",\"prorroga\u00e7\u00e3o\",\"regi\u00e3o metrolitana\",\"rio grande do sul\",\"RS\"],\"articleSection\":[\"Cultura\"],\"inLanguage\":\"pt-BR\",\"potentialAction\":[{\"@type\":\"CommentAction\",\"name\":\"Comment\",\"target\":[\"https:\/\/jornaltimoneiro.com.br\/index.php\/2023\/07\/18\/inscricoes-para-microcredito-cultural-canoense-sao-prorrogadas-ate-3-de-agosto\/#respond\"]}]},{\"@type\":\"WebPage\",\"@id\":\"https:\/\/jornaltimoneiro.com.br\/index.php\/2023\/07\/18\/inscricoes-para-microcredito-cultural-canoense-sao-prorrogadas-ate-3-de-agosto\/\",\"url\":\"https:\/\/jornaltimoneiro.com.br\/index.php\/2023\/07\/18\/inscricoes-para-microcredito-cultural-canoense-sao-prorrogadas-ate-3-de-agosto\/\",\"name\":\"Inscri\u00e7\u00f5es para Microcr\u00e9dito Cultural 2023 s\u00e3o prorrogadas at\u00e9 3 de agosto\u00a0 - O Timoneiro Jornal Canoas RS\",\"isPartOf\":{\"@id\":\"https:\/\/jornaltimoneiro.com.br\/#website\"},\"datePublished\":\"2023-07-18T19:40:01+00:00\",\"dateModified\":\"2023-07-18T22:29:00+00:00\",\"description\":\"Inscri\u00e7\u00f5es para Microcr\u00e9dito Cultural canoense s\u00e3o prorrogadas at\u00e9 3 de agosto\u00a0cultura arte canoas regi\u00e3o metropolitana rio grande do sul Rs\",\"breadcrumb\":{\"@id\":\"https:\/\/jornaltimoneiro.com.br\/index.php\/2023\/07\/18\/inscricoes-para-microcredito-cultural-canoense-sao-prorrogadas-ate-3-de-agosto\/#breadcrumb\"},\"inLanguage\":\"pt-BR\",\"potentialAction\":[{\"@type\":\"ReadAction\",\"target\":[\"https:\/\/jornaltimoneiro.com.br\/index.php\/2023\/07\/18\/inscricoes-para-microcredito-cultural-canoense-sao-prorrogadas-ate-3-de-agosto\/\"]}]},{\"@type\":\"BreadcrumbList\",\"@id\":\"https:\/\/jornaltimoneiro.com.br\/index.php\/2023\/07\/18\/inscricoes-para-microcredito-cultural-canoense-sao-prorrogadas-ate-3-de-agosto\/#breadcrumb\",\"itemListElement\":[{\"@type\":\"ListItem\",\"position\":1,\"name\":\"In\u00edcio\",\"item\":\"https:\/\/jornaltimoneiro.com.br\/\"},{\"@type\":\"ListItem\",\"position\":2,\"name\":\"Inscri\u00e7\u00f5es para Microcr\u00e9dito Cultural 2023 s\u00e3o prorrogadas at\u00e9 3 de agosto\u00a0\"}]},{\"@type\":\"WebSite\",\"@id\":\"https:\/\/jornaltimoneiro.com.br\/#website\",\"url\":\"https:\/\/jornaltimoneiro.com.br\/\",\"name\":\"Jornal Timoneiro Canoas RS\",\"description\":\"Jornal O Timoneiro, o verdadeiro jornal de Canoas\",\"publisher\":{\"@id\":\"https:\/\/jornaltimoneiro.com.br\/#organization\"},\"potentialAction\":[{\"@type\":\"SearchAction\",\"target\":{\"@type\":\"EntryPoint\",\"urlTemplate\":\"https:\/\/jornaltimoneiro.com.br\/?s={search_term_string}\"},\"query-input\":\"required name=search_term_string\"}],\"inLanguage\":\"pt-BR\"},{\"@type\":\"Organization\",\"@id\":\"https:\/\/jornaltimoneiro.com.br\/#organization\",\"name\":\"Jornal Timoneiro Canoas RS\",\"url\":\"https:\/\/jornaltimoneiro.com.br\/\",\"logo\":{\"@type\":\"ImageObject\",\"inLanguage\":\"pt-BR\",\"@id\":\"https:\/\/jornaltimoneiro.com.br\/#\/schema\/logo\/image\/\",\"url\":\"https:\/\/jornaltimoneiro.com.br\/wp-content\/uploads\/2023\/03\/logonovo.png\",\"contentUrl\":\"https:\/\/jornaltimoneiro.com.br\/wp-content\/uploads\/2023\/03\/logonovo.png\",\"width\":\"469\",\"height\":\"171\",\"caption\":\"Jornal Timoneiro Canoas RS\"},\"image\":{\"@id\":\"https:\/\/jornaltimoneiro.com.br\/#\/schema\/logo\/image\/\"},\"sameAs\":[\"https:\/\/www.facebook.com\/jornaltimoneiro\",\"https:\/\/twitter.com\/_OTimoneiro\",\"https:\/\/www.instagram.com\/jornaltimoneirocanoas\/\",\"https:\/\/www.youtube.com\/@jornalotimoneiro7927\"]},{\"@type\":\"Person\",\"@id\":\"https:\/\/jornaltimoneiro.com.br\/#\/schema\/person\/f63482f1a02b1a9592707865e509ab40\",\"name\":\"Reda\u00e7\u00e3o\",\"image\":{\"@type\":\"ImageObject\",\"inLanguage\":\"pt-BR\",\"@id\":\"https:\/\/jornaltimoneiro.com.br\/#\/schema\/person\/image\/\",\"url\":\"https:\/\/jornaltimoneiro.com.br\/wp-content\/uploads\/2023\/03\/download.jpeg\",\"contentUrl\":\"https:\/\/jornaltimoneiro.com.br\/wp-content\/uploads\/2023\/03\/download.jpeg\",\"caption\":\"Reda\u00e7\u00e3o\"},\"url\":\"https:\/\/jornaltimoneiro.com.br\/index.php\/author\/simone-dutra\/\"}]}<\/script>\n<!-- \/ Yoast SEO plugin. -->","yoast_head_json":{"title":"Inscri\u00e7\u00f5es para Microcr\u00e9dito Cultural 2023 s\u00e3o prorrogadas at\u00e9 3 de agosto\u00a0 - O Timoneiro Jornal Canoas RS","description":"Inscri\u00e7\u00f5es para Microcr\u00e9dito Cultural canoense s\u00e3o prorrogadas at\u00e9 3 de agosto\u00a0cultura arte canoas regi\u00e3o metropolitana rio grande do sul Rs","robots":{"index":"index","follow":"follow","max-snippet":"max-snippet:-1","max-image-preview":"max-image-preview:large","max-video-preview":"max-video-preview:-1"},"canonical":"https:\/\/jornaltimoneiro.com.br\/index.php\/2023\/07\/18\/inscricoes-para-microcredito-cultural-canoense-sao-prorrogadas-ate-3-de-agosto\/","og_locale":"pt_BR","og_type":"article","og_title":"Inscri\u00e7\u00f5es para Microcr\u00e9dito Cultural 2023 s\u00e3o prorrogadas at\u00e9 3 de agosto\u00a0 - O Timoneiro Jornal Canoas RS","og_description":"Inscri\u00e7\u00f5es para Microcr\u00e9dito Cultural canoense s\u00e3o prorrogadas at\u00e9 3 de agosto\u00a0cultura arte canoas regi\u00e3o metropolitana rio grande do sul Rs","og_url":"https:\/\/jornaltimoneiro.com.br\/index.php\/2023\/07\/18\/inscricoes-para-microcredito-cultural-canoense-sao-prorrogadas-ate-3-de-agosto\/","og_site_name":"O Timoneiro Jornal Canoas RS","article_publisher":"https:\/\/www.facebook.com\/jornaltimoneiro","article_published_time":"2023-07-18T19:40:01+00:00","article_modified_time":"2023-07-18T22:29:00+00:00","og_image":[{"width":"1080","height":"602","url":"https:\/\/jornaltimoneiro.com.br\/wp-content\/uploads\/2023\/07\/jairo-souza.png","type":"image\/png"}],"author":"Reda\u00e7\u00e3o","twitter_card":"summary_large_image","twitter_creator":"@_OTimoneiro","twitter_site":"@_OTimoneiro","twitter_misc":{"Escrito por":"Reda\u00e7\u00e3o","Est. tempo de leitura":"1 minuto"},"schema":{"@context":"https:\/\/schema.org","@graph":[{"@type":"Article","@id":"https:\/\/jornaltimoneiro.com.br\/index.php\/2023\/07\/18\/inscricoes-para-microcredito-cultural-canoense-sao-prorrogadas-ate-3-de-agosto\/#article","isPartOf":{"@id":"https:\/\/jornaltimoneiro.com.br\/index.php\/2023\/07\/18\/inscricoes-para-microcredito-cultural-canoense-sao-prorrogadas-ate-3-de-agosto\/"},"author":{"name":"Reda\u00e7\u00e3o","@id":"https:\/\/jornaltimoneiro.com.br\/#\/schema\/person\/f63482f1a02b1a9592707865e509ab40"},"headline":"Inscri\u00e7\u00f5es para Microcr\u00e9dito Cultural 2023 s\u00e3o prorrogadas at\u00e9 3 de agosto\u00a0","datePublished":"2023-07-18T19:40:01+00:00","dateModified":"2023-07-18T22:29:00+00:00","mainEntityOfPage":{"@id":"https:\/\/jornaltimoneiro.com.br\/index.php\/2023\/07\/18\/inscricoes-para-microcredito-cultural-canoense-sao-prorrogadas-ate-3-de-agosto\/"},"wordCount":183,"commentCount":0,"publisher":{"@id":"https:\/\/jornaltimoneiro.com.br\/#organization"},"keywords":["canoas","cultura","inscri\u00e7\u00f5es","microcr\u00e9dito cultural","Prefeitura de Canoas","prorroga\u00e7\u00e3o","regi\u00e3o metrolitana","rio grande do sul","RS"],"articleSection":["Cultura"],"inLanguage":"pt-BR","potentialAction":[{"@type":"CommentAction","name":"Comment","target":["https:\/\/jornaltimoneiro.com.br\/index.php\/2023\/07\/18\/inscricoes-para-microcredito-cultural-canoense-sao-prorrogadas-ate-3-de-agosto\/#respond"]}]},{"@type":"WebPage","@id":"https:\/\/jornaltimoneiro.com.br\/index.php\/2023\/07\/18\/inscricoes-para-microcredito-cultural-canoense-sao-prorrogadas-ate-3-de-agosto\/","url":"https:\/\/jornaltimoneiro.com.br\/index.php\/2023\/07\/18\/inscricoes-para-microcredito-cultural-canoense-sao-prorrogadas-ate-3-de-agosto\/","name":"Inscri\u00e7\u00f5es para Microcr\u00e9dito Cultural 2023 s\u00e3o prorrogadas at\u00e9 3 de agosto\u00a0 - O Timoneiro Jornal Canoas RS","isPartOf":{"@id":"https:\/\/jornaltimoneiro.com.br\/#website"},"datePublished":"2023-07-18T19:40:01+00:00","dateModified":"2023-07-18T22:29:00+00:00","description":"Inscri\u00e7\u00f5es para Microcr\u00e9dito Cultural canoense s\u00e3o prorrogadas at\u00e9 3 de agosto\u00a0cultura arte canoas regi\u00e3o metropolitana rio grande do sul Rs","breadcrumb":{"@id":"https:\/\/jornaltimoneiro.com.br\/index.php\/2023\/07\/18\/inscricoes-para-microcredito-cultural-canoense-sao-prorrogadas-ate-3-de-agosto\/#breadcrumb"},"inLanguage":"pt-BR","potentialAction":[{"@type":"ReadAction","target":["https:\/\/jornaltimoneiro.com.br\/index.php\/2023\/07\/18\/inscricoes-para-microcredito-cultural-canoense-sao-prorrogadas-ate-3-de-agosto\/"]}]},{"@type":"BreadcrumbList","@id":"https:\/\/jornaltimoneiro.com.br\/index.php\/2023\/07\/18\/inscricoes-para-microcredito-cultural-canoense-sao-prorrogadas-ate-3-de-agosto\/#breadcrumb","itemListElement":[{"@type":"ListItem","position":1,"name":"In\u00edcio","item":"https:\/\/jornaltimoneiro.com.br\/"},{"@type":"ListItem","position":2,"name":"Inscri\u00e7\u00f5es para Microcr\u00e9dito Cultural 2023 s\u00e3o prorrogadas at\u00e9 3 de agosto\u00a0"}]},{"@type":"WebSite","@id":"https:\/\/jornaltimoneiro.com.br\/#website","url":"https:\/\/jornaltimoneiro.com.br\/","name":"Jornal Timoneiro Canoas RS","description":"Jornal O Timoneiro, o verdadeiro jornal de Canoas","publisher":{"@id":"https:\/\/jornaltimoneiro.com.br\/#organization"},"potentialAction":[{"@type":"SearchAction","target":{"@type":"EntryPoint","urlTemplate":"https:\/\/jornaltimoneiro.com.br\/?s={search_term_string}"},"query-input":"required name=search_term_string"}],"inLanguage":"pt-BR"},{"@type":"Organization","@id":"https:\/\/jornaltimoneiro.com.br\/#organization","name":"Jornal Timoneiro Canoas RS","url":"https:\/\/jornaltimoneiro.com.br\/","logo":{"@type":"ImageObject","inLanguage":"pt-BR","@id":"https:\/\/jornaltimoneiro.com.br\/#\/schema\/logo\/image\/","url":"https:\/\/jornaltimoneiro.com.br\/wp-content\/uploads\/2023\/03\/logonovo.png","contentUrl":"https:\/\/jornaltimoneiro.com.br\/wp-content\/uploads\/2023\/03\/logonovo.png","width":"469","height":"171","caption":"Jornal Timoneiro Canoas RS"},"image":{"@id":"https:\/\/jornaltimoneiro.com.br\/#\/schema\/logo\/image\/"},"sameAs":["https:\/\/www.facebook.com\/jornaltimoneiro","https:\/\/twitter.com\/_OTimoneiro","https:\/\/www.instagram.com\/jornaltimoneirocanoas\/","https:\/\/www.youtube.com\/@jornalotimoneiro7927"]},{"@type":"Person","@id":"https:\/\/jornaltimoneiro.com.br\/#\/schema\/person\/f63482f1a02b1a9592707865e509ab40","name":"Reda\u00e7\u00e3o","image":{"@type":"ImageObject","inLanguage":"pt-BR","@id":"https:\/\/jornaltimoneiro.com.br\/#\/schema\/person\/image\/","url":"https:\/\/jornaltimoneiro.com.br\/wp-content\/uploads\/2023\/03\/download.jpeg","contentUrl":"https:\/\/jornaltimoneiro.com.br\/wp-content\/uploads\/2023\/03\/download.jpeg","caption":"Reda\u00e7\u00e3o"},"url":"https:\/\/jornaltimoneiro.com.br\/index.php\/author\/simone-dutra\/"}]}},"_links":{"self":[{"href":"https:\/\/jornaltimoneiro.com.br\/index.php\/wp-json\/wp\/v2\/posts\/25227"}],"collection":[{"href":"https:\/\/jornaltimoneiro.com.br\/index.php\/wp-json\/wp\/v2\/posts"}],"about":[{"href":"https:\/\/jornaltimoneiro.com.br\/index.php\/wp-json\/wp\/v2\/types\/post"}],"author":[{"embeddable":true,"href":"https:\/\/jornaltimoneiro.com.br\/index.php\/wp-json\/wp\/v2\/users\/2"}],"replies":[{"embeddable":true,"href":"https:\/\/jornaltimoneiro.com.br\/index.php\/wp-json\/wp\/v2\/comments?post=25227"}],"version-history":[{"count":2,"href":"https:\/\/jornaltimoneiro.com.br\/index.php\/wp-json\/wp\/v2\/posts\/25227\/revisions"}],"predecessor-version":[{"id":25232,"href":"https:\/\/jornaltimoneiro.com.br\/index.php\/wp-json\/wp\/v2\/posts\/25227\/revisions\/25232"}],"wp:featuredmedia":[{"embeddable":true,"href":"https:\/\/jornaltimoneiro.com.br\/index.php\/wp-json\/wp\/v2\/media\/25113"}],"wp:attachment":[{"href":"https:\/\/jornaltimoneiro.com.br\/index.php\/wp-json\/wp\/v2\/media?parent=25227"}],"wp:term":[{"taxonomy":"category","embeddable":true,"href":"https:\/\/jornaltimoneiro.com.br\/index.php\/wp-json\/wp\/v2\/categories?post=25227"},{"taxonomy":"post_tag","embeddable":true,"href":"https:\/\/jornaltimoneiro.com.br\/index.php\/wp-json\/wp\/v2\/tags?post=25227"}],"curies":[{"name":"wp","href":"https:\/\/api.w.org\/{rel}","templated":true}]}}