{"id":25122,"date":"2023-07-06T11:51:49","date_gmt":"2023-07-06T14:51:49","guid":{"rendered":"https:\/\/jornaltimoneiro.com.br\/?p=25122"},"modified":"2023-07-06T11:51:49","modified_gmt":"2023-07-06T14:51:49","slug":"novo-chamamento-para-331-matriculas-na-etapa-creche-e-publicado-pela-prefeitura-de-canoas","status":"publish","type":"post","link":"https:\/\/jornaltimoneiro.com.br\/index.php\/2023\/07\/06\/novo-chamamento-para-331-matriculas-na-etapa-creche-e-publicado-pela-prefeitura-de-canoas\/","title":{"rendered":"Novo chamamento para 331 matr\u00edculas na Etapa Creche \u00e9 publicado pela Prefeitura de Canoas"},"content":{"rendered":"<p>Foi divulgado pela Secretaria da Educa\u00e7\u00e3o (SME) nesta quinta-feira, 6, o 8\u00ba edital de convoca\u00e7\u00e3o, que disponibiliza 331 novas vagas para a Etapa Creche.<\/p>\n<p>A partir da pr\u00f3xima segunda-feira, dia 10, as fam\u00edlias devem comparecer \u00e0 Central de Vagas da SME para realizar a sele\u00e7\u00e3o das escolas para suas crian\u00e7as.<\/p>\n<p>A Central de Vagas est\u00e1 localizada na Rua Monte Castelo, n\u00famero 340, no bairro Nossa Senhora das Gra\u00e7as, e funciona das 8h \u00e0s 18h.<\/p>\n<p>\u00c9 importante que os respons\u00e1veis estejam munidos dos seguintes documentos: certid\u00e3o de nascimento da crian\u00e7a, documento de identifica\u00e7\u00e3o com foto do respons\u00e1vel, atestado ou laudo m\u00e9dico com CID para crian\u00e7as com defici\u00eancia, e comprovante de resid\u00eancia.<\/p>\n<p>Dessa forma, as fam\u00edlias interessadas poder\u00e3o comparecer \u00e0 Central de Vagas e realizar a escolha da escola mais adequada para seus filhos, proporcionando-lhes uma educa\u00e7\u00e3o de qualidade na Etapa Creche.<\/p>\n<h4><strong>Datas para comparecimento na SME por turma:<\/strong><\/h4>\n<p>Segunda-feira (10\/07) \u2013 Ber\u00e7\u00e1rio 1 (72 crian\u00e7as)<br \/>\nTer\u00e7a-feira (11\/07) \u2013 Ber\u00e7\u00e1rio 2 (52 crian\u00e7as)<br \/>\nQuarta-feira (12\/07) \u2013 Maternal 1 (110 crian\u00e7as)<br \/>\nQuinta-feira (13\/07) \u2013 Maternal 2 (95 crian\u00e7as)<\/p>\n","protected":false},"excerpt":{"rendered":"<p>Foi divulgado pela Secretaria da Educa\u00e7\u00e3o (SME) nesta quinta-feira, 6, o 8\u00ba edital de convoca\u00e7\u00e3o, que disponibiliza 331 novas vagas para a Etapa Creche. A partir da pr\u00f3xima segunda-feira, dia 10, as fam\u00edlias devem comparecer \u00e0 Central de Vagas da SME para realizar a sele\u00e7\u00e3o das escolas para suas crian\u00e7as. A Central de Vagas est\u00e1 [&hellip;]<\/p>\n","protected":false},"author":2,"featured_media":25123,"comment_status":"open","ping_status":"open","sticky":false,"template":"","format":"standard","meta":{"amp_status":"","footnotes":""},"categories":[23],"tags":[31,32,64,847,848,44,214,213,80],"class_list":["post-25122","post","type-post","status-publish","format-standard","has-post-thumbnail","hentry","category-geral","tag-canoas","tag-creche","tag-educacao","tag-etapa-creche","tag-matriculas","tag-prefeitura-de-canoas","tag-regiao-metropolitana","tag-rio-grande-do-sul","tag-rs"],"yoast_head":"<!-- This site is optimized with the Yoast SEO plugin v20.5 - https:\/\/yoast.com\/wordpress\/plugins\/seo\/ -->\n<title>Novo chamamento para 331 matr\u00edculas na Etapa Creche \u00e9 publicado pela Prefeitura de Canoas - O Timoneiro Jornal Canoas RS<\/title>\n<meta name=\"description\" content=\"Novo chamamento para 331 matr\u00edculas na Etapa Creche \u00e9 publicado canoas educa\u00e7\u00e3o regi\u00e3o metropolitana rio grande do sul RS educa\u00e7\u00e3o infantil\" \/>\n<meta name=\"robots\" content=\"index, follow, max-snippet:-1, max-image-preview:large, max-video-preview:-1\" \/>\n<link rel=\"canonical\" href=\"https:\/\/jornaltimoneiro.com.br\/index.php\/2023\/07\/06\/novo-chamamento-para-331-matriculas-na-etapa-creche-e-publicado-pela-prefeitura-de-canoas\/\" \/>\n<meta property=\"og:locale\" content=\"pt_BR\" \/>\n<meta property=\"og:type\" content=\"article\" \/>\n<meta property=\"og:title\" content=\"Novo chamamento para 331 matr\u00edculas na Etapa Creche \u00e9 publicado pela Prefeitura de Canoas - O Timoneiro Jornal Canoas RS\" \/>\n<meta property=\"og:description\" content=\"Novo chamamento para 331 matr\u00edculas na Etapa Creche \u00e9 publicado canoas educa\u00e7\u00e3o regi\u00e3o metropolitana rio grande do sul RS educa\u00e7\u00e3o infantil\" \/>\n<meta property=\"og:url\" content=\"https:\/\/jornaltimoneiro.com.br\/index.php\/2023\/07\/06\/novo-chamamento-para-331-matriculas-na-etapa-creche-e-publicado-pela-prefeitura-de-canoas\/\" \/>\n<meta property=\"og:site_name\" content=\"O Timoneiro Jornal Canoas RS\" \/>\n<meta property=\"article:publisher\" content=\"https:\/\/www.facebook.com\/jornaltimoneiro\" \/>\n<meta property=\"article:published_time\" content=\"2023-07-06T14:51:49+00:00\" \/>\n<meta property=\"og:image\" content=\"https:\/\/jornaltimoneiro.com.br\/wp-content\/uploads\/2023\/07\/WhatsApp-Image-2023-01-12-at-13.25.25-2.jpeg\" \/>\n\t<meta property=\"og:image:width\" content=\"1080\" \/>\n\t<meta property=\"og:image:height\" content=\"719\" \/>\n\t<meta property=\"og:image:type\" content=\"image\/jpeg\" \/>\n<meta name=\"author\" content=\"Reda\u00e7\u00e3o\" \/>\n<meta name=\"twitter:card\" content=\"summary_large_image\" \/>\n<meta name=\"twitter:creator\" content=\"@_OTimoneiro\" \/>\n<meta name=\"twitter:site\" content=\"@_OTimoneiro\" \/>\n<meta name=\"twitter:label1\" content=\"Escrito por\" \/>\n\t<meta name=\"twitter:data1\" content=\"Reda\u00e7\u00e3o\" \/>\n\t<meta name=\"twitter:label2\" content=\"Est. tempo de leitura\" \/>\n\t<meta name=\"twitter:data2\" content=\"1 minuto\" \/>\n<script type=\"application\/ld+json\" class=\"yoast-schema-graph\">{\"@context\":\"https:\/\/schema.org\",\"@graph\":[{\"@type\":\"Article\",\"@id\":\"https:\/\/jornaltimoneiro.com.br\/index.php\/2023\/07\/06\/novo-chamamento-para-331-matriculas-na-etapa-creche-e-publicado-pela-prefeitura-de-canoas\/#article\",\"isPartOf\":{\"@id\":\"https:\/\/jornaltimoneiro.com.br\/index.php\/2023\/07\/06\/novo-chamamento-para-331-matriculas-na-etapa-creche-e-publicado-pela-prefeitura-de-canoas\/\"},\"author\":{\"name\":\"Reda\u00e7\u00e3o\",\"@id\":\"https:\/\/jornaltimoneiro.com.br\/#\/schema\/person\/f63482f1a02b1a9592707865e509ab40\"},\"headline\":\"Novo chamamento para 331 matr\u00edculas na Etapa Creche \u00e9 publicado pela Prefeitura de Canoas\",\"datePublished\":\"2023-07-06T14:51:49+00:00\",\"dateModified\":\"2023-07-06T14:51:49+00:00\",\"mainEntityOfPage\":{\"@id\":\"https:\/\/jornaltimoneiro.com.br\/index.php\/2023\/07\/06\/novo-chamamento-para-331-matriculas-na-etapa-creche-e-publicado-pela-prefeitura-de-canoas\/\"},\"wordCount\":191,\"commentCount\":0,\"publisher\":{\"@id\":\"https:\/\/jornaltimoneiro.com.br\/#organization\"},\"keywords\":[\"canoas\",\"creche\",\"Educa\u00e7\u00e3o\",\"etapa creche\",\"matriculas\",\"Prefeitura de Canoas\",\"regi\u00e3o metropolitana\",\"rio grande do sul\",\"RS\"],\"articleSection\":[\"Geral\"],\"inLanguage\":\"pt-BR\",\"potentialAction\":[{\"@type\":\"CommentAction\",\"name\":\"Comment\",\"target\":[\"https:\/\/jornaltimoneiro.com.br\/index.php\/2023\/07\/06\/novo-chamamento-para-331-matriculas-na-etapa-creche-e-publicado-pela-prefeitura-de-canoas\/#respond\"]}]},{\"@type\":\"WebPage\",\"@id\":\"https:\/\/jornaltimoneiro.com.br\/index.php\/2023\/07\/06\/novo-chamamento-para-331-matriculas-na-etapa-creche-e-publicado-pela-prefeitura-de-canoas\/\",\"url\":\"https:\/\/jornaltimoneiro.com.br\/index.php\/2023\/07\/06\/novo-chamamento-para-331-matriculas-na-etapa-creche-e-publicado-pela-prefeitura-de-canoas\/\",\"name\":\"Novo chamamento para 331 matr\u00edculas na Etapa Creche \u00e9 publicado pela Prefeitura de Canoas - O Timoneiro Jornal Canoas RS\",\"isPartOf\":{\"@id\":\"https:\/\/jornaltimoneiro.com.br\/#website\"},\"datePublished\":\"2023-07-06T14:51:49+00:00\",\"dateModified\":\"2023-07-06T14:51:49+00:00\",\"description\":\"Novo chamamento para 331 matr\u00edculas na Etapa Creche \u00e9 publicado canoas educa\u00e7\u00e3o regi\u00e3o metropolitana rio grande do sul RS educa\u00e7\u00e3o infantil\",\"breadcrumb\":{\"@id\":\"https:\/\/jornaltimoneiro.com.br\/index.php\/2023\/07\/06\/novo-chamamento-para-331-matriculas-na-etapa-creche-e-publicado-pela-prefeitura-de-canoas\/#breadcrumb\"},\"inLanguage\":\"pt-BR\",\"potentialAction\":[{\"@type\":\"ReadAction\",\"target\":[\"https:\/\/jornaltimoneiro.com.br\/index.php\/2023\/07\/06\/novo-chamamento-para-331-matriculas-na-etapa-creche-e-publicado-pela-prefeitura-de-canoas\/\"]}]},{\"@type\":\"BreadcrumbList\",\"@id\":\"https:\/\/jornaltimoneiro.com.br\/index.php\/2023\/07\/06\/novo-chamamento-para-331-matriculas-na-etapa-creche-e-publicado-pela-prefeitura-de-canoas\/#breadcrumb\",\"itemListElement\":[{\"@type\":\"ListItem\",\"position\":1,\"name\":\"In\u00edcio\",\"item\":\"https:\/\/jornaltimoneiro.com.br\/\"},{\"@type\":\"ListItem\",\"position\":2,\"name\":\"Novo chamamento para 331 matr\u00edculas na Etapa Creche \u00e9 publicado pela Prefeitura de Canoas\"}]},{\"@type\":\"WebSite\",\"@id\":\"https:\/\/jornaltimoneiro.com.br\/#website\",\"url\":\"https:\/\/jornaltimoneiro.com.br\/\",\"name\":\"Jornal Timoneiro Canoas RS\",\"description\":\"Jornal O Timoneiro, o verdadeiro jornal de Canoas\",\"publisher\":{\"@id\":\"https:\/\/jornaltimoneiro.com.br\/#organization\"},\"potentialAction\":[{\"@type\":\"SearchAction\",\"target\":{\"@type\":\"EntryPoint\",\"urlTemplate\":\"https:\/\/jornaltimoneiro.com.br\/?s={search_term_string}\"},\"query-input\":\"required name=search_term_string\"}],\"inLanguage\":\"pt-BR\"},{\"@type\":\"Organization\",\"@id\":\"https:\/\/jornaltimoneiro.com.br\/#organization\",\"name\":\"Jornal Timoneiro Canoas RS\",\"url\":\"https:\/\/jornaltimoneiro.com.br\/\",\"logo\":{\"@type\":\"ImageObject\",\"inLanguage\":\"pt-BR\",\"@id\":\"https:\/\/jornaltimoneiro.com.br\/#\/schema\/logo\/image\/\",\"url\":\"https:\/\/jornaltimoneiro.com.br\/wp-content\/uploads\/2023\/03\/logonovo.png\",\"contentUrl\":\"https:\/\/jornaltimoneiro.com.br\/wp-content\/uploads\/2023\/03\/logonovo.png\",\"width\":\"469\",\"height\":\"171\",\"caption\":\"Jornal Timoneiro Canoas RS\"},\"image\":{\"@id\":\"https:\/\/jornaltimoneiro.com.br\/#\/schema\/logo\/image\/\"},\"sameAs\":[\"https:\/\/www.facebook.com\/jornaltimoneiro\",\"https:\/\/twitter.com\/_OTimoneiro\",\"https:\/\/www.instagram.com\/jornaltimoneirocanoas\/\",\"https:\/\/www.youtube.com\/@jornalotimoneiro7927\"]},{\"@type\":\"Person\",\"@id\":\"https:\/\/jornaltimoneiro.com.br\/#\/schema\/person\/f63482f1a02b1a9592707865e509ab40\",\"name\":\"Reda\u00e7\u00e3o\",\"image\":{\"@type\":\"ImageObject\",\"inLanguage\":\"pt-BR\",\"@id\":\"https:\/\/jornaltimoneiro.com.br\/#\/schema\/person\/image\/\",\"url\":\"https:\/\/jornaltimoneiro.com.br\/wp-content\/uploads\/2023\/03\/download.jpeg\",\"contentUrl\":\"https:\/\/jornaltimoneiro.com.br\/wp-content\/uploads\/2023\/03\/download.jpeg\",\"caption\":\"Reda\u00e7\u00e3o\"},\"url\":\"https:\/\/jornaltimoneiro.com.br\/index.php\/author\/simone-dutra\/\"}]}<\/script>\n<!-- \/ Yoast SEO plugin. -->","yoast_head_json":{"title":"Novo chamamento para 331 matr\u00edculas na Etapa Creche \u00e9 publicado pela Prefeitura de Canoas - O Timoneiro Jornal Canoas RS","description":"Novo chamamento para 331 matr\u00edculas na Etapa Creche \u00e9 publicado canoas educa\u00e7\u00e3o regi\u00e3o metropolitana rio grande do sul RS educa\u00e7\u00e3o infantil","robots":{"index":"index","follow":"follow","max-snippet":"max-snippet:-1","max-image-preview":"max-image-preview:large","max-video-preview":"max-video-preview:-1"},"canonical":"https:\/\/jornaltimoneiro.com.br\/index.php\/2023\/07\/06\/novo-chamamento-para-331-matriculas-na-etapa-creche-e-publicado-pela-prefeitura-de-canoas\/","og_locale":"pt_BR","og_type":"article","og_title":"Novo chamamento para 331 matr\u00edculas na Etapa Creche \u00e9 publicado pela Prefeitura de Canoas - O Timoneiro Jornal Canoas RS","og_description":"Novo chamamento para 331 matr\u00edculas na Etapa Creche \u00e9 publicado canoas educa\u00e7\u00e3o regi\u00e3o metropolitana rio grande do sul RS educa\u00e7\u00e3o infantil","og_url":"https:\/\/jornaltimoneiro.com.br\/index.php\/2023\/07\/06\/novo-chamamento-para-331-matriculas-na-etapa-creche-e-publicado-pela-prefeitura-de-canoas\/","og_site_name":"O Timoneiro Jornal Canoas RS","article_publisher":"https:\/\/www.facebook.com\/jornaltimoneiro","article_published_time":"2023-07-06T14:51:49+00:00","og_image":[{"width":"1080","height":"719","url":"https:\/\/jornaltimoneiro.com.br\/wp-content\/uploads\/2023\/07\/WhatsApp-Image-2023-01-12-at-13.25.25-2.jpeg","type":"image\/jpeg"}],"author":"Reda\u00e7\u00e3o","twitter_card":"summary_large_image","twitter_creator":"@_OTimoneiro","twitter_site":"@_OTimoneiro","twitter_misc":{"Escrito por":"Reda\u00e7\u00e3o","Est. tempo de leitura":"1 minuto"},"schema":{"@context":"https:\/\/schema.org","@graph":[{"@type":"Article","@id":"https:\/\/jornaltimoneiro.com.br\/index.php\/2023\/07\/06\/novo-chamamento-para-331-matriculas-na-etapa-creche-e-publicado-pela-prefeitura-de-canoas\/#article","isPartOf":{"@id":"https:\/\/jornaltimoneiro.com.br\/index.php\/2023\/07\/06\/novo-chamamento-para-331-matriculas-na-etapa-creche-e-publicado-pela-prefeitura-de-canoas\/"},"author":{"name":"Reda\u00e7\u00e3o","@id":"https:\/\/jornaltimoneiro.com.br\/#\/schema\/person\/f63482f1a02b1a9592707865e509ab40"},"headline":"Novo chamamento para 331 matr\u00edculas na Etapa Creche \u00e9 publicado pela Prefeitura de Canoas","datePublished":"2023-07-06T14:51:49+00:00","dateModified":"2023-07-06T14:51:49+00:00","mainEntityOfPage":{"@id":"https:\/\/jornaltimoneiro.com.br\/index.php\/2023\/07\/06\/novo-chamamento-para-331-matriculas-na-etapa-creche-e-publicado-pela-prefeitura-de-canoas\/"},"wordCount":191,"commentCount":0,"publisher":{"@id":"https:\/\/jornaltimoneiro.com.br\/#organization"},"keywords":["canoas","creche","Educa\u00e7\u00e3o","etapa creche","matriculas","Prefeitura de Canoas","regi\u00e3o metropolitana","rio grande do sul","RS"],"articleSection":["Geral"],"inLanguage":"pt-BR","potentialAction":[{"@type":"CommentAction","name":"Comment","target":["https:\/\/jornaltimoneiro.com.br\/index.php\/2023\/07\/06\/novo-chamamento-para-331-matriculas-na-etapa-creche-e-publicado-pela-prefeitura-de-canoas\/#respond"]}]},{"@type":"WebPage","@id":"https:\/\/jornaltimoneiro.com.br\/index.php\/2023\/07\/06\/novo-chamamento-para-331-matriculas-na-etapa-creche-e-publicado-pela-prefeitura-de-canoas\/","url":"https:\/\/jornaltimoneiro.com.br\/index.php\/2023\/07\/06\/novo-chamamento-para-331-matriculas-na-etapa-creche-e-publicado-pela-prefeitura-de-canoas\/","name":"Novo chamamento para 331 matr\u00edculas na Etapa Creche \u00e9 publicado pela Prefeitura de Canoas - O Timoneiro Jornal Canoas RS","isPartOf":{"@id":"https:\/\/jornaltimoneiro.com.br\/#website"},"datePublished":"2023-07-06T14:51:49+00:00","dateModified":"2023-07-06T14:51:49+00:00","description":"Novo chamamento para 331 matr\u00edculas na Etapa Creche \u00e9 publicado canoas educa\u00e7\u00e3o regi\u00e3o metropolitana rio grande do sul RS educa\u00e7\u00e3o infantil","breadcrumb":{"@id":"https:\/\/jornaltimoneiro.com.br\/index.php\/2023\/07\/06\/novo-chamamento-para-331-matriculas-na-etapa-creche-e-publicado-pela-prefeitura-de-canoas\/#breadcrumb"},"inLanguage":"pt-BR","potentialAction":[{"@type":"ReadAction","target":["https:\/\/jornaltimoneiro.com.br\/index.php\/2023\/07\/06\/novo-chamamento-para-331-matriculas-na-etapa-creche-e-publicado-pela-prefeitura-de-canoas\/"]}]},{"@type":"BreadcrumbList","@id":"https:\/\/jornaltimoneiro.com.br\/index.php\/2023\/07\/06\/novo-chamamento-para-331-matriculas-na-etapa-creche-e-publicado-pela-prefeitura-de-canoas\/#breadcrumb","itemListElement":[{"@type":"ListItem","position":1,"name":"In\u00edcio","item":"https:\/\/jornaltimoneiro.com.br\/"},{"@type":"ListItem","position":2,"name":"Novo chamamento para 331 matr\u00edculas na Etapa Creche \u00e9 publicado pela Prefeitura de Canoas"}]},{"@type":"WebSite","@id":"https:\/\/jornaltimoneiro.com.br\/#website","url":"https:\/\/jornaltimoneiro.com.br\/","name":"Jornal Timoneiro Canoas RS","description":"Jornal O Timoneiro, o verdadeiro jornal de Canoas","publisher":{"@id":"https:\/\/jornaltimoneiro.com.br\/#organization"},"potentialAction":[{"@type":"SearchAction","target":{"@type":"EntryPoint","urlTemplate":"https:\/\/jornaltimoneiro.com.br\/?s={search_term_string}"},"query-input":"required name=search_term_string"}],"inLanguage":"pt-BR"},{"@type":"Organization","@id":"https:\/\/jornaltimoneiro.com.br\/#organization","name":"Jornal Timoneiro Canoas RS","url":"https:\/\/jornaltimoneiro.com.br\/","logo":{"@type":"ImageObject","inLanguage":"pt-BR","@id":"https:\/\/jornaltimoneiro.com.br\/#\/schema\/logo\/image\/","url":"https:\/\/jornaltimoneiro.com.br\/wp-content\/uploads\/2023\/03\/logonovo.png","contentUrl":"https:\/\/jornaltimoneiro.com.br\/wp-content\/uploads\/2023\/03\/logonovo.png","width":"469","height":"171","caption":"Jornal Timoneiro Canoas RS"},"image":{"@id":"https:\/\/jornaltimoneiro.com.br\/#\/schema\/logo\/image\/"},"sameAs":["https:\/\/www.facebook.com\/jornaltimoneiro","https:\/\/twitter.com\/_OTimoneiro","https:\/\/www.instagram.com\/jornaltimoneirocanoas\/","https:\/\/www.youtube.com\/@jornalotimoneiro7927"]},{"@type":"Person","@id":"https:\/\/jornaltimoneiro.com.br\/#\/schema\/person\/f63482f1a02b1a9592707865e509ab40","name":"Reda\u00e7\u00e3o","image":{"@type":"ImageObject","inLanguage":"pt-BR","@id":"https:\/\/jornaltimoneiro.com.br\/#\/schema\/person\/image\/","url":"https:\/\/jornaltimoneiro.com.br\/wp-content\/uploads\/2023\/03\/download.jpeg","contentUrl":"https:\/\/jornaltimoneiro.com.br\/wp-content\/uploads\/2023\/03\/download.jpeg","caption":"Reda\u00e7\u00e3o"},"url":"https:\/\/jornaltimoneiro.com.br\/index.php\/author\/simone-dutra\/"}]}},"_links":{"self":[{"href":"https:\/\/jornaltimoneiro.com.br\/index.php\/wp-json\/wp\/v2\/posts\/25122"}],"collection":[{"href":"https:\/\/jornaltimoneiro.com.br\/index.php\/wp-json\/wp\/v2\/posts"}],"about":[{"href":"https:\/\/jornaltimoneiro.com.br\/index.php\/wp-json\/wp\/v2\/types\/post"}],"author":[{"embeddable":true,"href":"https:\/\/jornaltimoneiro.com.br\/index.php\/wp-json\/wp\/v2\/users\/2"}],"replies":[{"embeddable":true,"href":"https:\/\/jornaltimoneiro.com.br\/index.php\/wp-json\/wp\/v2\/comments?post=25122"}],"version-history":[{"count":1,"href":"https:\/\/jornaltimoneiro.com.br\/index.php\/wp-json\/wp\/v2\/posts\/25122\/revisions"}],"predecessor-version":[{"id":25124,"href":"https:\/\/jornaltimoneiro.com.br\/index.php\/wp-json\/wp\/v2\/posts\/25122\/revisions\/25124"}],"wp:featuredmedia":[{"embeddable":true,"href":"https:\/\/jornaltimoneiro.com.br\/index.php\/wp-json\/wp\/v2\/media\/25123"}],"wp:attachment":[{"href":"https:\/\/jornaltimoneiro.com.br\/index.php\/wp-json\/wp\/v2\/media?parent=25122"}],"wp:term":[{"taxonomy":"category","embeddable":true,"href":"https:\/\/jornaltimoneiro.com.br\/index.php\/wp-json\/wp\/v2\/categories?post=25122"},{"taxonomy":"post_tag","embeddable":true,"href":"https:\/\/jornaltimoneiro.com.br\/index.php\/wp-json\/wp\/v2\/tags?post=25122"}],"curies":[{"name":"wp","href":"https:\/\/api.w.org\/{rel}","templated":true}]}}