{"id":24939,"date":"2023-06-20T18:57:37","date_gmt":"2023-06-20T21:57:37","guid":{"rendered":"https:\/\/jornaltimoneiro.com.br\/?p=24939"},"modified":"2023-06-20T18:57:37","modified_gmt":"2023-06-20T21:57:37","slug":"1a-corrida-alusiva-ao-aniversario-de-canoas-acontece-no-proximo-domingo-25","status":"publish","type":"post","link":"https:\/\/jornaltimoneiro.com.br\/index.php\/2023\/06\/20\/1a-corrida-alusiva-ao-aniversario-de-canoas-acontece-no-proximo-domingo-25\/","title":{"rendered":"1\u00aa Corrida alusiva ao Anivers\u00e1rio de Canoas acontece no pr\u00f3ximo domingo, 25"},"content":{"rendered":"<p>A programa\u00e7\u00e3o da Semana de Canoas, que acontecer\u00e1 de 21 a 27 de junho, est\u00e1 repleta de atividades. Entre as a\u00e7\u00f5es, acontece a 1\u00aa Corrida alusiva ao Anivers\u00e1rio de Canoas, promovida pela Secretaria Municipal de Esporte e Lazer (Smel), no pr\u00f3ximo domingo, 25.<\/p>\n<p>A partir desta edi\u00e7\u00e3o, a corrida entrar\u00e1 para o calend\u00e1rio de eventos da Smel.<\/p>\n<h4><strong>Inscri\u00e7\u00f5es<\/strong><\/h4>\n<p>As inscri\u00e7\u00f5es ocorrem online e de forma gratuita, pelo site\u00a0<a href=\"https:\/\/vamoquevamo.net.br\/corridas-2023\/aniversario-canoas.html\">https:\/\/vamoquevamo.net.br\/corridas-2023\/aniversario-canoas.html<\/a>, mediante doa\u00e7\u00e3o de dois quilos de alimentos n\u00e3o perec\u00edveis na retirada do Kit Cronometragem.<\/p>\n<p>A participa\u00e7\u00e3o ser\u00e1 aberta para o p\u00fablico masculino e feminino, com idade m\u00ednima de 15 anos, sendo disponibilizadas 250 vagas. As modalidades ter\u00e3o premia\u00e7\u00e3o de trof\u00e9us, do 1\u00ba ao 5\u00ba colocado geral (mais premia\u00e7\u00e3o dos apoiadores), e medalha de participa\u00e7\u00e3o para todos os participantes.<\/p>\n<h4><strong>Participa\u00e7\u00e3o solid\u00e1ria<\/strong><\/h4>\n<p>\u201cNossa inten\u00e7\u00e3o \u00e9 proporcionar maior participa\u00e7\u00e3o da comunidade nas corridas, que normalmente t\u00eam um custo alto de inscri\u00e7\u00e3o. Dessa forma, pensamos na inscri\u00e7\u00e3o solid\u00e1ria atrav\u00e9s da doa\u00e7\u00e3o de dois quilos de alimentos, fazendo assim uma corrida acess\u00edvel e festiva em comemora\u00e7\u00e3o ao anivers\u00e1rio de nossa cidade\u201d, destaca a secret\u00e1ria municipal de Esporte e Lazer, Let\u00edcia Boll.<\/p>\n<h4><strong>Concentra\u00e7\u00e3o e percurso<\/strong><\/h4>\n<p>A corrida ser\u00e1 dividida em dois percursos, de 3 km e 6 km. A concentra\u00e7\u00e3o est\u00e1 marcada para \u00e0s 7h, e a largada acontece \u00e0s 8h, na Avenida Farroupilha, 4545 (Estacionamento C do ParkShopping Canoas), com chegada no mesmo local.<\/p>\n<p>Cerca de 250 pessoas s\u00e3o esperadas para competir nas 12 categorias et\u00e1rias. Haver\u00e1 estacionamento, tendas para concentra\u00e7\u00e3o e \u00e1rea de dispers\u00e3o com fruta e hidrata\u00e7\u00e3o para os atletas inscritos.<\/p>\n<p>A entrega dos kits acontece no s\u00e1bado, 24, das 14h \u00e0s 19h, na Loja Shopmasp Sports Canoas, na Rua Quinze de Janeiro, 350, no Centro.<\/p>\n<h4>Apoios<\/h4>\n<p>O evento conta com o apoio do Fort Atacadista, ParkShopping Canoas, Shopmasp Sports, Emp\u00f3rio Cia da Nutri\u00e7\u00e3o e Clic Run.<\/p>\n","protected":false},"excerpt":{"rendered":"<p>A programa\u00e7\u00e3o da Semana de Canoas, que acontecer\u00e1 de 21 a 27 de junho, est\u00e1 repleta de atividades. Entre as a\u00e7\u00f5es, acontece a 1\u00aa Corrida alusiva ao Anivers\u00e1rio de Canoas, promovida pela Secretaria Municipal de Esporte e Lazer (Smel), no pr\u00f3ximo domingo, 25. A partir desta edi\u00e7\u00e3o, a corrida entrar\u00e1 para o calend\u00e1rio de eventos [&hellip;]<\/p>\n","protected":false},"author":2,"featured_media":24940,"comment_status":"open","ping_status":"open","sticky":false,"template":"","format":"standard","meta":{"amp_status":"","footnotes":""},"categories":[24],"tags":[950,31,949,234,44,213,80],"class_list":["post-24939","post","type-post","status-publish","format-standard","has-post-thumbnail","hentry","category-esporte","tag-aniversario-de-canoas","tag-canoas","tag-corrida","tag-esporte","tag-prefeitura-de-canoas","tag-rio-grande-do-sul","tag-rs"],"yoast_head":"<!-- This site is optimized with the Yoast SEO plugin v20.5 - https:\/\/yoast.com\/wordpress\/plugins\/seo\/ -->\n<title>1\u00aa Corrida alusiva ao Anivers\u00e1rio de Canoas acontece no pr\u00f3ximo domingo, 25 - O Timoneiro Jornal Canoas RS<\/title>\n<meta name=\"description\" content=\"1\u00aa Corrida alusiva ao Anivers\u00e1rio de Canoas acontece no pr\u00f3ximo domingo, 25 esporte secretaria de esporte rio grande do sul RS\" \/>\n<meta name=\"robots\" content=\"index, follow, max-snippet:-1, max-image-preview:large, max-video-preview:-1\" \/>\n<link rel=\"canonical\" href=\"https:\/\/jornaltimoneiro.com.br\/index.php\/2023\/06\/20\/1a-corrida-alusiva-ao-aniversario-de-canoas-acontece-no-proximo-domingo-25\/\" \/>\n<meta property=\"og:locale\" content=\"pt_BR\" \/>\n<meta property=\"og:type\" content=\"article\" \/>\n<meta property=\"og:title\" content=\"1\u00aa Corrida alusiva ao Anivers\u00e1rio de Canoas acontece no pr\u00f3ximo domingo, 25 - O Timoneiro Jornal Canoas RS\" \/>\n<meta property=\"og:description\" content=\"1\u00aa Corrida alusiva ao Anivers\u00e1rio de Canoas acontece no pr\u00f3ximo domingo, 25 esporte secretaria de esporte rio grande do sul RS\" \/>\n<meta property=\"og:url\" content=\"https:\/\/jornaltimoneiro.com.br\/index.php\/2023\/06\/20\/1a-corrida-alusiva-ao-aniversario-de-canoas-acontece-no-proximo-domingo-25\/\" \/>\n<meta property=\"og:site_name\" content=\"O Timoneiro Jornal Canoas RS\" \/>\n<meta property=\"article:publisher\" content=\"https:\/\/www.facebook.com\/jornaltimoneiro\" \/>\n<meta property=\"article:published_time\" content=\"2023-06-20T21:57:37+00:00\" \/>\n<meta property=\"og:image\" content=\"https:\/\/jornaltimoneiro.com.br\/wp-content\/uploads\/2023\/06\/Arte-materia-corrida-aniversario.jpg\" \/>\n\t<meta property=\"og:image:width\" content=\"1000\" \/>\n\t<meta property=\"og:image:height\" content=\"558\" \/>\n\t<meta property=\"og:image:type\" content=\"image\/jpeg\" \/>\n<meta name=\"author\" content=\"Reda\u00e7\u00e3o\" \/>\n<meta name=\"twitter:card\" content=\"summary_large_image\" \/>\n<meta name=\"twitter:creator\" content=\"@_OTimoneiro\" \/>\n<meta name=\"twitter:site\" content=\"@_OTimoneiro\" \/>\n<meta name=\"twitter:label1\" content=\"Escrito por\" \/>\n\t<meta name=\"twitter:data1\" content=\"Reda\u00e7\u00e3o\" \/>\n\t<meta name=\"twitter:label2\" content=\"Est. tempo de leitura\" \/>\n\t<meta name=\"twitter:data2\" content=\"2 minutos\" \/>\n<script type=\"application\/ld+json\" class=\"yoast-schema-graph\">{\"@context\":\"https:\/\/schema.org\",\"@graph\":[{\"@type\":\"Article\",\"@id\":\"https:\/\/jornaltimoneiro.com.br\/index.php\/2023\/06\/20\/1a-corrida-alusiva-ao-aniversario-de-canoas-acontece-no-proximo-domingo-25\/#article\",\"isPartOf\":{\"@id\":\"https:\/\/jornaltimoneiro.com.br\/index.php\/2023\/06\/20\/1a-corrida-alusiva-ao-aniversario-de-canoas-acontece-no-proximo-domingo-25\/\"},\"author\":{\"name\":\"Reda\u00e7\u00e3o\",\"@id\":\"https:\/\/jornaltimoneiro.com.br\/#\/schema\/person\/f63482f1a02b1a9592707865e509ab40\"},\"headline\":\"1\u00aa Corrida alusiva ao Anivers\u00e1rio de Canoas acontece no pr\u00f3ximo domingo, 25\",\"datePublished\":\"2023-06-20T21:57:37+00:00\",\"dateModified\":\"2023-06-20T21:57:37+00:00\",\"mainEntityOfPage\":{\"@id\":\"https:\/\/jornaltimoneiro.com.br\/index.php\/2023\/06\/20\/1a-corrida-alusiva-ao-aniversario-de-canoas-acontece-no-proximo-domingo-25\/\"},\"wordCount\":349,\"commentCount\":0,\"publisher\":{\"@id\":\"https:\/\/jornaltimoneiro.com.br\/#organization\"},\"keywords\":[\"anivers\u00e1rio de canoas\",\"canoas\",\"corrida\",\"esporte\",\"Prefeitura de Canoas\",\"rio grande do sul\",\"RS\"],\"articleSection\":[\"Esporte\"],\"inLanguage\":\"pt-BR\",\"potentialAction\":[{\"@type\":\"CommentAction\",\"name\":\"Comment\",\"target\":[\"https:\/\/jornaltimoneiro.com.br\/index.php\/2023\/06\/20\/1a-corrida-alusiva-ao-aniversario-de-canoas-acontece-no-proximo-domingo-25\/#respond\"]}]},{\"@type\":\"WebPage\",\"@id\":\"https:\/\/jornaltimoneiro.com.br\/index.php\/2023\/06\/20\/1a-corrida-alusiva-ao-aniversario-de-canoas-acontece-no-proximo-domingo-25\/\",\"url\":\"https:\/\/jornaltimoneiro.com.br\/index.php\/2023\/06\/20\/1a-corrida-alusiva-ao-aniversario-de-canoas-acontece-no-proximo-domingo-25\/\",\"name\":\"1\u00aa Corrida alusiva ao Anivers\u00e1rio de Canoas acontece no pr\u00f3ximo domingo, 25 - O Timoneiro Jornal Canoas RS\",\"isPartOf\":{\"@id\":\"https:\/\/jornaltimoneiro.com.br\/#website\"},\"datePublished\":\"2023-06-20T21:57:37+00:00\",\"dateModified\":\"2023-06-20T21:57:37+00:00\",\"description\":\"1\u00aa Corrida alusiva ao Anivers\u00e1rio de Canoas acontece no pr\u00f3ximo domingo, 25 esporte secretaria de esporte rio grande do sul RS\",\"breadcrumb\":{\"@id\":\"https:\/\/jornaltimoneiro.com.br\/index.php\/2023\/06\/20\/1a-corrida-alusiva-ao-aniversario-de-canoas-acontece-no-proximo-domingo-25\/#breadcrumb\"},\"inLanguage\":\"pt-BR\",\"potentialAction\":[{\"@type\":\"ReadAction\",\"target\":[\"https:\/\/jornaltimoneiro.com.br\/index.php\/2023\/06\/20\/1a-corrida-alusiva-ao-aniversario-de-canoas-acontece-no-proximo-domingo-25\/\"]}]},{\"@type\":\"BreadcrumbList\",\"@id\":\"https:\/\/jornaltimoneiro.com.br\/index.php\/2023\/06\/20\/1a-corrida-alusiva-ao-aniversario-de-canoas-acontece-no-proximo-domingo-25\/#breadcrumb\",\"itemListElement\":[{\"@type\":\"ListItem\",\"position\":1,\"name\":\"In\u00edcio\",\"item\":\"https:\/\/jornaltimoneiro.com.br\/\"},{\"@type\":\"ListItem\",\"position\":2,\"name\":\"1\u00aa Corrida alusiva ao Anivers\u00e1rio de Canoas acontece no pr\u00f3ximo domingo, 25\"}]},{\"@type\":\"WebSite\",\"@id\":\"https:\/\/jornaltimoneiro.com.br\/#website\",\"url\":\"https:\/\/jornaltimoneiro.com.br\/\",\"name\":\"Jornal Timoneiro Canoas RS\",\"description\":\"Jornal O Timoneiro, o verdadeiro jornal de Canoas\",\"publisher\":{\"@id\":\"https:\/\/jornaltimoneiro.com.br\/#organization\"},\"potentialAction\":[{\"@type\":\"SearchAction\",\"target\":{\"@type\":\"EntryPoint\",\"urlTemplate\":\"https:\/\/jornaltimoneiro.com.br\/?s={search_term_string}\"},\"query-input\":\"required name=search_term_string\"}],\"inLanguage\":\"pt-BR\"},{\"@type\":\"Organization\",\"@id\":\"https:\/\/jornaltimoneiro.com.br\/#organization\",\"name\":\"Jornal Timoneiro Canoas RS\",\"url\":\"https:\/\/jornaltimoneiro.com.br\/\",\"logo\":{\"@type\":\"ImageObject\",\"inLanguage\":\"pt-BR\",\"@id\":\"https:\/\/jornaltimoneiro.com.br\/#\/schema\/logo\/image\/\",\"url\":\"https:\/\/jornaltimoneiro.com.br\/wp-content\/uploads\/2023\/03\/logonovo.png\",\"contentUrl\":\"https:\/\/jornaltimoneiro.com.br\/wp-content\/uploads\/2023\/03\/logonovo.png\",\"width\":\"469\",\"height\":\"171\",\"caption\":\"Jornal Timoneiro Canoas RS\"},\"image\":{\"@id\":\"https:\/\/jornaltimoneiro.com.br\/#\/schema\/logo\/image\/\"},\"sameAs\":[\"https:\/\/www.facebook.com\/jornaltimoneiro\",\"https:\/\/twitter.com\/_OTimoneiro\",\"https:\/\/www.instagram.com\/jornaltimoneirocanoas\/\",\"https:\/\/www.youtube.com\/@jornalotimoneiro7927\"]},{\"@type\":\"Person\",\"@id\":\"https:\/\/jornaltimoneiro.com.br\/#\/schema\/person\/f63482f1a02b1a9592707865e509ab40\",\"name\":\"Reda\u00e7\u00e3o\",\"image\":{\"@type\":\"ImageObject\",\"inLanguage\":\"pt-BR\",\"@id\":\"https:\/\/jornaltimoneiro.com.br\/#\/schema\/person\/image\/\",\"url\":\"https:\/\/jornaltimoneiro.com.br\/wp-content\/uploads\/2023\/03\/download.jpeg\",\"contentUrl\":\"https:\/\/jornaltimoneiro.com.br\/wp-content\/uploads\/2023\/03\/download.jpeg\",\"caption\":\"Reda\u00e7\u00e3o\"},\"url\":\"https:\/\/jornaltimoneiro.com.br\/index.php\/author\/simone-dutra\/\"}]}<\/script>\n<!-- \/ Yoast SEO plugin. -->","yoast_head_json":{"title":"1\u00aa Corrida alusiva ao Anivers\u00e1rio de Canoas acontece no pr\u00f3ximo domingo, 25 - O Timoneiro Jornal Canoas RS","description":"1\u00aa Corrida alusiva ao Anivers\u00e1rio de Canoas acontece no pr\u00f3ximo domingo, 25 esporte secretaria de esporte rio grande do sul RS","robots":{"index":"index","follow":"follow","max-snippet":"max-snippet:-1","max-image-preview":"max-image-preview:large","max-video-preview":"max-video-preview:-1"},"canonical":"https:\/\/jornaltimoneiro.com.br\/index.php\/2023\/06\/20\/1a-corrida-alusiva-ao-aniversario-de-canoas-acontece-no-proximo-domingo-25\/","og_locale":"pt_BR","og_type":"article","og_title":"1\u00aa Corrida alusiva ao Anivers\u00e1rio de Canoas acontece no pr\u00f3ximo domingo, 25 - O Timoneiro Jornal Canoas RS","og_description":"1\u00aa Corrida alusiva ao Anivers\u00e1rio de Canoas acontece no pr\u00f3ximo domingo, 25 esporte secretaria de esporte rio grande do sul RS","og_url":"https:\/\/jornaltimoneiro.com.br\/index.php\/2023\/06\/20\/1a-corrida-alusiva-ao-aniversario-de-canoas-acontece-no-proximo-domingo-25\/","og_site_name":"O Timoneiro Jornal Canoas RS","article_publisher":"https:\/\/www.facebook.com\/jornaltimoneiro","article_published_time":"2023-06-20T21:57:37+00:00","og_image":[{"width":"1000","height":"558","url":"https:\/\/jornaltimoneiro.com.br\/wp-content\/uploads\/2023\/06\/Arte-materia-corrida-aniversario.jpg","type":"image\/jpeg"}],"author":"Reda\u00e7\u00e3o","twitter_card":"summary_large_image","twitter_creator":"@_OTimoneiro","twitter_site":"@_OTimoneiro","twitter_misc":{"Escrito por":"Reda\u00e7\u00e3o","Est. tempo de leitura":"2 minutos"},"schema":{"@context":"https:\/\/schema.org","@graph":[{"@type":"Article","@id":"https:\/\/jornaltimoneiro.com.br\/index.php\/2023\/06\/20\/1a-corrida-alusiva-ao-aniversario-de-canoas-acontece-no-proximo-domingo-25\/#article","isPartOf":{"@id":"https:\/\/jornaltimoneiro.com.br\/index.php\/2023\/06\/20\/1a-corrida-alusiva-ao-aniversario-de-canoas-acontece-no-proximo-domingo-25\/"},"author":{"name":"Reda\u00e7\u00e3o","@id":"https:\/\/jornaltimoneiro.com.br\/#\/schema\/person\/f63482f1a02b1a9592707865e509ab40"},"headline":"1\u00aa Corrida alusiva ao Anivers\u00e1rio de Canoas acontece no pr\u00f3ximo domingo, 25","datePublished":"2023-06-20T21:57:37+00:00","dateModified":"2023-06-20T21:57:37+00:00","mainEntityOfPage":{"@id":"https:\/\/jornaltimoneiro.com.br\/index.php\/2023\/06\/20\/1a-corrida-alusiva-ao-aniversario-de-canoas-acontece-no-proximo-domingo-25\/"},"wordCount":349,"commentCount":0,"publisher":{"@id":"https:\/\/jornaltimoneiro.com.br\/#organization"},"keywords":["anivers\u00e1rio de canoas","canoas","corrida","esporte","Prefeitura de Canoas","rio grande do sul","RS"],"articleSection":["Esporte"],"inLanguage":"pt-BR","potentialAction":[{"@type":"CommentAction","name":"Comment","target":["https:\/\/jornaltimoneiro.com.br\/index.php\/2023\/06\/20\/1a-corrida-alusiva-ao-aniversario-de-canoas-acontece-no-proximo-domingo-25\/#respond"]}]},{"@type":"WebPage","@id":"https:\/\/jornaltimoneiro.com.br\/index.php\/2023\/06\/20\/1a-corrida-alusiva-ao-aniversario-de-canoas-acontece-no-proximo-domingo-25\/","url":"https:\/\/jornaltimoneiro.com.br\/index.php\/2023\/06\/20\/1a-corrida-alusiva-ao-aniversario-de-canoas-acontece-no-proximo-domingo-25\/","name":"1\u00aa Corrida alusiva ao Anivers\u00e1rio de Canoas acontece no pr\u00f3ximo domingo, 25 - O Timoneiro Jornal Canoas RS","isPartOf":{"@id":"https:\/\/jornaltimoneiro.com.br\/#website"},"datePublished":"2023-06-20T21:57:37+00:00","dateModified":"2023-06-20T21:57:37+00:00","description":"1\u00aa Corrida alusiva ao Anivers\u00e1rio de Canoas acontece no pr\u00f3ximo domingo, 25 esporte secretaria de esporte rio grande do sul RS","breadcrumb":{"@id":"https:\/\/jornaltimoneiro.com.br\/index.php\/2023\/06\/20\/1a-corrida-alusiva-ao-aniversario-de-canoas-acontece-no-proximo-domingo-25\/#breadcrumb"},"inLanguage":"pt-BR","potentialAction":[{"@type":"ReadAction","target":["https:\/\/jornaltimoneiro.com.br\/index.php\/2023\/06\/20\/1a-corrida-alusiva-ao-aniversario-de-canoas-acontece-no-proximo-domingo-25\/"]}]},{"@type":"BreadcrumbList","@id":"https:\/\/jornaltimoneiro.com.br\/index.php\/2023\/06\/20\/1a-corrida-alusiva-ao-aniversario-de-canoas-acontece-no-proximo-domingo-25\/#breadcrumb","itemListElement":[{"@type":"ListItem","position":1,"name":"In\u00edcio","item":"https:\/\/jornaltimoneiro.com.br\/"},{"@type":"ListItem","position":2,"name":"1\u00aa Corrida alusiva ao Anivers\u00e1rio de Canoas acontece no pr\u00f3ximo domingo, 25"}]},{"@type":"WebSite","@id":"https:\/\/jornaltimoneiro.com.br\/#website","url":"https:\/\/jornaltimoneiro.com.br\/","name":"Jornal Timoneiro Canoas RS","description":"Jornal O Timoneiro, o verdadeiro jornal de Canoas","publisher":{"@id":"https:\/\/jornaltimoneiro.com.br\/#organization"},"potentialAction":[{"@type":"SearchAction","target":{"@type":"EntryPoint","urlTemplate":"https:\/\/jornaltimoneiro.com.br\/?s={search_term_string}"},"query-input":"required name=search_term_string"}],"inLanguage":"pt-BR"},{"@type":"Organization","@id":"https:\/\/jornaltimoneiro.com.br\/#organization","name":"Jornal Timoneiro Canoas RS","url":"https:\/\/jornaltimoneiro.com.br\/","logo":{"@type":"ImageObject","inLanguage":"pt-BR","@id":"https:\/\/jornaltimoneiro.com.br\/#\/schema\/logo\/image\/","url":"https:\/\/jornaltimoneiro.com.br\/wp-content\/uploads\/2023\/03\/logonovo.png","contentUrl":"https:\/\/jornaltimoneiro.com.br\/wp-content\/uploads\/2023\/03\/logonovo.png","width":"469","height":"171","caption":"Jornal Timoneiro Canoas RS"},"image":{"@id":"https:\/\/jornaltimoneiro.com.br\/#\/schema\/logo\/image\/"},"sameAs":["https:\/\/www.facebook.com\/jornaltimoneiro","https:\/\/twitter.com\/_OTimoneiro","https:\/\/www.instagram.com\/jornaltimoneirocanoas\/","https:\/\/www.youtube.com\/@jornalotimoneiro7927"]},{"@type":"Person","@id":"https:\/\/jornaltimoneiro.com.br\/#\/schema\/person\/f63482f1a02b1a9592707865e509ab40","name":"Reda\u00e7\u00e3o","image":{"@type":"ImageObject","inLanguage":"pt-BR","@id":"https:\/\/jornaltimoneiro.com.br\/#\/schema\/person\/image\/","url":"https:\/\/jornaltimoneiro.com.br\/wp-content\/uploads\/2023\/03\/download.jpeg","contentUrl":"https:\/\/jornaltimoneiro.com.br\/wp-content\/uploads\/2023\/03\/download.jpeg","caption":"Reda\u00e7\u00e3o"},"url":"https:\/\/jornaltimoneiro.com.br\/index.php\/author\/simone-dutra\/"}]}},"_links":{"self":[{"href":"https:\/\/jornaltimoneiro.com.br\/index.php\/wp-json\/wp\/v2\/posts\/24939"}],"collection":[{"href":"https:\/\/jornaltimoneiro.com.br\/index.php\/wp-json\/wp\/v2\/posts"}],"about":[{"href":"https:\/\/jornaltimoneiro.com.br\/index.php\/wp-json\/wp\/v2\/types\/post"}],"author":[{"embeddable":true,"href":"https:\/\/jornaltimoneiro.com.br\/index.php\/wp-json\/wp\/v2\/users\/2"}],"replies":[{"embeddable":true,"href":"https:\/\/jornaltimoneiro.com.br\/index.php\/wp-json\/wp\/v2\/comments?post=24939"}],"version-history":[{"count":1,"href":"https:\/\/jornaltimoneiro.com.br\/index.php\/wp-json\/wp\/v2\/posts\/24939\/revisions"}],"predecessor-version":[{"id":24941,"href":"https:\/\/jornaltimoneiro.com.br\/index.php\/wp-json\/wp\/v2\/posts\/24939\/revisions\/24941"}],"wp:featuredmedia":[{"embeddable":true,"href":"https:\/\/jornaltimoneiro.com.br\/index.php\/wp-json\/wp\/v2\/media\/24940"}],"wp:attachment":[{"href":"https:\/\/jornaltimoneiro.com.br\/index.php\/wp-json\/wp\/v2\/media?parent=24939"}],"wp:term":[{"taxonomy":"category","embeddable":true,"href":"https:\/\/jornaltimoneiro.com.br\/index.php\/wp-json\/wp\/v2\/categories?post=24939"},{"taxonomy":"post_tag","embeddable":true,"href":"https:\/\/jornaltimoneiro.com.br\/index.php\/wp-json\/wp\/v2\/tags?post=24939"}],"curies":[{"name":"wp","href":"https:\/\/api.w.org\/{rel}","templated":true}]}}