{"id":24883,"date":"2023-06-16T15:55:55","date_gmt":"2023-06-16T18:55:55","guid":{"rendered":"https:\/\/jornaltimoneiro.com.br\/?p=24883"},"modified":"2023-06-16T15:55:55","modified_gmt":"2023-06-16T18:55:55","slug":"primeira-oitiva-da-comissao-processante-da-camara-ouve-quatro-testemunhas-nedy-opta-por-depor-por-ultimo","status":"publish","type":"post","link":"https:\/\/jornaltimoneiro.com.br\/index.php\/2023\/06\/16\/primeira-oitiva-da-comissao-processante-da-camara-ouve-quatro-testemunhas-nedy-opta-por-depor-por-ultimo\/","title":{"rendered":"PROCESSO IMPEACHMENT: Primeira oitiva da Comiss\u00e3o Processante ouve quatro testemunhas; Nedy opta por depor por \u00faltimo"},"content":{"rendered":"<p>\u00c0s 9h15 desta sexta-feira, 16, iniciou o primeiro depoimento da Comiss\u00e3o Processante da C\u00e2mara Municipal de Canoas, que contou com a presen\u00e7a do vice-prefeito de s e depoente Nedy de Vargas Marques.<\/p>\n<p>Com sess\u00e3o aberta ao p\u00fablico, a primeira testemunha foi Juceila Dall&#8217;Agnol de Lacerda, seguida por Daniel Silveira Cardoso, Ana Paula Macedo e Camila Silva Colvero.<\/p>\n<p>Foi garantido ao acusado seu direito de ser ouvido no final, com isso, Nedy ir\u00e1 depor por \u00faltimo, ap\u00f3s todas as testemunhas. Provavelmente, quinta-feira que vem, dia 22.<\/p>\n<p>A novidade foi que ap\u00f3s requerimento do vereador e membro da Comiss\u00e3o Processante, Juares Hoy, os presentes puderam gravar os depoimentos, o que antes havia sido impedido via nota da C\u00e2mara de Vereadores.<\/p>\n<div id=\"attachment_24886\" style=\"width: 1090px\" class=\"wp-caption alignnone\"><img decoding=\"async\" aria-describedby=\"caption-attachment-24886\" class=\"wp-image-24886 size-full\" src=\"https:\/\/jornaltimoneiro.com.br\/wp-content\/uploads\/2023\/06\/WhatsApp-Image-2023-06-16-at-10.27.53-e1686941594960.jpeg\" alt=\"Primeira oitiva da Comiss\u00e3o Processante da C\u00e2mara ouve quatro testemunhas; Nedy opta por depor por \u00faltimo\/ Foto: Bruna Ourique\" width=\"1080\" height=\"720\" srcset=\"https:\/\/jornaltimoneiro.com.br\/wp-content\/uploads\/2023\/06\/WhatsApp-Image-2023-06-16-at-10.27.53-e1686941594960.jpeg 1080w, https:\/\/jornaltimoneiro.com.br\/wp-content\/uploads\/2023\/06\/WhatsApp-Image-2023-06-16-at-10.27.53-e1686941594960-300x200.jpeg 300w, https:\/\/jornaltimoneiro.com.br\/wp-content\/uploads\/2023\/06\/WhatsApp-Image-2023-06-16-at-10.27.53-e1686941594960-1024x683.jpeg 1024w, https:\/\/jornaltimoneiro.com.br\/wp-content\/uploads\/2023\/06\/WhatsApp-Image-2023-06-16-at-10.27.53-e1686941594960-768x512.jpeg 768w\" sizes=\"(max-width: 1080px) 100vw, 1080px\" \/><p id=\"caption-attachment-24886\" class=\"wp-caption-text\">Juceila Dall&#8217;Agnol de Lacerda foi a primeira testemunha\/ Foto: Bruna Ourique<\/p><\/div>\n<h4><strong>Sem intervalo<\/strong><\/h4>\n<p>Defesa e acusa\u00e7\u00e3o concordaram em n\u00e3o realizar recesso para ouvir a \u00faltima testemunha do dia, Ana Paula Macedo, que terminou \u00e0s 11h50.<\/p>\n<p>Ap\u00f3s pedido do advogado de defesa Rodrigo Schimitt, a audi\u00eancia que ocorreria na pr\u00f3xima segunda-feira, 19, ser\u00e1 adiada. Testemunhas que iriam prestar depoimento neste dia ser\u00e3o d\u00edvidas entre ter\u00e7a, quarta e quinta-feira da semana que vem.<\/p>\n","protected":false},"excerpt":{"rendered":"<p>\u00c0s 9h15 desta sexta-feira, 16, iniciou o primeiro depoimento da Comiss\u00e3o Processante da C\u00e2mara Municipal de Canoas, que contou com a presen\u00e7a do vice-prefeito de s e depoente Nedy de Vargas Marques. Com sess\u00e3o aberta ao p\u00fablico, a primeira testemunha foi Juceila Dall&#8217;Agnol de Lacerda, seguida por Daniel Silveira Cardoso, Ana Paula Macedo e Camila [&hellip;]<\/p>\n","protected":false},"author":2,"featured_media":24884,"comment_status":"open","ping_status":"open","sticky":false,"template":"","format":"standard","meta":{"amp_status":"","footnotes":""},"categories":[20],"tags":[86,31,190,272,194,876,126,910,80,196],"class_list":["post-24883","post","type-post","status-publish","format-standard","has-post-thumbnail","hentry","category-politica-noticias","tag-camara-de-vereadores-de-canoas","tag-canoas","tag-featured","tag-impeachment","tag-nedy-de-vargas-marques","tag-oitiva","tag-politica","tag-processo-impeachment","tag-rs","tag-vice-prefeito"],"yoast_head":"<!-- This site is optimized with the Yoast SEO plugin v20.5 - https:\/\/yoast.com\/wordpress\/plugins\/seo\/ -->\n<title>PROCESSO IMPEACHMENT: Primeira oitiva da Comiss\u00e3o Processante ouve quatro testemunhas; Nedy opta por depor por \u00faltimo - O Timoneiro Jornal Canoas RS<\/title>\n<meta name=\"description\" content=\"Primeira oitiva da Comiss\u00e3o Processante da C\u00e2mara ouve quatro testemunhas; Nedy opta por depor por \u00faltimo impeachment vice-prefeito canoas RS\" \/>\n<meta name=\"robots\" content=\"index, follow, max-snippet:-1, max-image-preview:large, max-video-preview:-1\" \/>\n<link rel=\"canonical\" href=\"https:\/\/jornaltimoneiro.com.br\/index.php\/2023\/06\/16\/primeira-oitiva-da-comissao-processante-da-camara-ouve-quatro-testemunhas-nedy-opta-por-depor-por-ultimo\/\" \/>\n<meta property=\"og:locale\" content=\"pt_BR\" \/>\n<meta property=\"og:type\" content=\"article\" \/>\n<meta property=\"og:title\" content=\"PROCESSO IMPEACHMENT: Primeira oitiva da Comiss\u00e3o Processante ouve quatro testemunhas; Nedy opta por depor por \u00faltimo - O Timoneiro Jornal Canoas RS\" \/>\n<meta property=\"og:description\" content=\"Primeira oitiva da Comiss\u00e3o Processante da C\u00e2mara ouve quatro testemunhas; Nedy opta por depor por \u00faltimo impeachment vice-prefeito canoas RS\" \/>\n<meta property=\"og:url\" content=\"https:\/\/jornaltimoneiro.com.br\/index.php\/2023\/06\/16\/primeira-oitiva-da-comissao-processante-da-camara-ouve-quatro-testemunhas-nedy-opta-por-depor-por-ultimo\/\" \/>\n<meta property=\"og:site_name\" content=\"O Timoneiro Jornal Canoas RS\" \/>\n<meta property=\"article:publisher\" content=\"https:\/\/www.facebook.com\/jornaltimoneiro\" \/>\n<meta property=\"article:published_time\" content=\"2023-06-16T18:55:55+00:00\" \/>\n<meta property=\"og:image\" content=\"https:\/\/jornaltimoneiro.com.br\/wp-content\/uploads\/2023\/06\/WhatsApp-Image-2023-06-16-at-10.27.52-1-e1686941377213.jpeg\" \/>\n\t<meta property=\"og:image:width\" content=\"1080\" \/>\n\t<meta property=\"og:image:height\" content=\"720\" \/>\n\t<meta property=\"og:image:type\" content=\"image\/jpeg\" \/>\n<meta name=\"author\" content=\"Reda\u00e7\u00e3o\" \/>\n<meta name=\"twitter:card\" content=\"summary_large_image\" \/>\n<meta name=\"twitter:creator\" content=\"@_OTimoneiro\" \/>\n<meta name=\"twitter:site\" content=\"@_OTimoneiro\" \/>\n<meta name=\"twitter:label1\" content=\"Escrito por\" \/>\n\t<meta name=\"twitter:data1\" content=\"Reda\u00e7\u00e3o\" \/>\n\t<meta name=\"twitter:label2\" content=\"Est. tempo de leitura\" \/>\n\t<meta name=\"twitter:data2\" content=\"2 minutos\" \/>\n<script type=\"application\/ld+json\" class=\"yoast-schema-graph\">{\"@context\":\"https:\/\/schema.org\",\"@graph\":[{\"@type\":\"Article\",\"@id\":\"https:\/\/jornaltimoneiro.com.br\/index.php\/2023\/06\/16\/primeira-oitiva-da-comissao-processante-da-camara-ouve-quatro-testemunhas-nedy-opta-por-depor-por-ultimo\/#article\",\"isPartOf\":{\"@id\":\"https:\/\/jornaltimoneiro.com.br\/index.php\/2023\/06\/16\/primeira-oitiva-da-comissao-processante-da-camara-ouve-quatro-testemunhas-nedy-opta-por-depor-por-ultimo\/\"},\"author\":{\"name\":\"Reda\u00e7\u00e3o\",\"@id\":\"https:\/\/jornaltimoneiro.com.br\/#\/schema\/person\/f63482f1a02b1a9592707865e509ab40\"},\"headline\":\"PROCESSO IMPEACHMENT: Primeira oitiva da Comiss\u00e3o Processante ouve quatro testemunhas; Nedy opta por depor por \u00faltimo\",\"datePublished\":\"2023-06-16T18:55:55+00:00\",\"dateModified\":\"2023-06-16T18:55:55+00:00\",\"mainEntityOfPage\":{\"@id\":\"https:\/\/jornaltimoneiro.com.br\/index.php\/2023\/06\/16\/primeira-oitiva-da-comissao-processante-da-camara-ouve-quatro-testemunhas-nedy-opta-por-depor-por-ultimo\/\"},\"wordCount\":227,\"commentCount\":0,\"publisher\":{\"@id\":\"https:\/\/jornaltimoneiro.com.br\/#organization\"},\"keywords\":[\"C\u00e2mara de Vereadores de Canoas\",\"canoas\",\"featured\",\"impeachment\",\"nedy de vargas marques\",\"oitiva\",\"Pol\u00edtica\",\"processo impeachment\",\"RS\",\"vice-prefeito\"],\"articleSection\":[\"Pol\u00edtica\"],\"inLanguage\":\"pt-BR\",\"potentialAction\":[{\"@type\":\"CommentAction\",\"name\":\"Comment\",\"target\":[\"https:\/\/jornaltimoneiro.com.br\/index.php\/2023\/06\/16\/primeira-oitiva-da-comissao-processante-da-camara-ouve-quatro-testemunhas-nedy-opta-por-depor-por-ultimo\/#respond\"]}]},{\"@type\":\"WebPage\",\"@id\":\"https:\/\/jornaltimoneiro.com.br\/index.php\/2023\/06\/16\/primeira-oitiva-da-comissao-processante-da-camara-ouve-quatro-testemunhas-nedy-opta-por-depor-por-ultimo\/\",\"url\":\"https:\/\/jornaltimoneiro.com.br\/index.php\/2023\/06\/16\/primeira-oitiva-da-comissao-processante-da-camara-ouve-quatro-testemunhas-nedy-opta-por-depor-por-ultimo\/\",\"name\":\"PROCESSO IMPEACHMENT: Primeira oitiva da Comiss\u00e3o Processante ouve quatro testemunhas; Nedy opta por depor por \u00faltimo - O Timoneiro Jornal Canoas RS\",\"isPartOf\":{\"@id\":\"https:\/\/jornaltimoneiro.com.br\/#website\"},\"datePublished\":\"2023-06-16T18:55:55+00:00\",\"dateModified\":\"2023-06-16T18:55:55+00:00\",\"description\":\"Primeira oitiva da Comiss\u00e3o Processante da C\u00e2mara ouve quatro testemunhas; Nedy opta por depor por \u00faltimo impeachment vice-prefeito canoas RS\",\"breadcrumb\":{\"@id\":\"https:\/\/jornaltimoneiro.com.br\/index.php\/2023\/06\/16\/primeira-oitiva-da-comissao-processante-da-camara-ouve-quatro-testemunhas-nedy-opta-por-depor-por-ultimo\/#breadcrumb\"},\"inLanguage\":\"pt-BR\",\"potentialAction\":[{\"@type\":\"ReadAction\",\"target\":[\"https:\/\/jornaltimoneiro.com.br\/index.php\/2023\/06\/16\/primeira-oitiva-da-comissao-processante-da-camara-ouve-quatro-testemunhas-nedy-opta-por-depor-por-ultimo\/\"]}]},{\"@type\":\"BreadcrumbList\",\"@id\":\"https:\/\/jornaltimoneiro.com.br\/index.php\/2023\/06\/16\/primeira-oitiva-da-comissao-processante-da-camara-ouve-quatro-testemunhas-nedy-opta-por-depor-por-ultimo\/#breadcrumb\",\"itemListElement\":[{\"@type\":\"ListItem\",\"position\":1,\"name\":\"In\u00edcio\",\"item\":\"https:\/\/jornaltimoneiro.com.br\/\"},{\"@type\":\"ListItem\",\"position\":2,\"name\":\"PROCESSO IMPEACHMENT: Primeira oitiva da Comiss\u00e3o Processante ouve quatro testemunhas; Nedy opta por depor por \u00faltimo\"}]},{\"@type\":\"WebSite\",\"@id\":\"https:\/\/jornaltimoneiro.com.br\/#website\",\"url\":\"https:\/\/jornaltimoneiro.com.br\/\",\"name\":\"Jornal Timoneiro Canoas RS\",\"description\":\"Jornal O Timoneiro, o verdadeiro jornal de Canoas\",\"publisher\":{\"@id\":\"https:\/\/jornaltimoneiro.com.br\/#organization\"},\"potentialAction\":[{\"@type\":\"SearchAction\",\"target\":{\"@type\":\"EntryPoint\",\"urlTemplate\":\"https:\/\/jornaltimoneiro.com.br\/?s={search_term_string}\"},\"query-input\":\"required name=search_term_string\"}],\"inLanguage\":\"pt-BR\"},{\"@type\":\"Organization\",\"@id\":\"https:\/\/jornaltimoneiro.com.br\/#organization\",\"name\":\"Jornal Timoneiro Canoas RS\",\"url\":\"https:\/\/jornaltimoneiro.com.br\/\",\"logo\":{\"@type\":\"ImageObject\",\"inLanguage\":\"pt-BR\",\"@id\":\"https:\/\/jornaltimoneiro.com.br\/#\/schema\/logo\/image\/\",\"url\":\"https:\/\/jornaltimoneiro.com.br\/wp-content\/uploads\/2023\/03\/logonovo.png\",\"contentUrl\":\"https:\/\/jornaltimoneiro.com.br\/wp-content\/uploads\/2023\/03\/logonovo.png\",\"width\":\"469\",\"height\":\"171\",\"caption\":\"Jornal Timoneiro Canoas RS\"},\"image\":{\"@id\":\"https:\/\/jornaltimoneiro.com.br\/#\/schema\/logo\/image\/\"},\"sameAs\":[\"https:\/\/www.facebook.com\/jornaltimoneiro\",\"https:\/\/twitter.com\/_OTimoneiro\",\"https:\/\/www.instagram.com\/jornaltimoneirocanoas\/\",\"https:\/\/www.youtube.com\/@jornalotimoneiro7927\"]},{\"@type\":\"Person\",\"@id\":\"https:\/\/jornaltimoneiro.com.br\/#\/schema\/person\/f63482f1a02b1a9592707865e509ab40\",\"name\":\"Reda\u00e7\u00e3o\",\"image\":{\"@type\":\"ImageObject\",\"inLanguage\":\"pt-BR\",\"@id\":\"https:\/\/jornaltimoneiro.com.br\/#\/schema\/person\/image\/\",\"url\":\"https:\/\/jornaltimoneiro.com.br\/wp-content\/uploads\/2023\/03\/download.jpeg\",\"contentUrl\":\"https:\/\/jornaltimoneiro.com.br\/wp-content\/uploads\/2023\/03\/download.jpeg\",\"caption\":\"Reda\u00e7\u00e3o\"},\"url\":\"https:\/\/jornaltimoneiro.com.br\/index.php\/author\/simone-dutra\/\"}]}<\/script>\n<!-- \/ Yoast SEO plugin. -->","yoast_head_json":{"title":"PROCESSO IMPEACHMENT: Primeira oitiva da Comiss\u00e3o Processante ouve quatro testemunhas; Nedy opta por depor por \u00faltimo - O Timoneiro Jornal Canoas RS","description":"Primeira oitiva da Comiss\u00e3o Processante da C\u00e2mara ouve quatro testemunhas; Nedy opta por depor por \u00faltimo impeachment vice-prefeito canoas RS","robots":{"index":"index","follow":"follow","max-snippet":"max-snippet:-1","max-image-preview":"max-image-preview:large","max-video-preview":"max-video-preview:-1"},"canonical":"https:\/\/jornaltimoneiro.com.br\/index.php\/2023\/06\/16\/primeira-oitiva-da-comissao-processante-da-camara-ouve-quatro-testemunhas-nedy-opta-por-depor-por-ultimo\/","og_locale":"pt_BR","og_type":"article","og_title":"PROCESSO IMPEACHMENT: Primeira oitiva da Comiss\u00e3o Processante ouve quatro testemunhas; Nedy opta por depor por \u00faltimo - O Timoneiro Jornal Canoas RS","og_description":"Primeira oitiva da Comiss\u00e3o Processante da C\u00e2mara ouve quatro testemunhas; Nedy opta por depor por \u00faltimo impeachment vice-prefeito canoas RS","og_url":"https:\/\/jornaltimoneiro.com.br\/index.php\/2023\/06\/16\/primeira-oitiva-da-comissao-processante-da-camara-ouve-quatro-testemunhas-nedy-opta-por-depor-por-ultimo\/","og_site_name":"O Timoneiro Jornal Canoas RS","article_publisher":"https:\/\/www.facebook.com\/jornaltimoneiro","article_published_time":"2023-06-16T18:55:55+00:00","og_image":[{"width":1080,"height":720,"url":"https:\/\/jornaltimoneiro.com.br\/wp-content\/uploads\/2023\/06\/WhatsApp-Image-2023-06-16-at-10.27.52-1-e1686941377213.jpeg","type":"image\/jpeg"}],"author":"Reda\u00e7\u00e3o","twitter_card":"summary_large_image","twitter_creator":"@_OTimoneiro","twitter_site":"@_OTimoneiro","twitter_misc":{"Escrito por":"Reda\u00e7\u00e3o","Est. tempo de leitura":"2 minutos"},"schema":{"@context":"https:\/\/schema.org","@graph":[{"@type":"Article","@id":"https:\/\/jornaltimoneiro.com.br\/index.php\/2023\/06\/16\/primeira-oitiva-da-comissao-processante-da-camara-ouve-quatro-testemunhas-nedy-opta-por-depor-por-ultimo\/#article","isPartOf":{"@id":"https:\/\/jornaltimoneiro.com.br\/index.php\/2023\/06\/16\/primeira-oitiva-da-comissao-processante-da-camara-ouve-quatro-testemunhas-nedy-opta-por-depor-por-ultimo\/"},"author":{"name":"Reda\u00e7\u00e3o","@id":"https:\/\/jornaltimoneiro.com.br\/#\/schema\/person\/f63482f1a02b1a9592707865e509ab40"},"headline":"PROCESSO IMPEACHMENT: Primeira oitiva da Comiss\u00e3o Processante ouve quatro testemunhas; Nedy opta por depor por \u00faltimo","datePublished":"2023-06-16T18:55:55+00:00","dateModified":"2023-06-16T18:55:55+00:00","mainEntityOfPage":{"@id":"https:\/\/jornaltimoneiro.com.br\/index.php\/2023\/06\/16\/primeira-oitiva-da-comissao-processante-da-camara-ouve-quatro-testemunhas-nedy-opta-por-depor-por-ultimo\/"},"wordCount":227,"commentCount":0,"publisher":{"@id":"https:\/\/jornaltimoneiro.com.br\/#organization"},"keywords":["C\u00e2mara de Vereadores de Canoas","canoas","featured","impeachment","nedy de vargas marques","oitiva","Pol\u00edtica","processo impeachment","RS","vice-prefeito"],"articleSection":["Pol\u00edtica"],"inLanguage":"pt-BR","potentialAction":[{"@type":"CommentAction","name":"Comment","target":["https:\/\/jornaltimoneiro.com.br\/index.php\/2023\/06\/16\/primeira-oitiva-da-comissao-processante-da-camara-ouve-quatro-testemunhas-nedy-opta-por-depor-por-ultimo\/#respond"]}]},{"@type":"WebPage","@id":"https:\/\/jornaltimoneiro.com.br\/index.php\/2023\/06\/16\/primeira-oitiva-da-comissao-processante-da-camara-ouve-quatro-testemunhas-nedy-opta-por-depor-por-ultimo\/","url":"https:\/\/jornaltimoneiro.com.br\/index.php\/2023\/06\/16\/primeira-oitiva-da-comissao-processante-da-camara-ouve-quatro-testemunhas-nedy-opta-por-depor-por-ultimo\/","name":"PROCESSO IMPEACHMENT: Primeira oitiva da Comiss\u00e3o Processante ouve quatro testemunhas; Nedy opta por depor por \u00faltimo - O Timoneiro Jornal Canoas RS","isPartOf":{"@id":"https:\/\/jornaltimoneiro.com.br\/#website"},"datePublished":"2023-06-16T18:55:55+00:00","dateModified":"2023-06-16T18:55:55+00:00","description":"Primeira oitiva da Comiss\u00e3o Processante da C\u00e2mara ouve quatro testemunhas; Nedy opta por depor por \u00faltimo impeachment vice-prefeito canoas RS","breadcrumb":{"@id":"https:\/\/jornaltimoneiro.com.br\/index.php\/2023\/06\/16\/primeira-oitiva-da-comissao-processante-da-camara-ouve-quatro-testemunhas-nedy-opta-por-depor-por-ultimo\/#breadcrumb"},"inLanguage":"pt-BR","potentialAction":[{"@type":"ReadAction","target":["https:\/\/jornaltimoneiro.com.br\/index.php\/2023\/06\/16\/primeira-oitiva-da-comissao-processante-da-camara-ouve-quatro-testemunhas-nedy-opta-por-depor-por-ultimo\/"]}]},{"@type":"BreadcrumbList","@id":"https:\/\/jornaltimoneiro.com.br\/index.php\/2023\/06\/16\/primeira-oitiva-da-comissao-processante-da-camara-ouve-quatro-testemunhas-nedy-opta-por-depor-por-ultimo\/#breadcrumb","itemListElement":[{"@type":"ListItem","position":1,"name":"In\u00edcio","item":"https:\/\/jornaltimoneiro.com.br\/"},{"@type":"ListItem","position":2,"name":"PROCESSO IMPEACHMENT: Primeira oitiva da Comiss\u00e3o Processante ouve quatro testemunhas; Nedy opta por depor por \u00faltimo"}]},{"@type":"WebSite","@id":"https:\/\/jornaltimoneiro.com.br\/#website","url":"https:\/\/jornaltimoneiro.com.br\/","name":"Jornal Timoneiro Canoas RS","description":"Jornal O Timoneiro, o verdadeiro jornal de Canoas","publisher":{"@id":"https:\/\/jornaltimoneiro.com.br\/#organization"},"potentialAction":[{"@type":"SearchAction","target":{"@type":"EntryPoint","urlTemplate":"https:\/\/jornaltimoneiro.com.br\/?s={search_term_string}"},"query-input":"required name=search_term_string"}],"inLanguage":"pt-BR"},{"@type":"Organization","@id":"https:\/\/jornaltimoneiro.com.br\/#organization","name":"Jornal Timoneiro Canoas RS","url":"https:\/\/jornaltimoneiro.com.br\/","logo":{"@type":"ImageObject","inLanguage":"pt-BR","@id":"https:\/\/jornaltimoneiro.com.br\/#\/schema\/logo\/image\/","url":"https:\/\/jornaltimoneiro.com.br\/wp-content\/uploads\/2023\/03\/logonovo.png","contentUrl":"https:\/\/jornaltimoneiro.com.br\/wp-content\/uploads\/2023\/03\/logonovo.png","width":"469","height":"171","caption":"Jornal Timoneiro Canoas RS"},"image":{"@id":"https:\/\/jornaltimoneiro.com.br\/#\/schema\/logo\/image\/"},"sameAs":["https:\/\/www.facebook.com\/jornaltimoneiro","https:\/\/twitter.com\/_OTimoneiro","https:\/\/www.instagram.com\/jornaltimoneirocanoas\/","https:\/\/www.youtube.com\/@jornalotimoneiro7927"]},{"@type":"Person","@id":"https:\/\/jornaltimoneiro.com.br\/#\/schema\/person\/f63482f1a02b1a9592707865e509ab40","name":"Reda\u00e7\u00e3o","image":{"@type":"ImageObject","inLanguage":"pt-BR","@id":"https:\/\/jornaltimoneiro.com.br\/#\/schema\/person\/image\/","url":"https:\/\/jornaltimoneiro.com.br\/wp-content\/uploads\/2023\/03\/download.jpeg","contentUrl":"https:\/\/jornaltimoneiro.com.br\/wp-content\/uploads\/2023\/03\/download.jpeg","caption":"Reda\u00e7\u00e3o"},"url":"https:\/\/jornaltimoneiro.com.br\/index.php\/author\/simone-dutra\/"}]}},"_links":{"self":[{"href":"https:\/\/jornaltimoneiro.com.br\/index.php\/wp-json\/wp\/v2\/posts\/24883"}],"collection":[{"href":"https:\/\/jornaltimoneiro.com.br\/index.php\/wp-json\/wp\/v2\/posts"}],"about":[{"href":"https:\/\/jornaltimoneiro.com.br\/index.php\/wp-json\/wp\/v2\/types\/post"}],"author":[{"embeddable":true,"href":"https:\/\/jornaltimoneiro.com.br\/index.php\/wp-json\/wp\/v2\/users\/2"}],"replies":[{"embeddable":true,"href":"https:\/\/jornaltimoneiro.com.br\/index.php\/wp-json\/wp\/v2\/comments?post=24883"}],"version-history":[{"count":1,"href":"https:\/\/jornaltimoneiro.com.br\/index.php\/wp-json\/wp\/v2\/posts\/24883\/revisions"}],"predecessor-version":[{"id":24887,"href":"https:\/\/jornaltimoneiro.com.br\/index.php\/wp-json\/wp\/v2\/posts\/24883\/revisions\/24887"}],"wp:featuredmedia":[{"embeddable":true,"href":"https:\/\/jornaltimoneiro.com.br\/index.php\/wp-json\/wp\/v2\/media\/24884"}],"wp:attachment":[{"href":"https:\/\/jornaltimoneiro.com.br\/index.php\/wp-json\/wp\/v2\/media?parent=24883"}],"wp:term":[{"taxonomy":"category","embeddable":true,"href":"https:\/\/jornaltimoneiro.com.br\/index.php\/wp-json\/wp\/v2\/categories?post=24883"},{"taxonomy":"post_tag","embeddable":true,"href":"https:\/\/jornaltimoneiro.com.br\/index.php\/wp-json\/wp\/v2\/tags?post=24883"}],"curies":[{"name":"wp","href":"https:\/\/api.w.org\/{rel}","templated":true}]}}