{"id":24509,"date":"2023-05-19T16:33:45","date_gmt":"2023-05-19T19:33:45","guid":{"rendered":"https:\/\/jornaltimoneiro.com.br\/?p=24509"},"modified":"2023-05-19T16:50:09","modified_gmt":"2023-05-19T19:50:09","slug":"voce-futuro-craque-preparador-de-goleiros-jalmar-jr-por-marcelo-mendes","status":"publish","type":"post","link":"https:\/\/jornaltimoneiro.com.br\/index.php\/2023\/05\/19\/voce-futuro-craque-preparador-de-goleiros-jalmar-jr-por-marcelo-mendes\/","title":{"rendered":"VOC\u00ca, FUTURO CRAQUE! Preparador de goleiros Jalmar Jr. (por Marcelo Mendes)"},"content":{"rendered":"<p><img decoding=\"async\" class=\"alignnone size-full wp-image-24295\" src=\"https:\/\/jornaltimoneiro.com.br\/wp-content\/uploads\/2023\/05\/FC.png\" alt=\"\" width=\"942\" height=\"102\" srcset=\"https:\/\/jornaltimoneiro.com.br\/wp-content\/uploads\/2023\/05\/FC.png 942w, https:\/\/jornaltimoneiro.com.br\/wp-content\/uploads\/2023\/05\/FC-300x32.png 300w, https:\/\/jornaltimoneiro.com.br\/wp-content\/uploads\/2023\/05\/FC-768x83.png 768w\" sizes=\"(max-width: 942px) 100vw, 942px\" \/><\/p>\n<p><strong><em>Por Marcelo Mendes<\/em><\/strong><\/p>\n<div>\n<h4>Preparador de Goleiros Jalmar Jr.<\/h4>\n<p>Giovani Thom\u00e9 e eu recebemos no\u00a0\u00a0Futuro Craque Podcast mais um especialista do futebol, o preparador de goleiros da base do E.C. S\u00e3o Jos\u00e9, ex- jogador profissional na d\u00e9cada de 90 e hoje professor de educa\u00e7\u00e3o f\u00edsica formado, o Jalmar Jr.<\/p>\n<p>Uma figura\u00e7a e um amigo que fiz h\u00e1 mais de trinta anos, quando desfil\u00e1vamos nossas habilidades futebol\u00edsticas pelo gramado do Campo do meio, nos ver\u00f5es em Cap\u00e3o Novo.<\/p>\n<p>Foi um epis\u00f3dio espec\u00edfico para aqueles que s\u00e3o os respons\u00e1veis por \u201cestragar\u201d os espet\u00e1culos, os caras que evitam o grande momento do futebol: o gol.<\/p>\n<p>Abordamos com o Professor Jalmar Jr. quais os principais atributos para a forma\u00e7\u00e3o dos goleiros modernos, abusando ao m\u00e1ximo de toda a sua vasta experi\u00eancia na fun\u00e7\u00e3o de formador de Arqueiros.<\/p>\n<p>Bom, eu sei que tu j\u00e1 sabe, mas eu sou suspeito para falar e escrever. Ent\u00e3o, s\u00f3 posso te dizer que foi mais um baita conte\u00fado para te ajudar, pai de, ou Futuro Jogador.<\/p>\n<p>Se tu te interessaste j\u00e1 sabe, confere l\u00e1, aponta para o QRcode da p\u00e1gina para assistir o epis\u00f3dio completo no Canal Marcelo Mendes no youtube, aproveita e j\u00e1 te inscreve l\u00e1, n\u00e3o esquece de ativar o sininho das notifica\u00e7\u00f5es para n\u00e3o perder nada do canal. Ah, tem tamb\u00e9m na Amazon Music e no Spotfy. Grande Abra\u00e7o a todos.<\/p>\n<h4>Assista ao epis\u00f3dio completo:<\/h4>\n<p><iframe title=\"Principais atributos para a forma\u00e7\u00e3o dos goleiros modernos [ Prof. Jalmar ] #43\" width=\"740\" height=\"416\" src=\"https:\/\/www.youtube.com\/embed\/5TVaMvdusQc?feature=oembed\" frameborder=\"0\" allow=\"accelerometer; autoplay; clipboard-write; encrypted-media; gyroscope; picture-in-picture; web-share\" allowfullscreen><\/iframe><\/p>\n<h4>Dicas do prof. Marcelo Mendes<\/h4>\n<p dir=\"auto\">TIPOS\/M\u00c9TODOS DE ATAQUE:<\/p>\n<p dir=\"auto\"><strong>Ataque Direto ou Liga\u00e7\u00e3o Direta<\/strong><\/p>\n<p dir=\"auto\">\u00c9 o tipo\/m\u00e9todo de ataque em que a equipe se aproxima da meta advers\u00e1ria com o m\u00ednimo de trocas de passe, sem avan\u00e7o gradual com a posse da bola. De maneira geral, a bola chega aos\/as jogadores\/jogadoras de ataque com lan\u00e7amentos longos, sem que passe pelo setor de meio-campo. fonte: Gloss\u00e1rio do Futebol Brasileiro &#8211; CBF Academy.<\/p>\n<p dir=\"auto\"><a href=\"http:\/\/www.futurocraque.com.br\/\" target=\"_blank\" rel=\"noopener\" data-saferedirecturl=\"https:\/\/www.google.com\/url?q=http:\/\/www.futurocraque.com.br&amp;source=gmail&amp;ust=1684609722160000&amp;usg=AOvVaw1Ny15_1xKAuwrjJJ887vxT\">www.futurocraque.com.br<\/a><\/p>\n<\/div>\n","protected":false},"excerpt":{"rendered":"<p>Por Marcelo Mendes Preparador de Goleiros Jalmar Jr. Giovani Thom\u00e9 e eu recebemos no\u00a0\u00a0Futuro Craque Podcast mais um especialista do futebol, o preparador de goleiros da base do E.C. S\u00e3o Jos\u00e9, ex- jogador profissional na d\u00e9cada de 90 e hoje professor de educa\u00e7\u00e3o f\u00edsica formado, o Jalmar Jr. Uma figura\u00e7a e um amigo que fiz [&hellip;]<\/p>\n","protected":false},"author":2,"featured_media":24510,"comment_status":"open","ping_status":"open","sticky":false,"template":"","format":"standard","meta":{"amp_status":"","footnotes":""},"categories":[24],"tags":[304,31,385,383,378,380,379,514,609,382,381,384,213,80],"class_list":["post-24509","post","type-post","status-publish","format-standard","has-post-thumbnail","hentry","category-esporte","tag-campeonato","tag-canoas","tag-competicao","tag-copa-o-timoneiro","tag-futebol","tag-futsal","tag-futuro-craque","tag-futuro-craque-podcast","tag-giovani-thome","tag-gremio","tag-marcelo-mendes","tag-o-timoneiro","tag-rio-grande-do-sul","tag-rs"],"yoast_head":"<!-- This site is optimized with the Yoast SEO plugin v20.5 - https:\/\/yoast.com\/wordpress\/plugins\/seo\/ -->\n<title>VOC\u00ca, FUTURO CRAQUE! Preparador de goleiros Jalmar Jr. (por Marcelo Mendes) - O Timoneiro Jornal Canoas RS<\/title>\n<meta name=\"robots\" content=\"index, follow, max-snippet:-1, max-image-preview:large, max-video-preview:-1\" \/>\n<link rel=\"canonical\" href=\"https:\/\/jornaltimoneiro.com.br\/index.php\/2023\/05\/19\/voce-futuro-craque-preparador-de-goleiros-jalmar-jr-por-marcelo-mendes\/\" \/>\n<meta property=\"og:locale\" content=\"pt_BR\" \/>\n<meta property=\"og:type\" content=\"article\" \/>\n<meta property=\"og:title\" content=\"VOC\u00ca, FUTURO CRAQUE! Preparador de goleiros Jalmar Jr. (por Marcelo Mendes) - O Timoneiro Jornal Canoas RS\" \/>\n<meta property=\"og:description\" content=\"Por Marcelo Mendes Preparador de Goleiros Jalmar Jr. Giovani Thom\u00e9 e eu recebemos no\u00a0\u00a0Futuro Craque Podcast mais um especialista do futebol, o preparador de goleiros da base do E.C. S\u00e3o Jos\u00e9, ex- jogador profissional na d\u00e9cada de 90 e hoje professor de educa\u00e7\u00e3o f\u00edsica formado, o Jalmar Jr. Uma figura\u00e7a e um amigo que fiz [&hellip;]\" \/>\n<meta property=\"og:url\" content=\"https:\/\/jornaltimoneiro.com.br\/index.php\/2023\/05\/19\/voce-futuro-craque-preparador-de-goleiros-jalmar-jr-por-marcelo-mendes\/\" \/>\n<meta property=\"og:site_name\" content=\"O Timoneiro Jornal Canoas RS\" \/>\n<meta property=\"article:publisher\" content=\"https:\/\/www.facebook.com\/jornaltimoneiro\" \/>\n<meta property=\"article:published_time\" content=\"2023-05-19T19:33:45+00:00\" \/>\n<meta property=\"article:modified_time\" content=\"2023-05-19T19:50:09+00:00\" \/>\n<meta property=\"og:image\" content=\"https:\/\/jornaltimoneiro.com.br\/wp-content\/uploads\/2023\/05\/WhatsApp-Image-2023-05-18-at-11.39.55.jpeg\" \/>\n\t<meta property=\"og:image:width\" content=\"1080\" \/>\n\t<meta property=\"og:image:height\" content=\"810\" \/>\n\t<meta property=\"og:image:type\" content=\"image\/jpeg\" \/>\n<meta name=\"author\" content=\"Reda\u00e7\u00e3o\" \/>\n<meta name=\"twitter:card\" content=\"summary_large_image\" \/>\n<meta name=\"twitter:creator\" content=\"@_OTimoneiro\" \/>\n<meta name=\"twitter:site\" content=\"@_OTimoneiro\" \/>\n<meta name=\"twitter:label1\" content=\"Escrito por\" \/>\n\t<meta name=\"twitter:data1\" content=\"Reda\u00e7\u00e3o\" \/>\n\t<meta name=\"twitter:label2\" content=\"Est. tempo de leitura\" \/>\n\t<meta name=\"twitter:data2\" content=\"2 minutos\" \/>\n<script type=\"application\/ld+json\" class=\"yoast-schema-graph\">{\"@context\":\"https:\/\/schema.org\",\"@graph\":[{\"@type\":\"Article\",\"@id\":\"https:\/\/jornaltimoneiro.com.br\/index.php\/2023\/05\/19\/voce-futuro-craque-preparador-de-goleiros-jalmar-jr-por-marcelo-mendes\/#article\",\"isPartOf\":{\"@id\":\"https:\/\/jornaltimoneiro.com.br\/index.php\/2023\/05\/19\/voce-futuro-craque-preparador-de-goleiros-jalmar-jr-por-marcelo-mendes\/\"},\"author\":{\"name\":\"Reda\u00e7\u00e3o\",\"@id\":\"https:\/\/jornaltimoneiro.com.br\/#\/schema\/person\/f63482f1a02b1a9592707865e509ab40\"},\"headline\":\"VOC\u00ca, FUTURO CRAQUE! Preparador de goleiros Jalmar Jr. (por Marcelo Mendes)\",\"datePublished\":\"2023-05-19T19:33:45+00:00\",\"dateModified\":\"2023-05-19T19:50:09+00:00\",\"mainEntityOfPage\":{\"@id\":\"https:\/\/jornaltimoneiro.com.br\/index.php\/2023\/05\/19\/voce-futuro-craque-preparador-de-goleiros-jalmar-jr-por-marcelo-mendes\/\"},\"wordCount\":360,\"commentCount\":0,\"publisher\":{\"@id\":\"https:\/\/jornaltimoneiro.com.br\/#organization\"},\"keywords\":[\"campeonato\",\"canoas\",\"competi\u00e7\u00e3o\",\"copa O Timoneiro\",\"futebol\",\"futsal\",\"futuro craque\",\"futuro craque podcast\",\"Giovani Thom\u00e9\",\"gr\u00eamio\",\"marcelo mendes\",\"O Timoneiro\",\"rio grande do sul\",\"RS\"],\"articleSection\":[\"Esporte\"],\"inLanguage\":\"pt-BR\",\"potentialAction\":[{\"@type\":\"CommentAction\",\"name\":\"Comment\",\"target\":[\"https:\/\/jornaltimoneiro.com.br\/index.php\/2023\/05\/19\/voce-futuro-craque-preparador-de-goleiros-jalmar-jr-por-marcelo-mendes\/#respond\"]}]},{\"@type\":\"WebPage\",\"@id\":\"https:\/\/jornaltimoneiro.com.br\/index.php\/2023\/05\/19\/voce-futuro-craque-preparador-de-goleiros-jalmar-jr-por-marcelo-mendes\/\",\"url\":\"https:\/\/jornaltimoneiro.com.br\/index.php\/2023\/05\/19\/voce-futuro-craque-preparador-de-goleiros-jalmar-jr-por-marcelo-mendes\/\",\"name\":\"VOC\u00ca, FUTURO CRAQUE! Preparador de goleiros Jalmar Jr. (por Marcelo Mendes) - O Timoneiro Jornal Canoas RS\",\"isPartOf\":{\"@id\":\"https:\/\/jornaltimoneiro.com.br\/#website\"},\"datePublished\":\"2023-05-19T19:33:45+00:00\",\"dateModified\":\"2023-05-19T19:50:09+00:00\",\"breadcrumb\":{\"@id\":\"https:\/\/jornaltimoneiro.com.br\/index.php\/2023\/05\/19\/voce-futuro-craque-preparador-de-goleiros-jalmar-jr-por-marcelo-mendes\/#breadcrumb\"},\"inLanguage\":\"pt-BR\",\"potentialAction\":[{\"@type\":\"ReadAction\",\"target\":[\"https:\/\/jornaltimoneiro.com.br\/index.php\/2023\/05\/19\/voce-futuro-craque-preparador-de-goleiros-jalmar-jr-por-marcelo-mendes\/\"]}]},{\"@type\":\"BreadcrumbList\",\"@id\":\"https:\/\/jornaltimoneiro.com.br\/index.php\/2023\/05\/19\/voce-futuro-craque-preparador-de-goleiros-jalmar-jr-por-marcelo-mendes\/#breadcrumb\",\"itemListElement\":[{\"@type\":\"ListItem\",\"position\":1,\"name\":\"In\u00edcio\",\"item\":\"https:\/\/jornaltimoneiro.com.br\/\"},{\"@type\":\"ListItem\",\"position\":2,\"name\":\"VOC\u00ca, FUTURO CRAQUE! Preparador de goleiros Jalmar Jr. (por Marcelo Mendes)\"}]},{\"@type\":\"WebSite\",\"@id\":\"https:\/\/jornaltimoneiro.com.br\/#website\",\"url\":\"https:\/\/jornaltimoneiro.com.br\/\",\"name\":\"Jornal Timoneiro Canoas RS\",\"description\":\"Jornal O Timoneiro, o verdadeiro jornal de Canoas\",\"publisher\":{\"@id\":\"https:\/\/jornaltimoneiro.com.br\/#organization\"},\"potentialAction\":[{\"@type\":\"SearchAction\",\"target\":{\"@type\":\"EntryPoint\",\"urlTemplate\":\"https:\/\/jornaltimoneiro.com.br\/?s={search_term_string}\"},\"query-input\":\"required name=search_term_string\"}],\"inLanguage\":\"pt-BR\"},{\"@type\":\"Organization\",\"@id\":\"https:\/\/jornaltimoneiro.com.br\/#organization\",\"name\":\"Jornal Timoneiro Canoas RS\",\"url\":\"https:\/\/jornaltimoneiro.com.br\/\",\"logo\":{\"@type\":\"ImageObject\",\"inLanguage\":\"pt-BR\",\"@id\":\"https:\/\/jornaltimoneiro.com.br\/#\/schema\/logo\/image\/\",\"url\":\"https:\/\/jornaltimoneiro.com.br\/wp-content\/uploads\/2023\/03\/logonovo.png\",\"contentUrl\":\"https:\/\/jornaltimoneiro.com.br\/wp-content\/uploads\/2023\/03\/logonovo.png\",\"width\":\"469\",\"height\":\"171\",\"caption\":\"Jornal Timoneiro Canoas RS\"},\"image\":{\"@id\":\"https:\/\/jornaltimoneiro.com.br\/#\/schema\/logo\/image\/\"},\"sameAs\":[\"https:\/\/www.facebook.com\/jornaltimoneiro\",\"https:\/\/twitter.com\/_OTimoneiro\",\"https:\/\/www.instagram.com\/jornaltimoneirocanoas\/\",\"https:\/\/www.youtube.com\/@jornalotimoneiro7927\"]},{\"@type\":\"Person\",\"@id\":\"https:\/\/jornaltimoneiro.com.br\/#\/schema\/person\/f63482f1a02b1a9592707865e509ab40\",\"name\":\"Reda\u00e7\u00e3o\",\"image\":{\"@type\":\"ImageObject\",\"inLanguage\":\"pt-BR\",\"@id\":\"https:\/\/jornaltimoneiro.com.br\/#\/schema\/person\/image\/\",\"url\":\"https:\/\/jornaltimoneiro.com.br\/wp-content\/uploads\/2023\/03\/download.jpeg\",\"contentUrl\":\"https:\/\/jornaltimoneiro.com.br\/wp-content\/uploads\/2023\/03\/download.jpeg\",\"caption\":\"Reda\u00e7\u00e3o\"},\"url\":\"https:\/\/jornaltimoneiro.com.br\/index.php\/author\/simone-dutra\/\"}]}<\/script>\n<!-- \/ Yoast SEO plugin. -->","yoast_head_json":{"title":"VOC\u00ca, FUTURO CRAQUE! Preparador de goleiros Jalmar Jr. (por Marcelo Mendes) - O Timoneiro Jornal Canoas RS","robots":{"index":"index","follow":"follow","max-snippet":"max-snippet:-1","max-image-preview":"max-image-preview:large","max-video-preview":"max-video-preview:-1"},"canonical":"https:\/\/jornaltimoneiro.com.br\/index.php\/2023\/05\/19\/voce-futuro-craque-preparador-de-goleiros-jalmar-jr-por-marcelo-mendes\/","og_locale":"pt_BR","og_type":"article","og_title":"VOC\u00ca, FUTURO CRAQUE! Preparador de goleiros Jalmar Jr. (por Marcelo Mendes) - O Timoneiro Jornal Canoas RS","og_description":"Por Marcelo Mendes Preparador de Goleiros Jalmar Jr. Giovani Thom\u00e9 e eu recebemos no\u00a0\u00a0Futuro Craque Podcast mais um especialista do futebol, o preparador de goleiros da base do E.C. S\u00e3o Jos\u00e9, ex- jogador profissional na d\u00e9cada de 90 e hoje professor de educa\u00e7\u00e3o f\u00edsica formado, o Jalmar Jr. Uma figura\u00e7a e um amigo que fiz [&hellip;]","og_url":"https:\/\/jornaltimoneiro.com.br\/index.php\/2023\/05\/19\/voce-futuro-craque-preparador-de-goleiros-jalmar-jr-por-marcelo-mendes\/","og_site_name":"O Timoneiro Jornal Canoas RS","article_publisher":"https:\/\/www.facebook.com\/jornaltimoneiro","article_published_time":"2023-05-19T19:33:45+00:00","article_modified_time":"2023-05-19T19:50:09+00:00","og_image":[{"width":"1080","height":"810","url":"https:\/\/jornaltimoneiro.com.br\/wp-content\/uploads\/2023\/05\/WhatsApp-Image-2023-05-18-at-11.39.55.jpeg","type":"image\/jpeg"}],"author":"Reda\u00e7\u00e3o","twitter_card":"summary_large_image","twitter_creator":"@_OTimoneiro","twitter_site":"@_OTimoneiro","twitter_misc":{"Escrito por":"Reda\u00e7\u00e3o","Est. tempo de leitura":"2 minutos"},"schema":{"@context":"https:\/\/schema.org","@graph":[{"@type":"Article","@id":"https:\/\/jornaltimoneiro.com.br\/index.php\/2023\/05\/19\/voce-futuro-craque-preparador-de-goleiros-jalmar-jr-por-marcelo-mendes\/#article","isPartOf":{"@id":"https:\/\/jornaltimoneiro.com.br\/index.php\/2023\/05\/19\/voce-futuro-craque-preparador-de-goleiros-jalmar-jr-por-marcelo-mendes\/"},"author":{"name":"Reda\u00e7\u00e3o","@id":"https:\/\/jornaltimoneiro.com.br\/#\/schema\/person\/f63482f1a02b1a9592707865e509ab40"},"headline":"VOC\u00ca, FUTURO CRAQUE! Preparador de goleiros Jalmar Jr. (por Marcelo Mendes)","datePublished":"2023-05-19T19:33:45+00:00","dateModified":"2023-05-19T19:50:09+00:00","mainEntityOfPage":{"@id":"https:\/\/jornaltimoneiro.com.br\/index.php\/2023\/05\/19\/voce-futuro-craque-preparador-de-goleiros-jalmar-jr-por-marcelo-mendes\/"},"wordCount":360,"commentCount":0,"publisher":{"@id":"https:\/\/jornaltimoneiro.com.br\/#organization"},"keywords":["campeonato","canoas","competi\u00e7\u00e3o","copa O Timoneiro","futebol","futsal","futuro craque","futuro craque podcast","Giovani Thom\u00e9","gr\u00eamio","marcelo mendes","O Timoneiro","rio grande do sul","RS"],"articleSection":["Esporte"],"inLanguage":"pt-BR","potentialAction":[{"@type":"CommentAction","name":"Comment","target":["https:\/\/jornaltimoneiro.com.br\/index.php\/2023\/05\/19\/voce-futuro-craque-preparador-de-goleiros-jalmar-jr-por-marcelo-mendes\/#respond"]}]},{"@type":"WebPage","@id":"https:\/\/jornaltimoneiro.com.br\/index.php\/2023\/05\/19\/voce-futuro-craque-preparador-de-goleiros-jalmar-jr-por-marcelo-mendes\/","url":"https:\/\/jornaltimoneiro.com.br\/index.php\/2023\/05\/19\/voce-futuro-craque-preparador-de-goleiros-jalmar-jr-por-marcelo-mendes\/","name":"VOC\u00ca, FUTURO CRAQUE! Preparador de goleiros Jalmar Jr. (por Marcelo Mendes) - O Timoneiro Jornal Canoas RS","isPartOf":{"@id":"https:\/\/jornaltimoneiro.com.br\/#website"},"datePublished":"2023-05-19T19:33:45+00:00","dateModified":"2023-05-19T19:50:09+00:00","breadcrumb":{"@id":"https:\/\/jornaltimoneiro.com.br\/index.php\/2023\/05\/19\/voce-futuro-craque-preparador-de-goleiros-jalmar-jr-por-marcelo-mendes\/#breadcrumb"},"inLanguage":"pt-BR","potentialAction":[{"@type":"ReadAction","target":["https:\/\/jornaltimoneiro.com.br\/index.php\/2023\/05\/19\/voce-futuro-craque-preparador-de-goleiros-jalmar-jr-por-marcelo-mendes\/"]}]},{"@type":"BreadcrumbList","@id":"https:\/\/jornaltimoneiro.com.br\/index.php\/2023\/05\/19\/voce-futuro-craque-preparador-de-goleiros-jalmar-jr-por-marcelo-mendes\/#breadcrumb","itemListElement":[{"@type":"ListItem","position":1,"name":"In\u00edcio","item":"https:\/\/jornaltimoneiro.com.br\/"},{"@type":"ListItem","position":2,"name":"VOC\u00ca, FUTURO CRAQUE! Preparador de goleiros Jalmar Jr. (por Marcelo Mendes)"}]},{"@type":"WebSite","@id":"https:\/\/jornaltimoneiro.com.br\/#website","url":"https:\/\/jornaltimoneiro.com.br\/","name":"Jornal Timoneiro Canoas RS","description":"Jornal O Timoneiro, o verdadeiro jornal de Canoas","publisher":{"@id":"https:\/\/jornaltimoneiro.com.br\/#organization"},"potentialAction":[{"@type":"SearchAction","target":{"@type":"EntryPoint","urlTemplate":"https:\/\/jornaltimoneiro.com.br\/?s={search_term_string}"},"query-input":"required name=search_term_string"}],"inLanguage":"pt-BR"},{"@type":"Organization","@id":"https:\/\/jornaltimoneiro.com.br\/#organization","name":"Jornal Timoneiro Canoas RS","url":"https:\/\/jornaltimoneiro.com.br\/","logo":{"@type":"ImageObject","inLanguage":"pt-BR","@id":"https:\/\/jornaltimoneiro.com.br\/#\/schema\/logo\/image\/","url":"https:\/\/jornaltimoneiro.com.br\/wp-content\/uploads\/2023\/03\/logonovo.png","contentUrl":"https:\/\/jornaltimoneiro.com.br\/wp-content\/uploads\/2023\/03\/logonovo.png","width":"469","height":"171","caption":"Jornal Timoneiro Canoas RS"},"image":{"@id":"https:\/\/jornaltimoneiro.com.br\/#\/schema\/logo\/image\/"},"sameAs":["https:\/\/www.facebook.com\/jornaltimoneiro","https:\/\/twitter.com\/_OTimoneiro","https:\/\/www.instagram.com\/jornaltimoneirocanoas\/","https:\/\/www.youtube.com\/@jornalotimoneiro7927"]},{"@type":"Person","@id":"https:\/\/jornaltimoneiro.com.br\/#\/schema\/person\/f63482f1a02b1a9592707865e509ab40","name":"Reda\u00e7\u00e3o","image":{"@type":"ImageObject","inLanguage":"pt-BR","@id":"https:\/\/jornaltimoneiro.com.br\/#\/schema\/person\/image\/","url":"https:\/\/jornaltimoneiro.com.br\/wp-content\/uploads\/2023\/03\/download.jpeg","contentUrl":"https:\/\/jornaltimoneiro.com.br\/wp-content\/uploads\/2023\/03\/download.jpeg","caption":"Reda\u00e7\u00e3o"},"url":"https:\/\/jornaltimoneiro.com.br\/index.php\/author\/simone-dutra\/"}]}},"_links":{"self":[{"href":"https:\/\/jornaltimoneiro.com.br\/index.php\/wp-json\/wp\/v2\/posts\/24509"}],"collection":[{"href":"https:\/\/jornaltimoneiro.com.br\/index.php\/wp-json\/wp\/v2\/posts"}],"about":[{"href":"https:\/\/jornaltimoneiro.com.br\/index.php\/wp-json\/wp\/v2\/types\/post"}],"author":[{"embeddable":true,"href":"https:\/\/jornaltimoneiro.com.br\/index.php\/wp-json\/wp\/v2\/users\/2"}],"replies":[{"embeddable":true,"href":"https:\/\/jornaltimoneiro.com.br\/index.php\/wp-json\/wp\/v2\/comments?post=24509"}],"version-history":[{"count":3,"href":"https:\/\/jornaltimoneiro.com.br\/index.php\/wp-json\/wp\/v2\/posts\/24509\/revisions"}],"predecessor-version":[{"id":24513,"href":"https:\/\/jornaltimoneiro.com.br\/index.php\/wp-json\/wp\/v2\/posts\/24509\/revisions\/24513"}],"wp:featuredmedia":[{"embeddable":true,"href":"https:\/\/jornaltimoneiro.com.br\/index.php\/wp-json\/wp\/v2\/media\/24510"}],"wp:attachment":[{"href":"https:\/\/jornaltimoneiro.com.br\/index.php\/wp-json\/wp\/v2\/media?parent=24509"}],"wp:term":[{"taxonomy":"category","embeddable":true,"href":"https:\/\/jornaltimoneiro.com.br\/index.php\/wp-json\/wp\/v2\/categories?post=24509"},{"taxonomy":"post_tag","embeddable":true,"href":"https:\/\/jornaltimoneiro.com.br\/index.php\/wp-json\/wp\/v2\/tags?post=24509"}],"curies":[{"name":"wp","href":"https:\/\/api.w.org\/{rel}","templated":true}]}}