{"id":245,"date":"2015-05-29T09:15:37","date_gmt":"2015-05-29T12:15:37","guid":{"rendered":"http:\/\/otimoneiro.com.br\/?p=245"},"modified":"2015-05-29T09:15:37","modified_gmt":"2015-05-29T12:15:37","slug":"prefeitura-fara-emprestimo-para-pagar-primeira-parcela-do-13o","status":"publish","type":"post","link":"https:\/\/jornaltimoneiro.com.br\/index.php\/2015\/05\/29\/prefeitura-fara-emprestimo-para-pagar-primeira-parcela-do-13o\/","title":{"rendered":"Prefeitura far\u00e1 empr\u00e9stimo para pagar primeira parcela do 13\u00ba"},"content":{"rendered":"<p style=\"text-align: justify;\">Os vereadores aprovaram, na sess\u00e3o ordin\u00e1ria de quinta-feira, 21, o projeto de lei do Executivo (PL n\u00ba 19\/2015) que disp\u00f5e sobre a autoriza\u00e7\u00e3o para quita\u00e7\u00e3o de encargos financeiros das consigna\u00e7\u00f5es banc\u00e1rias referentes \u00e0 antecipa\u00e7\u00e3o da Gratifica\u00e7\u00e3o Natalina de 2015. Diante da falta de recursos financeiros para o pagamento da primeira parcela do 13\u00ba sal\u00e1rio, que ocorre em junho, o munic\u00edpio custear\u00e1 as despesas banc\u00e1rias decorrentes da contrata\u00e7\u00e3o de empr\u00e9stimo consignado pelos servidores junto ao Banrisul. A quita\u00e7\u00e3o dos empr\u00e9stimos ser\u00e1 feita diretamente pelo munic\u00edpio ao banco.<br \/>\nA justificativa do projeto aponta que o primeiro quadrimestre fechou com queda nominal de 1,75%, o equivalente a R$ 6 milh\u00f5es a menos do que o mesmo per\u00edodo do ano passado. Com rela\u00e7\u00e3o \u00e0 sa\u00fade, apesar dos repasses estaduais e federais terem aumentado em R$ 16,2 milh\u00f5es, em fun\u00e7\u00e3o de pactua\u00e7\u00f5es que ocorreram no segundo semestre de 2014, o munic\u00edpio teria deixado de receber R$ 11 milh\u00f5es at\u00e9 o momento. &#8220;Esses resultados t\u00eam exigido do munic\u00edpio uma readequa\u00e7\u00e3o do seu fluxo de despesas, com o objetivo de minimizar os efeitos da queda na arrecada\u00e7\u00e3o&#8221;, diz o texto.<\/p>\n<p style=\"text-align: justify;\"><strong>Cobertor curto<\/strong><br \/>\nEnquanto a Prefeitura justifica um empr\u00e9stimo onde pagar\u00e1 juros por ter tido um d\u00e9ficit de R$ 6 milh\u00f5es no primeiro quadrimestre do ano, gastar\u00e1, ao longo do ano, R$ 16 milh\u00f5es em comunica\u00e7\u00e3o.<br \/>\nSegundo mat\u00e9ria veiculada por este ve\u00edculo na semana passada, o munic\u00edpio gastar\u00e1 R$ 12 milh\u00f5es com ag\u00eancias de publicidade, o que equivale ao dobro do d\u00e9ficit do quadrimestre. A reportagem lembra ainda que \u201ca soma das import\u00e2ncias chega ao custo de R$ 16.287.200,00 com o \u00f3rg\u00e3o respons\u00e1vel por fazer a cobertura de toda Prefeitura, por meio de a\u00e7\u00f5es de divulga\u00e7\u00e3o, elabora\u00e7\u00e3o de eventos e assessoria de imprensa\u201d.<br \/>\nSomente com a Secretaria de Comunica\u00e7\u00e3o do Munic\u00edpio (Secom), a Prefeitura visa o investimento de R$ 16.287.200,00 ao longo de 2015. Deste valor, aproximadamente R$ 3 milh\u00f5es j\u00e1 est\u00e3o empenhados. Segundo apurado pela equipe de O Timoneiro, a Escala Comunica\u00e7\u00f5es e Marketing ficou com a maior fatia, aproximadamente R$ 2.360.000,00 empenhados, mais os Liquidado: R$ 411.824,47 liquidados de contas anteriores. A Ag\u00eancia Radioweb, citada j\u00e1 em 2013, respons\u00e1vel pela web r\u00e1dio da cidade, neste ano, recebeu R$ 50.800,02 e empenhou R$ 258.840,02.<\/p>\n<p style=\"text-align: justify;\"><strong>Oposi\u00e7\u00e3o<\/strong><br \/>\nO vereador Juares Hoy (PDT), que se declarou pr\u00e9-candidato a prefeitura de Canoas em 2016, votou contra o projeto. Segundo o parlamentar, embora n\u00e3o haja preju\u00edzos maiores aos servidores, o funcionalismo n\u00e3o deveria ser obrigado a contrair empr\u00e9stimo para a quita\u00e7\u00e3o de um dever da administra\u00e7\u00e3o municipal. O l\u00edder do governo na C\u00e2mara, Ivo Fiorotti (PT), enfatizou que a Prefeitura tem trabalhado para amenizar qualquer transtorno aos servidores. &#8220;\u00c9 uma situa\u00e7\u00e3o geral do pa\u00eds, que n\u00e3o depende somente do planejamento da administra\u00e7\u00e3o. Trata-se apenas de uma situa\u00e7\u00e3o moment\u00e2nea de caixa&#8221;, salientou.<\/p>\n","protected":false},"excerpt":{"rendered":"<p>Os vereadores aprovaram, na sess\u00e3o ordin\u00e1ria de quinta-feira, 21, o projeto de lei do Executivo (PL n\u00ba 19\/2015) que disp\u00f5e sobre a autoriza\u00e7\u00e3o para quita\u00e7\u00e3o de encargos financeiros das consigna\u00e7\u00f5es banc\u00e1rias referentes \u00e0 antecipa\u00e7\u00e3o da Gratifica\u00e7\u00e3o Natalina de 2015. Diante da falta de recursos financeiros para o pagamento da primeira parcela do 13\u00ba sal\u00e1rio, que [&hellip;]<\/p>\n","protected":false},"author":1,"featured_media":0,"comment_status":"open","ping_status":"open","sticky":false,"template":"","format":"standard","meta":{"amp_status":"","footnotes":""},"categories":[19,22,20],"tags":[],"class_list":["post-245","post","type-post","status-publish","format-standard","hentry","category-destaques","category-noticias","category-politica-noticias"],"yoast_head":"<!-- This site is optimized with the Yoast SEO plugin v20.5 - https:\/\/yoast.com\/wordpress\/plugins\/seo\/ -->\n<title>Prefeitura far\u00e1 empr\u00e9stimo para pagar primeira parcela do 13\u00ba - O Timoneiro Jornal Canoas RS<\/title>\n<meta name=\"robots\" content=\"index, follow, max-snippet:-1, max-image-preview:large, max-video-preview:-1\" \/>\n<link rel=\"canonical\" href=\"https:\/\/jornaltimoneiro.com.br\/index.php\/2015\/05\/29\/prefeitura-fara-emprestimo-para-pagar-primeira-parcela-do-13o\/\" \/>\n<meta property=\"og:locale\" content=\"pt_BR\" \/>\n<meta property=\"og:type\" content=\"article\" \/>\n<meta property=\"og:title\" content=\"Prefeitura far\u00e1 empr\u00e9stimo para pagar primeira parcela do 13\u00ba - O Timoneiro Jornal Canoas RS\" \/>\n<meta property=\"og:description\" content=\"Os vereadores aprovaram, na sess\u00e3o ordin\u00e1ria de quinta-feira, 21, o projeto de lei do Executivo (PL n\u00ba 19\/2015) que disp\u00f5e sobre a autoriza\u00e7\u00e3o para quita\u00e7\u00e3o de encargos financeiros das consigna\u00e7\u00f5es banc\u00e1rias referentes \u00e0 antecipa\u00e7\u00e3o da Gratifica\u00e7\u00e3o Natalina de 2015. Diante da falta de recursos financeiros para o pagamento da primeira parcela do 13\u00ba sal\u00e1rio, que [&hellip;]\" \/>\n<meta property=\"og:url\" content=\"https:\/\/jornaltimoneiro.com.br\/index.php\/2015\/05\/29\/prefeitura-fara-emprestimo-para-pagar-primeira-parcela-do-13o\/\" \/>\n<meta property=\"og:site_name\" content=\"O Timoneiro Jornal Canoas RS\" \/>\n<meta property=\"article:publisher\" content=\"https:\/\/www.facebook.com\/jornaltimoneiro\" \/>\n<meta property=\"article:published_time\" content=\"2015-05-29T12:15:37+00:00\" \/>\n<meta name=\"author\" content=\"Reda\u00e7\u00e3o\" \/>\n<meta name=\"twitter:card\" content=\"summary_large_image\" \/>\n<meta name=\"twitter:creator\" content=\"@_OTimoneiro\" \/>\n<meta name=\"twitter:site\" content=\"@_OTimoneiro\" \/>\n<meta name=\"twitter:label1\" content=\"Escrito por\" \/>\n\t<meta name=\"twitter:data1\" content=\"Reda\u00e7\u00e3o\" \/>\n\t<meta name=\"twitter:label2\" content=\"Est. tempo de leitura\" \/>\n\t<meta name=\"twitter:data2\" content=\"3 minutos\" \/>\n<script type=\"application\/ld+json\" class=\"yoast-schema-graph\">{\"@context\":\"https:\/\/schema.org\",\"@graph\":[{\"@type\":\"Article\",\"@id\":\"https:\/\/jornaltimoneiro.com.br\/index.php\/2015\/05\/29\/prefeitura-fara-emprestimo-para-pagar-primeira-parcela-do-13o\/#article\",\"isPartOf\":{\"@id\":\"https:\/\/jornaltimoneiro.com.br\/index.php\/2015\/05\/29\/prefeitura-fara-emprestimo-para-pagar-primeira-parcela-do-13o\/\"},\"author\":{\"name\":\"Reda\u00e7\u00e3o\",\"@id\":\"https:\/\/jornaltimoneiro.com.br\/#\/schema\/person\/620efd1d8244466117482be494360b08\"},\"headline\":\"Prefeitura far\u00e1 empr\u00e9stimo para pagar primeira parcela do 13\u00ba\",\"datePublished\":\"2015-05-29T12:15:37+00:00\",\"dateModified\":\"2015-05-29T12:15:37+00:00\",\"mainEntityOfPage\":{\"@id\":\"https:\/\/jornaltimoneiro.com.br\/index.php\/2015\/05\/29\/prefeitura-fara-emprestimo-para-pagar-primeira-parcela-do-13o\/\"},\"wordCount\":514,\"commentCount\":0,\"publisher\":{\"@id\":\"https:\/\/jornaltimoneiro.com.br\/#organization\"},\"articleSection\":[\"Destaques\",\"Not\u00edcias\",\"Pol\u00edtica\"],\"inLanguage\":\"pt-BR\",\"potentialAction\":[{\"@type\":\"CommentAction\",\"name\":\"Comment\",\"target\":[\"https:\/\/jornaltimoneiro.com.br\/index.php\/2015\/05\/29\/prefeitura-fara-emprestimo-para-pagar-primeira-parcela-do-13o\/#respond\"]}]},{\"@type\":\"WebPage\",\"@id\":\"https:\/\/jornaltimoneiro.com.br\/index.php\/2015\/05\/29\/prefeitura-fara-emprestimo-para-pagar-primeira-parcela-do-13o\/\",\"url\":\"https:\/\/jornaltimoneiro.com.br\/index.php\/2015\/05\/29\/prefeitura-fara-emprestimo-para-pagar-primeira-parcela-do-13o\/\",\"name\":\"Prefeitura far\u00e1 empr\u00e9stimo para pagar primeira parcela do 13\u00ba - O Timoneiro Jornal Canoas RS\",\"isPartOf\":{\"@id\":\"https:\/\/jornaltimoneiro.com.br\/#website\"},\"datePublished\":\"2015-05-29T12:15:37+00:00\",\"dateModified\":\"2015-05-29T12:15:37+00:00\",\"breadcrumb\":{\"@id\":\"https:\/\/jornaltimoneiro.com.br\/index.php\/2015\/05\/29\/prefeitura-fara-emprestimo-para-pagar-primeira-parcela-do-13o\/#breadcrumb\"},\"inLanguage\":\"pt-BR\",\"potentialAction\":[{\"@type\":\"ReadAction\",\"target\":[\"https:\/\/jornaltimoneiro.com.br\/index.php\/2015\/05\/29\/prefeitura-fara-emprestimo-para-pagar-primeira-parcela-do-13o\/\"]}]},{\"@type\":\"BreadcrumbList\",\"@id\":\"https:\/\/jornaltimoneiro.com.br\/index.php\/2015\/05\/29\/prefeitura-fara-emprestimo-para-pagar-primeira-parcela-do-13o\/#breadcrumb\",\"itemListElement\":[{\"@type\":\"ListItem\",\"position\":1,\"name\":\"In\u00edcio\",\"item\":\"https:\/\/jornaltimoneiro.com.br\/\"},{\"@type\":\"ListItem\",\"position\":2,\"name\":\"Prefeitura far\u00e1 empr\u00e9stimo para pagar primeira parcela do 13\u00ba\"}]},{\"@type\":\"WebSite\",\"@id\":\"https:\/\/jornaltimoneiro.com.br\/#website\",\"url\":\"https:\/\/jornaltimoneiro.com.br\/\",\"name\":\"Jornal Timoneiro Canoas RS\",\"description\":\"Jornal O Timoneiro, o verdadeiro jornal de Canoas\",\"publisher\":{\"@id\":\"https:\/\/jornaltimoneiro.com.br\/#organization\"},\"potentialAction\":[{\"@type\":\"SearchAction\",\"target\":{\"@type\":\"EntryPoint\",\"urlTemplate\":\"https:\/\/jornaltimoneiro.com.br\/?s={search_term_string}\"},\"query-input\":\"required name=search_term_string\"}],\"inLanguage\":\"pt-BR\"},{\"@type\":\"Organization\",\"@id\":\"https:\/\/jornaltimoneiro.com.br\/#organization\",\"name\":\"Jornal Timoneiro Canoas RS\",\"url\":\"https:\/\/jornaltimoneiro.com.br\/\",\"logo\":{\"@type\":\"ImageObject\",\"inLanguage\":\"pt-BR\",\"@id\":\"https:\/\/jornaltimoneiro.com.br\/#\/schema\/logo\/image\/\",\"url\":\"https:\/\/jornaltimoneiro.com.br\/wp-content\/uploads\/2023\/03\/logonovo.png\",\"contentUrl\":\"https:\/\/jornaltimoneiro.com.br\/wp-content\/uploads\/2023\/03\/logonovo.png\",\"width\":\"469\",\"height\":\"171\",\"caption\":\"Jornal Timoneiro Canoas RS\"},\"image\":{\"@id\":\"https:\/\/jornaltimoneiro.com.br\/#\/schema\/logo\/image\/\"},\"sameAs\":[\"https:\/\/www.facebook.com\/jornaltimoneiro\",\"https:\/\/twitter.com\/_OTimoneiro\",\"https:\/\/www.instagram.com\/jornaltimoneirocanoas\/\",\"https:\/\/www.youtube.com\/@jornalotimoneiro7927\"]},{\"@type\":\"Person\",\"@id\":\"https:\/\/jornaltimoneiro.com.br\/#\/schema\/person\/620efd1d8244466117482be494360b08\",\"name\":\"Reda\u00e7\u00e3o\",\"image\":{\"@type\":\"ImageObject\",\"inLanguage\":\"pt-BR\",\"@id\":\"https:\/\/jornaltimoneiro.com.br\/#\/schema\/person\/image\/\",\"url\":\"https:\/\/secure.gravatar.com\/avatar\/2f04e1b304682a8d9db336c7acd77f08?s=96&d=mm&r=g\",\"contentUrl\":\"https:\/\/secure.gravatar.com\/avatar\/2f04e1b304682a8d9db336c7acd77f08?s=96&d=mm&r=g\",\"caption\":\"Reda\u00e7\u00e3o\"},\"url\":\"https:\/\/jornaltimoneiro.com.br\/index.php\/author\/timoneirocanoas\/\"}]}<\/script>\n<!-- \/ Yoast SEO plugin. -->","yoast_head_json":{"title":"Prefeitura far\u00e1 empr\u00e9stimo para pagar primeira parcela do 13\u00ba - O Timoneiro Jornal Canoas RS","robots":{"index":"index","follow":"follow","max-snippet":"max-snippet:-1","max-image-preview":"max-image-preview:large","max-video-preview":"max-video-preview:-1"},"canonical":"https:\/\/jornaltimoneiro.com.br\/index.php\/2015\/05\/29\/prefeitura-fara-emprestimo-para-pagar-primeira-parcela-do-13o\/","og_locale":"pt_BR","og_type":"article","og_title":"Prefeitura far\u00e1 empr\u00e9stimo para pagar primeira parcela do 13\u00ba - O Timoneiro Jornal Canoas RS","og_description":"Os vereadores aprovaram, na sess\u00e3o ordin\u00e1ria de quinta-feira, 21, o projeto de lei do Executivo (PL n\u00ba 19\/2015) que disp\u00f5e sobre a autoriza\u00e7\u00e3o para quita\u00e7\u00e3o de encargos financeiros das consigna\u00e7\u00f5es banc\u00e1rias referentes \u00e0 antecipa\u00e7\u00e3o da Gratifica\u00e7\u00e3o Natalina de 2015. Diante da falta de recursos financeiros para o pagamento da primeira parcela do 13\u00ba sal\u00e1rio, que [&hellip;]","og_url":"https:\/\/jornaltimoneiro.com.br\/index.php\/2015\/05\/29\/prefeitura-fara-emprestimo-para-pagar-primeira-parcela-do-13o\/","og_site_name":"O Timoneiro Jornal Canoas RS","article_publisher":"https:\/\/www.facebook.com\/jornaltimoneiro","article_published_time":"2015-05-29T12:15:37+00:00","author":"Reda\u00e7\u00e3o","twitter_card":"summary_large_image","twitter_creator":"@_OTimoneiro","twitter_site":"@_OTimoneiro","twitter_misc":{"Escrito por":"Reda\u00e7\u00e3o","Est. tempo de leitura":"3 minutos"},"schema":{"@context":"https:\/\/schema.org","@graph":[{"@type":"Article","@id":"https:\/\/jornaltimoneiro.com.br\/index.php\/2015\/05\/29\/prefeitura-fara-emprestimo-para-pagar-primeira-parcela-do-13o\/#article","isPartOf":{"@id":"https:\/\/jornaltimoneiro.com.br\/index.php\/2015\/05\/29\/prefeitura-fara-emprestimo-para-pagar-primeira-parcela-do-13o\/"},"author":{"name":"Reda\u00e7\u00e3o","@id":"https:\/\/jornaltimoneiro.com.br\/#\/schema\/person\/620efd1d8244466117482be494360b08"},"headline":"Prefeitura far\u00e1 empr\u00e9stimo para pagar primeira parcela do 13\u00ba","datePublished":"2015-05-29T12:15:37+00:00","dateModified":"2015-05-29T12:15:37+00:00","mainEntityOfPage":{"@id":"https:\/\/jornaltimoneiro.com.br\/index.php\/2015\/05\/29\/prefeitura-fara-emprestimo-para-pagar-primeira-parcela-do-13o\/"},"wordCount":514,"commentCount":0,"publisher":{"@id":"https:\/\/jornaltimoneiro.com.br\/#organization"},"articleSection":["Destaques","Not\u00edcias","Pol\u00edtica"],"inLanguage":"pt-BR","potentialAction":[{"@type":"CommentAction","name":"Comment","target":["https:\/\/jornaltimoneiro.com.br\/index.php\/2015\/05\/29\/prefeitura-fara-emprestimo-para-pagar-primeira-parcela-do-13o\/#respond"]}]},{"@type":"WebPage","@id":"https:\/\/jornaltimoneiro.com.br\/index.php\/2015\/05\/29\/prefeitura-fara-emprestimo-para-pagar-primeira-parcela-do-13o\/","url":"https:\/\/jornaltimoneiro.com.br\/index.php\/2015\/05\/29\/prefeitura-fara-emprestimo-para-pagar-primeira-parcela-do-13o\/","name":"Prefeitura far\u00e1 empr\u00e9stimo para pagar primeira parcela do 13\u00ba - O Timoneiro Jornal Canoas RS","isPartOf":{"@id":"https:\/\/jornaltimoneiro.com.br\/#website"},"datePublished":"2015-05-29T12:15:37+00:00","dateModified":"2015-05-29T12:15:37+00:00","breadcrumb":{"@id":"https:\/\/jornaltimoneiro.com.br\/index.php\/2015\/05\/29\/prefeitura-fara-emprestimo-para-pagar-primeira-parcela-do-13o\/#breadcrumb"},"inLanguage":"pt-BR","potentialAction":[{"@type":"ReadAction","target":["https:\/\/jornaltimoneiro.com.br\/index.php\/2015\/05\/29\/prefeitura-fara-emprestimo-para-pagar-primeira-parcela-do-13o\/"]}]},{"@type":"BreadcrumbList","@id":"https:\/\/jornaltimoneiro.com.br\/index.php\/2015\/05\/29\/prefeitura-fara-emprestimo-para-pagar-primeira-parcela-do-13o\/#breadcrumb","itemListElement":[{"@type":"ListItem","position":1,"name":"In\u00edcio","item":"https:\/\/jornaltimoneiro.com.br\/"},{"@type":"ListItem","position":2,"name":"Prefeitura far\u00e1 empr\u00e9stimo para pagar primeira parcela do 13\u00ba"}]},{"@type":"WebSite","@id":"https:\/\/jornaltimoneiro.com.br\/#website","url":"https:\/\/jornaltimoneiro.com.br\/","name":"Jornal Timoneiro Canoas RS","description":"Jornal O Timoneiro, o verdadeiro jornal de Canoas","publisher":{"@id":"https:\/\/jornaltimoneiro.com.br\/#organization"},"potentialAction":[{"@type":"SearchAction","target":{"@type":"EntryPoint","urlTemplate":"https:\/\/jornaltimoneiro.com.br\/?s={search_term_string}"},"query-input":"required name=search_term_string"}],"inLanguage":"pt-BR"},{"@type":"Organization","@id":"https:\/\/jornaltimoneiro.com.br\/#organization","name":"Jornal Timoneiro Canoas RS","url":"https:\/\/jornaltimoneiro.com.br\/","logo":{"@type":"ImageObject","inLanguage":"pt-BR","@id":"https:\/\/jornaltimoneiro.com.br\/#\/schema\/logo\/image\/","url":"https:\/\/jornaltimoneiro.com.br\/wp-content\/uploads\/2023\/03\/logonovo.png","contentUrl":"https:\/\/jornaltimoneiro.com.br\/wp-content\/uploads\/2023\/03\/logonovo.png","width":"469","height":"171","caption":"Jornal Timoneiro Canoas RS"},"image":{"@id":"https:\/\/jornaltimoneiro.com.br\/#\/schema\/logo\/image\/"},"sameAs":["https:\/\/www.facebook.com\/jornaltimoneiro","https:\/\/twitter.com\/_OTimoneiro","https:\/\/www.instagram.com\/jornaltimoneirocanoas\/","https:\/\/www.youtube.com\/@jornalotimoneiro7927"]},{"@type":"Person","@id":"https:\/\/jornaltimoneiro.com.br\/#\/schema\/person\/620efd1d8244466117482be494360b08","name":"Reda\u00e7\u00e3o","image":{"@type":"ImageObject","inLanguage":"pt-BR","@id":"https:\/\/jornaltimoneiro.com.br\/#\/schema\/person\/image\/","url":"https:\/\/secure.gravatar.com\/avatar\/2f04e1b304682a8d9db336c7acd77f08?s=96&d=mm&r=g","contentUrl":"https:\/\/secure.gravatar.com\/avatar\/2f04e1b304682a8d9db336c7acd77f08?s=96&d=mm&r=g","caption":"Reda\u00e7\u00e3o"},"url":"https:\/\/jornaltimoneiro.com.br\/index.php\/author\/timoneirocanoas\/"}]}},"_links":{"self":[{"href":"https:\/\/jornaltimoneiro.com.br\/index.php\/wp-json\/wp\/v2\/posts\/245"}],"collection":[{"href":"https:\/\/jornaltimoneiro.com.br\/index.php\/wp-json\/wp\/v2\/posts"}],"about":[{"href":"https:\/\/jornaltimoneiro.com.br\/index.php\/wp-json\/wp\/v2\/types\/post"}],"author":[{"embeddable":true,"href":"https:\/\/jornaltimoneiro.com.br\/index.php\/wp-json\/wp\/v2\/users\/1"}],"replies":[{"embeddable":true,"href":"https:\/\/jornaltimoneiro.com.br\/index.php\/wp-json\/wp\/v2\/comments?post=245"}],"version-history":[{"count":0,"href":"https:\/\/jornaltimoneiro.com.br\/index.php\/wp-json\/wp\/v2\/posts\/245\/revisions"}],"wp:attachment":[{"href":"https:\/\/jornaltimoneiro.com.br\/index.php\/wp-json\/wp\/v2\/media?parent=245"}],"wp:term":[{"taxonomy":"category","embeddable":true,"href":"https:\/\/jornaltimoneiro.com.br\/index.php\/wp-json\/wp\/v2\/categories?post=245"},{"taxonomy":"post_tag","embeddable":true,"href":"https:\/\/jornaltimoneiro.com.br\/index.php\/wp-json\/wp\/v2\/tags?post=245"}],"curies":[{"name":"wp","href":"https:\/\/api.w.org\/{rel}","templated":true}]}}