{"id":24180,"date":"2023-04-26T13:38:10","date_gmt":"2023-04-26T16:38:10","guid":{"rendered":"https:\/\/jornaltimoneiro.com.br\/?p=24180"},"modified":"2023-04-27T17:59:26","modified_gmt":"2023-04-27T20:59:26","slug":"carnaval-2023-desfiles-das-escolas-de-samba-de-canoas-acontecem-sabado-na-rua-republica","status":"publish","type":"post","link":"https:\/\/jornaltimoneiro.com.br\/index.php\/2023\/04\/26\/carnaval-2023-desfiles-das-escolas-de-samba-de-canoas-acontecem-sabado-na-rua-republica\/","title":{"rendered":"CARNAVAL 2023: Desfiles das Escolas de Samba de Canoas acontecem s\u00e1bado na Rua Rep\u00fablica"},"content":{"rendered":"<p>No pr\u00f3ximo s\u00e1bado, 29, oito escolas de samba se apresentam na Rua Rep\u00fablica (entre a Pra\u00e7a Harmonia e a Rua Rio Gravata\u00ed), no bairro Harmonia, a partir das 20h, com entrada gratuita.<\/p>\n<p>Segundo a secret\u00e1ria interina da Cultura, Cristina Colares, a expectativa \u00e9 alta para o evento. \u201cEssa festa popular, t\u00e3o importante para os canoenses, vai trazer um bel\u00edssimo desfile das escolas, que est\u00e3o se preparando h\u00e1 muito tempo para este momento. Estamos ansiosos\u201d, destaca.<\/p>\n<p>O desfile iniciar\u00e1 pelo grupo de acesso, com a Imp\u00e9rio da Mathias abrindo o evento, \u00e0s 20h. O encerramento acontece \u00e0s 02h55, conforme cronograma abaixo.<\/p>\n<p>O Carnaval 2023 \u00e9 uma realiza\u00e7\u00e3o da Prefeitura de Canoas, atrav\u00e9s da Secretaria Municipal da Cultura.<\/p>\n<h4><strong>Regulamento do desfile<\/strong><\/h4>\n<p>O desfile 2023 n\u00e3o ser\u00e1 competitivo e n\u00e3o ter\u00e1 carros aleg\u00f3ricos. Al\u00e9m disso, n\u00e3o haver\u00e1 penalidade para quem n\u00e3o cumprir o hor\u00e1rio de in\u00edcio e o tempo de apresenta\u00e7\u00e3o, por\u00e9m ser\u00e1 reduzido o tempo da escola na avenida, fechando o hor\u00e1rio previsto na programa\u00e7\u00e3o.<\/p>\n<p>O n\u00famero m\u00ednimo de integrantes nas escolas ser\u00e1 de 100 participantes para o grupo acesso e 150 participantes no grupo especial. Haver\u00e1 penalidade no caso de descumprimento do n\u00famero m\u00ednimo de componentes. A escola que descumprir perder\u00e1 a prioridade na escolha na ordem do desfile para o Carnaval de 2024.<\/p>\n<h4><strong>Confira a ordem dos desfiles<\/strong><\/h4>\n<p>20h \u2013 Imp\u00e9rio da Mathias<\/p>\n<p>20h45 \u2013 P\u00e9rola Negra<\/p>\n<p>21h30 \u2013 Aquarela do Samba<\/p>\n<p>22h15 \u2013 Tradi\u00e7\u00e3o de Niter\u00f3i<\/p>\n<p>23h \u2013 Nen\u00ea da Harmonia<\/p>\n<p>23h55 \u2013 Unidos do Guajuviras<\/p>\n<p>00h50 \u2013 Rosa Dourada<\/p>\n<p>01h45 \u2013 Soares<\/p>\n<p>&nbsp;<\/p>\n","protected":false},"excerpt":{"rendered":"<p>No pr\u00f3ximo s\u00e1bado, 29, oito escolas de samba se apresentam na Rua Rep\u00fablica (entre a Pra\u00e7a Harmonia e a Rua Rio Gravata\u00ed), no bairro Harmonia, a partir das 20h, com entrada gratuita. Segundo a secret\u00e1ria interina da Cultura, Cristina Colares, a expectativa \u00e9 alta para o evento. \u201cEssa festa popular, t\u00e3o importante para os canoenses, [&hellip;]<\/p>\n","protected":false},"author":2,"featured_media":23505,"comment_status":"open","ping_status":"open","sticky":false,"template":"","format":"standard","meta":{"amp_status":"","footnotes":""},"categories":[76],"tags":[31,93,282,283,233,213,80],"class_list":["post-24180","post","type-post","status-publish","format-standard","has-post-thumbnail","hentry","category-cultura","tag-canoas","tag-carnaval","tag-desfiles","tag-escolas-de-samba","tag-gratuito","tag-rio-grande-do-sul","tag-rs"],"yoast_head":"<!-- This site is optimized with the Yoast SEO plugin v20.5 - https:\/\/yoast.com\/wordpress\/plugins\/seo\/ -->\n<title>CARNAVAL 2023: Desfiles das Escolas de Samba de Canoas acontecem s\u00e1bado na Rua Rep\u00fablica - O Timoneiro Jornal Canoas RS<\/title>\n<meta name=\"robots\" content=\"index, follow, max-snippet:-1, max-image-preview:large, max-video-preview:-1\" \/>\n<link rel=\"canonical\" href=\"https:\/\/jornaltimoneiro.com.br\/index.php\/2023\/04\/26\/carnaval-2023-desfiles-das-escolas-de-samba-de-canoas-acontecem-sabado-na-rua-republica\/\" \/>\n<meta property=\"og:locale\" content=\"pt_BR\" \/>\n<meta property=\"og:type\" content=\"article\" \/>\n<meta property=\"og:title\" content=\"CARNAVAL 2023: Desfiles das Escolas de Samba de Canoas acontecem s\u00e1bado na Rua Rep\u00fablica - O Timoneiro Jornal Canoas RS\" \/>\n<meta property=\"og:description\" content=\"No pr\u00f3ximo s\u00e1bado, 29, oito escolas de samba se apresentam na Rua Rep\u00fablica (entre a Pra\u00e7a Harmonia e a Rua Rio Gravata\u00ed), no bairro Harmonia, a partir das 20h, com entrada gratuita. Segundo a secret\u00e1ria interina da Cultura, Cristina Colares, a expectativa \u00e9 alta para o evento. \u201cEssa festa popular, t\u00e3o importante para os canoenses, [&hellip;]\" \/>\n<meta property=\"og:url\" content=\"https:\/\/jornaltimoneiro.com.br\/index.php\/2023\/04\/26\/carnaval-2023-desfiles-das-escolas-de-samba-de-canoas-acontecem-sabado-na-rua-republica\/\" \/>\n<meta property=\"og:site_name\" content=\"O Timoneiro Jornal Canoas RS\" \/>\n<meta property=\"article:publisher\" content=\"https:\/\/www.facebook.com\/jornaltimoneiro\" \/>\n<meta property=\"article:published_time\" content=\"2023-04-26T16:38:10+00:00\" \/>\n<meta property=\"article:modified_time\" content=\"2023-04-27T20:59:26+00:00\" \/>\n<meta property=\"og:image\" content=\"https:\/\/jornaltimoneiro.com.br\/wp-content\/uploads\/2023\/02\/26_02-_CARNAVAL_MEU_LUGAR_Guilherme_Pereira-100.jpg\" \/>\n\t<meta property=\"og:image:width\" content=\"1080\" \/>\n\t<meta property=\"og:image:height\" content=\"720\" \/>\n\t<meta property=\"og:image:type\" content=\"image\/jpeg\" \/>\n<meta name=\"author\" content=\"Reda\u00e7\u00e3o\" \/>\n<meta name=\"twitter:card\" content=\"summary_large_image\" \/>\n<meta name=\"twitter:creator\" content=\"@_OTimoneiro\" \/>\n<meta name=\"twitter:site\" content=\"@_OTimoneiro\" \/>\n<meta name=\"twitter:label1\" content=\"Escrito por\" \/>\n\t<meta name=\"twitter:data1\" content=\"Reda\u00e7\u00e3o\" \/>\n\t<meta name=\"twitter:label2\" content=\"Est. tempo de leitura\" \/>\n\t<meta name=\"twitter:data2\" content=\"2 minutos\" \/>\n<script type=\"application\/ld+json\" class=\"yoast-schema-graph\">{\"@context\":\"https:\/\/schema.org\",\"@graph\":[{\"@type\":\"Article\",\"@id\":\"https:\/\/jornaltimoneiro.com.br\/index.php\/2023\/04\/26\/carnaval-2023-desfiles-das-escolas-de-samba-de-canoas-acontecem-sabado-na-rua-republica\/#article\",\"isPartOf\":{\"@id\":\"https:\/\/jornaltimoneiro.com.br\/index.php\/2023\/04\/26\/carnaval-2023-desfiles-das-escolas-de-samba-de-canoas-acontecem-sabado-na-rua-republica\/\"},\"author\":{\"name\":\"Reda\u00e7\u00e3o\",\"@id\":\"https:\/\/jornaltimoneiro.com.br\/#\/schema\/person\/f63482f1a02b1a9592707865e509ab40\"},\"headline\":\"CARNAVAL 2023: Desfiles das Escolas de Samba de Canoas acontecem s\u00e1bado na Rua Rep\u00fablica\",\"datePublished\":\"2023-04-26T16:38:10+00:00\",\"dateModified\":\"2023-04-27T20:59:26+00:00\",\"mainEntityOfPage\":{\"@id\":\"https:\/\/jornaltimoneiro.com.br\/index.php\/2023\/04\/26\/carnaval-2023-desfiles-das-escolas-de-samba-de-canoas-acontecem-sabado-na-rua-republica\/\"},\"wordCount\":285,\"commentCount\":0,\"publisher\":{\"@id\":\"https:\/\/jornaltimoneiro.com.br\/#organization\"},\"keywords\":[\"canoas\",\"Carnaval\",\"desfiles\",\"escolas de samba\",\"gratuito\",\"rio grande do sul\",\"RS\"],\"articleSection\":[\"Cultura\"],\"inLanguage\":\"pt-BR\",\"potentialAction\":[{\"@type\":\"CommentAction\",\"name\":\"Comment\",\"target\":[\"https:\/\/jornaltimoneiro.com.br\/index.php\/2023\/04\/26\/carnaval-2023-desfiles-das-escolas-de-samba-de-canoas-acontecem-sabado-na-rua-republica\/#respond\"]}]},{\"@type\":\"WebPage\",\"@id\":\"https:\/\/jornaltimoneiro.com.br\/index.php\/2023\/04\/26\/carnaval-2023-desfiles-das-escolas-de-samba-de-canoas-acontecem-sabado-na-rua-republica\/\",\"url\":\"https:\/\/jornaltimoneiro.com.br\/index.php\/2023\/04\/26\/carnaval-2023-desfiles-das-escolas-de-samba-de-canoas-acontecem-sabado-na-rua-republica\/\",\"name\":\"CARNAVAL 2023: Desfiles das Escolas de Samba de Canoas acontecem s\u00e1bado na Rua Rep\u00fablica - O Timoneiro Jornal Canoas RS\",\"isPartOf\":{\"@id\":\"https:\/\/jornaltimoneiro.com.br\/#website\"},\"datePublished\":\"2023-04-26T16:38:10+00:00\",\"dateModified\":\"2023-04-27T20:59:26+00:00\",\"breadcrumb\":{\"@id\":\"https:\/\/jornaltimoneiro.com.br\/index.php\/2023\/04\/26\/carnaval-2023-desfiles-das-escolas-de-samba-de-canoas-acontecem-sabado-na-rua-republica\/#breadcrumb\"},\"inLanguage\":\"pt-BR\",\"potentialAction\":[{\"@type\":\"ReadAction\",\"target\":[\"https:\/\/jornaltimoneiro.com.br\/index.php\/2023\/04\/26\/carnaval-2023-desfiles-das-escolas-de-samba-de-canoas-acontecem-sabado-na-rua-republica\/\"]}]},{\"@type\":\"BreadcrumbList\",\"@id\":\"https:\/\/jornaltimoneiro.com.br\/index.php\/2023\/04\/26\/carnaval-2023-desfiles-das-escolas-de-samba-de-canoas-acontecem-sabado-na-rua-republica\/#breadcrumb\",\"itemListElement\":[{\"@type\":\"ListItem\",\"position\":1,\"name\":\"In\u00edcio\",\"item\":\"https:\/\/jornaltimoneiro.com.br\/\"},{\"@type\":\"ListItem\",\"position\":2,\"name\":\"CARNAVAL 2023: Desfiles das Escolas de Samba de Canoas acontecem s\u00e1bado na Rua Rep\u00fablica\"}]},{\"@type\":\"WebSite\",\"@id\":\"https:\/\/jornaltimoneiro.com.br\/#website\",\"url\":\"https:\/\/jornaltimoneiro.com.br\/\",\"name\":\"Jornal Timoneiro Canoas RS\",\"description\":\"Jornal O Timoneiro, o verdadeiro jornal de Canoas\",\"publisher\":{\"@id\":\"https:\/\/jornaltimoneiro.com.br\/#organization\"},\"potentialAction\":[{\"@type\":\"SearchAction\",\"target\":{\"@type\":\"EntryPoint\",\"urlTemplate\":\"https:\/\/jornaltimoneiro.com.br\/?s={search_term_string}\"},\"query-input\":\"required name=search_term_string\"}],\"inLanguage\":\"pt-BR\"},{\"@type\":\"Organization\",\"@id\":\"https:\/\/jornaltimoneiro.com.br\/#organization\",\"name\":\"Jornal Timoneiro Canoas RS\",\"url\":\"https:\/\/jornaltimoneiro.com.br\/\",\"logo\":{\"@type\":\"ImageObject\",\"inLanguage\":\"pt-BR\",\"@id\":\"https:\/\/jornaltimoneiro.com.br\/#\/schema\/logo\/image\/\",\"url\":\"https:\/\/jornaltimoneiro.com.br\/wp-content\/uploads\/2023\/03\/logonovo.png\",\"contentUrl\":\"https:\/\/jornaltimoneiro.com.br\/wp-content\/uploads\/2023\/03\/logonovo.png\",\"width\":\"469\",\"height\":\"171\",\"caption\":\"Jornal Timoneiro Canoas RS\"},\"image\":{\"@id\":\"https:\/\/jornaltimoneiro.com.br\/#\/schema\/logo\/image\/\"},\"sameAs\":[\"https:\/\/www.facebook.com\/jornaltimoneiro\",\"https:\/\/twitter.com\/_OTimoneiro\",\"https:\/\/www.instagram.com\/jornaltimoneirocanoas\/\",\"https:\/\/www.youtube.com\/@jornalotimoneiro7927\"]},{\"@type\":\"Person\",\"@id\":\"https:\/\/jornaltimoneiro.com.br\/#\/schema\/person\/f63482f1a02b1a9592707865e509ab40\",\"name\":\"Reda\u00e7\u00e3o\",\"image\":{\"@type\":\"ImageObject\",\"inLanguage\":\"pt-BR\",\"@id\":\"https:\/\/jornaltimoneiro.com.br\/#\/schema\/person\/image\/\",\"url\":\"https:\/\/jornaltimoneiro.com.br\/wp-content\/uploads\/2023\/03\/download.jpeg\",\"contentUrl\":\"https:\/\/jornaltimoneiro.com.br\/wp-content\/uploads\/2023\/03\/download.jpeg\",\"caption\":\"Reda\u00e7\u00e3o\"},\"url\":\"https:\/\/jornaltimoneiro.com.br\/index.php\/author\/simone-dutra\/\"}]}<\/script>\n<!-- \/ Yoast SEO plugin. -->","yoast_head_json":{"title":"CARNAVAL 2023: Desfiles das Escolas de Samba de Canoas acontecem s\u00e1bado na Rua Rep\u00fablica - O Timoneiro Jornal Canoas RS","robots":{"index":"index","follow":"follow","max-snippet":"max-snippet:-1","max-image-preview":"max-image-preview:large","max-video-preview":"max-video-preview:-1"},"canonical":"https:\/\/jornaltimoneiro.com.br\/index.php\/2023\/04\/26\/carnaval-2023-desfiles-das-escolas-de-samba-de-canoas-acontecem-sabado-na-rua-republica\/","og_locale":"pt_BR","og_type":"article","og_title":"CARNAVAL 2023: Desfiles das Escolas de Samba de Canoas acontecem s\u00e1bado na Rua Rep\u00fablica - O Timoneiro Jornal Canoas RS","og_description":"No pr\u00f3ximo s\u00e1bado, 29, oito escolas de samba se apresentam na Rua Rep\u00fablica (entre a Pra\u00e7a Harmonia e a Rua Rio Gravata\u00ed), no bairro Harmonia, a partir das 20h, com entrada gratuita. Segundo a secret\u00e1ria interina da Cultura, Cristina Colares, a expectativa \u00e9 alta para o evento. \u201cEssa festa popular, t\u00e3o importante para os canoenses, [&hellip;]","og_url":"https:\/\/jornaltimoneiro.com.br\/index.php\/2023\/04\/26\/carnaval-2023-desfiles-das-escolas-de-samba-de-canoas-acontecem-sabado-na-rua-republica\/","og_site_name":"O Timoneiro Jornal Canoas RS","article_publisher":"https:\/\/www.facebook.com\/jornaltimoneiro","article_published_time":"2023-04-26T16:38:10+00:00","article_modified_time":"2023-04-27T20:59:26+00:00","og_image":[{"width":"1080","height":"720","url":"https:\/\/jornaltimoneiro.com.br\/wp-content\/uploads\/2023\/02\/26_02-_CARNAVAL_MEU_LUGAR_Guilherme_Pereira-100.jpg","type":"image\/jpeg"}],"author":"Reda\u00e7\u00e3o","twitter_card":"summary_large_image","twitter_creator":"@_OTimoneiro","twitter_site":"@_OTimoneiro","twitter_misc":{"Escrito por":"Reda\u00e7\u00e3o","Est. tempo de leitura":"2 minutos"},"schema":{"@context":"https:\/\/schema.org","@graph":[{"@type":"Article","@id":"https:\/\/jornaltimoneiro.com.br\/index.php\/2023\/04\/26\/carnaval-2023-desfiles-das-escolas-de-samba-de-canoas-acontecem-sabado-na-rua-republica\/#article","isPartOf":{"@id":"https:\/\/jornaltimoneiro.com.br\/index.php\/2023\/04\/26\/carnaval-2023-desfiles-das-escolas-de-samba-de-canoas-acontecem-sabado-na-rua-republica\/"},"author":{"name":"Reda\u00e7\u00e3o","@id":"https:\/\/jornaltimoneiro.com.br\/#\/schema\/person\/f63482f1a02b1a9592707865e509ab40"},"headline":"CARNAVAL 2023: Desfiles das Escolas de Samba de Canoas acontecem s\u00e1bado na Rua Rep\u00fablica","datePublished":"2023-04-26T16:38:10+00:00","dateModified":"2023-04-27T20:59:26+00:00","mainEntityOfPage":{"@id":"https:\/\/jornaltimoneiro.com.br\/index.php\/2023\/04\/26\/carnaval-2023-desfiles-das-escolas-de-samba-de-canoas-acontecem-sabado-na-rua-republica\/"},"wordCount":285,"commentCount":0,"publisher":{"@id":"https:\/\/jornaltimoneiro.com.br\/#organization"},"keywords":["canoas","Carnaval","desfiles","escolas de samba","gratuito","rio grande do sul","RS"],"articleSection":["Cultura"],"inLanguage":"pt-BR","potentialAction":[{"@type":"CommentAction","name":"Comment","target":["https:\/\/jornaltimoneiro.com.br\/index.php\/2023\/04\/26\/carnaval-2023-desfiles-das-escolas-de-samba-de-canoas-acontecem-sabado-na-rua-republica\/#respond"]}]},{"@type":"WebPage","@id":"https:\/\/jornaltimoneiro.com.br\/index.php\/2023\/04\/26\/carnaval-2023-desfiles-das-escolas-de-samba-de-canoas-acontecem-sabado-na-rua-republica\/","url":"https:\/\/jornaltimoneiro.com.br\/index.php\/2023\/04\/26\/carnaval-2023-desfiles-das-escolas-de-samba-de-canoas-acontecem-sabado-na-rua-republica\/","name":"CARNAVAL 2023: Desfiles das Escolas de Samba de Canoas acontecem s\u00e1bado na Rua Rep\u00fablica - O Timoneiro Jornal Canoas RS","isPartOf":{"@id":"https:\/\/jornaltimoneiro.com.br\/#website"},"datePublished":"2023-04-26T16:38:10+00:00","dateModified":"2023-04-27T20:59:26+00:00","breadcrumb":{"@id":"https:\/\/jornaltimoneiro.com.br\/index.php\/2023\/04\/26\/carnaval-2023-desfiles-das-escolas-de-samba-de-canoas-acontecem-sabado-na-rua-republica\/#breadcrumb"},"inLanguage":"pt-BR","potentialAction":[{"@type":"ReadAction","target":["https:\/\/jornaltimoneiro.com.br\/index.php\/2023\/04\/26\/carnaval-2023-desfiles-das-escolas-de-samba-de-canoas-acontecem-sabado-na-rua-republica\/"]}]},{"@type":"BreadcrumbList","@id":"https:\/\/jornaltimoneiro.com.br\/index.php\/2023\/04\/26\/carnaval-2023-desfiles-das-escolas-de-samba-de-canoas-acontecem-sabado-na-rua-republica\/#breadcrumb","itemListElement":[{"@type":"ListItem","position":1,"name":"In\u00edcio","item":"https:\/\/jornaltimoneiro.com.br\/"},{"@type":"ListItem","position":2,"name":"CARNAVAL 2023: Desfiles das Escolas de Samba de Canoas acontecem s\u00e1bado na Rua Rep\u00fablica"}]},{"@type":"WebSite","@id":"https:\/\/jornaltimoneiro.com.br\/#website","url":"https:\/\/jornaltimoneiro.com.br\/","name":"Jornal Timoneiro Canoas RS","description":"Jornal O Timoneiro, o verdadeiro jornal de Canoas","publisher":{"@id":"https:\/\/jornaltimoneiro.com.br\/#organization"},"potentialAction":[{"@type":"SearchAction","target":{"@type":"EntryPoint","urlTemplate":"https:\/\/jornaltimoneiro.com.br\/?s={search_term_string}"},"query-input":"required name=search_term_string"}],"inLanguage":"pt-BR"},{"@type":"Organization","@id":"https:\/\/jornaltimoneiro.com.br\/#organization","name":"Jornal Timoneiro Canoas RS","url":"https:\/\/jornaltimoneiro.com.br\/","logo":{"@type":"ImageObject","inLanguage":"pt-BR","@id":"https:\/\/jornaltimoneiro.com.br\/#\/schema\/logo\/image\/","url":"https:\/\/jornaltimoneiro.com.br\/wp-content\/uploads\/2023\/03\/logonovo.png","contentUrl":"https:\/\/jornaltimoneiro.com.br\/wp-content\/uploads\/2023\/03\/logonovo.png","width":"469","height":"171","caption":"Jornal Timoneiro Canoas RS"},"image":{"@id":"https:\/\/jornaltimoneiro.com.br\/#\/schema\/logo\/image\/"},"sameAs":["https:\/\/www.facebook.com\/jornaltimoneiro","https:\/\/twitter.com\/_OTimoneiro","https:\/\/www.instagram.com\/jornaltimoneirocanoas\/","https:\/\/www.youtube.com\/@jornalotimoneiro7927"]},{"@type":"Person","@id":"https:\/\/jornaltimoneiro.com.br\/#\/schema\/person\/f63482f1a02b1a9592707865e509ab40","name":"Reda\u00e7\u00e3o","image":{"@type":"ImageObject","inLanguage":"pt-BR","@id":"https:\/\/jornaltimoneiro.com.br\/#\/schema\/person\/image\/","url":"https:\/\/jornaltimoneiro.com.br\/wp-content\/uploads\/2023\/03\/download.jpeg","contentUrl":"https:\/\/jornaltimoneiro.com.br\/wp-content\/uploads\/2023\/03\/download.jpeg","caption":"Reda\u00e7\u00e3o"},"url":"https:\/\/jornaltimoneiro.com.br\/index.php\/author\/simone-dutra\/"}]}},"_links":{"self":[{"href":"https:\/\/jornaltimoneiro.com.br\/index.php\/wp-json\/wp\/v2\/posts\/24180"}],"collection":[{"href":"https:\/\/jornaltimoneiro.com.br\/index.php\/wp-json\/wp\/v2\/posts"}],"about":[{"href":"https:\/\/jornaltimoneiro.com.br\/index.php\/wp-json\/wp\/v2\/types\/post"}],"author":[{"embeddable":true,"href":"https:\/\/jornaltimoneiro.com.br\/index.php\/wp-json\/wp\/v2\/users\/2"}],"replies":[{"embeddable":true,"href":"https:\/\/jornaltimoneiro.com.br\/index.php\/wp-json\/wp\/v2\/comments?post=24180"}],"version-history":[{"count":1,"href":"https:\/\/jornaltimoneiro.com.br\/index.php\/wp-json\/wp\/v2\/posts\/24180\/revisions"}],"predecessor-version":[{"id":24181,"href":"https:\/\/jornaltimoneiro.com.br\/index.php\/wp-json\/wp\/v2\/posts\/24180\/revisions\/24181"}],"wp:featuredmedia":[{"embeddable":true,"href":"https:\/\/jornaltimoneiro.com.br\/index.php\/wp-json\/wp\/v2\/media\/23505"}],"wp:attachment":[{"href":"https:\/\/jornaltimoneiro.com.br\/index.php\/wp-json\/wp\/v2\/media?parent=24180"}],"wp:term":[{"taxonomy":"category","embeddable":true,"href":"https:\/\/jornaltimoneiro.com.br\/index.php\/wp-json\/wp\/v2\/categories?post=24180"},{"taxonomy":"post_tag","embeddable":true,"href":"https:\/\/jornaltimoneiro.com.br\/index.php\/wp-json\/wp\/v2\/tags?post=24180"}],"curies":[{"name":"wp","href":"https:\/\/api.w.org\/{rel}","templated":true}]}}