{"id":24027,"date":"2023-04-11T16:58:05","date_gmt":"2023-04-11T19:58:05","guid":{"rendered":"https:\/\/jornaltimoneiro.com.br\/?p=24027"},"modified":"2023-04-11T16:58:05","modified_gmt":"2023-04-11T19:58:05","slug":"lei-paulo-gustavo-destinara-r-26-milhoes-a-cultura-de-canoas","status":"publish","type":"post","link":"https:\/\/jornaltimoneiro.com.br\/index.php\/2023\/04\/11\/lei-paulo-gustavo-destinara-r-26-milhoes-a-cultura-de-canoas\/","title":{"rendered":"Lei Paulo Gustavo destinar\u00e1 R$ 2,6 milh\u00f5es \u00e0 Cultura de Canoas"},"content":{"rendered":"<p>A implanta\u00e7\u00e3o da nova legisla\u00e7\u00e3o no estado foi discutida, na tarde de segunda-feira, 10, em audi\u00eancia p\u00fablica da Comiss\u00e3o de Educa\u00e7\u00e3o, Cultura, Desporto, Ci\u00eancia e Tecnologia, por iniciativa da presidente do colegiado, deputada Sofia Cavedon (PT).<\/p>\n<p>A audi\u00eancia p\u00fablica da Comiss\u00e3o de Educa\u00e7\u00e3o debateu a implanta\u00e7\u00e3o da nova legisla\u00e7\u00e3o no Rio Grande do Sul. Ser\u00e3o repassados ao estado e aos munic\u00edpios ga\u00fachos mais de R$ 198 milh\u00f5es para financiar a\u00e7\u00f5es de cultura at\u00e9 o final de 2023.<\/p>\n<p><strong>Lei Paulo Gustavo<\/strong><\/p>\n<p>Conhecida como Paulo Gustavo, a legisla\u00e7\u00e3o prev\u00ea o repasse de R$ 3,86 bilh\u00f5es do super\u00e1vit do Fundo Nacional de Cultura (FNC) a estados, a munic\u00edpios e ao Distrito Federal. Segundo o secret\u00e1rio de Articula\u00e7\u00e3o e Governan\u00e7a do Minist\u00e9rio da Cultura, Pedro Vasconcelos, trata-se do maior investimento descentralizado na \u00e1rea cultural brasileira at\u00e9 agora. Todos os estados e prefeituras que apresentarem os seus planos de trabalho ter\u00e3o acesso aos recursos. No Rio Grande do Sul, os munic\u00edpios mais populosos receber\u00e3o montantes superiores a R$ 1 milh\u00e3o. Porto Alegre, por exemplo, ser\u00e1 contemplado com R$ 11,3 milh\u00f5es, enquanto Caxias do Sul receber\u00e1 R$ 3,8 milh\u00f5es e Canoas R$ 2,6 milh\u00f5es. Ao todo, os 495 munic\u00edpios ga\u00fachos ganhar\u00e3o R$ 104,6 milh\u00f5es para fomentar o setor cultural.<\/p>\n<p>Al\u00e9m dos repasses diretos para os fundos municipais, o governo do estado ser\u00e1 contemplado com R$ 93,3 milh\u00f5es. Tanto as a\u00e7\u00f5es desencadeadas nos munic\u00edpios quanto as patrocinadas pelo estado dever\u00e3o mirar quatro \u00e1reas: apoio a produ\u00e7\u00f5es audiovisuais; apoio a salas de cinema; capacita\u00e7\u00e3o, forma\u00e7\u00e3o e qualifica\u00e7\u00e3o no audiovisual e apoio aos demais segmentos culturais.<\/p>\n<p>Vasconcelos alertou que para acessar os recursos os munic\u00edpios devem ter seus sistemas de cultura estruturados. Basicamente, devem ter plano municipal de cultura, conselho de cultura e fundo municipal de cultura. E \u00e9 a\u00ed que podem estar os principais obst\u00e1culos para tirar a lei do papel. Conforme o representante da Federa\u00e7\u00e3o das Associa\u00e7\u00f5es dos Munic\u00edpios do Rio Grande do Sul (Famurs), Vin\u00edcius Brito, pelo menos, 300 cidades ga\u00fachas n\u00e3o aprovaram ainda estas estruturas. O maior problema, segundo ele, s\u00e3o as pequenas localidades com at\u00e9 cinco mil habitantes que, na maioria das vezes, n\u00e3o contam sequer com secretarias de cultura.<\/p>\n<p>At\u00e9 o final de abril, o MinC ir\u00e1 finalizar a regulamenta\u00e7\u00e3o da nova lei. E, em maio, os recursos come\u00e7ar\u00e3o a ser liberados.<\/p>\n<p><strong>D\u00favidas e pleitos<\/strong><strong><br \/>\n<\/strong><br \/>\nCom a participa\u00e7\u00e3o presencial e virtual de integrantes de todos os segmentos culturais, a audi\u00eancia foi marcada por d\u00favidas sobre a operacionaliza\u00e7\u00e3o dos recursos e pleitos dos artistas. Uma das preocupa\u00e7\u00f5es recorrentes foi com a maneira de fazer com que os recursos cheguem ao p\u00fablico que mais sofreu na pandemia e que, historicamente, esteve alijado de pol\u00edticas p\u00fablicas. \u201cA Lei Paulo Gustavo nos d\u00e1 a oportunidade de olhar para os invis\u00edveis, ou seja, para quem faz cultura popular, os circenses, os quilombolas, os artes\u00e3os e capoeiristas\u201d, listou a presidente do Conselho Estadual de Cultura, Consuelo Vallandro.<\/p>\n<p>Ela sugeriu que o Poder P\u00fablico adote um sistema de busca ativa para saber quem s\u00e3o e quantos s\u00e3o os artistas que comp\u00f5em o p\u00fablico alvo da nova legisla\u00e7\u00e3o.<\/p>\n<p>Na mesma linha, a diretora do Sindicato dos Artistas e T\u00e9cnicos em Espet\u00e1culos de Divers\u00e3o do RS (Sated), Adriane Azevedo, defendeu a realiza\u00e7\u00e3o de busca ativa por mapeamento, al\u00e9m de cobrar aux\u00edlio para artistas idosos \u201cque nunca pagaram o INSS\u201d.<\/p>\n<p>J\u00e1 o ativista do Movimento Negro e representante do segmento Hip Hop, Eduardo Tamboreiro, manifestou preocupa\u00e7\u00e3o com o destino final dos recursos em comunidades onde n\u00e3o h\u00e1 controle externo e pediu empenho para que cheguem nas periferias. \u201cA cultura salva vidas. Muitas vezes, ela \u00e9 nosso principal instrumento para disputar a juventude com atividades ilegais\u201d, apontou.<\/p>\n<p><strong>Encaminhamentos<\/strong><strong><br \/>\n<\/strong><br \/>\nA proponente da audi\u00eancia anunciou no final do encontro que ir\u00e1 reativar o grupo de trabalho interinstitucional da cultura junto \u00e0 comiss\u00e3o para divulgar a lei, monitorar sua aplica\u00e7\u00e3o e apoiar aos munic\u00edpios que ainda n\u00e3o contam com sistemas de culturas institu\u00eddos. Al\u00e9m disso, Sofia ir\u00e1 propor a realiza\u00e7\u00e3o de um curso para a elabora\u00e7\u00e3o de projetos nos moldes exigidos pelo MinC a ser veiculado pela TV Assembleia e agendar uma reuni\u00e3o com o governo do estado para saber como o Poder Executivo est\u00e1 encaminhando o processo para a implementa\u00e7\u00e3o da Lei Paulo Gustavo no Rio Grande do Sul.<\/p>\n<p>O secret\u00e1rio do Minist\u00e9rio da Cultura anunciou que ser\u00e1 criado em cada estado um escrit\u00f3rio para orientar e acompanhar a execu\u00e7\u00e3o da lei e que entidades da sociedade civil ser\u00e3o chamadas para instituir comit\u00eas estaduais de cultura para fiscalizar e aprimorar a nova legisla\u00e7\u00e3o. \u201cAcredito que a Lei Paulo Gustavo tem potencial para se constituir numa pol\u00edtica permanente de repasse fundo a fundo, que se perpetue independentemente de mudan\u00e7as de governo e humores de governantes\u201d, frisou Vasconcelos.<\/p>\n","protected":false},"excerpt":{"rendered":"<p>A implanta\u00e7\u00e3o da nova legisla\u00e7\u00e3o no estado foi discutida, na tarde de segunda-feira, 10, em audi\u00eancia p\u00fablica da Comiss\u00e3o de Educa\u00e7\u00e3o, Cultura, Desporto, Ci\u00eancia e Tecnologia, por iniciativa da presidente do colegiado, deputada Sofia Cavedon (PT). A audi\u00eancia p\u00fablica da Comiss\u00e3o de Educa\u00e7\u00e3o debateu a implanta\u00e7\u00e3o da nova legisla\u00e7\u00e3o no Rio Grande do Sul. Ser\u00e3o [&hellip;]<\/p>\n","protected":false},"author":2,"featured_media":24029,"comment_status":"open","ping_status":"open","sticky":false,"template":"","format":"standard","meta":{"amp_status":"","footnotes":""},"categories":[76,19],"tags":[190],"class_list":["post-24027","post","type-post","status-publish","format-standard","has-post-thumbnail","hentry","category-cultura","category-destaques","tag-featured"],"yoast_head":"<!-- This site is optimized with the Yoast SEO plugin v20.5 - https:\/\/yoast.com\/wordpress\/plugins\/seo\/ -->\n<title>Lei Paulo Gustavo destinar\u00e1 R$ 2,6 milh\u00f5es \u00e0 Cultura de Canoas - O Timoneiro Jornal Canoas RS<\/title>\n<meta name=\"robots\" content=\"index, follow, max-snippet:-1, max-image-preview:large, max-video-preview:-1\" \/>\n<link rel=\"canonical\" href=\"https:\/\/jornaltimoneiro.com.br\/index.php\/2023\/04\/11\/lei-paulo-gustavo-destinara-r-26-milhoes-a-cultura-de-canoas\/\" \/>\n<meta property=\"og:locale\" content=\"pt_BR\" \/>\n<meta property=\"og:type\" content=\"article\" \/>\n<meta property=\"og:title\" content=\"Lei Paulo Gustavo destinar\u00e1 R$ 2,6 milh\u00f5es \u00e0 Cultura de Canoas - O Timoneiro Jornal Canoas RS\" \/>\n<meta property=\"og:description\" content=\"A implanta\u00e7\u00e3o da nova legisla\u00e7\u00e3o no estado foi discutida, na tarde de segunda-feira, 10, em audi\u00eancia p\u00fablica da Comiss\u00e3o de Educa\u00e7\u00e3o, Cultura, Desporto, Ci\u00eancia e Tecnologia, por iniciativa da presidente do colegiado, deputada Sofia Cavedon (PT). A audi\u00eancia p\u00fablica da Comiss\u00e3o de Educa\u00e7\u00e3o debateu a implanta\u00e7\u00e3o da nova legisla\u00e7\u00e3o no Rio Grande do Sul. Ser\u00e3o [&hellip;]\" \/>\n<meta property=\"og:url\" content=\"https:\/\/jornaltimoneiro.com.br\/index.php\/2023\/04\/11\/lei-paulo-gustavo-destinara-r-26-milhoes-a-cultura-de-canoas\/\" \/>\n<meta property=\"og:site_name\" content=\"O Timoneiro Jornal Canoas RS\" \/>\n<meta property=\"article:publisher\" content=\"https:\/\/www.facebook.com\/jornaltimoneiro\" \/>\n<meta property=\"article:published_time\" content=\"2023-04-11T19:58:05+00:00\" \/>\n<meta property=\"og:image\" content=\"https:\/\/jornaltimoneiro.com.br\/wp-content\/uploads\/2023\/04\/361490_G.jpeg\" \/>\n\t<meta property=\"og:image:width\" content=\"1080\" \/>\n\t<meta property=\"og:image:height\" content=\"721\" \/>\n\t<meta property=\"og:image:type\" content=\"image\/jpeg\" \/>\n<meta name=\"author\" content=\"Reda\u00e7\u00e3o\" \/>\n<meta name=\"twitter:card\" content=\"summary_large_image\" \/>\n<meta name=\"twitter:creator\" content=\"@_OTimoneiro\" \/>\n<meta name=\"twitter:site\" content=\"@_OTimoneiro\" \/>\n<meta name=\"twitter:label1\" content=\"Escrito por\" \/>\n\t<meta name=\"twitter:data1\" content=\"Reda\u00e7\u00e3o\" \/>\n\t<meta name=\"twitter:label2\" content=\"Est. tempo de leitura\" \/>\n\t<meta name=\"twitter:data2\" content=\"5 minutos\" \/>\n<script type=\"application\/ld+json\" class=\"yoast-schema-graph\">{\"@context\":\"https:\/\/schema.org\",\"@graph\":[{\"@type\":\"Article\",\"@id\":\"https:\/\/jornaltimoneiro.com.br\/index.php\/2023\/04\/11\/lei-paulo-gustavo-destinara-r-26-milhoes-a-cultura-de-canoas\/#article\",\"isPartOf\":{\"@id\":\"https:\/\/jornaltimoneiro.com.br\/index.php\/2023\/04\/11\/lei-paulo-gustavo-destinara-r-26-milhoes-a-cultura-de-canoas\/\"},\"author\":{\"name\":\"Reda\u00e7\u00e3o\",\"@id\":\"https:\/\/jornaltimoneiro.com.br\/#\/schema\/person\/f63482f1a02b1a9592707865e509ab40\"},\"headline\":\"Lei Paulo Gustavo destinar\u00e1 R$ 2,6 milh\u00f5es \u00e0 Cultura de Canoas\",\"datePublished\":\"2023-04-11T19:58:05+00:00\",\"dateModified\":\"2023-04-11T19:58:05+00:00\",\"mainEntityOfPage\":{\"@id\":\"https:\/\/jornaltimoneiro.com.br\/index.php\/2023\/04\/11\/lei-paulo-gustavo-destinara-r-26-milhoes-a-cultura-de-canoas\/\"},\"wordCount\":879,\"commentCount\":0,\"publisher\":{\"@id\":\"https:\/\/jornaltimoneiro.com.br\/#organization\"},\"keywords\":[\"featured\"],\"articleSection\":[\"Cultura\",\"Destaques\"],\"inLanguage\":\"pt-BR\",\"potentialAction\":[{\"@type\":\"CommentAction\",\"name\":\"Comment\",\"target\":[\"https:\/\/jornaltimoneiro.com.br\/index.php\/2023\/04\/11\/lei-paulo-gustavo-destinara-r-26-milhoes-a-cultura-de-canoas\/#respond\"]}]},{\"@type\":\"WebPage\",\"@id\":\"https:\/\/jornaltimoneiro.com.br\/index.php\/2023\/04\/11\/lei-paulo-gustavo-destinara-r-26-milhoes-a-cultura-de-canoas\/\",\"url\":\"https:\/\/jornaltimoneiro.com.br\/index.php\/2023\/04\/11\/lei-paulo-gustavo-destinara-r-26-milhoes-a-cultura-de-canoas\/\",\"name\":\"Lei Paulo Gustavo destinar\u00e1 R$ 2,6 milh\u00f5es \u00e0 Cultura de Canoas - O Timoneiro Jornal Canoas RS\",\"isPartOf\":{\"@id\":\"https:\/\/jornaltimoneiro.com.br\/#website\"},\"datePublished\":\"2023-04-11T19:58:05+00:00\",\"dateModified\":\"2023-04-11T19:58:05+00:00\",\"breadcrumb\":{\"@id\":\"https:\/\/jornaltimoneiro.com.br\/index.php\/2023\/04\/11\/lei-paulo-gustavo-destinara-r-26-milhoes-a-cultura-de-canoas\/#breadcrumb\"},\"inLanguage\":\"pt-BR\",\"potentialAction\":[{\"@type\":\"ReadAction\",\"target\":[\"https:\/\/jornaltimoneiro.com.br\/index.php\/2023\/04\/11\/lei-paulo-gustavo-destinara-r-26-milhoes-a-cultura-de-canoas\/\"]}]},{\"@type\":\"BreadcrumbList\",\"@id\":\"https:\/\/jornaltimoneiro.com.br\/index.php\/2023\/04\/11\/lei-paulo-gustavo-destinara-r-26-milhoes-a-cultura-de-canoas\/#breadcrumb\",\"itemListElement\":[{\"@type\":\"ListItem\",\"position\":1,\"name\":\"In\u00edcio\",\"item\":\"https:\/\/jornaltimoneiro.com.br\/\"},{\"@type\":\"ListItem\",\"position\":2,\"name\":\"Lei Paulo Gustavo destinar\u00e1 R$ 2,6 milh\u00f5es \u00e0 Cultura de Canoas\"}]},{\"@type\":\"WebSite\",\"@id\":\"https:\/\/jornaltimoneiro.com.br\/#website\",\"url\":\"https:\/\/jornaltimoneiro.com.br\/\",\"name\":\"Jornal Timoneiro Canoas RS\",\"description\":\"Jornal O Timoneiro, o verdadeiro jornal de Canoas\",\"publisher\":{\"@id\":\"https:\/\/jornaltimoneiro.com.br\/#organization\"},\"potentialAction\":[{\"@type\":\"SearchAction\",\"target\":{\"@type\":\"EntryPoint\",\"urlTemplate\":\"https:\/\/jornaltimoneiro.com.br\/?s={search_term_string}\"},\"query-input\":\"required name=search_term_string\"}],\"inLanguage\":\"pt-BR\"},{\"@type\":\"Organization\",\"@id\":\"https:\/\/jornaltimoneiro.com.br\/#organization\",\"name\":\"Jornal Timoneiro Canoas RS\",\"url\":\"https:\/\/jornaltimoneiro.com.br\/\",\"logo\":{\"@type\":\"ImageObject\",\"inLanguage\":\"pt-BR\",\"@id\":\"https:\/\/jornaltimoneiro.com.br\/#\/schema\/logo\/image\/\",\"url\":\"https:\/\/jornaltimoneiro.com.br\/wp-content\/uploads\/2023\/03\/logonovo.png\",\"contentUrl\":\"https:\/\/jornaltimoneiro.com.br\/wp-content\/uploads\/2023\/03\/logonovo.png\",\"width\":\"469\",\"height\":\"171\",\"caption\":\"Jornal Timoneiro Canoas RS\"},\"image\":{\"@id\":\"https:\/\/jornaltimoneiro.com.br\/#\/schema\/logo\/image\/\"},\"sameAs\":[\"https:\/\/www.facebook.com\/jornaltimoneiro\",\"https:\/\/twitter.com\/_OTimoneiro\",\"https:\/\/www.instagram.com\/jornaltimoneirocanoas\/\",\"https:\/\/www.youtube.com\/@jornalotimoneiro7927\"]},{\"@type\":\"Person\",\"@id\":\"https:\/\/jornaltimoneiro.com.br\/#\/schema\/person\/f63482f1a02b1a9592707865e509ab40\",\"name\":\"Reda\u00e7\u00e3o\",\"image\":{\"@type\":\"ImageObject\",\"inLanguage\":\"pt-BR\",\"@id\":\"https:\/\/jornaltimoneiro.com.br\/#\/schema\/person\/image\/\",\"url\":\"https:\/\/jornaltimoneiro.com.br\/wp-content\/uploads\/2023\/03\/download.jpeg\",\"contentUrl\":\"https:\/\/jornaltimoneiro.com.br\/wp-content\/uploads\/2023\/03\/download.jpeg\",\"caption\":\"Reda\u00e7\u00e3o\"},\"url\":\"https:\/\/jornaltimoneiro.com.br\/index.php\/author\/simone-dutra\/\"}]}<\/script>\n<!-- \/ Yoast SEO plugin. -->","yoast_head_json":{"title":"Lei Paulo Gustavo destinar\u00e1 R$ 2,6 milh\u00f5es \u00e0 Cultura de Canoas - O Timoneiro Jornal Canoas RS","robots":{"index":"index","follow":"follow","max-snippet":"max-snippet:-1","max-image-preview":"max-image-preview:large","max-video-preview":"max-video-preview:-1"},"canonical":"https:\/\/jornaltimoneiro.com.br\/index.php\/2023\/04\/11\/lei-paulo-gustavo-destinara-r-26-milhoes-a-cultura-de-canoas\/","og_locale":"pt_BR","og_type":"article","og_title":"Lei Paulo Gustavo destinar\u00e1 R$ 2,6 milh\u00f5es \u00e0 Cultura de Canoas - O Timoneiro Jornal Canoas RS","og_description":"A implanta\u00e7\u00e3o da nova legisla\u00e7\u00e3o no estado foi discutida, na tarde de segunda-feira, 10, em audi\u00eancia p\u00fablica da Comiss\u00e3o de Educa\u00e7\u00e3o, Cultura, Desporto, Ci\u00eancia e Tecnologia, por iniciativa da presidente do colegiado, deputada Sofia Cavedon (PT). A audi\u00eancia p\u00fablica da Comiss\u00e3o de Educa\u00e7\u00e3o debateu a implanta\u00e7\u00e3o da nova legisla\u00e7\u00e3o no Rio Grande do Sul. Ser\u00e3o [&hellip;]","og_url":"https:\/\/jornaltimoneiro.com.br\/index.php\/2023\/04\/11\/lei-paulo-gustavo-destinara-r-26-milhoes-a-cultura-de-canoas\/","og_site_name":"O Timoneiro Jornal Canoas RS","article_publisher":"https:\/\/www.facebook.com\/jornaltimoneiro","article_published_time":"2023-04-11T19:58:05+00:00","og_image":[{"width":"1080","height":"721","url":"https:\/\/jornaltimoneiro.com.br\/wp-content\/uploads\/2023\/04\/361490_G.jpeg","type":"image\/jpeg"}],"author":"Reda\u00e7\u00e3o","twitter_card":"summary_large_image","twitter_creator":"@_OTimoneiro","twitter_site":"@_OTimoneiro","twitter_misc":{"Escrito por":"Reda\u00e7\u00e3o","Est. tempo de leitura":"5 minutos"},"schema":{"@context":"https:\/\/schema.org","@graph":[{"@type":"Article","@id":"https:\/\/jornaltimoneiro.com.br\/index.php\/2023\/04\/11\/lei-paulo-gustavo-destinara-r-26-milhoes-a-cultura-de-canoas\/#article","isPartOf":{"@id":"https:\/\/jornaltimoneiro.com.br\/index.php\/2023\/04\/11\/lei-paulo-gustavo-destinara-r-26-milhoes-a-cultura-de-canoas\/"},"author":{"name":"Reda\u00e7\u00e3o","@id":"https:\/\/jornaltimoneiro.com.br\/#\/schema\/person\/f63482f1a02b1a9592707865e509ab40"},"headline":"Lei Paulo Gustavo destinar\u00e1 R$ 2,6 milh\u00f5es \u00e0 Cultura de Canoas","datePublished":"2023-04-11T19:58:05+00:00","dateModified":"2023-04-11T19:58:05+00:00","mainEntityOfPage":{"@id":"https:\/\/jornaltimoneiro.com.br\/index.php\/2023\/04\/11\/lei-paulo-gustavo-destinara-r-26-milhoes-a-cultura-de-canoas\/"},"wordCount":879,"commentCount":0,"publisher":{"@id":"https:\/\/jornaltimoneiro.com.br\/#organization"},"keywords":["featured"],"articleSection":["Cultura","Destaques"],"inLanguage":"pt-BR","potentialAction":[{"@type":"CommentAction","name":"Comment","target":["https:\/\/jornaltimoneiro.com.br\/index.php\/2023\/04\/11\/lei-paulo-gustavo-destinara-r-26-milhoes-a-cultura-de-canoas\/#respond"]}]},{"@type":"WebPage","@id":"https:\/\/jornaltimoneiro.com.br\/index.php\/2023\/04\/11\/lei-paulo-gustavo-destinara-r-26-milhoes-a-cultura-de-canoas\/","url":"https:\/\/jornaltimoneiro.com.br\/index.php\/2023\/04\/11\/lei-paulo-gustavo-destinara-r-26-milhoes-a-cultura-de-canoas\/","name":"Lei Paulo Gustavo destinar\u00e1 R$ 2,6 milh\u00f5es \u00e0 Cultura de Canoas - O Timoneiro Jornal Canoas RS","isPartOf":{"@id":"https:\/\/jornaltimoneiro.com.br\/#website"},"datePublished":"2023-04-11T19:58:05+00:00","dateModified":"2023-04-11T19:58:05+00:00","breadcrumb":{"@id":"https:\/\/jornaltimoneiro.com.br\/index.php\/2023\/04\/11\/lei-paulo-gustavo-destinara-r-26-milhoes-a-cultura-de-canoas\/#breadcrumb"},"inLanguage":"pt-BR","potentialAction":[{"@type":"ReadAction","target":["https:\/\/jornaltimoneiro.com.br\/index.php\/2023\/04\/11\/lei-paulo-gustavo-destinara-r-26-milhoes-a-cultura-de-canoas\/"]}]},{"@type":"BreadcrumbList","@id":"https:\/\/jornaltimoneiro.com.br\/index.php\/2023\/04\/11\/lei-paulo-gustavo-destinara-r-26-milhoes-a-cultura-de-canoas\/#breadcrumb","itemListElement":[{"@type":"ListItem","position":1,"name":"In\u00edcio","item":"https:\/\/jornaltimoneiro.com.br\/"},{"@type":"ListItem","position":2,"name":"Lei Paulo Gustavo destinar\u00e1 R$ 2,6 milh\u00f5es \u00e0 Cultura de Canoas"}]},{"@type":"WebSite","@id":"https:\/\/jornaltimoneiro.com.br\/#website","url":"https:\/\/jornaltimoneiro.com.br\/","name":"Jornal Timoneiro Canoas RS","description":"Jornal O Timoneiro, o verdadeiro jornal de Canoas","publisher":{"@id":"https:\/\/jornaltimoneiro.com.br\/#organization"},"potentialAction":[{"@type":"SearchAction","target":{"@type":"EntryPoint","urlTemplate":"https:\/\/jornaltimoneiro.com.br\/?s={search_term_string}"},"query-input":"required name=search_term_string"}],"inLanguage":"pt-BR"},{"@type":"Organization","@id":"https:\/\/jornaltimoneiro.com.br\/#organization","name":"Jornal Timoneiro Canoas RS","url":"https:\/\/jornaltimoneiro.com.br\/","logo":{"@type":"ImageObject","inLanguage":"pt-BR","@id":"https:\/\/jornaltimoneiro.com.br\/#\/schema\/logo\/image\/","url":"https:\/\/jornaltimoneiro.com.br\/wp-content\/uploads\/2023\/03\/logonovo.png","contentUrl":"https:\/\/jornaltimoneiro.com.br\/wp-content\/uploads\/2023\/03\/logonovo.png","width":"469","height":"171","caption":"Jornal Timoneiro Canoas RS"},"image":{"@id":"https:\/\/jornaltimoneiro.com.br\/#\/schema\/logo\/image\/"},"sameAs":["https:\/\/www.facebook.com\/jornaltimoneiro","https:\/\/twitter.com\/_OTimoneiro","https:\/\/www.instagram.com\/jornaltimoneirocanoas\/","https:\/\/www.youtube.com\/@jornalotimoneiro7927"]},{"@type":"Person","@id":"https:\/\/jornaltimoneiro.com.br\/#\/schema\/person\/f63482f1a02b1a9592707865e509ab40","name":"Reda\u00e7\u00e3o","image":{"@type":"ImageObject","inLanguage":"pt-BR","@id":"https:\/\/jornaltimoneiro.com.br\/#\/schema\/person\/image\/","url":"https:\/\/jornaltimoneiro.com.br\/wp-content\/uploads\/2023\/03\/download.jpeg","contentUrl":"https:\/\/jornaltimoneiro.com.br\/wp-content\/uploads\/2023\/03\/download.jpeg","caption":"Reda\u00e7\u00e3o"},"url":"https:\/\/jornaltimoneiro.com.br\/index.php\/author\/simone-dutra\/"}]}},"_links":{"self":[{"href":"https:\/\/jornaltimoneiro.com.br\/index.php\/wp-json\/wp\/v2\/posts\/24027"}],"collection":[{"href":"https:\/\/jornaltimoneiro.com.br\/index.php\/wp-json\/wp\/v2\/posts"}],"about":[{"href":"https:\/\/jornaltimoneiro.com.br\/index.php\/wp-json\/wp\/v2\/types\/post"}],"author":[{"embeddable":true,"href":"https:\/\/jornaltimoneiro.com.br\/index.php\/wp-json\/wp\/v2\/users\/2"}],"replies":[{"embeddable":true,"href":"https:\/\/jornaltimoneiro.com.br\/index.php\/wp-json\/wp\/v2\/comments?post=24027"}],"version-history":[{"count":1,"href":"https:\/\/jornaltimoneiro.com.br\/index.php\/wp-json\/wp\/v2\/posts\/24027\/revisions"}],"predecessor-version":[{"id":24030,"href":"https:\/\/jornaltimoneiro.com.br\/index.php\/wp-json\/wp\/v2\/posts\/24027\/revisions\/24030"}],"wp:featuredmedia":[{"embeddable":true,"href":"https:\/\/jornaltimoneiro.com.br\/index.php\/wp-json\/wp\/v2\/media\/24029"}],"wp:attachment":[{"href":"https:\/\/jornaltimoneiro.com.br\/index.php\/wp-json\/wp\/v2\/media?parent=24027"}],"wp:term":[{"taxonomy":"category","embeddable":true,"href":"https:\/\/jornaltimoneiro.com.br\/index.php\/wp-json\/wp\/v2\/categories?post=24027"},{"taxonomy":"post_tag","embeddable":true,"href":"https:\/\/jornaltimoneiro.com.br\/index.php\/wp-json\/wp\/v2\/tags?post=24027"}],"curies":[{"name":"wp","href":"https:\/\/api.w.org\/{rel}","templated":true}]}}