{"id":239,"date":"2015-05-29T09:14:02","date_gmt":"2015-05-29T12:14:02","guid":{"rendered":"http:\/\/otimoneiro.com.br\/?p=239"},"modified":"2015-05-29T09:14:02","modified_gmt":"2015-05-29T12:14:02","slug":"prefeitura-se-contradiz-e-confirma-falta-de-professores","status":"publish","type":"post","link":"https:\/\/jornaltimoneiro.com.br\/index.php\/2015\/05\/29\/prefeitura-se-contradiz-e-confirma-falta-de-professores\/","title":{"rendered":"Prefeitura se contradiz e confirma falta de professores"},"content":{"rendered":"<p>A Prefeitura de Canoas anunciou que suprir\u00e1 a falta de professores nas escolas a partir da \u00faltima quarta-feira, 27. A medida \u00e9 uma resposta \u00e0 falta de docentes na cidade, principalmente em fun\u00e7\u00e3o da licen\u00e7a-sa\u00fade. Ao todo, ser\u00e3o 192 novos profissionais em sala de aula, contrariando a afirma\u00e7\u00e3o de que n\u00e3o faltavam professores, dada pelo munic\u00edpio no in\u00edcio do m\u00eas.<\/p>\n<p>Durante as manifesta\u00e7\u00f5es realizadas no munic\u00edpio no in\u00edcio deste m\u00eas, a Prefeitura Municipal de Canoas (PMC) informou a m\u00eddia informa\u00e7\u00f5es que entraram em conflito com o que os manifestantes afirmavam. O pagamento do piso de R$3.580 \u00e9 uma delas, questionada pelo docente Reginaldo Tupinamb\u00e1s Madruga, que afirmou: &#8220;a equipe de reportagem presente na reivindica\u00e7\u00e3o que h\u00e1 oito anos leciona em Canoas e \u201ccomo professor de escola, n\u00e3o ganho estes R$3.580,00 que foram apresentadas nas propagandas veiculadas na m\u00eddia\u201d. A segunda delas \u00e9 a falta de professores nas escolas, informa\u00e7\u00e3o massivamente negada pelo governo que, na \u00faltima semana, anunciou o remanejamento de 55 professores da rede e a contrata\u00e7\u00e3o de novos 137.<br \/>\nEm nota enviada no dia 22 de maio de 2015, a PMC anunciou que \u201csuprir\u00e1 100% da falta de professores\u201d. Em reuni\u00e3o com diretores de escolas municipais realizada na sexta-feira, 22 de maio, Jairo Jorge (PT) anunciou o envio de 55 professores, que atuavam na Secretaria Municipal de Educa\u00e7\u00e3o, para as salas de aula. A nota continua informando que \u201ca medida garante a substitui\u00e7\u00e3o de professores em licen\u00e7a-sa\u00fade e atende, em 100%, a demanda criada com a falta de docentes nas escolas\u201d, contradizendo a informa\u00e7\u00e3o do Executivo de que n\u00e3o havia falta de profissionais na cidade ainda no in\u00edcio do m\u00eas. Paralelamente, ser\u00e3o convocados mais 137 professores, aprovados em concurso p\u00fablico.<br \/>\nO Prefeito anunciou, ainda, a cria\u00e7\u00e3o de uma Ouvidoria da Educa\u00e7\u00e3o, que vai percorrer as escolas para colher sugest\u00f5es de professores, gestores e supervisores, al\u00e9m de realizar despachos administrativos com os diretores.<br \/>\nAs medidas estabelecem um canal de comunica\u00e7\u00e3o direta com professores, e atende reivindica\u00e7\u00e3o da categoria. As fun\u00e7\u00f5es da Ouvidoria ser\u00e3o desempenhadas pelo professor Rog\u00e9rio Cemin e pela professora Let\u00edcia Weber, que ocupar\u00e1 a Secretaria-Executiva.<br \/>\nSer\u00e1 ampliado o prazo para ingresso ao Novo Plano de Carreira dos Professores, que tem a data de 1\u00ba de junho prorrogada para 1\u00ba de dezembro, em projeto de lei que ser\u00e1 enviado pelo Executivo \u00e0 C\u00e2mara de Vereadores. O prefeito Jairo Jorge anunciou, tamb\u00e9m, a realiza\u00e7\u00e3o de oficinas nas escolas para orienta\u00e7\u00f5es espec\u00edficas sobre Plano de Carreira.<\/p>\n","protected":false},"excerpt":{"rendered":"<p>A Prefeitura de Canoas anunciou que suprir\u00e1 a falta de professores nas escolas a partir da \u00faltima quarta-feira, 27. A medida \u00e9 uma resposta \u00e0 falta de docentes na cidade, principalmente em fun\u00e7\u00e3o da licen\u00e7a-sa\u00fade. Ao todo, ser\u00e3o 192 novos profissionais em sala de aula, contrariando a afirma\u00e7\u00e3o de que n\u00e3o faltavam professores, dada pelo [&hellip;]<\/p>\n","protected":false},"author":1,"featured_media":0,"comment_status":"open","ping_status":"open","sticky":false,"template":"","format":"standard","meta":{"amp_status":"","footnotes":""},"categories":[19,27],"tags":[],"class_list":["post-239","post","type-post","status-publish","format-standard","hentry","category-destaques","category-ensino"],"yoast_head":"<!-- This site is optimized with the Yoast SEO plugin v20.5 - https:\/\/yoast.com\/wordpress\/plugins\/seo\/ -->\n<title>Prefeitura se contradiz e confirma falta de professores - O Timoneiro Jornal Canoas RS<\/title>\n<meta name=\"robots\" content=\"index, follow, max-snippet:-1, max-image-preview:large, max-video-preview:-1\" \/>\n<link rel=\"canonical\" href=\"https:\/\/jornaltimoneiro.com.br\/index.php\/2015\/05\/29\/prefeitura-se-contradiz-e-confirma-falta-de-professores\/\" \/>\n<meta property=\"og:locale\" content=\"pt_BR\" \/>\n<meta property=\"og:type\" content=\"article\" \/>\n<meta property=\"og:title\" content=\"Prefeitura se contradiz e confirma falta de professores - O Timoneiro Jornal Canoas RS\" \/>\n<meta property=\"og:description\" content=\"A Prefeitura de Canoas anunciou que suprir\u00e1 a falta de professores nas escolas a partir da \u00faltima quarta-feira, 27. A medida \u00e9 uma resposta \u00e0 falta de docentes na cidade, principalmente em fun\u00e7\u00e3o da licen\u00e7a-sa\u00fade. Ao todo, ser\u00e3o 192 novos profissionais em sala de aula, contrariando a afirma\u00e7\u00e3o de que n\u00e3o faltavam professores, dada pelo [&hellip;]\" \/>\n<meta property=\"og:url\" content=\"https:\/\/jornaltimoneiro.com.br\/index.php\/2015\/05\/29\/prefeitura-se-contradiz-e-confirma-falta-de-professores\/\" \/>\n<meta property=\"og:site_name\" content=\"O Timoneiro Jornal Canoas RS\" \/>\n<meta property=\"article:publisher\" content=\"https:\/\/www.facebook.com\/jornaltimoneiro\" \/>\n<meta property=\"article:published_time\" content=\"2015-05-29T12:14:02+00:00\" \/>\n<meta name=\"author\" content=\"Reda\u00e7\u00e3o\" \/>\n<meta name=\"twitter:card\" content=\"summary_large_image\" \/>\n<meta name=\"twitter:creator\" content=\"@_OTimoneiro\" \/>\n<meta name=\"twitter:site\" content=\"@_OTimoneiro\" \/>\n<meta name=\"twitter:label1\" content=\"Escrito por\" \/>\n\t<meta name=\"twitter:data1\" content=\"Reda\u00e7\u00e3o\" \/>\n\t<meta name=\"twitter:label2\" content=\"Est. tempo de leitura\" \/>\n\t<meta name=\"twitter:data2\" content=\"2 minutos\" \/>\n<script type=\"application\/ld+json\" class=\"yoast-schema-graph\">{\"@context\":\"https:\/\/schema.org\",\"@graph\":[{\"@type\":\"Article\",\"@id\":\"https:\/\/jornaltimoneiro.com.br\/index.php\/2015\/05\/29\/prefeitura-se-contradiz-e-confirma-falta-de-professores\/#article\",\"isPartOf\":{\"@id\":\"https:\/\/jornaltimoneiro.com.br\/index.php\/2015\/05\/29\/prefeitura-se-contradiz-e-confirma-falta-de-professores\/\"},\"author\":{\"name\":\"Reda\u00e7\u00e3o\",\"@id\":\"https:\/\/jornaltimoneiro.com.br\/#\/schema\/person\/620efd1d8244466117482be494360b08\"},\"headline\":\"Prefeitura se contradiz e confirma falta de professores\",\"datePublished\":\"2015-05-29T12:14:02+00:00\",\"dateModified\":\"2015-05-29T12:14:02+00:00\",\"mainEntityOfPage\":{\"@id\":\"https:\/\/jornaltimoneiro.com.br\/index.php\/2015\/05\/29\/prefeitura-se-contradiz-e-confirma-falta-de-professores\/\"},\"wordCount\":443,\"commentCount\":0,\"publisher\":{\"@id\":\"https:\/\/jornaltimoneiro.com.br\/#organization\"},\"articleSection\":[\"Destaques\",\"Ensino\"],\"inLanguage\":\"pt-BR\",\"potentialAction\":[{\"@type\":\"CommentAction\",\"name\":\"Comment\",\"target\":[\"https:\/\/jornaltimoneiro.com.br\/index.php\/2015\/05\/29\/prefeitura-se-contradiz-e-confirma-falta-de-professores\/#respond\"]}]},{\"@type\":\"WebPage\",\"@id\":\"https:\/\/jornaltimoneiro.com.br\/index.php\/2015\/05\/29\/prefeitura-se-contradiz-e-confirma-falta-de-professores\/\",\"url\":\"https:\/\/jornaltimoneiro.com.br\/index.php\/2015\/05\/29\/prefeitura-se-contradiz-e-confirma-falta-de-professores\/\",\"name\":\"Prefeitura se contradiz e confirma falta de professores - O Timoneiro Jornal Canoas RS\",\"isPartOf\":{\"@id\":\"https:\/\/jornaltimoneiro.com.br\/#website\"},\"datePublished\":\"2015-05-29T12:14:02+00:00\",\"dateModified\":\"2015-05-29T12:14:02+00:00\",\"breadcrumb\":{\"@id\":\"https:\/\/jornaltimoneiro.com.br\/index.php\/2015\/05\/29\/prefeitura-se-contradiz-e-confirma-falta-de-professores\/#breadcrumb\"},\"inLanguage\":\"pt-BR\",\"potentialAction\":[{\"@type\":\"ReadAction\",\"target\":[\"https:\/\/jornaltimoneiro.com.br\/index.php\/2015\/05\/29\/prefeitura-se-contradiz-e-confirma-falta-de-professores\/\"]}]},{\"@type\":\"BreadcrumbList\",\"@id\":\"https:\/\/jornaltimoneiro.com.br\/index.php\/2015\/05\/29\/prefeitura-se-contradiz-e-confirma-falta-de-professores\/#breadcrumb\",\"itemListElement\":[{\"@type\":\"ListItem\",\"position\":1,\"name\":\"In\u00edcio\",\"item\":\"https:\/\/jornaltimoneiro.com.br\/\"},{\"@type\":\"ListItem\",\"position\":2,\"name\":\"Prefeitura se contradiz e confirma falta de professores\"}]},{\"@type\":\"WebSite\",\"@id\":\"https:\/\/jornaltimoneiro.com.br\/#website\",\"url\":\"https:\/\/jornaltimoneiro.com.br\/\",\"name\":\"Jornal Timoneiro Canoas RS\",\"description\":\"Jornal O Timoneiro, o verdadeiro jornal de Canoas\",\"publisher\":{\"@id\":\"https:\/\/jornaltimoneiro.com.br\/#organization\"},\"potentialAction\":[{\"@type\":\"SearchAction\",\"target\":{\"@type\":\"EntryPoint\",\"urlTemplate\":\"https:\/\/jornaltimoneiro.com.br\/?s={search_term_string}\"},\"query-input\":\"required name=search_term_string\"}],\"inLanguage\":\"pt-BR\"},{\"@type\":\"Organization\",\"@id\":\"https:\/\/jornaltimoneiro.com.br\/#organization\",\"name\":\"Jornal Timoneiro Canoas RS\",\"url\":\"https:\/\/jornaltimoneiro.com.br\/\",\"logo\":{\"@type\":\"ImageObject\",\"inLanguage\":\"pt-BR\",\"@id\":\"https:\/\/jornaltimoneiro.com.br\/#\/schema\/logo\/image\/\",\"url\":\"https:\/\/jornaltimoneiro.com.br\/wp-content\/uploads\/2023\/03\/logonovo.png\",\"contentUrl\":\"https:\/\/jornaltimoneiro.com.br\/wp-content\/uploads\/2023\/03\/logonovo.png\",\"width\":\"469\",\"height\":\"171\",\"caption\":\"Jornal Timoneiro Canoas RS\"},\"image\":{\"@id\":\"https:\/\/jornaltimoneiro.com.br\/#\/schema\/logo\/image\/\"},\"sameAs\":[\"https:\/\/www.facebook.com\/jornaltimoneiro\",\"https:\/\/twitter.com\/_OTimoneiro\",\"https:\/\/www.instagram.com\/jornaltimoneirocanoas\/\",\"https:\/\/www.youtube.com\/@jornalotimoneiro7927\"]},{\"@type\":\"Person\",\"@id\":\"https:\/\/jornaltimoneiro.com.br\/#\/schema\/person\/620efd1d8244466117482be494360b08\",\"name\":\"Reda\u00e7\u00e3o\",\"image\":{\"@type\":\"ImageObject\",\"inLanguage\":\"pt-BR\",\"@id\":\"https:\/\/jornaltimoneiro.com.br\/#\/schema\/person\/image\/\",\"url\":\"https:\/\/secure.gravatar.com\/avatar\/2f04e1b304682a8d9db336c7acd77f08?s=96&d=mm&r=g\",\"contentUrl\":\"https:\/\/secure.gravatar.com\/avatar\/2f04e1b304682a8d9db336c7acd77f08?s=96&d=mm&r=g\",\"caption\":\"Reda\u00e7\u00e3o\"},\"url\":\"https:\/\/jornaltimoneiro.com.br\/index.php\/author\/timoneirocanoas\/\"}]}<\/script>\n<!-- \/ Yoast SEO plugin. -->","yoast_head_json":{"title":"Prefeitura se contradiz e confirma falta de professores - O Timoneiro Jornal Canoas RS","robots":{"index":"index","follow":"follow","max-snippet":"max-snippet:-1","max-image-preview":"max-image-preview:large","max-video-preview":"max-video-preview:-1"},"canonical":"https:\/\/jornaltimoneiro.com.br\/index.php\/2015\/05\/29\/prefeitura-se-contradiz-e-confirma-falta-de-professores\/","og_locale":"pt_BR","og_type":"article","og_title":"Prefeitura se contradiz e confirma falta de professores - O Timoneiro Jornal Canoas RS","og_description":"A Prefeitura de Canoas anunciou que suprir\u00e1 a falta de professores nas escolas a partir da \u00faltima quarta-feira, 27. A medida \u00e9 uma resposta \u00e0 falta de docentes na cidade, principalmente em fun\u00e7\u00e3o da licen\u00e7a-sa\u00fade. Ao todo, ser\u00e3o 192 novos profissionais em sala de aula, contrariando a afirma\u00e7\u00e3o de que n\u00e3o faltavam professores, dada pelo [&hellip;]","og_url":"https:\/\/jornaltimoneiro.com.br\/index.php\/2015\/05\/29\/prefeitura-se-contradiz-e-confirma-falta-de-professores\/","og_site_name":"O Timoneiro Jornal Canoas RS","article_publisher":"https:\/\/www.facebook.com\/jornaltimoneiro","article_published_time":"2015-05-29T12:14:02+00:00","author":"Reda\u00e7\u00e3o","twitter_card":"summary_large_image","twitter_creator":"@_OTimoneiro","twitter_site":"@_OTimoneiro","twitter_misc":{"Escrito por":"Reda\u00e7\u00e3o","Est. tempo de leitura":"2 minutos"},"schema":{"@context":"https:\/\/schema.org","@graph":[{"@type":"Article","@id":"https:\/\/jornaltimoneiro.com.br\/index.php\/2015\/05\/29\/prefeitura-se-contradiz-e-confirma-falta-de-professores\/#article","isPartOf":{"@id":"https:\/\/jornaltimoneiro.com.br\/index.php\/2015\/05\/29\/prefeitura-se-contradiz-e-confirma-falta-de-professores\/"},"author":{"name":"Reda\u00e7\u00e3o","@id":"https:\/\/jornaltimoneiro.com.br\/#\/schema\/person\/620efd1d8244466117482be494360b08"},"headline":"Prefeitura se contradiz e confirma falta de professores","datePublished":"2015-05-29T12:14:02+00:00","dateModified":"2015-05-29T12:14:02+00:00","mainEntityOfPage":{"@id":"https:\/\/jornaltimoneiro.com.br\/index.php\/2015\/05\/29\/prefeitura-se-contradiz-e-confirma-falta-de-professores\/"},"wordCount":443,"commentCount":0,"publisher":{"@id":"https:\/\/jornaltimoneiro.com.br\/#organization"},"articleSection":["Destaques","Ensino"],"inLanguage":"pt-BR","potentialAction":[{"@type":"CommentAction","name":"Comment","target":["https:\/\/jornaltimoneiro.com.br\/index.php\/2015\/05\/29\/prefeitura-se-contradiz-e-confirma-falta-de-professores\/#respond"]}]},{"@type":"WebPage","@id":"https:\/\/jornaltimoneiro.com.br\/index.php\/2015\/05\/29\/prefeitura-se-contradiz-e-confirma-falta-de-professores\/","url":"https:\/\/jornaltimoneiro.com.br\/index.php\/2015\/05\/29\/prefeitura-se-contradiz-e-confirma-falta-de-professores\/","name":"Prefeitura se contradiz e confirma falta de professores - O Timoneiro Jornal Canoas RS","isPartOf":{"@id":"https:\/\/jornaltimoneiro.com.br\/#website"},"datePublished":"2015-05-29T12:14:02+00:00","dateModified":"2015-05-29T12:14:02+00:00","breadcrumb":{"@id":"https:\/\/jornaltimoneiro.com.br\/index.php\/2015\/05\/29\/prefeitura-se-contradiz-e-confirma-falta-de-professores\/#breadcrumb"},"inLanguage":"pt-BR","potentialAction":[{"@type":"ReadAction","target":["https:\/\/jornaltimoneiro.com.br\/index.php\/2015\/05\/29\/prefeitura-se-contradiz-e-confirma-falta-de-professores\/"]}]},{"@type":"BreadcrumbList","@id":"https:\/\/jornaltimoneiro.com.br\/index.php\/2015\/05\/29\/prefeitura-se-contradiz-e-confirma-falta-de-professores\/#breadcrumb","itemListElement":[{"@type":"ListItem","position":1,"name":"In\u00edcio","item":"https:\/\/jornaltimoneiro.com.br\/"},{"@type":"ListItem","position":2,"name":"Prefeitura se contradiz e confirma falta de professores"}]},{"@type":"WebSite","@id":"https:\/\/jornaltimoneiro.com.br\/#website","url":"https:\/\/jornaltimoneiro.com.br\/","name":"Jornal Timoneiro Canoas RS","description":"Jornal O Timoneiro, o verdadeiro jornal de Canoas","publisher":{"@id":"https:\/\/jornaltimoneiro.com.br\/#organization"},"potentialAction":[{"@type":"SearchAction","target":{"@type":"EntryPoint","urlTemplate":"https:\/\/jornaltimoneiro.com.br\/?s={search_term_string}"},"query-input":"required name=search_term_string"}],"inLanguage":"pt-BR"},{"@type":"Organization","@id":"https:\/\/jornaltimoneiro.com.br\/#organization","name":"Jornal Timoneiro Canoas RS","url":"https:\/\/jornaltimoneiro.com.br\/","logo":{"@type":"ImageObject","inLanguage":"pt-BR","@id":"https:\/\/jornaltimoneiro.com.br\/#\/schema\/logo\/image\/","url":"https:\/\/jornaltimoneiro.com.br\/wp-content\/uploads\/2023\/03\/logonovo.png","contentUrl":"https:\/\/jornaltimoneiro.com.br\/wp-content\/uploads\/2023\/03\/logonovo.png","width":"469","height":"171","caption":"Jornal Timoneiro Canoas RS"},"image":{"@id":"https:\/\/jornaltimoneiro.com.br\/#\/schema\/logo\/image\/"},"sameAs":["https:\/\/www.facebook.com\/jornaltimoneiro","https:\/\/twitter.com\/_OTimoneiro","https:\/\/www.instagram.com\/jornaltimoneirocanoas\/","https:\/\/www.youtube.com\/@jornalotimoneiro7927"]},{"@type":"Person","@id":"https:\/\/jornaltimoneiro.com.br\/#\/schema\/person\/620efd1d8244466117482be494360b08","name":"Reda\u00e7\u00e3o","image":{"@type":"ImageObject","inLanguage":"pt-BR","@id":"https:\/\/jornaltimoneiro.com.br\/#\/schema\/person\/image\/","url":"https:\/\/secure.gravatar.com\/avatar\/2f04e1b304682a8d9db336c7acd77f08?s=96&d=mm&r=g","contentUrl":"https:\/\/secure.gravatar.com\/avatar\/2f04e1b304682a8d9db336c7acd77f08?s=96&d=mm&r=g","caption":"Reda\u00e7\u00e3o"},"url":"https:\/\/jornaltimoneiro.com.br\/index.php\/author\/timoneirocanoas\/"}]}},"_links":{"self":[{"href":"https:\/\/jornaltimoneiro.com.br\/index.php\/wp-json\/wp\/v2\/posts\/239"}],"collection":[{"href":"https:\/\/jornaltimoneiro.com.br\/index.php\/wp-json\/wp\/v2\/posts"}],"about":[{"href":"https:\/\/jornaltimoneiro.com.br\/index.php\/wp-json\/wp\/v2\/types\/post"}],"author":[{"embeddable":true,"href":"https:\/\/jornaltimoneiro.com.br\/index.php\/wp-json\/wp\/v2\/users\/1"}],"replies":[{"embeddable":true,"href":"https:\/\/jornaltimoneiro.com.br\/index.php\/wp-json\/wp\/v2\/comments?post=239"}],"version-history":[{"count":0,"href":"https:\/\/jornaltimoneiro.com.br\/index.php\/wp-json\/wp\/v2\/posts\/239\/revisions"}],"wp:attachment":[{"href":"https:\/\/jornaltimoneiro.com.br\/index.php\/wp-json\/wp\/v2\/media?parent=239"}],"wp:term":[{"taxonomy":"category","embeddable":true,"href":"https:\/\/jornaltimoneiro.com.br\/index.php\/wp-json\/wp\/v2\/categories?post=239"},{"taxonomy":"post_tag","embeddable":true,"href":"https:\/\/jornaltimoneiro.com.br\/index.php\/wp-json\/wp\/v2\/tags?post=239"}],"curies":[{"name":"wp","href":"https:\/\/api.w.org\/{rel}","templated":true}]}}