{"id":23220,"date":"2022-11-18T11:25:18","date_gmt":"2022-11-18T14:25:18","guid":{"rendered":"https:\/\/jornaltimoneiro.com.br\/?p=23220"},"modified":"2022-11-18T11:25:19","modified_gmt":"2022-11-18T14:25:19","slug":"futebol-de-cegos-agafuc-fica-com-o-3-lugar-no-campeonato-brasileiro-serie-a","status":"publish","type":"post","link":"https:\/\/jornaltimoneiro.com.br\/index.php\/2022\/11\/18\/futebol-de-cegos-agafuc-fica-com-o-3-lugar-no-campeonato-brasileiro-serie-a\/","title":{"rendered":"FUTEBOL DE CEGOS: Agafuc fica com o 3\u00b0 lugar no Campeonato Brasileiro S\u00e9rie A"},"content":{"rendered":"\n<p>Os jogos do Campeonato Brasileiro de Futebol de Cegos S\u00e9rie A contaram com a participa\u00e7\u00e3o de 15 equipes de v\u00e1rios estados: Par\u00e1, Para\u00edba, Maranh\u00e3o, Bahia, Cear\u00e1, S\u00e3o Paulo, Paran\u00e1, Mato Grosso e Rio Grande do Sul e do Distrito Federal. As disputas foram realizadas no Centro de Treinamento Paral\u00edmpico Brasileiro (CTPB), em S\u00e3o Paulo, no \u00faltimo final de semana.<\/p>\n\n\n\n<p>A\u00a0Associa\u00e7\u00e3o Ga\u00facha de Futsal para Cegos (Agafuc) ficou com o 3\u00b0 lugar. Embora n\u00e3o tenha conseguido manter a sequ\u00eancia de quatro anos seguidos como campe\u00e3o da competi\u00e7\u00e3o, o time ficou satisfeito com o resultado. A\u00a0equipe chegou \u00e0s semifinais com campanha invicta, perdendo nos p\u00eanaltis para Associa\u00e7\u00e3o Paraibana de Cegos (Apace). Na disputa pelo terceiro lugar, venceu por 1 a 0 a equipe da Associa\u00e7\u00e3o Mato-Grossense de Cegos (AMC).<br><\/p>\n","protected":false},"excerpt":{"rendered":"<p>Os jogos do Campeonato Brasileiro de Futebol de Cegos S\u00e9rie A contaram com a participa\u00e7\u00e3o de 15 equipes de v\u00e1rios estados: Par\u00e1, Para\u00edba, Maranh\u00e3o, Bahia, Cear\u00e1, S\u00e3o Paulo, Paran\u00e1, Mato Grosso e Rio Grande do Sul e do Distrito Federal. As disputas foram realizadas no Centro de Treinamento Paral\u00edmpico Brasileiro (CTPB), em S\u00e3o Paulo, no [&hellip;]<\/p>\n","protected":false},"author":2,"featured_media":23221,"comment_status":"open","ping_status":"open","sticky":false,"template":"","format":"standard","meta":{"amp_status":"","footnotes":""},"categories":[24],"tags":[],"class_list":["post-23220","post","type-post","status-publish","format-standard","has-post-thumbnail","hentry","category-esporte"],"yoast_head":"<!-- This site is optimized with the Yoast SEO plugin v20.5 - https:\/\/yoast.com\/wordpress\/plugins\/seo\/ -->\n<title>FUTEBOL DE CEGOS: Agafuc fica com o 3\u00b0 lugar no Campeonato Brasileiro S\u00e9rie A - O Timoneiro Jornal Canoas RS<\/title>\n<meta name=\"robots\" content=\"index, follow, max-snippet:-1, max-image-preview:large, max-video-preview:-1\" \/>\n<link rel=\"canonical\" href=\"https:\/\/jornaltimoneiro.com.br\/index.php\/2022\/11\/18\/futebol-de-cegos-agafuc-fica-com-o-3-lugar-no-campeonato-brasileiro-serie-a\/\" \/>\n<meta property=\"og:locale\" content=\"pt_BR\" \/>\n<meta property=\"og:type\" content=\"article\" \/>\n<meta property=\"og:title\" content=\"FUTEBOL DE CEGOS: Agafuc fica com o 3\u00b0 lugar no Campeonato Brasileiro S\u00e9rie A - O Timoneiro Jornal Canoas RS\" \/>\n<meta property=\"og:description\" content=\"Os jogos do Campeonato Brasileiro de Futebol de Cegos S\u00e9rie A contaram com a participa\u00e7\u00e3o de 15 equipes de v\u00e1rios estados: Par\u00e1, Para\u00edba, Maranh\u00e3o, Bahia, Cear\u00e1, S\u00e3o Paulo, Paran\u00e1, Mato Grosso e Rio Grande do Sul e do Distrito Federal. As disputas foram realizadas no Centro de Treinamento Paral\u00edmpico Brasileiro (CTPB), em S\u00e3o Paulo, no [&hellip;]\" \/>\n<meta property=\"og:url\" content=\"https:\/\/jornaltimoneiro.com.br\/index.php\/2022\/11\/18\/futebol-de-cegos-agafuc-fica-com-o-3-lugar-no-campeonato-brasileiro-serie-a\/\" \/>\n<meta property=\"og:site_name\" content=\"O Timoneiro Jornal Canoas RS\" \/>\n<meta property=\"article:publisher\" content=\"https:\/\/www.facebook.com\/jornaltimoneiro\" \/>\n<meta property=\"article:published_time\" content=\"2022-11-18T14:25:18+00:00\" \/>\n<meta property=\"article:modified_time\" content=\"2022-11-18T14:25:19+00:00\" \/>\n<meta property=\"og:image\" content=\"https:\/\/jornaltimoneiro.com.br\/wp-content\/uploads\/2022\/11\/download-12.jpg\" \/>\n\t<meta property=\"og:image:width\" content=\"1024\" \/>\n\t<meta property=\"og:image:height\" content=\"696\" \/>\n\t<meta property=\"og:image:type\" content=\"image\/jpeg\" \/>\n<meta name=\"author\" content=\"Reda\u00e7\u00e3o\" \/>\n<meta name=\"twitter:card\" content=\"summary_large_image\" \/>\n<meta name=\"twitter:creator\" content=\"@_OTimoneiro\" \/>\n<meta name=\"twitter:site\" content=\"@_OTimoneiro\" \/>\n<meta name=\"twitter:label1\" content=\"Escrito por\" \/>\n\t<meta name=\"twitter:data1\" content=\"Reda\u00e7\u00e3o\" \/>\n\t<meta name=\"twitter:label2\" content=\"Est. tempo de leitura\" \/>\n\t<meta name=\"twitter:data2\" content=\"1 minuto\" \/>\n<script type=\"application\/ld+json\" class=\"yoast-schema-graph\">{\"@context\":\"https:\/\/schema.org\",\"@graph\":[{\"@type\":\"Article\",\"@id\":\"https:\/\/jornaltimoneiro.com.br\/index.php\/2022\/11\/18\/futebol-de-cegos-agafuc-fica-com-o-3-lugar-no-campeonato-brasileiro-serie-a\/#article\",\"isPartOf\":{\"@id\":\"https:\/\/jornaltimoneiro.com.br\/index.php\/2022\/11\/18\/futebol-de-cegos-agafuc-fica-com-o-3-lugar-no-campeonato-brasileiro-serie-a\/\"},\"author\":{\"name\":\"Reda\u00e7\u00e3o\",\"@id\":\"https:\/\/jornaltimoneiro.com.br\/#\/schema\/person\/f63482f1a02b1a9592707865e509ab40\"},\"headline\":\"FUTEBOL DE CEGOS: Agafuc fica com o 3\u00b0 lugar no Campeonato Brasileiro S\u00e9rie A\",\"datePublished\":\"2022-11-18T14:25:18+00:00\",\"dateModified\":\"2022-11-18T14:25:19+00:00\",\"mainEntityOfPage\":{\"@id\":\"https:\/\/jornaltimoneiro.com.br\/index.php\/2022\/11\/18\/futebol-de-cegos-agafuc-fica-com-o-3-lugar-no-campeonato-brasileiro-serie-a\/\"},\"wordCount\":156,\"commentCount\":0,\"publisher\":{\"@id\":\"https:\/\/jornaltimoneiro.com.br\/#organization\"},\"articleSection\":[\"Esporte\"],\"inLanguage\":\"pt-BR\",\"potentialAction\":[{\"@type\":\"CommentAction\",\"name\":\"Comment\",\"target\":[\"https:\/\/jornaltimoneiro.com.br\/index.php\/2022\/11\/18\/futebol-de-cegos-agafuc-fica-com-o-3-lugar-no-campeonato-brasileiro-serie-a\/#respond\"]}]},{\"@type\":\"WebPage\",\"@id\":\"https:\/\/jornaltimoneiro.com.br\/index.php\/2022\/11\/18\/futebol-de-cegos-agafuc-fica-com-o-3-lugar-no-campeonato-brasileiro-serie-a\/\",\"url\":\"https:\/\/jornaltimoneiro.com.br\/index.php\/2022\/11\/18\/futebol-de-cegos-agafuc-fica-com-o-3-lugar-no-campeonato-brasileiro-serie-a\/\",\"name\":\"FUTEBOL DE CEGOS: Agafuc fica com o 3\u00b0 lugar no Campeonato Brasileiro S\u00e9rie A - O Timoneiro Jornal Canoas RS\",\"isPartOf\":{\"@id\":\"https:\/\/jornaltimoneiro.com.br\/#website\"},\"datePublished\":\"2022-11-18T14:25:18+00:00\",\"dateModified\":\"2022-11-18T14:25:19+00:00\",\"breadcrumb\":{\"@id\":\"https:\/\/jornaltimoneiro.com.br\/index.php\/2022\/11\/18\/futebol-de-cegos-agafuc-fica-com-o-3-lugar-no-campeonato-brasileiro-serie-a\/#breadcrumb\"},\"inLanguage\":\"pt-BR\",\"potentialAction\":[{\"@type\":\"ReadAction\",\"target\":[\"https:\/\/jornaltimoneiro.com.br\/index.php\/2022\/11\/18\/futebol-de-cegos-agafuc-fica-com-o-3-lugar-no-campeonato-brasileiro-serie-a\/\"]}]},{\"@type\":\"BreadcrumbList\",\"@id\":\"https:\/\/jornaltimoneiro.com.br\/index.php\/2022\/11\/18\/futebol-de-cegos-agafuc-fica-com-o-3-lugar-no-campeonato-brasileiro-serie-a\/#breadcrumb\",\"itemListElement\":[{\"@type\":\"ListItem\",\"position\":1,\"name\":\"In\u00edcio\",\"item\":\"https:\/\/jornaltimoneiro.com.br\/\"},{\"@type\":\"ListItem\",\"position\":2,\"name\":\"FUTEBOL DE CEGOS: Agafuc fica com o 3\u00b0 lugar no Campeonato Brasileiro S\u00e9rie A\"}]},{\"@type\":\"WebSite\",\"@id\":\"https:\/\/jornaltimoneiro.com.br\/#website\",\"url\":\"https:\/\/jornaltimoneiro.com.br\/\",\"name\":\"Jornal Timoneiro Canoas RS\",\"description\":\"Jornal O Timoneiro, o verdadeiro jornal de Canoas\",\"publisher\":{\"@id\":\"https:\/\/jornaltimoneiro.com.br\/#organization\"},\"potentialAction\":[{\"@type\":\"SearchAction\",\"target\":{\"@type\":\"EntryPoint\",\"urlTemplate\":\"https:\/\/jornaltimoneiro.com.br\/?s={search_term_string}\"},\"query-input\":\"required name=search_term_string\"}],\"inLanguage\":\"pt-BR\"},{\"@type\":\"Organization\",\"@id\":\"https:\/\/jornaltimoneiro.com.br\/#organization\",\"name\":\"Jornal Timoneiro Canoas RS\",\"url\":\"https:\/\/jornaltimoneiro.com.br\/\",\"logo\":{\"@type\":\"ImageObject\",\"inLanguage\":\"pt-BR\",\"@id\":\"https:\/\/jornaltimoneiro.com.br\/#\/schema\/logo\/image\/\",\"url\":\"https:\/\/jornaltimoneiro.com.br\/wp-content\/uploads\/2023\/03\/logonovo.png\",\"contentUrl\":\"https:\/\/jornaltimoneiro.com.br\/wp-content\/uploads\/2023\/03\/logonovo.png\",\"width\":\"469\",\"height\":\"171\",\"caption\":\"Jornal Timoneiro Canoas RS\"},\"image\":{\"@id\":\"https:\/\/jornaltimoneiro.com.br\/#\/schema\/logo\/image\/\"},\"sameAs\":[\"https:\/\/www.facebook.com\/jornaltimoneiro\",\"https:\/\/twitter.com\/_OTimoneiro\",\"https:\/\/www.instagram.com\/jornaltimoneirocanoas\/\",\"https:\/\/www.youtube.com\/@jornalotimoneiro7927\"]},{\"@type\":\"Person\",\"@id\":\"https:\/\/jornaltimoneiro.com.br\/#\/schema\/person\/f63482f1a02b1a9592707865e509ab40\",\"name\":\"Reda\u00e7\u00e3o\",\"image\":{\"@type\":\"ImageObject\",\"inLanguage\":\"pt-BR\",\"@id\":\"https:\/\/jornaltimoneiro.com.br\/#\/schema\/person\/image\/\",\"url\":\"https:\/\/jornaltimoneiro.com.br\/wp-content\/uploads\/2023\/03\/download.jpeg\",\"contentUrl\":\"https:\/\/jornaltimoneiro.com.br\/wp-content\/uploads\/2023\/03\/download.jpeg\",\"caption\":\"Reda\u00e7\u00e3o\"},\"url\":\"https:\/\/jornaltimoneiro.com.br\/index.php\/author\/simone-dutra\/\"}]}<\/script>\n<!-- \/ Yoast SEO plugin. -->","yoast_head_json":{"title":"FUTEBOL DE CEGOS: Agafuc fica com o 3\u00b0 lugar no Campeonato Brasileiro S\u00e9rie A - O Timoneiro Jornal Canoas RS","robots":{"index":"index","follow":"follow","max-snippet":"max-snippet:-1","max-image-preview":"max-image-preview:large","max-video-preview":"max-video-preview:-1"},"canonical":"https:\/\/jornaltimoneiro.com.br\/index.php\/2022\/11\/18\/futebol-de-cegos-agafuc-fica-com-o-3-lugar-no-campeonato-brasileiro-serie-a\/","og_locale":"pt_BR","og_type":"article","og_title":"FUTEBOL DE CEGOS: Agafuc fica com o 3\u00b0 lugar no Campeonato Brasileiro S\u00e9rie A - O Timoneiro Jornal Canoas RS","og_description":"Os jogos do Campeonato Brasileiro de Futebol de Cegos S\u00e9rie A contaram com a participa\u00e7\u00e3o de 15 equipes de v\u00e1rios estados: Par\u00e1, Para\u00edba, Maranh\u00e3o, Bahia, Cear\u00e1, S\u00e3o Paulo, Paran\u00e1, Mato Grosso e Rio Grande do Sul e do Distrito Federal. As disputas foram realizadas no Centro de Treinamento Paral\u00edmpico Brasileiro (CTPB), em S\u00e3o Paulo, no [&hellip;]","og_url":"https:\/\/jornaltimoneiro.com.br\/index.php\/2022\/11\/18\/futebol-de-cegos-agafuc-fica-com-o-3-lugar-no-campeonato-brasileiro-serie-a\/","og_site_name":"O Timoneiro Jornal Canoas RS","article_publisher":"https:\/\/www.facebook.com\/jornaltimoneiro","article_published_time":"2022-11-18T14:25:18+00:00","article_modified_time":"2022-11-18T14:25:19+00:00","og_image":[{"width":1024,"height":696,"url":"https:\/\/jornaltimoneiro.com.br\/wp-content\/uploads\/2022\/11\/download-12.jpg","type":"image\/jpeg"}],"author":"Reda\u00e7\u00e3o","twitter_card":"summary_large_image","twitter_creator":"@_OTimoneiro","twitter_site":"@_OTimoneiro","twitter_misc":{"Escrito por":"Reda\u00e7\u00e3o","Est. tempo de leitura":"1 minuto"},"schema":{"@context":"https:\/\/schema.org","@graph":[{"@type":"Article","@id":"https:\/\/jornaltimoneiro.com.br\/index.php\/2022\/11\/18\/futebol-de-cegos-agafuc-fica-com-o-3-lugar-no-campeonato-brasileiro-serie-a\/#article","isPartOf":{"@id":"https:\/\/jornaltimoneiro.com.br\/index.php\/2022\/11\/18\/futebol-de-cegos-agafuc-fica-com-o-3-lugar-no-campeonato-brasileiro-serie-a\/"},"author":{"name":"Reda\u00e7\u00e3o","@id":"https:\/\/jornaltimoneiro.com.br\/#\/schema\/person\/f63482f1a02b1a9592707865e509ab40"},"headline":"FUTEBOL DE CEGOS: Agafuc fica com o 3\u00b0 lugar no Campeonato Brasileiro S\u00e9rie A","datePublished":"2022-11-18T14:25:18+00:00","dateModified":"2022-11-18T14:25:19+00:00","mainEntityOfPage":{"@id":"https:\/\/jornaltimoneiro.com.br\/index.php\/2022\/11\/18\/futebol-de-cegos-agafuc-fica-com-o-3-lugar-no-campeonato-brasileiro-serie-a\/"},"wordCount":156,"commentCount":0,"publisher":{"@id":"https:\/\/jornaltimoneiro.com.br\/#organization"},"articleSection":["Esporte"],"inLanguage":"pt-BR","potentialAction":[{"@type":"CommentAction","name":"Comment","target":["https:\/\/jornaltimoneiro.com.br\/index.php\/2022\/11\/18\/futebol-de-cegos-agafuc-fica-com-o-3-lugar-no-campeonato-brasileiro-serie-a\/#respond"]}]},{"@type":"WebPage","@id":"https:\/\/jornaltimoneiro.com.br\/index.php\/2022\/11\/18\/futebol-de-cegos-agafuc-fica-com-o-3-lugar-no-campeonato-brasileiro-serie-a\/","url":"https:\/\/jornaltimoneiro.com.br\/index.php\/2022\/11\/18\/futebol-de-cegos-agafuc-fica-com-o-3-lugar-no-campeonato-brasileiro-serie-a\/","name":"FUTEBOL DE CEGOS: Agafuc fica com o 3\u00b0 lugar no Campeonato Brasileiro S\u00e9rie A - O Timoneiro Jornal Canoas RS","isPartOf":{"@id":"https:\/\/jornaltimoneiro.com.br\/#website"},"datePublished":"2022-11-18T14:25:18+00:00","dateModified":"2022-11-18T14:25:19+00:00","breadcrumb":{"@id":"https:\/\/jornaltimoneiro.com.br\/index.php\/2022\/11\/18\/futebol-de-cegos-agafuc-fica-com-o-3-lugar-no-campeonato-brasileiro-serie-a\/#breadcrumb"},"inLanguage":"pt-BR","potentialAction":[{"@type":"ReadAction","target":["https:\/\/jornaltimoneiro.com.br\/index.php\/2022\/11\/18\/futebol-de-cegos-agafuc-fica-com-o-3-lugar-no-campeonato-brasileiro-serie-a\/"]}]},{"@type":"BreadcrumbList","@id":"https:\/\/jornaltimoneiro.com.br\/index.php\/2022\/11\/18\/futebol-de-cegos-agafuc-fica-com-o-3-lugar-no-campeonato-brasileiro-serie-a\/#breadcrumb","itemListElement":[{"@type":"ListItem","position":1,"name":"In\u00edcio","item":"https:\/\/jornaltimoneiro.com.br\/"},{"@type":"ListItem","position":2,"name":"FUTEBOL DE CEGOS: Agafuc fica com o 3\u00b0 lugar no Campeonato Brasileiro S\u00e9rie A"}]},{"@type":"WebSite","@id":"https:\/\/jornaltimoneiro.com.br\/#website","url":"https:\/\/jornaltimoneiro.com.br\/","name":"Jornal Timoneiro Canoas RS","description":"Jornal O Timoneiro, o verdadeiro jornal de Canoas","publisher":{"@id":"https:\/\/jornaltimoneiro.com.br\/#organization"},"potentialAction":[{"@type":"SearchAction","target":{"@type":"EntryPoint","urlTemplate":"https:\/\/jornaltimoneiro.com.br\/?s={search_term_string}"},"query-input":"required name=search_term_string"}],"inLanguage":"pt-BR"},{"@type":"Organization","@id":"https:\/\/jornaltimoneiro.com.br\/#organization","name":"Jornal Timoneiro Canoas RS","url":"https:\/\/jornaltimoneiro.com.br\/","logo":{"@type":"ImageObject","inLanguage":"pt-BR","@id":"https:\/\/jornaltimoneiro.com.br\/#\/schema\/logo\/image\/","url":"https:\/\/jornaltimoneiro.com.br\/wp-content\/uploads\/2023\/03\/logonovo.png","contentUrl":"https:\/\/jornaltimoneiro.com.br\/wp-content\/uploads\/2023\/03\/logonovo.png","width":"469","height":"171","caption":"Jornal Timoneiro Canoas RS"},"image":{"@id":"https:\/\/jornaltimoneiro.com.br\/#\/schema\/logo\/image\/"},"sameAs":["https:\/\/www.facebook.com\/jornaltimoneiro","https:\/\/twitter.com\/_OTimoneiro","https:\/\/www.instagram.com\/jornaltimoneirocanoas\/","https:\/\/www.youtube.com\/@jornalotimoneiro7927"]},{"@type":"Person","@id":"https:\/\/jornaltimoneiro.com.br\/#\/schema\/person\/f63482f1a02b1a9592707865e509ab40","name":"Reda\u00e7\u00e3o","image":{"@type":"ImageObject","inLanguage":"pt-BR","@id":"https:\/\/jornaltimoneiro.com.br\/#\/schema\/person\/image\/","url":"https:\/\/jornaltimoneiro.com.br\/wp-content\/uploads\/2023\/03\/download.jpeg","contentUrl":"https:\/\/jornaltimoneiro.com.br\/wp-content\/uploads\/2023\/03\/download.jpeg","caption":"Reda\u00e7\u00e3o"},"url":"https:\/\/jornaltimoneiro.com.br\/index.php\/author\/simone-dutra\/"}]}},"_links":{"self":[{"href":"https:\/\/jornaltimoneiro.com.br\/index.php\/wp-json\/wp\/v2\/posts\/23220"}],"collection":[{"href":"https:\/\/jornaltimoneiro.com.br\/index.php\/wp-json\/wp\/v2\/posts"}],"about":[{"href":"https:\/\/jornaltimoneiro.com.br\/index.php\/wp-json\/wp\/v2\/types\/post"}],"author":[{"embeddable":true,"href":"https:\/\/jornaltimoneiro.com.br\/index.php\/wp-json\/wp\/v2\/users\/2"}],"replies":[{"embeddable":true,"href":"https:\/\/jornaltimoneiro.com.br\/index.php\/wp-json\/wp\/v2\/comments?post=23220"}],"version-history":[{"count":1,"href":"https:\/\/jornaltimoneiro.com.br\/index.php\/wp-json\/wp\/v2\/posts\/23220\/revisions"}],"predecessor-version":[{"id":23222,"href":"https:\/\/jornaltimoneiro.com.br\/index.php\/wp-json\/wp\/v2\/posts\/23220\/revisions\/23222"}],"wp:featuredmedia":[{"embeddable":true,"href":"https:\/\/jornaltimoneiro.com.br\/index.php\/wp-json\/wp\/v2\/media\/23221"}],"wp:attachment":[{"href":"https:\/\/jornaltimoneiro.com.br\/index.php\/wp-json\/wp\/v2\/media?parent=23220"}],"wp:term":[{"taxonomy":"category","embeddable":true,"href":"https:\/\/jornaltimoneiro.com.br\/index.php\/wp-json\/wp\/v2\/categories?post=23220"},{"taxonomy":"post_tag","embeddable":true,"href":"https:\/\/jornaltimoneiro.com.br\/index.php\/wp-json\/wp\/v2\/tags?post=23220"}],"curies":[{"name":"wp","href":"https:\/\/api.w.org\/{rel}","templated":true}]}}