{"id":232,"date":"2015-05-29T09:12:04","date_gmt":"2015-05-29T12:12:04","guid":{"rendered":"http:\/\/otimoneiro.com.br\/?p=232"},"modified":"2015-05-29T09:12:04","modified_gmt":"2015-05-29T12:12:04","slug":"1o-de-junho-e-o-dia-nacional-da-imprensa-brasileira","status":"publish","type":"post","link":"https:\/\/jornaltimoneiro.com.br\/index.php\/2015\/05\/29\/1o-de-junho-e-o-dia-nacional-da-imprensa-brasileira\/","title":{"rendered":"1\u00ba de junho \u00e9 o Dia Nacional  da Imprensa Brasileira"},"content":{"rendered":"<p style=\"text-align: center;\"><strong>Bruno Lara<\/strong><\/p>\n<p style=\"text-align: justify;\">Nada acontecida no Brasil at\u00e9 a chegada da fam\u00edlia real em 1808. Desde a descoberta pelos portugueses, em 1500, estas terras serviam, principalmente, para retirada de mat\u00e9ria-prima e exclus\u00e3o dos que n\u00e3o se queria na Europa. Com a chegada da fam\u00edlia real portuguesa no cais de Bel\u00e9m em 29 de novembro de 1807, as coisas come\u00e7am a mudar.<br \/>\nUm ga\u00facho, pioneiro como os demais, chamado Hip\u00f3lito Jos\u00e9 da Costa, nascido em 1774 e falecido em 1823, resolveu quebrar a l\u00f3gica de divulga\u00e7\u00e3o do ve\u00edculo Gazeta do Rio de Janeiro, institucional do Imp\u00e9rio que seria para divulgar suas a\u00e7\u00f5es. A gazeta surgiu em 10 de setembro de 1808, basicamente com comunicados do governo.<br \/>\nContrariando esta l\u00f3gica, mesmo com um governo nada democr\u00e1tico, Hip\u00f3lito Jos\u00e9 da Costa, surgiu para contrariar as informa\u00e7\u00f5es da corte e mostrar aos brasileiros as revolu\u00e7\u00f5es que aconteciam mundo afora como, por exemplo, o renascentismo, que serviu de base para a revolu\u00e7\u00e3o vislumbrada por Tiradentes, sem sucesso. Por divulgar estas ideias e viver em um imp\u00e9rio, o editor do jornal morava na Inglaterra e enviava os exemplares por navio.<\/p>\n<p style=\"text-align: justify;\"><strong>Os ve\u00edculos de Meirelles<\/strong><\/p>\n<div id=\"attachment_241\" style=\"width: 310px\" class=\"wp-caption alignright\"><a href=\"http:\/\/otimoneiro.com.br\/wp-content\/uploads\/2015\/05\/11350359_859722224106380_700360726_n.jpg\"><img decoding=\"async\" aria-describedby=\"caption-attachment-241\" class=\"size-medium wp-image-241\" src=\"http:\/\/otimoneiro.com.br\/wp-content\/uploads\/2015\/05\/11350359_859722224106380_700360726_n-300x225.jpg\" alt=\"O Cruzeiro - 1\u00ba Edi\u00e7\u00e3o\" width=\"300\" height=\"225\" \/><\/a><p id=\"caption-attachment-241\" class=\"wp-caption-text\">O Cruzeiro &#8211; 1\u00ba Edi\u00e7\u00e3o<\/p><\/div>\n<p style=\"text-align: justify;\">O precursor da imprensa Canoense foi Nem\u00e9zio Miranda de Meirelles, Baiano para os \u00edntimos. Natural de Salvador, Bahia, nasceu em dezembro de 1913. Embora dentista de profiss\u00e3o, Nem\u00e9zio foi o fundador do primeiro e do segundo ve\u00edculos de imprensa de Canoas: O Cruzeiro e O Canoense, respectivamente.<br \/>\nMaria Helena Carneiro, licenciada em qu\u00edmica, foi vizinha de Nem\u00e9sio. \u201cEu era vizinha dele\u201d, lembra. \u201cA minha amizade com a Filomena, esposa dele, \u00e9 desde 1967, quando ela come\u00e7ou a Santa Isabel. Convivi com ela na cria\u00e7\u00e3o da Santa Isabel, do Asilo S\u00e3o Jos\u00e9. Era um grupo de mulheres. Eles moravam na Guilherme Schell, um terren\u00e3o (sic) grande, eles moravam. Na casa do lado era o consult\u00f3rio dele. Ele, que era dentista, fundou O Cruzeiro mesmo sendo dentista\u201d salienta.<br \/>\nNo livro \u201cO Cruzeiro e O Canoense os principais jornais de Canoas\u201d, do historiador Antonio Jesus Pfeil, lembra que \u201cos \u00fanicos jornais que circulavam por aqui eram o \u201cCorreio do Povo\u201d, mais conhecido como \u201co r\u00f3seio\u201d, e \u201cA Federa\u00e7\u00e3o\u201d, que era vinculado ao Partido Republicano. Posteriarmente, em fins da d\u00e9cada de vinte, tamb\u00e9m o \u201cDi\u00e1rio de Not\u00edcias\u201d. Todos de Porto Alegre\u201d, fazendo refer\u00eancia, tamb\u00e9m, ao costume de Fritz Ludwig, no tranco da Maria-fuma\u00e7a, de ler O Canoeiro, ve\u00edculo manuscrito, produzido por ele mesmo, que registrava hist\u00f3rias de amigos, anivers\u00e1rios e demais assuntos locais.<br \/>\n\u201cEle era um homem de uma comunica\u00e7\u00e3o muito linda. Ele se interessava por tudo, se tu conversasse com ele sobre determinado assunto ele ia ver. Chegava l\u00e1, precisava de algo, acionava os empres\u00e1rios e ajudava. Ele formou uma lideran\u00e7a de ajudar o outro. Ele e a Filomena eram mestres da filantropia. E assim foi\u201d, termina Maria Helena.<br \/>\nSegundo Pfeil, no dia 10 de agosto de 1935, circulava em Canoas, com 200 exemplares por semana, o liter\u00e1rio, social e humor\u00edstico O Cruzeiro. \u201cA finalidade de despertas nos habitantes, n\u00e3o s\u00f3 o amor \u00c0s letras, mas tamb\u00e9m difundir ideias de not\u00edcias e o desejo do progresso e emancipa\u00e7\u00e3o\u201d, costumava defender Nem\u00e9zio Meirelles.<br \/>\nEm 5 de setembro, ap\u00f3s retornar de Santa Maria, Meirelles lan\u00e7a um novo jornal com instala\u00e7\u00f5es fixas na av. Guilherme Schell, 838: O Canoense. Este possu\u00eda car\u00e1ter mais progressista, visando a emancipa\u00e7\u00e3o de Canoas do munic\u00edpio de Gravata\u00ed, de onde era 4\u00ba distrito. Circulava com quatro p\u00e1ginas nas pra\u00e7as todo o domingo. \u201cDoravante ter\u00e1 Canoas um novo \u00f3rg\u00e3o. Seu fim \u00e9 sadio e nobre: infelizmente, por\u00e9m, bem sei, custar\u00e1 um pouco tal causa a ser compreendida. Praza aos c\u00e9us que n\u00e3o tenha ele o mesmo fim de \u201cO Farrapo\u201d, como espero confiante\u201d, dizia o trecho do primeiro editorial d\u2019O Canoense.<\/p>\n","protected":false},"excerpt":{"rendered":"<p>O precursor da imprensa Canoense foi Nem\u00e9zio Miranda de Meirelles, Baiano para os \u00edntimos. <\/p>\n","protected":false},"author":1,"featured_media":241,"comment_status":"open","ping_status":"open","sticky":false,"template":"","format":"standard","meta":{"amp_status":"","footnotes":""},"categories":[19,23],"tags":[],"class_list":["post-232","post","type-post","status-publish","format-standard","has-post-thumbnail","hentry","category-destaques","category-geral"],"yoast_head":"<!-- This site is optimized with the Yoast SEO plugin v20.5 - https:\/\/yoast.com\/wordpress\/plugins\/seo\/ -->\n<title>1\u00ba de junho \u00e9 o Dia Nacional da Imprensa Brasileira - O Timoneiro Jornal Canoas RS<\/title>\n<meta name=\"robots\" content=\"index, follow, max-snippet:-1, max-image-preview:large, max-video-preview:-1\" \/>\n<link rel=\"canonical\" href=\"https:\/\/jornaltimoneiro.com.br\/index.php\/2015\/05\/29\/1o-de-junho-e-o-dia-nacional-da-imprensa-brasileira\/\" \/>\n<meta property=\"og:locale\" content=\"pt_BR\" \/>\n<meta property=\"og:type\" content=\"article\" \/>\n<meta property=\"og:title\" content=\"1\u00ba de junho \u00e9 o Dia Nacional da Imprensa Brasileira - O Timoneiro Jornal Canoas RS\" \/>\n<meta property=\"og:description\" content=\"O precursor da imprensa Canoense foi Nem\u00e9zio Miranda de Meirelles, Baiano para os \u00edntimos.\" \/>\n<meta property=\"og:url\" content=\"https:\/\/jornaltimoneiro.com.br\/index.php\/2015\/05\/29\/1o-de-junho-e-o-dia-nacional-da-imprensa-brasileira\/\" \/>\n<meta property=\"og:site_name\" content=\"O Timoneiro Jornal Canoas RS\" \/>\n<meta property=\"article:publisher\" content=\"https:\/\/www.facebook.com\/jornaltimoneiro\" \/>\n<meta property=\"article:published_time\" content=\"2015-05-29T12:12:04+00:00\" \/>\n<meta name=\"author\" content=\"Reda\u00e7\u00e3o\" \/>\n<meta name=\"twitter:card\" content=\"summary_large_image\" \/>\n<meta name=\"twitter:creator\" content=\"@_OTimoneiro\" \/>\n<meta name=\"twitter:site\" content=\"@_OTimoneiro\" \/>\n<meta name=\"twitter:label1\" content=\"Escrito por\" \/>\n\t<meta name=\"twitter:data1\" content=\"Reda\u00e7\u00e3o\" \/>\n\t<meta name=\"twitter:label2\" content=\"Est. tempo de leitura\" \/>\n\t<meta name=\"twitter:data2\" content=\"3 minutos\" \/>\n<script type=\"application\/ld+json\" class=\"yoast-schema-graph\">{\"@context\":\"https:\/\/schema.org\",\"@graph\":[{\"@type\":\"Article\",\"@id\":\"https:\/\/jornaltimoneiro.com.br\/index.php\/2015\/05\/29\/1o-de-junho-e-o-dia-nacional-da-imprensa-brasileira\/#article\",\"isPartOf\":{\"@id\":\"https:\/\/jornaltimoneiro.com.br\/index.php\/2015\/05\/29\/1o-de-junho-e-o-dia-nacional-da-imprensa-brasileira\/\"},\"author\":{\"name\":\"Reda\u00e7\u00e3o\",\"@id\":\"https:\/\/jornaltimoneiro.com.br\/#\/schema\/person\/620efd1d8244466117482be494360b08\"},\"headline\":\"1\u00ba de junho \u00e9 o Dia Nacional da Imprensa Brasileira\",\"datePublished\":\"2015-05-29T12:12:04+00:00\",\"dateModified\":\"2015-05-29T12:12:04+00:00\",\"mainEntityOfPage\":{\"@id\":\"https:\/\/jornaltimoneiro.com.br\/index.php\/2015\/05\/29\/1o-de-junho-e-o-dia-nacional-da-imprensa-brasileira\/\"},\"wordCount\":687,\"commentCount\":0,\"publisher\":{\"@id\":\"https:\/\/jornaltimoneiro.com.br\/#organization\"},\"articleSection\":[\"Destaques\",\"Geral\"],\"inLanguage\":\"pt-BR\",\"potentialAction\":[{\"@type\":\"CommentAction\",\"name\":\"Comment\",\"target\":[\"https:\/\/jornaltimoneiro.com.br\/index.php\/2015\/05\/29\/1o-de-junho-e-o-dia-nacional-da-imprensa-brasileira\/#respond\"]}]},{\"@type\":\"WebPage\",\"@id\":\"https:\/\/jornaltimoneiro.com.br\/index.php\/2015\/05\/29\/1o-de-junho-e-o-dia-nacional-da-imprensa-brasileira\/\",\"url\":\"https:\/\/jornaltimoneiro.com.br\/index.php\/2015\/05\/29\/1o-de-junho-e-o-dia-nacional-da-imprensa-brasileira\/\",\"name\":\"1\u00ba de junho \u00e9 o Dia Nacional da Imprensa Brasileira - O Timoneiro Jornal Canoas RS\",\"isPartOf\":{\"@id\":\"https:\/\/jornaltimoneiro.com.br\/#website\"},\"datePublished\":\"2015-05-29T12:12:04+00:00\",\"dateModified\":\"2015-05-29T12:12:04+00:00\",\"breadcrumb\":{\"@id\":\"https:\/\/jornaltimoneiro.com.br\/index.php\/2015\/05\/29\/1o-de-junho-e-o-dia-nacional-da-imprensa-brasileira\/#breadcrumb\"},\"inLanguage\":\"pt-BR\",\"potentialAction\":[{\"@type\":\"ReadAction\",\"target\":[\"https:\/\/jornaltimoneiro.com.br\/index.php\/2015\/05\/29\/1o-de-junho-e-o-dia-nacional-da-imprensa-brasileira\/\"]}]},{\"@type\":\"BreadcrumbList\",\"@id\":\"https:\/\/jornaltimoneiro.com.br\/index.php\/2015\/05\/29\/1o-de-junho-e-o-dia-nacional-da-imprensa-brasileira\/#breadcrumb\",\"itemListElement\":[{\"@type\":\"ListItem\",\"position\":1,\"name\":\"In\u00edcio\",\"item\":\"https:\/\/jornaltimoneiro.com.br\/\"},{\"@type\":\"ListItem\",\"position\":2,\"name\":\"1\u00ba de junho \u00e9 o Dia Nacional da Imprensa Brasileira\"}]},{\"@type\":\"WebSite\",\"@id\":\"https:\/\/jornaltimoneiro.com.br\/#website\",\"url\":\"https:\/\/jornaltimoneiro.com.br\/\",\"name\":\"Jornal Timoneiro Canoas RS\",\"description\":\"Jornal O Timoneiro, o verdadeiro jornal de Canoas\",\"publisher\":{\"@id\":\"https:\/\/jornaltimoneiro.com.br\/#organization\"},\"potentialAction\":[{\"@type\":\"SearchAction\",\"target\":{\"@type\":\"EntryPoint\",\"urlTemplate\":\"https:\/\/jornaltimoneiro.com.br\/?s={search_term_string}\"},\"query-input\":\"required name=search_term_string\"}],\"inLanguage\":\"pt-BR\"},{\"@type\":\"Organization\",\"@id\":\"https:\/\/jornaltimoneiro.com.br\/#organization\",\"name\":\"Jornal Timoneiro Canoas RS\",\"url\":\"https:\/\/jornaltimoneiro.com.br\/\",\"logo\":{\"@type\":\"ImageObject\",\"inLanguage\":\"pt-BR\",\"@id\":\"https:\/\/jornaltimoneiro.com.br\/#\/schema\/logo\/image\/\",\"url\":\"https:\/\/jornaltimoneiro.com.br\/wp-content\/uploads\/2023\/03\/logonovo.png\",\"contentUrl\":\"https:\/\/jornaltimoneiro.com.br\/wp-content\/uploads\/2023\/03\/logonovo.png\",\"width\":\"469\",\"height\":\"171\",\"caption\":\"Jornal Timoneiro Canoas RS\"},\"image\":{\"@id\":\"https:\/\/jornaltimoneiro.com.br\/#\/schema\/logo\/image\/\"},\"sameAs\":[\"https:\/\/www.facebook.com\/jornaltimoneiro\",\"https:\/\/twitter.com\/_OTimoneiro\",\"https:\/\/www.instagram.com\/jornaltimoneirocanoas\/\",\"https:\/\/www.youtube.com\/@jornalotimoneiro7927\"]},{\"@type\":\"Person\",\"@id\":\"https:\/\/jornaltimoneiro.com.br\/#\/schema\/person\/620efd1d8244466117482be494360b08\",\"name\":\"Reda\u00e7\u00e3o\",\"image\":{\"@type\":\"ImageObject\",\"inLanguage\":\"pt-BR\",\"@id\":\"https:\/\/jornaltimoneiro.com.br\/#\/schema\/person\/image\/\",\"url\":\"https:\/\/secure.gravatar.com\/avatar\/2f04e1b304682a8d9db336c7acd77f08?s=96&d=mm&r=g\",\"contentUrl\":\"https:\/\/secure.gravatar.com\/avatar\/2f04e1b304682a8d9db336c7acd77f08?s=96&d=mm&r=g\",\"caption\":\"Reda\u00e7\u00e3o\"},\"url\":\"https:\/\/jornaltimoneiro.com.br\/index.php\/author\/timoneirocanoas\/\"}]}<\/script>\n<!-- \/ Yoast SEO plugin. -->","yoast_head_json":{"title":"1\u00ba de junho \u00e9 o Dia Nacional da Imprensa Brasileira - O Timoneiro Jornal Canoas RS","robots":{"index":"index","follow":"follow","max-snippet":"max-snippet:-1","max-image-preview":"max-image-preview:large","max-video-preview":"max-video-preview:-1"},"canonical":"https:\/\/jornaltimoneiro.com.br\/index.php\/2015\/05\/29\/1o-de-junho-e-o-dia-nacional-da-imprensa-brasileira\/","og_locale":"pt_BR","og_type":"article","og_title":"1\u00ba de junho \u00e9 o Dia Nacional da Imprensa Brasileira - O Timoneiro Jornal Canoas RS","og_description":"O precursor da imprensa Canoense foi Nem\u00e9zio Miranda de Meirelles, Baiano para os \u00edntimos.","og_url":"https:\/\/jornaltimoneiro.com.br\/index.php\/2015\/05\/29\/1o-de-junho-e-o-dia-nacional-da-imprensa-brasileira\/","og_site_name":"O Timoneiro Jornal Canoas RS","article_publisher":"https:\/\/www.facebook.com\/jornaltimoneiro","article_published_time":"2015-05-29T12:12:04+00:00","author":"Reda\u00e7\u00e3o","twitter_card":"summary_large_image","twitter_creator":"@_OTimoneiro","twitter_site":"@_OTimoneiro","twitter_misc":{"Escrito por":"Reda\u00e7\u00e3o","Est. tempo de leitura":"3 minutos"},"schema":{"@context":"https:\/\/schema.org","@graph":[{"@type":"Article","@id":"https:\/\/jornaltimoneiro.com.br\/index.php\/2015\/05\/29\/1o-de-junho-e-o-dia-nacional-da-imprensa-brasileira\/#article","isPartOf":{"@id":"https:\/\/jornaltimoneiro.com.br\/index.php\/2015\/05\/29\/1o-de-junho-e-o-dia-nacional-da-imprensa-brasileira\/"},"author":{"name":"Reda\u00e7\u00e3o","@id":"https:\/\/jornaltimoneiro.com.br\/#\/schema\/person\/620efd1d8244466117482be494360b08"},"headline":"1\u00ba de junho \u00e9 o Dia Nacional da Imprensa Brasileira","datePublished":"2015-05-29T12:12:04+00:00","dateModified":"2015-05-29T12:12:04+00:00","mainEntityOfPage":{"@id":"https:\/\/jornaltimoneiro.com.br\/index.php\/2015\/05\/29\/1o-de-junho-e-o-dia-nacional-da-imprensa-brasileira\/"},"wordCount":687,"commentCount":0,"publisher":{"@id":"https:\/\/jornaltimoneiro.com.br\/#organization"},"articleSection":["Destaques","Geral"],"inLanguage":"pt-BR","potentialAction":[{"@type":"CommentAction","name":"Comment","target":["https:\/\/jornaltimoneiro.com.br\/index.php\/2015\/05\/29\/1o-de-junho-e-o-dia-nacional-da-imprensa-brasileira\/#respond"]}]},{"@type":"WebPage","@id":"https:\/\/jornaltimoneiro.com.br\/index.php\/2015\/05\/29\/1o-de-junho-e-o-dia-nacional-da-imprensa-brasileira\/","url":"https:\/\/jornaltimoneiro.com.br\/index.php\/2015\/05\/29\/1o-de-junho-e-o-dia-nacional-da-imprensa-brasileira\/","name":"1\u00ba de junho \u00e9 o Dia Nacional da Imprensa Brasileira - O Timoneiro Jornal Canoas RS","isPartOf":{"@id":"https:\/\/jornaltimoneiro.com.br\/#website"},"datePublished":"2015-05-29T12:12:04+00:00","dateModified":"2015-05-29T12:12:04+00:00","breadcrumb":{"@id":"https:\/\/jornaltimoneiro.com.br\/index.php\/2015\/05\/29\/1o-de-junho-e-o-dia-nacional-da-imprensa-brasileira\/#breadcrumb"},"inLanguage":"pt-BR","potentialAction":[{"@type":"ReadAction","target":["https:\/\/jornaltimoneiro.com.br\/index.php\/2015\/05\/29\/1o-de-junho-e-o-dia-nacional-da-imprensa-brasileira\/"]}]},{"@type":"BreadcrumbList","@id":"https:\/\/jornaltimoneiro.com.br\/index.php\/2015\/05\/29\/1o-de-junho-e-o-dia-nacional-da-imprensa-brasileira\/#breadcrumb","itemListElement":[{"@type":"ListItem","position":1,"name":"In\u00edcio","item":"https:\/\/jornaltimoneiro.com.br\/"},{"@type":"ListItem","position":2,"name":"1\u00ba de junho \u00e9 o Dia Nacional da Imprensa Brasileira"}]},{"@type":"WebSite","@id":"https:\/\/jornaltimoneiro.com.br\/#website","url":"https:\/\/jornaltimoneiro.com.br\/","name":"Jornal Timoneiro Canoas RS","description":"Jornal O Timoneiro, o verdadeiro jornal de Canoas","publisher":{"@id":"https:\/\/jornaltimoneiro.com.br\/#organization"},"potentialAction":[{"@type":"SearchAction","target":{"@type":"EntryPoint","urlTemplate":"https:\/\/jornaltimoneiro.com.br\/?s={search_term_string}"},"query-input":"required name=search_term_string"}],"inLanguage":"pt-BR"},{"@type":"Organization","@id":"https:\/\/jornaltimoneiro.com.br\/#organization","name":"Jornal Timoneiro Canoas RS","url":"https:\/\/jornaltimoneiro.com.br\/","logo":{"@type":"ImageObject","inLanguage":"pt-BR","@id":"https:\/\/jornaltimoneiro.com.br\/#\/schema\/logo\/image\/","url":"https:\/\/jornaltimoneiro.com.br\/wp-content\/uploads\/2023\/03\/logonovo.png","contentUrl":"https:\/\/jornaltimoneiro.com.br\/wp-content\/uploads\/2023\/03\/logonovo.png","width":"469","height":"171","caption":"Jornal Timoneiro Canoas RS"},"image":{"@id":"https:\/\/jornaltimoneiro.com.br\/#\/schema\/logo\/image\/"},"sameAs":["https:\/\/www.facebook.com\/jornaltimoneiro","https:\/\/twitter.com\/_OTimoneiro","https:\/\/www.instagram.com\/jornaltimoneirocanoas\/","https:\/\/www.youtube.com\/@jornalotimoneiro7927"]},{"@type":"Person","@id":"https:\/\/jornaltimoneiro.com.br\/#\/schema\/person\/620efd1d8244466117482be494360b08","name":"Reda\u00e7\u00e3o","image":{"@type":"ImageObject","inLanguage":"pt-BR","@id":"https:\/\/jornaltimoneiro.com.br\/#\/schema\/person\/image\/","url":"https:\/\/secure.gravatar.com\/avatar\/2f04e1b304682a8d9db336c7acd77f08?s=96&d=mm&r=g","contentUrl":"https:\/\/secure.gravatar.com\/avatar\/2f04e1b304682a8d9db336c7acd77f08?s=96&d=mm&r=g","caption":"Reda\u00e7\u00e3o"},"url":"https:\/\/jornaltimoneiro.com.br\/index.php\/author\/timoneirocanoas\/"}]}},"_links":{"self":[{"href":"https:\/\/jornaltimoneiro.com.br\/index.php\/wp-json\/wp\/v2\/posts\/232"}],"collection":[{"href":"https:\/\/jornaltimoneiro.com.br\/index.php\/wp-json\/wp\/v2\/posts"}],"about":[{"href":"https:\/\/jornaltimoneiro.com.br\/index.php\/wp-json\/wp\/v2\/types\/post"}],"author":[{"embeddable":true,"href":"https:\/\/jornaltimoneiro.com.br\/index.php\/wp-json\/wp\/v2\/users\/1"}],"replies":[{"embeddable":true,"href":"https:\/\/jornaltimoneiro.com.br\/index.php\/wp-json\/wp\/v2\/comments?post=232"}],"version-history":[{"count":0,"href":"https:\/\/jornaltimoneiro.com.br\/index.php\/wp-json\/wp\/v2\/posts\/232\/revisions"}],"wp:featuredmedia":[{"embeddable":true,"href":"https:\/\/jornaltimoneiro.com.br\/index.php\/wp-json\/"}],"wp:attachment":[{"href":"https:\/\/jornaltimoneiro.com.br\/index.php\/wp-json\/wp\/v2\/media?parent=232"}],"wp:term":[{"taxonomy":"category","embeddable":true,"href":"https:\/\/jornaltimoneiro.com.br\/index.php\/wp-json\/wp\/v2\/categories?post=232"},{"taxonomy":"post_tag","embeddable":true,"href":"https:\/\/jornaltimoneiro.com.br\/index.php\/wp-json\/wp\/v2\/tags?post=232"}],"curies":[{"name":"wp","href":"https:\/\/api.w.org\/{rel}","templated":true}]}}