{"id":23148,"date":"2022-11-01T11:12:47","date_gmt":"2022-11-01T14:12:47","guid":{"rendered":"https:\/\/jornaltimoneiro.com.br\/?p=23148"},"modified":"2022-11-09T10:24:08","modified_gmt":"2022-11-09T13:24:08","slug":"canoas-decretado-luto-oficial-de-3-dias-pela-morte-de-jorge-uequed","status":"publish","type":"post","link":"https:\/\/jornaltimoneiro.com.br\/index.php\/2022\/11\/01\/canoas-decretado-luto-oficial-de-3-dias-pela-morte-de-jorge-uequed\/","title":{"rendered":"Canoas: decretado luto oficial de 3 dias pela morte de Jorge Uequed"},"content":{"rendered":"\n<p>O prefeito de Canoas Nedy de Vargas Marques decretou luto oficial de tr\u00eas dias pela morte do Deputado Federal Constituinte Jorge Uequed.<\/p>\n\n\n\n<figure class=\"wp-block-image size-large\"><img decoding=\"async\" width=\"802\" height=\"1024\" src=\"https:\/\/jornaltimoneiro.com.br\/wp-content\/uploads\/2022\/11\/C350ED71-A7A9-4BF0-B430-46E7202F12EE-802x1024.jpeg\" alt=\"\" class=\"wp-image-23150\" srcset=\"https:\/\/jornaltimoneiro.com.br\/wp-content\/uploads\/2022\/11\/C350ED71-A7A9-4BF0-B430-46E7202F12EE-802x1024.jpeg 802w, https:\/\/jornaltimoneiro.com.br\/wp-content\/uploads\/2022\/11\/C350ED71-A7A9-4BF0-B430-46E7202F12EE-235x300.jpeg 235w, https:\/\/jornaltimoneiro.com.br\/wp-content\/uploads\/2022\/11\/C350ED71-A7A9-4BF0-B430-46E7202F12EE-768x980.jpeg 768w, https:\/\/jornaltimoneiro.com.br\/wp-content\/uploads\/2022\/11\/C350ED71-A7A9-4BF0-B430-46E7202F12EE-696x888.jpeg 696w, https:\/\/jornaltimoneiro.com.br\/wp-content\/uploads\/2022\/11\/C350ED71-A7A9-4BF0-B430-46E7202F12EE-329x420.jpeg 329w, https:\/\/jornaltimoneiro.com.br\/wp-content\/uploads\/2022\/11\/C350ED71-A7A9-4BF0-B430-46E7202F12EE.jpeg 922w\" sizes=\"(max-width: 802px) 100vw, 802px\" \/><\/figure>\n\n\n\n<p>Uequed faleceu na madrugada desta ter\u00e7a-feira, 1, em decorr\u00eancia de um mieloma multiplo. <\/p>\n\n\n\n<p>Saiba mais clicando <a href=\"https:\/\/jornaltimoneiro.com.br\/index.php\/2022\/11\/01\/morre-aos-80-anos-jorge-uequed-criador-do-seguro-desemprego\/\" target=\"_blank\" rel=\"noreferrer noopener\">aqui<\/a>. <\/p>\n\n\n\n<p><\/p>\n","protected":false},"excerpt":{"rendered":"<p>O prefeito de Canoas Nedy de Vargas Marques decretou luto oficial de tr\u00eas dias pela morte do Deputado Federal Constituinte Jorge Uequed. Uequed faleceu na madrugada desta ter\u00e7a-feira, 1, em decorr\u00eancia de um mieloma multiplo. Saiba mais clicando aqui.<\/p>\n","protected":false},"author":2,"featured_media":23149,"comment_status":"open","ping_status":"open","sticky":false,"template":"","format":"standard","meta":{"amp_status":"","footnotes":""},"categories":[23],"tags":[],"class_list":["post-23148","post","type-post","status-publish","format-standard","has-post-thumbnail","hentry","category-geral"],"yoast_head":"<!-- This site is optimized with the Yoast SEO plugin v20.5 - https:\/\/yoast.com\/wordpress\/plugins\/seo\/ -->\n<title>Canoas: decretado luto oficial de 3 dias pela morte de Jorge Uequed - O Timoneiro Jornal Canoas RS<\/title>\n<meta name=\"robots\" content=\"index, follow, max-snippet:-1, max-image-preview:large, max-video-preview:-1\" \/>\n<link rel=\"canonical\" href=\"https:\/\/jornaltimoneiro.com.br\/index.php\/2022\/11\/01\/canoas-decretado-luto-oficial-de-3-dias-pela-morte-de-jorge-uequed\/\" \/>\n<meta property=\"og:locale\" content=\"pt_BR\" \/>\n<meta property=\"og:type\" content=\"article\" \/>\n<meta property=\"og:title\" content=\"Canoas: decretado luto oficial de 3 dias pela morte de Jorge Uequed - O Timoneiro Jornal Canoas RS\" \/>\n<meta property=\"og:description\" content=\"O prefeito de Canoas Nedy de Vargas Marques decretou luto oficial de tr\u00eas dias pela morte do Deputado Federal Constituinte Jorge Uequed. Uequed faleceu na madrugada desta ter\u00e7a-feira, 1, em decorr\u00eancia de um mieloma multiplo. Saiba mais clicando aqui.\" \/>\n<meta property=\"og:url\" content=\"https:\/\/jornaltimoneiro.com.br\/index.php\/2022\/11\/01\/canoas-decretado-luto-oficial-de-3-dias-pela-morte-de-jorge-uequed\/\" \/>\n<meta property=\"og:site_name\" content=\"O Timoneiro Jornal Canoas RS\" \/>\n<meta property=\"article:publisher\" content=\"https:\/\/www.facebook.com\/jornaltimoneiro\" \/>\n<meta property=\"article:published_time\" content=\"2022-11-01T14:12:47+00:00\" \/>\n<meta property=\"article:modified_time\" content=\"2022-11-09T13:24:08+00:00\" \/>\n<meta property=\"og:image\" content=\"https:\/\/jornaltimoneiro.com.br\/wp-content\/uploads\/2022\/11\/390945BC-E56D-4E43-AF0E-D0DE1F24A3D4.jpeg\" \/>\n\t<meta property=\"og:image:width\" content=\"320\" \/>\n\t<meta property=\"og:image:height\" content=\"213\" \/>\n\t<meta property=\"og:image:type\" content=\"image\/jpeg\" \/>\n<meta name=\"author\" content=\"Reda\u00e7\u00e3o\" \/>\n<meta name=\"twitter:card\" content=\"summary_large_image\" \/>\n<meta name=\"twitter:creator\" content=\"@_OTimoneiro\" \/>\n<meta name=\"twitter:site\" content=\"@_OTimoneiro\" \/>\n<meta name=\"twitter:label1\" content=\"Escrito por\" \/>\n\t<meta name=\"twitter:data1\" content=\"Reda\u00e7\u00e3o\" \/>\n<script type=\"application\/ld+json\" class=\"yoast-schema-graph\">{\"@context\":\"https:\/\/schema.org\",\"@graph\":[{\"@type\":\"Article\",\"@id\":\"https:\/\/jornaltimoneiro.com.br\/index.php\/2022\/11\/01\/canoas-decretado-luto-oficial-de-3-dias-pela-morte-de-jorge-uequed\/#article\",\"isPartOf\":{\"@id\":\"https:\/\/jornaltimoneiro.com.br\/index.php\/2022\/11\/01\/canoas-decretado-luto-oficial-de-3-dias-pela-morte-de-jorge-uequed\/\"},\"author\":{\"name\":\"Reda\u00e7\u00e3o\",\"@id\":\"https:\/\/jornaltimoneiro.com.br\/#\/schema\/person\/f63482f1a02b1a9592707865e509ab40\"},\"headline\":\"Canoas: decretado luto oficial de 3 dias pela morte de Jorge Uequed\",\"datePublished\":\"2022-11-01T14:12:47+00:00\",\"dateModified\":\"2022-11-09T13:24:08+00:00\",\"mainEntityOfPage\":{\"@id\":\"https:\/\/jornaltimoneiro.com.br\/index.php\/2022\/11\/01\/canoas-decretado-luto-oficial-de-3-dias-pela-morte-de-jorge-uequed\/\"},\"wordCount\":52,\"commentCount\":0,\"publisher\":{\"@id\":\"https:\/\/jornaltimoneiro.com.br\/#organization\"},\"articleSection\":[\"Geral\"],\"inLanguage\":\"pt-BR\",\"potentialAction\":[{\"@type\":\"CommentAction\",\"name\":\"Comment\",\"target\":[\"https:\/\/jornaltimoneiro.com.br\/index.php\/2022\/11\/01\/canoas-decretado-luto-oficial-de-3-dias-pela-morte-de-jorge-uequed\/#respond\"]}]},{\"@type\":\"WebPage\",\"@id\":\"https:\/\/jornaltimoneiro.com.br\/index.php\/2022\/11\/01\/canoas-decretado-luto-oficial-de-3-dias-pela-morte-de-jorge-uequed\/\",\"url\":\"https:\/\/jornaltimoneiro.com.br\/index.php\/2022\/11\/01\/canoas-decretado-luto-oficial-de-3-dias-pela-morte-de-jorge-uequed\/\",\"name\":\"Canoas: decretado luto oficial de 3 dias pela morte de Jorge Uequed - O Timoneiro Jornal Canoas RS\",\"isPartOf\":{\"@id\":\"https:\/\/jornaltimoneiro.com.br\/#website\"},\"datePublished\":\"2022-11-01T14:12:47+00:00\",\"dateModified\":\"2022-11-09T13:24:08+00:00\",\"breadcrumb\":{\"@id\":\"https:\/\/jornaltimoneiro.com.br\/index.php\/2022\/11\/01\/canoas-decretado-luto-oficial-de-3-dias-pela-morte-de-jorge-uequed\/#breadcrumb\"},\"inLanguage\":\"pt-BR\",\"potentialAction\":[{\"@type\":\"ReadAction\",\"target\":[\"https:\/\/jornaltimoneiro.com.br\/index.php\/2022\/11\/01\/canoas-decretado-luto-oficial-de-3-dias-pela-morte-de-jorge-uequed\/\"]}]},{\"@type\":\"BreadcrumbList\",\"@id\":\"https:\/\/jornaltimoneiro.com.br\/index.php\/2022\/11\/01\/canoas-decretado-luto-oficial-de-3-dias-pela-morte-de-jorge-uequed\/#breadcrumb\",\"itemListElement\":[{\"@type\":\"ListItem\",\"position\":1,\"name\":\"In\u00edcio\",\"item\":\"https:\/\/jornaltimoneiro.com.br\/\"},{\"@type\":\"ListItem\",\"position\":2,\"name\":\"Canoas: decretado luto oficial de 3 dias pela morte de Jorge Uequed\"}]},{\"@type\":\"WebSite\",\"@id\":\"https:\/\/jornaltimoneiro.com.br\/#website\",\"url\":\"https:\/\/jornaltimoneiro.com.br\/\",\"name\":\"Jornal Timoneiro Canoas RS\",\"description\":\"Jornal O Timoneiro, o verdadeiro jornal de Canoas\",\"publisher\":{\"@id\":\"https:\/\/jornaltimoneiro.com.br\/#organization\"},\"potentialAction\":[{\"@type\":\"SearchAction\",\"target\":{\"@type\":\"EntryPoint\",\"urlTemplate\":\"https:\/\/jornaltimoneiro.com.br\/?s={search_term_string}\"},\"query-input\":\"required name=search_term_string\"}],\"inLanguage\":\"pt-BR\"},{\"@type\":\"Organization\",\"@id\":\"https:\/\/jornaltimoneiro.com.br\/#organization\",\"name\":\"Jornal Timoneiro Canoas RS\",\"url\":\"https:\/\/jornaltimoneiro.com.br\/\",\"logo\":{\"@type\":\"ImageObject\",\"inLanguage\":\"pt-BR\",\"@id\":\"https:\/\/jornaltimoneiro.com.br\/#\/schema\/logo\/image\/\",\"url\":\"https:\/\/jornaltimoneiro.com.br\/wp-content\/uploads\/2023\/03\/logonovo.png\",\"contentUrl\":\"https:\/\/jornaltimoneiro.com.br\/wp-content\/uploads\/2023\/03\/logonovo.png\",\"width\":\"469\",\"height\":\"171\",\"caption\":\"Jornal Timoneiro Canoas RS\"},\"image\":{\"@id\":\"https:\/\/jornaltimoneiro.com.br\/#\/schema\/logo\/image\/\"},\"sameAs\":[\"https:\/\/www.facebook.com\/jornaltimoneiro\",\"https:\/\/twitter.com\/_OTimoneiro\",\"https:\/\/www.instagram.com\/jornaltimoneirocanoas\/\",\"https:\/\/www.youtube.com\/@jornalotimoneiro7927\"]},{\"@type\":\"Person\",\"@id\":\"https:\/\/jornaltimoneiro.com.br\/#\/schema\/person\/f63482f1a02b1a9592707865e509ab40\",\"name\":\"Reda\u00e7\u00e3o\",\"image\":{\"@type\":\"ImageObject\",\"inLanguage\":\"pt-BR\",\"@id\":\"https:\/\/jornaltimoneiro.com.br\/#\/schema\/person\/image\/\",\"url\":\"https:\/\/jornaltimoneiro.com.br\/wp-content\/uploads\/2023\/03\/download.jpeg\",\"contentUrl\":\"https:\/\/jornaltimoneiro.com.br\/wp-content\/uploads\/2023\/03\/download.jpeg\",\"caption\":\"Reda\u00e7\u00e3o\"},\"url\":\"https:\/\/jornaltimoneiro.com.br\/index.php\/author\/simone-dutra\/\"}]}<\/script>\n<!-- \/ Yoast SEO plugin. -->","yoast_head_json":{"title":"Canoas: decretado luto oficial de 3 dias pela morte de Jorge Uequed - O Timoneiro Jornal Canoas RS","robots":{"index":"index","follow":"follow","max-snippet":"max-snippet:-1","max-image-preview":"max-image-preview:large","max-video-preview":"max-video-preview:-1"},"canonical":"https:\/\/jornaltimoneiro.com.br\/index.php\/2022\/11\/01\/canoas-decretado-luto-oficial-de-3-dias-pela-morte-de-jorge-uequed\/","og_locale":"pt_BR","og_type":"article","og_title":"Canoas: decretado luto oficial de 3 dias pela morte de Jorge Uequed - O Timoneiro Jornal Canoas RS","og_description":"O prefeito de Canoas Nedy de Vargas Marques decretou luto oficial de tr\u00eas dias pela morte do Deputado Federal Constituinte Jorge Uequed. Uequed faleceu na madrugada desta ter\u00e7a-feira, 1, em decorr\u00eancia de um mieloma multiplo. Saiba mais clicando aqui.","og_url":"https:\/\/jornaltimoneiro.com.br\/index.php\/2022\/11\/01\/canoas-decretado-luto-oficial-de-3-dias-pela-morte-de-jorge-uequed\/","og_site_name":"O Timoneiro Jornal Canoas RS","article_publisher":"https:\/\/www.facebook.com\/jornaltimoneiro","article_published_time":"2022-11-01T14:12:47+00:00","article_modified_time":"2022-11-09T13:24:08+00:00","og_image":[{"width":320,"height":213,"url":"https:\/\/jornaltimoneiro.com.br\/wp-content\/uploads\/2022\/11\/390945BC-E56D-4E43-AF0E-D0DE1F24A3D4.jpeg","type":"image\/jpeg"}],"author":"Reda\u00e7\u00e3o","twitter_card":"summary_large_image","twitter_creator":"@_OTimoneiro","twitter_site":"@_OTimoneiro","twitter_misc":{"Escrito por":"Reda\u00e7\u00e3o"},"schema":{"@context":"https:\/\/schema.org","@graph":[{"@type":"Article","@id":"https:\/\/jornaltimoneiro.com.br\/index.php\/2022\/11\/01\/canoas-decretado-luto-oficial-de-3-dias-pela-morte-de-jorge-uequed\/#article","isPartOf":{"@id":"https:\/\/jornaltimoneiro.com.br\/index.php\/2022\/11\/01\/canoas-decretado-luto-oficial-de-3-dias-pela-morte-de-jorge-uequed\/"},"author":{"name":"Reda\u00e7\u00e3o","@id":"https:\/\/jornaltimoneiro.com.br\/#\/schema\/person\/f63482f1a02b1a9592707865e509ab40"},"headline":"Canoas: decretado luto oficial de 3 dias pela morte de Jorge Uequed","datePublished":"2022-11-01T14:12:47+00:00","dateModified":"2022-11-09T13:24:08+00:00","mainEntityOfPage":{"@id":"https:\/\/jornaltimoneiro.com.br\/index.php\/2022\/11\/01\/canoas-decretado-luto-oficial-de-3-dias-pela-morte-de-jorge-uequed\/"},"wordCount":52,"commentCount":0,"publisher":{"@id":"https:\/\/jornaltimoneiro.com.br\/#organization"},"articleSection":["Geral"],"inLanguage":"pt-BR","potentialAction":[{"@type":"CommentAction","name":"Comment","target":["https:\/\/jornaltimoneiro.com.br\/index.php\/2022\/11\/01\/canoas-decretado-luto-oficial-de-3-dias-pela-morte-de-jorge-uequed\/#respond"]}]},{"@type":"WebPage","@id":"https:\/\/jornaltimoneiro.com.br\/index.php\/2022\/11\/01\/canoas-decretado-luto-oficial-de-3-dias-pela-morte-de-jorge-uequed\/","url":"https:\/\/jornaltimoneiro.com.br\/index.php\/2022\/11\/01\/canoas-decretado-luto-oficial-de-3-dias-pela-morte-de-jorge-uequed\/","name":"Canoas: decretado luto oficial de 3 dias pela morte de Jorge Uequed - O Timoneiro Jornal Canoas RS","isPartOf":{"@id":"https:\/\/jornaltimoneiro.com.br\/#website"},"datePublished":"2022-11-01T14:12:47+00:00","dateModified":"2022-11-09T13:24:08+00:00","breadcrumb":{"@id":"https:\/\/jornaltimoneiro.com.br\/index.php\/2022\/11\/01\/canoas-decretado-luto-oficial-de-3-dias-pela-morte-de-jorge-uequed\/#breadcrumb"},"inLanguage":"pt-BR","potentialAction":[{"@type":"ReadAction","target":["https:\/\/jornaltimoneiro.com.br\/index.php\/2022\/11\/01\/canoas-decretado-luto-oficial-de-3-dias-pela-morte-de-jorge-uequed\/"]}]},{"@type":"BreadcrumbList","@id":"https:\/\/jornaltimoneiro.com.br\/index.php\/2022\/11\/01\/canoas-decretado-luto-oficial-de-3-dias-pela-morte-de-jorge-uequed\/#breadcrumb","itemListElement":[{"@type":"ListItem","position":1,"name":"In\u00edcio","item":"https:\/\/jornaltimoneiro.com.br\/"},{"@type":"ListItem","position":2,"name":"Canoas: decretado luto oficial de 3 dias pela morte de Jorge Uequed"}]},{"@type":"WebSite","@id":"https:\/\/jornaltimoneiro.com.br\/#website","url":"https:\/\/jornaltimoneiro.com.br\/","name":"Jornal Timoneiro Canoas RS","description":"Jornal O Timoneiro, o verdadeiro jornal de Canoas","publisher":{"@id":"https:\/\/jornaltimoneiro.com.br\/#organization"},"potentialAction":[{"@type":"SearchAction","target":{"@type":"EntryPoint","urlTemplate":"https:\/\/jornaltimoneiro.com.br\/?s={search_term_string}"},"query-input":"required name=search_term_string"}],"inLanguage":"pt-BR"},{"@type":"Organization","@id":"https:\/\/jornaltimoneiro.com.br\/#organization","name":"Jornal Timoneiro Canoas RS","url":"https:\/\/jornaltimoneiro.com.br\/","logo":{"@type":"ImageObject","inLanguage":"pt-BR","@id":"https:\/\/jornaltimoneiro.com.br\/#\/schema\/logo\/image\/","url":"https:\/\/jornaltimoneiro.com.br\/wp-content\/uploads\/2023\/03\/logonovo.png","contentUrl":"https:\/\/jornaltimoneiro.com.br\/wp-content\/uploads\/2023\/03\/logonovo.png","width":"469","height":"171","caption":"Jornal Timoneiro Canoas RS"},"image":{"@id":"https:\/\/jornaltimoneiro.com.br\/#\/schema\/logo\/image\/"},"sameAs":["https:\/\/www.facebook.com\/jornaltimoneiro","https:\/\/twitter.com\/_OTimoneiro","https:\/\/www.instagram.com\/jornaltimoneirocanoas\/","https:\/\/www.youtube.com\/@jornalotimoneiro7927"]},{"@type":"Person","@id":"https:\/\/jornaltimoneiro.com.br\/#\/schema\/person\/f63482f1a02b1a9592707865e509ab40","name":"Reda\u00e7\u00e3o","image":{"@type":"ImageObject","inLanguage":"pt-BR","@id":"https:\/\/jornaltimoneiro.com.br\/#\/schema\/person\/image\/","url":"https:\/\/jornaltimoneiro.com.br\/wp-content\/uploads\/2023\/03\/download.jpeg","contentUrl":"https:\/\/jornaltimoneiro.com.br\/wp-content\/uploads\/2023\/03\/download.jpeg","caption":"Reda\u00e7\u00e3o"},"url":"https:\/\/jornaltimoneiro.com.br\/index.php\/author\/simone-dutra\/"}]}},"_links":{"self":[{"href":"https:\/\/jornaltimoneiro.com.br\/index.php\/wp-json\/wp\/v2\/posts\/23148"}],"collection":[{"href":"https:\/\/jornaltimoneiro.com.br\/index.php\/wp-json\/wp\/v2\/posts"}],"about":[{"href":"https:\/\/jornaltimoneiro.com.br\/index.php\/wp-json\/wp\/v2\/types\/post"}],"author":[{"embeddable":true,"href":"https:\/\/jornaltimoneiro.com.br\/index.php\/wp-json\/wp\/v2\/users\/2"}],"replies":[{"embeddable":true,"href":"https:\/\/jornaltimoneiro.com.br\/index.php\/wp-json\/wp\/v2\/comments?post=23148"}],"version-history":[{"count":2,"href":"https:\/\/jornaltimoneiro.com.br\/index.php\/wp-json\/wp\/v2\/posts\/23148\/revisions"}],"predecessor-version":[{"id":23153,"href":"https:\/\/jornaltimoneiro.com.br\/index.php\/wp-json\/wp\/v2\/posts\/23148\/revisions\/23153"}],"wp:featuredmedia":[{"embeddable":true,"href":"https:\/\/jornaltimoneiro.com.br\/index.php\/wp-json\/wp\/v2\/media\/23149"}],"wp:attachment":[{"href":"https:\/\/jornaltimoneiro.com.br\/index.php\/wp-json\/wp\/v2\/media?parent=23148"}],"wp:term":[{"taxonomy":"category","embeddable":true,"href":"https:\/\/jornaltimoneiro.com.br\/index.php\/wp-json\/wp\/v2\/categories?post=23148"},{"taxonomy":"post_tag","embeddable":true,"href":"https:\/\/jornaltimoneiro.com.br\/index.php\/wp-json\/wp\/v2\/tags?post=23148"}],"curies":[{"name":"wp","href":"https:\/\/api.w.org\/{rel}","templated":true}]}}