{"id":22810,"date":"2022-06-08T19:35:36","date_gmt":"2022-06-08T22:35:36","guid":{"rendered":"https:\/\/jornaltimoneiro.com.br\/?p=22810"},"modified":"2022-06-08T19:35:36","modified_gmt":"2022-06-08T22:35:36","slug":"caos-na-saude-pediatras-do-hu-e-upa-rio-branco-pedem-demissao-em-massa","status":"publish","type":"post","link":"https:\/\/jornaltimoneiro.com.br\/index.php\/2022\/06\/08\/caos-na-saude-pediatras-do-hu-e-upa-rio-branco-pedem-demissao-em-massa\/","title":{"rendered":"CAOS NA SA\u00daDE: Pediatras do HU e UPA Rio Branco pedem demiss\u00e3o em massa"},"content":{"rendered":"<p><strong>De acordo com an\u00fancio feito no final da tarde desta quarta-feira, 8, pelo Sindicato M\u00e9dico do Rio Grande do Sul (Simers), a partir das 19h de hoje, a Unidade de Pronto Atendimento (UPA) Rio Branco, em Canoas, n\u00e3o ter\u00e1 mais atendimento pedi\u00e1trico. Os m\u00e9dicos teriam pedido demiss\u00e3o em massa devido \u00e0 falta de retaguarda para o encaminhamento dos pacientes graves que chegam ao local.<\/strong><\/p>\n<p>Ainda segundo o texto, o Simers esteve na UPA e conversou com a dire\u00e7\u00e3o t\u00e9cnica, as duas pediatras que ainda cumpriam o plant\u00e3o e com representantes da gest\u00e3o, atualmente realizada pela Biogesp (Associa\u00e7\u00e3o de Gest\u00e3o e Execu\u00e7\u00e3o de Servi\u00e7os P\u00fablicos e Sociais). Segundo as informa\u00e7\u00f5es obtidas pelo sindicato, n\u00e3o \u00e9 poss\u00edvel manter a assist\u00eancia sem poder contar a emerg\u00eancia pedi\u00e1trica do Hospital Universit\u00e1rio, onde os pediatras tamb\u00e9m pediram demiss\u00e3o devido \u00e0 falta de medicamentos e insumos.<\/p>\n<p>&#8220;Ouvimos da Biogesp que a Emerg\u00eancia Pedi\u00e1trica da UPA Boqueir\u00e3o est\u00e1 85% acima da sua capacidade de assist\u00eancia. Portanto, como os profissionais v\u00e3o garantir um atendimento com qualidade e seguran\u00e7a em tais condi\u00e7\u00f5es e sem ter para onde encaminhar os casos graves?&#8221;, refor\u00e7a a diretora do Simers, Anice Metzdorf.<\/p>\n<p>A dirigente ressalta que \u00e9 fundamental a Prefeitura de Canoas garantir a retaguarda para os pequenos pacientes e, dessa forma, promover as condi\u00e7\u00f5es para que os m\u00e9dicos possam exercer as suas fun\u00e7\u00f5es e evitar que ocorra o mesmo esvaziamento de pediatras na UPA Boqueir\u00e3o, a \u00fanica que restou com assist\u00eancia em Emerg\u00eancia Pedi\u00e1trica para os canoenses.<\/p>\n<p>\u201cSem uma a\u00e7\u00e3o concreta dos gestores da Sa\u00fade, o munic\u00edpio com a segunda maior arrecada\u00e7\u00e3o do Estado corre s\u00e9rios riscos de ficar sem nenhum local para o atendimento em Emerg\u00eancia Pedi\u00e1trica&#8221;, refor\u00e7a Anice.<\/p>\n<p><strong>Situa\u00e7\u00e3o no HU<\/strong><\/p>\n<p>Na segunda-feira, 6, a Prefeitura de Canoas publicou em seu site um comunicado referente \u00e0 situa\u00e7\u00e3o no Hospital Universit\u00e1rio:<\/p>\n<p><em>\u201cA Comiss\u00e3o Interventora do Hospital Universit\u00e1rio de Canoas (HU) informa que o atendimento no Pronto Atendimento Pedi\u00e1trico est\u00e1 temporariamente suspenso por falta de pediatra. N\u00e3o est\u00e3o sendo medidos esfor\u00e7os para a contrata\u00e7\u00e3o e restabelecimento do servi\u00e7o, que entendemos de suma import\u00e2ncia para a nossa cidade. Trabalhamos com a perspectiva de restabelecer o atendimento \u00e0s 7h dessa ter\u00e7a-feira (07\/06)\u201d.<\/em><\/p>\n<p>Nossa equipe de reportagem entrou em contato com a assessoria de comunica\u00e7\u00e3o da prefeitura, mas at\u00e9 o momento n\u00e3o obteve retorno.<\/p>\n<p>Atualizado \u00e0s 19:29, do dia 8\/06.<\/p>\n<p>&nbsp;<\/p>\n","protected":false},"excerpt":{"rendered":"<p>De acordo com an\u00fancio feito no final da tarde desta quarta-feira, 8, pelo Sindicato M\u00e9dico do Rio Grande do Sul (Simers), a partir das 19h de hoje, a Unidade de Pronto Atendimento (UPA) Rio Branco, em Canoas, n\u00e3o ter\u00e1 mais atendimento pedi\u00e1trico. Os m\u00e9dicos teriam pedido demiss\u00e3o em massa devido \u00e0 falta de retaguarda para [&hellip;]<\/p>\n","protected":false},"author":2,"featured_media":22811,"comment_status":"open","ping_status":"open","sticky":false,"template":"","format":"standard","meta":{"amp_status":"","footnotes":""},"categories":[19],"tags":[],"class_list":["post-22810","post","type-post","status-publish","format-standard","has-post-thumbnail","hentry","category-destaques"],"yoast_head":"<!-- This site is optimized with the Yoast SEO plugin v20.5 - https:\/\/yoast.com\/wordpress\/plugins\/seo\/ -->\n<title>CAOS NA SA\u00daDE: Pediatras do HU e UPA Rio Branco pedem demiss\u00e3o em massa - O Timoneiro Jornal Canoas RS<\/title>\n<meta name=\"robots\" content=\"index, follow, max-snippet:-1, max-image-preview:large, max-video-preview:-1\" \/>\n<link rel=\"canonical\" href=\"https:\/\/jornaltimoneiro.com.br\/index.php\/2022\/06\/08\/caos-na-saude-pediatras-do-hu-e-upa-rio-branco-pedem-demissao-em-massa\/\" \/>\n<meta property=\"og:locale\" content=\"pt_BR\" \/>\n<meta property=\"og:type\" content=\"article\" \/>\n<meta property=\"og:title\" content=\"CAOS NA SA\u00daDE: Pediatras do HU e UPA Rio Branco pedem demiss\u00e3o em massa - O Timoneiro Jornal Canoas RS\" \/>\n<meta property=\"og:description\" content=\"De acordo com an\u00fancio feito no final da tarde desta quarta-feira, 8, pelo Sindicato M\u00e9dico do Rio Grande do Sul (Simers), a partir das 19h de hoje, a Unidade de Pronto Atendimento (UPA) Rio Branco, em Canoas, n\u00e3o ter\u00e1 mais atendimento pedi\u00e1trico. Os m\u00e9dicos teriam pedido demiss\u00e3o em massa devido \u00e0 falta de retaguarda para [&hellip;]\" \/>\n<meta property=\"og:url\" content=\"https:\/\/jornaltimoneiro.com.br\/index.php\/2022\/06\/08\/caos-na-saude-pediatras-do-hu-e-upa-rio-branco-pedem-demissao-em-massa\/\" \/>\n<meta property=\"og:site_name\" content=\"O Timoneiro Jornal Canoas RS\" \/>\n<meta property=\"article:publisher\" content=\"https:\/\/www.facebook.com\/jornaltimoneiro\" \/>\n<meta property=\"article:published_time\" content=\"2022-06-08T22:35:36+00:00\" \/>\n<meta property=\"og:image\" content=\"https:\/\/jornaltimoneiro.com.br\/wp-content\/uploads\/2022\/06\/aaa.png\" \/>\n\t<meta property=\"og:image:width\" content=\"800\" \/>\n\t<meta property=\"og:image:height\" content=\"723\" \/>\n\t<meta property=\"og:image:type\" content=\"image\/png\" \/>\n<meta name=\"author\" content=\"Reda\u00e7\u00e3o\" \/>\n<meta name=\"twitter:card\" content=\"summary_large_image\" \/>\n<meta name=\"twitter:creator\" content=\"@_OTimoneiro\" \/>\n<meta name=\"twitter:site\" content=\"@_OTimoneiro\" \/>\n<meta name=\"twitter:label1\" content=\"Escrito por\" \/>\n\t<meta name=\"twitter:data1\" content=\"Reda\u00e7\u00e3o\" \/>\n\t<meta name=\"twitter:label2\" content=\"Est. tempo de leitura\" \/>\n\t<meta name=\"twitter:data2\" content=\"2 minutos\" \/>\n<script type=\"application\/ld+json\" class=\"yoast-schema-graph\">{\"@context\":\"https:\/\/schema.org\",\"@graph\":[{\"@type\":\"Article\",\"@id\":\"https:\/\/jornaltimoneiro.com.br\/index.php\/2022\/06\/08\/caos-na-saude-pediatras-do-hu-e-upa-rio-branco-pedem-demissao-em-massa\/#article\",\"isPartOf\":{\"@id\":\"https:\/\/jornaltimoneiro.com.br\/index.php\/2022\/06\/08\/caos-na-saude-pediatras-do-hu-e-upa-rio-branco-pedem-demissao-em-massa\/\"},\"author\":{\"name\":\"Reda\u00e7\u00e3o\",\"@id\":\"https:\/\/jornaltimoneiro.com.br\/#\/schema\/person\/f63482f1a02b1a9592707865e509ab40\"},\"headline\":\"CAOS NA SA\u00daDE: Pediatras do HU e UPA Rio Branco pedem demiss\u00e3o em massa\",\"datePublished\":\"2022-06-08T22:35:36+00:00\",\"dateModified\":\"2022-06-08T22:35:36+00:00\",\"mainEntityOfPage\":{\"@id\":\"https:\/\/jornaltimoneiro.com.br\/index.php\/2022\/06\/08\/caos-na-saude-pediatras-do-hu-e-upa-rio-branco-pedem-demissao-em-massa\/\"},\"wordCount\":453,\"commentCount\":0,\"publisher\":{\"@id\":\"https:\/\/jornaltimoneiro.com.br\/#organization\"},\"articleSection\":[\"Destaques\"],\"inLanguage\":\"pt-BR\",\"potentialAction\":[{\"@type\":\"CommentAction\",\"name\":\"Comment\",\"target\":[\"https:\/\/jornaltimoneiro.com.br\/index.php\/2022\/06\/08\/caos-na-saude-pediatras-do-hu-e-upa-rio-branco-pedem-demissao-em-massa\/#respond\"]}]},{\"@type\":\"WebPage\",\"@id\":\"https:\/\/jornaltimoneiro.com.br\/index.php\/2022\/06\/08\/caos-na-saude-pediatras-do-hu-e-upa-rio-branco-pedem-demissao-em-massa\/\",\"url\":\"https:\/\/jornaltimoneiro.com.br\/index.php\/2022\/06\/08\/caos-na-saude-pediatras-do-hu-e-upa-rio-branco-pedem-demissao-em-massa\/\",\"name\":\"CAOS NA SA\u00daDE: Pediatras do HU e UPA Rio Branco pedem demiss\u00e3o em massa - O Timoneiro Jornal Canoas RS\",\"isPartOf\":{\"@id\":\"https:\/\/jornaltimoneiro.com.br\/#website\"},\"datePublished\":\"2022-06-08T22:35:36+00:00\",\"dateModified\":\"2022-06-08T22:35:36+00:00\",\"breadcrumb\":{\"@id\":\"https:\/\/jornaltimoneiro.com.br\/index.php\/2022\/06\/08\/caos-na-saude-pediatras-do-hu-e-upa-rio-branco-pedem-demissao-em-massa\/#breadcrumb\"},\"inLanguage\":\"pt-BR\",\"potentialAction\":[{\"@type\":\"ReadAction\",\"target\":[\"https:\/\/jornaltimoneiro.com.br\/index.php\/2022\/06\/08\/caos-na-saude-pediatras-do-hu-e-upa-rio-branco-pedem-demissao-em-massa\/\"]}]},{\"@type\":\"BreadcrumbList\",\"@id\":\"https:\/\/jornaltimoneiro.com.br\/index.php\/2022\/06\/08\/caos-na-saude-pediatras-do-hu-e-upa-rio-branco-pedem-demissao-em-massa\/#breadcrumb\",\"itemListElement\":[{\"@type\":\"ListItem\",\"position\":1,\"name\":\"In\u00edcio\",\"item\":\"https:\/\/jornaltimoneiro.com.br\/\"},{\"@type\":\"ListItem\",\"position\":2,\"name\":\"CAOS NA SA\u00daDE: Pediatras do HU e UPA Rio Branco pedem demiss\u00e3o em massa\"}]},{\"@type\":\"WebSite\",\"@id\":\"https:\/\/jornaltimoneiro.com.br\/#website\",\"url\":\"https:\/\/jornaltimoneiro.com.br\/\",\"name\":\"Jornal Timoneiro Canoas RS\",\"description\":\"Jornal O Timoneiro, o verdadeiro jornal de Canoas\",\"publisher\":{\"@id\":\"https:\/\/jornaltimoneiro.com.br\/#organization\"},\"potentialAction\":[{\"@type\":\"SearchAction\",\"target\":{\"@type\":\"EntryPoint\",\"urlTemplate\":\"https:\/\/jornaltimoneiro.com.br\/?s={search_term_string}\"},\"query-input\":\"required name=search_term_string\"}],\"inLanguage\":\"pt-BR\"},{\"@type\":\"Organization\",\"@id\":\"https:\/\/jornaltimoneiro.com.br\/#organization\",\"name\":\"Jornal Timoneiro Canoas RS\",\"url\":\"https:\/\/jornaltimoneiro.com.br\/\",\"logo\":{\"@type\":\"ImageObject\",\"inLanguage\":\"pt-BR\",\"@id\":\"https:\/\/jornaltimoneiro.com.br\/#\/schema\/logo\/image\/\",\"url\":\"https:\/\/jornaltimoneiro.com.br\/wp-content\/uploads\/2023\/03\/logonovo.png\",\"contentUrl\":\"https:\/\/jornaltimoneiro.com.br\/wp-content\/uploads\/2023\/03\/logonovo.png\",\"width\":\"469\",\"height\":\"171\",\"caption\":\"Jornal Timoneiro Canoas RS\"},\"image\":{\"@id\":\"https:\/\/jornaltimoneiro.com.br\/#\/schema\/logo\/image\/\"},\"sameAs\":[\"https:\/\/www.facebook.com\/jornaltimoneiro\",\"https:\/\/twitter.com\/_OTimoneiro\",\"https:\/\/www.instagram.com\/jornaltimoneirocanoas\/\",\"https:\/\/www.youtube.com\/@jornalotimoneiro7927\"]},{\"@type\":\"Person\",\"@id\":\"https:\/\/jornaltimoneiro.com.br\/#\/schema\/person\/f63482f1a02b1a9592707865e509ab40\",\"name\":\"Reda\u00e7\u00e3o\",\"image\":{\"@type\":\"ImageObject\",\"inLanguage\":\"pt-BR\",\"@id\":\"https:\/\/jornaltimoneiro.com.br\/#\/schema\/person\/image\/\",\"url\":\"https:\/\/jornaltimoneiro.com.br\/wp-content\/uploads\/2023\/03\/download.jpeg\",\"contentUrl\":\"https:\/\/jornaltimoneiro.com.br\/wp-content\/uploads\/2023\/03\/download.jpeg\",\"caption\":\"Reda\u00e7\u00e3o\"},\"url\":\"https:\/\/jornaltimoneiro.com.br\/index.php\/author\/simone-dutra\/\"}]}<\/script>\n<!-- \/ Yoast SEO plugin. -->","yoast_head_json":{"title":"CAOS NA SA\u00daDE: Pediatras do HU e UPA Rio Branco pedem demiss\u00e3o em massa - O Timoneiro Jornal Canoas RS","robots":{"index":"index","follow":"follow","max-snippet":"max-snippet:-1","max-image-preview":"max-image-preview:large","max-video-preview":"max-video-preview:-1"},"canonical":"https:\/\/jornaltimoneiro.com.br\/index.php\/2022\/06\/08\/caos-na-saude-pediatras-do-hu-e-upa-rio-branco-pedem-demissao-em-massa\/","og_locale":"pt_BR","og_type":"article","og_title":"CAOS NA SA\u00daDE: Pediatras do HU e UPA Rio Branco pedem demiss\u00e3o em massa - O Timoneiro Jornal Canoas RS","og_description":"De acordo com an\u00fancio feito no final da tarde desta quarta-feira, 8, pelo Sindicato M\u00e9dico do Rio Grande do Sul (Simers), a partir das 19h de hoje, a Unidade de Pronto Atendimento (UPA) Rio Branco, em Canoas, n\u00e3o ter\u00e1 mais atendimento pedi\u00e1trico. Os m\u00e9dicos teriam pedido demiss\u00e3o em massa devido \u00e0 falta de retaguarda para [&hellip;]","og_url":"https:\/\/jornaltimoneiro.com.br\/index.php\/2022\/06\/08\/caos-na-saude-pediatras-do-hu-e-upa-rio-branco-pedem-demissao-em-massa\/","og_site_name":"O Timoneiro Jornal Canoas RS","article_publisher":"https:\/\/www.facebook.com\/jornaltimoneiro","article_published_time":"2022-06-08T22:35:36+00:00","og_image":[{"width":"800","height":"723","url":"https:\/\/jornaltimoneiro.com.br\/wp-content\/uploads\/2022\/06\/aaa.png","type":"image\/png"}],"author":"Reda\u00e7\u00e3o","twitter_card":"summary_large_image","twitter_creator":"@_OTimoneiro","twitter_site":"@_OTimoneiro","twitter_misc":{"Escrito por":"Reda\u00e7\u00e3o","Est. tempo de leitura":"2 minutos"},"schema":{"@context":"https:\/\/schema.org","@graph":[{"@type":"Article","@id":"https:\/\/jornaltimoneiro.com.br\/index.php\/2022\/06\/08\/caos-na-saude-pediatras-do-hu-e-upa-rio-branco-pedem-demissao-em-massa\/#article","isPartOf":{"@id":"https:\/\/jornaltimoneiro.com.br\/index.php\/2022\/06\/08\/caos-na-saude-pediatras-do-hu-e-upa-rio-branco-pedem-demissao-em-massa\/"},"author":{"name":"Reda\u00e7\u00e3o","@id":"https:\/\/jornaltimoneiro.com.br\/#\/schema\/person\/f63482f1a02b1a9592707865e509ab40"},"headline":"CAOS NA SA\u00daDE: Pediatras do HU e UPA Rio Branco pedem demiss\u00e3o em massa","datePublished":"2022-06-08T22:35:36+00:00","dateModified":"2022-06-08T22:35:36+00:00","mainEntityOfPage":{"@id":"https:\/\/jornaltimoneiro.com.br\/index.php\/2022\/06\/08\/caos-na-saude-pediatras-do-hu-e-upa-rio-branco-pedem-demissao-em-massa\/"},"wordCount":453,"commentCount":0,"publisher":{"@id":"https:\/\/jornaltimoneiro.com.br\/#organization"},"articleSection":["Destaques"],"inLanguage":"pt-BR","potentialAction":[{"@type":"CommentAction","name":"Comment","target":["https:\/\/jornaltimoneiro.com.br\/index.php\/2022\/06\/08\/caos-na-saude-pediatras-do-hu-e-upa-rio-branco-pedem-demissao-em-massa\/#respond"]}]},{"@type":"WebPage","@id":"https:\/\/jornaltimoneiro.com.br\/index.php\/2022\/06\/08\/caos-na-saude-pediatras-do-hu-e-upa-rio-branco-pedem-demissao-em-massa\/","url":"https:\/\/jornaltimoneiro.com.br\/index.php\/2022\/06\/08\/caos-na-saude-pediatras-do-hu-e-upa-rio-branco-pedem-demissao-em-massa\/","name":"CAOS NA SA\u00daDE: Pediatras do HU e UPA Rio Branco pedem demiss\u00e3o em massa - O Timoneiro Jornal Canoas RS","isPartOf":{"@id":"https:\/\/jornaltimoneiro.com.br\/#website"},"datePublished":"2022-06-08T22:35:36+00:00","dateModified":"2022-06-08T22:35:36+00:00","breadcrumb":{"@id":"https:\/\/jornaltimoneiro.com.br\/index.php\/2022\/06\/08\/caos-na-saude-pediatras-do-hu-e-upa-rio-branco-pedem-demissao-em-massa\/#breadcrumb"},"inLanguage":"pt-BR","potentialAction":[{"@type":"ReadAction","target":["https:\/\/jornaltimoneiro.com.br\/index.php\/2022\/06\/08\/caos-na-saude-pediatras-do-hu-e-upa-rio-branco-pedem-demissao-em-massa\/"]}]},{"@type":"BreadcrumbList","@id":"https:\/\/jornaltimoneiro.com.br\/index.php\/2022\/06\/08\/caos-na-saude-pediatras-do-hu-e-upa-rio-branco-pedem-demissao-em-massa\/#breadcrumb","itemListElement":[{"@type":"ListItem","position":1,"name":"In\u00edcio","item":"https:\/\/jornaltimoneiro.com.br\/"},{"@type":"ListItem","position":2,"name":"CAOS NA SA\u00daDE: Pediatras do HU e UPA Rio Branco pedem demiss\u00e3o em massa"}]},{"@type":"WebSite","@id":"https:\/\/jornaltimoneiro.com.br\/#website","url":"https:\/\/jornaltimoneiro.com.br\/","name":"Jornal Timoneiro Canoas RS","description":"Jornal O Timoneiro, o verdadeiro jornal de Canoas","publisher":{"@id":"https:\/\/jornaltimoneiro.com.br\/#organization"},"potentialAction":[{"@type":"SearchAction","target":{"@type":"EntryPoint","urlTemplate":"https:\/\/jornaltimoneiro.com.br\/?s={search_term_string}"},"query-input":"required name=search_term_string"}],"inLanguage":"pt-BR"},{"@type":"Organization","@id":"https:\/\/jornaltimoneiro.com.br\/#organization","name":"Jornal Timoneiro Canoas RS","url":"https:\/\/jornaltimoneiro.com.br\/","logo":{"@type":"ImageObject","inLanguage":"pt-BR","@id":"https:\/\/jornaltimoneiro.com.br\/#\/schema\/logo\/image\/","url":"https:\/\/jornaltimoneiro.com.br\/wp-content\/uploads\/2023\/03\/logonovo.png","contentUrl":"https:\/\/jornaltimoneiro.com.br\/wp-content\/uploads\/2023\/03\/logonovo.png","width":"469","height":"171","caption":"Jornal Timoneiro Canoas RS"},"image":{"@id":"https:\/\/jornaltimoneiro.com.br\/#\/schema\/logo\/image\/"},"sameAs":["https:\/\/www.facebook.com\/jornaltimoneiro","https:\/\/twitter.com\/_OTimoneiro","https:\/\/www.instagram.com\/jornaltimoneirocanoas\/","https:\/\/www.youtube.com\/@jornalotimoneiro7927"]},{"@type":"Person","@id":"https:\/\/jornaltimoneiro.com.br\/#\/schema\/person\/f63482f1a02b1a9592707865e509ab40","name":"Reda\u00e7\u00e3o","image":{"@type":"ImageObject","inLanguage":"pt-BR","@id":"https:\/\/jornaltimoneiro.com.br\/#\/schema\/person\/image\/","url":"https:\/\/jornaltimoneiro.com.br\/wp-content\/uploads\/2023\/03\/download.jpeg","contentUrl":"https:\/\/jornaltimoneiro.com.br\/wp-content\/uploads\/2023\/03\/download.jpeg","caption":"Reda\u00e7\u00e3o"},"url":"https:\/\/jornaltimoneiro.com.br\/index.php\/author\/simone-dutra\/"}]}},"_links":{"self":[{"href":"https:\/\/jornaltimoneiro.com.br\/index.php\/wp-json\/wp\/v2\/posts\/22810"}],"collection":[{"href":"https:\/\/jornaltimoneiro.com.br\/index.php\/wp-json\/wp\/v2\/posts"}],"about":[{"href":"https:\/\/jornaltimoneiro.com.br\/index.php\/wp-json\/wp\/v2\/types\/post"}],"author":[{"embeddable":true,"href":"https:\/\/jornaltimoneiro.com.br\/index.php\/wp-json\/wp\/v2\/users\/2"}],"replies":[{"embeddable":true,"href":"https:\/\/jornaltimoneiro.com.br\/index.php\/wp-json\/wp\/v2\/comments?post=22810"}],"version-history":[{"count":1,"href":"https:\/\/jornaltimoneiro.com.br\/index.php\/wp-json\/wp\/v2\/posts\/22810\/revisions"}],"predecessor-version":[{"id":22812,"href":"https:\/\/jornaltimoneiro.com.br\/index.php\/wp-json\/wp\/v2\/posts\/22810\/revisions\/22812"}],"wp:featuredmedia":[{"embeddable":true,"href":"https:\/\/jornaltimoneiro.com.br\/index.php\/wp-json\/wp\/v2\/media\/22811"}],"wp:attachment":[{"href":"https:\/\/jornaltimoneiro.com.br\/index.php\/wp-json\/wp\/v2\/media?parent=22810"}],"wp:term":[{"taxonomy":"category","embeddable":true,"href":"https:\/\/jornaltimoneiro.com.br\/index.php\/wp-json\/wp\/v2\/categories?post=22810"},{"taxonomy":"post_tag","embeddable":true,"href":"https:\/\/jornaltimoneiro.com.br\/index.php\/wp-json\/wp\/v2\/tags?post=22810"}],"curies":[{"name":"wp","href":"https:\/\/api.w.org\/{rel}","templated":true}]}}