{"id":225,"date":"2015-05-28T10:05:47","date_gmt":"2015-05-28T13:05:47","guid":{"rendered":"http:\/\/otimoneiro.com.br\/?p=225"},"modified":"2015-05-28T10:05:47","modified_gmt":"2015-05-28T13:05:47","slug":"rodoviarios-de-canoas-podem-parar-na-sexta-feira","status":"publish","type":"post","link":"https:\/\/jornaltimoneiro.com.br\/index.php\/2015\/05\/28\/rodoviarios-de-canoas-podem-parar-na-sexta-feira\/","title":{"rendered":"Rodovi\u00e1rios de Canoas podem parar na sexta-feira"},"content":{"rendered":"<p style=\"text-align: justify;\">O Presidente do Sindicato dos Metrovi\u00e1rios (Sindimetr\u00f4-RS), Luis Henrique Chagas, afirmou os rodovi\u00e1rios de Porto Alegre v\u00e3o parar e os de Canoas talvez parem, em uma tentativa de mobilizar toda a Regi\u00e3o Metropolitana no Dia Nacional de Mobiliza\u00e7\u00e3o e Protesto. Luis Henrique espera a ades\u00e3o total dos 1.100 metrovi\u00e1rios.<\/p>\n<p style=\"text-align: justify;\">As empresas Sogil, Vicasa e Transcal mant\u00e9m o servi\u00e7o normalmente. O sindicato realizar\u00e1 assembl\u00e9ia hoje \u00e0 tarde.<\/p>\n<p style=\"text-align: justify;\">A categoria aderiu \u00e0 paralisa\u00e7\u00e3o nacional que acontecer\u00e1 nesta sexta-feira, 29, em assembl\u00e9ia na quarta-feira, 27, por decis\u00e3o un\u00e2nime. Decidiram por aderir seguindo a linha dos rodovi\u00e1rios da Capital que n\u00e3o v\u00e3o \u00e0s ruas em fun\u00e7\u00e3o do Dia Nacional de Mobiliza\u00e7\u00e3o e Protesto.<\/p>\n<p style=\"text-align: justify;\">Em nota, a Trensurb informou que \u201cn\u00e3o medir\u00e1 esfor\u00e7os a fim de manter o servi\u00e7o essencial de circula\u00e7\u00e3o de trens na pr\u00f3xima sexta-feira (29), de forma a atender \u00e0 popula\u00e7\u00e3o com seguran\u00e7a. A empresa buscar\u00e1 a intermedia\u00e7\u00e3o do Minist\u00e9rio P\u00fablico do Trabalho para que os servi\u00e7os sejam prestados, de acordo com o que determina a Lei de Greve. Informamos, ainda, que a decis\u00e3o de paralisar o servi\u00e7o \u00e9 de responsabilidade do sindimetr\u00f4 e que a empresa n\u00e3o foi notificada formalmente, sendo informada atrav\u00e9s dos ve\u00edculos de comunica\u00e7\u00e3o\u201d.<br \/>\nEsta paralisa\u00e7\u00e3o \u00e9 contr\u00e1ria ao Projeto de Lei (PL) que regulamenta a terceiriza\u00e7\u00e3o e contesta o ajuste fiscal e as medidas provis\u00f3rias que mudam as regras do acesso \u00e0 concess\u00e3o do aux\u00edlio-doen\u00e7a, pens\u00e3o por morte, abono salarial e seguro-desemprego.<\/p>\n<div id=\"attachment_227\" style=\"width: 310px\" class=\"wp-caption aligncenter\"><a href=\"http:\/\/otimoneiro.com.br\/wp-content\/uploads\/2015\/05\/Sogal-008.jpg\"><img decoding=\"async\" aria-describedby=\"caption-attachment-227\" class=\"wp-image-227 size-medium\" src=\"http:\/\/otimoneiro.com.br\/wp-content\/uploads\/2015\/05\/Sogal-008-300x200.jpg\" alt=\"Sogal\" width=\"300\" height=\"200\" \/><\/a><p id=\"caption-attachment-227\" class=\"wp-caption-text\">N\u00e3o haver\u00e1 \u00f4nibus amanh\u00e3, segundo presidente do Sindimetr\u00f4-RS. Foto: Bruno Lara\/OT<\/p><\/div>\n","protected":false},"excerpt":{"rendered":"<p>Seguindo a recomenda\u00e7\u00e3o das centrais sindicais, os metrovi\u00e1rios tamb\u00e9m paralisar\u00e3o atividades<\/p>\n","protected":false},"author":1,"featured_media":0,"comment_status":"open","ping_status":"open","sticky":false,"template":"","format":"standard","meta":{"amp_status":"","footnotes":""},"categories":[25,19,23,22],"tags":[],"class_list":["post-225","post","type-post","status-publish","format-standard","hentry","category-comunidade","category-destaques","category-geral","category-noticias"],"yoast_head":"<!-- This site is optimized with the Yoast SEO plugin v20.5 - https:\/\/yoast.com\/wordpress\/plugins\/seo\/ -->\n<title>Rodovi\u00e1rios de Canoas podem parar na sexta-feira - O Timoneiro Jornal Canoas RS<\/title>\n<meta name=\"robots\" content=\"index, follow, max-snippet:-1, max-image-preview:large, max-video-preview:-1\" \/>\n<link rel=\"canonical\" href=\"https:\/\/jornaltimoneiro.com.br\/index.php\/2015\/05\/28\/rodoviarios-de-canoas-podem-parar-na-sexta-feira\/\" \/>\n<meta property=\"og:locale\" content=\"pt_BR\" \/>\n<meta property=\"og:type\" content=\"article\" \/>\n<meta property=\"og:title\" content=\"Rodovi\u00e1rios de Canoas podem parar na sexta-feira - O Timoneiro Jornal Canoas RS\" \/>\n<meta property=\"og:description\" content=\"Seguindo a recomenda\u00e7\u00e3o das centrais sindicais, os metrovi\u00e1rios tamb\u00e9m paralisar\u00e3o atividades\" \/>\n<meta property=\"og:url\" content=\"https:\/\/jornaltimoneiro.com.br\/index.php\/2015\/05\/28\/rodoviarios-de-canoas-podem-parar-na-sexta-feira\/\" \/>\n<meta property=\"og:site_name\" content=\"O Timoneiro Jornal Canoas RS\" \/>\n<meta property=\"article:publisher\" content=\"https:\/\/www.facebook.com\/jornaltimoneiro\" \/>\n<meta property=\"article:published_time\" content=\"2015-05-28T13:05:47+00:00\" \/>\n<meta property=\"og:image\" content=\"http:\/\/otimoneiro.com.br\/wp-content\/uploads\/2015\/05\/Sogal-008-300x200.jpg\" \/>\n<meta name=\"author\" content=\"Reda\u00e7\u00e3o\" \/>\n<meta name=\"twitter:card\" content=\"summary_large_image\" \/>\n<meta name=\"twitter:creator\" content=\"@_OTimoneiro\" \/>\n<meta name=\"twitter:site\" content=\"@_OTimoneiro\" \/>\n<meta name=\"twitter:label1\" content=\"Escrito por\" \/>\n\t<meta name=\"twitter:data1\" content=\"Reda\u00e7\u00e3o\" \/>\n\t<meta name=\"twitter:label2\" content=\"Est. tempo de leitura\" \/>\n\t<meta name=\"twitter:data2\" content=\"1 minuto\" \/>\n<script type=\"application\/ld+json\" class=\"yoast-schema-graph\">{\"@context\":\"https:\/\/schema.org\",\"@graph\":[{\"@type\":\"Article\",\"@id\":\"https:\/\/jornaltimoneiro.com.br\/index.php\/2015\/05\/28\/rodoviarios-de-canoas-podem-parar-na-sexta-feira\/#article\",\"isPartOf\":{\"@id\":\"https:\/\/jornaltimoneiro.com.br\/index.php\/2015\/05\/28\/rodoviarios-de-canoas-podem-parar-na-sexta-feira\/\"},\"author\":{\"name\":\"Reda\u00e7\u00e3o\",\"@id\":\"https:\/\/jornaltimoneiro.com.br\/#\/schema\/person\/620efd1d8244466117482be494360b08\"},\"headline\":\"Rodovi\u00e1rios de Canoas podem parar na sexta-feira\",\"datePublished\":\"2015-05-28T13:05:47+00:00\",\"dateModified\":\"2015-05-28T13:05:47+00:00\",\"mainEntityOfPage\":{\"@id\":\"https:\/\/jornaltimoneiro.com.br\/index.php\/2015\/05\/28\/rodoviarios-de-canoas-podem-parar-na-sexta-feira\/\"},\"wordCount\":299,\"commentCount\":0,\"publisher\":{\"@id\":\"https:\/\/jornaltimoneiro.com.br\/#organization\"},\"articleSection\":[\"Comunidade\",\"Destaques\",\"Geral\",\"Not\u00edcias\"],\"inLanguage\":\"pt-BR\",\"potentialAction\":[{\"@type\":\"CommentAction\",\"name\":\"Comment\",\"target\":[\"https:\/\/jornaltimoneiro.com.br\/index.php\/2015\/05\/28\/rodoviarios-de-canoas-podem-parar-na-sexta-feira\/#respond\"]}]},{\"@type\":\"WebPage\",\"@id\":\"https:\/\/jornaltimoneiro.com.br\/index.php\/2015\/05\/28\/rodoviarios-de-canoas-podem-parar-na-sexta-feira\/\",\"url\":\"https:\/\/jornaltimoneiro.com.br\/index.php\/2015\/05\/28\/rodoviarios-de-canoas-podem-parar-na-sexta-feira\/\",\"name\":\"Rodovi\u00e1rios de Canoas podem parar na sexta-feira - O Timoneiro Jornal Canoas RS\",\"isPartOf\":{\"@id\":\"https:\/\/jornaltimoneiro.com.br\/#website\"},\"datePublished\":\"2015-05-28T13:05:47+00:00\",\"dateModified\":\"2015-05-28T13:05:47+00:00\",\"breadcrumb\":{\"@id\":\"https:\/\/jornaltimoneiro.com.br\/index.php\/2015\/05\/28\/rodoviarios-de-canoas-podem-parar-na-sexta-feira\/#breadcrumb\"},\"inLanguage\":\"pt-BR\",\"potentialAction\":[{\"@type\":\"ReadAction\",\"target\":[\"https:\/\/jornaltimoneiro.com.br\/index.php\/2015\/05\/28\/rodoviarios-de-canoas-podem-parar-na-sexta-feira\/\"]}]},{\"@type\":\"BreadcrumbList\",\"@id\":\"https:\/\/jornaltimoneiro.com.br\/index.php\/2015\/05\/28\/rodoviarios-de-canoas-podem-parar-na-sexta-feira\/#breadcrumb\",\"itemListElement\":[{\"@type\":\"ListItem\",\"position\":1,\"name\":\"In\u00edcio\",\"item\":\"https:\/\/jornaltimoneiro.com.br\/\"},{\"@type\":\"ListItem\",\"position\":2,\"name\":\"Rodovi\u00e1rios de Canoas podem parar na sexta-feira\"}]},{\"@type\":\"WebSite\",\"@id\":\"https:\/\/jornaltimoneiro.com.br\/#website\",\"url\":\"https:\/\/jornaltimoneiro.com.br\/\",\"name\":\"Jornal Timoneiro Canoas RS\",\"description\":\"Jornal O Timoneiro, o verdadeiro jornal de Canoas\",\"publisher\":{\"@id\":\"https:\/\/jornaltimoneiro.com.br\/#organization\"},\"potentialAction\":[{\"@type\":\"SearchAction\",\"target\":{\"@type\":\"EntryPoint\",\"urlTemplate\":\"https:\/\/jornaltimoneiro.com.br\/?s={search_term_string}\"},\"query-input\":\"required name=search_term_string\"}],\"inLanguage\":\"pt-BR\"},{\"@type\":\"Organization\",\"@id\":\"https:\/\/jornaltimoneiro.com.br\/#organization\",\"name\":\"Jornal Timoneiro Canoas RS\",\"url\":\"https:\/\/jornaltimoneiro.com.br\/\",\"logo\":{\"@type\":\"ImageObject\",\"inLanguage\":\"pt-BR\",\"@id\":\"https:\/\/jornaltimoneiro.com.br\/#\/schema\/logo\/image\/\",\"url\":\"https:\/\/jornaltimoneiro.com.br\/wp-content\/uploads\/2023\/03\/logonovo.png\",\"contentUrl\":\"https:\/\/jornaltimoneiro.com.br\/wp-content\/uploads\/2023\/03\/logonovo.png\",\"width\":\"469\",\"height\":\"171\",\"caption\":\"Jornal Timoneiro Canoas RS\"},\"image\":{\"@id\":\"https:\/\/jornaltimoneiro.com.br\/#\/schema\/logo\/image\/\"},\"sameAs\":[\"https:\/\/www.facebook.com\/jornaltimoneiro\",\"https:\/\/twitter.com\/_OTimoneiro\",\"https:\/\/www.instagram.com\/jornaltimoneirocanoas\/\",\"https:\/\/www.youtube.com\/@jornalotimoneiro7927\"]},{\"@type\":\"Person\",\"@id\":\"https:\/\/jornaltimoneiro.com.br\/#\/schema\/person\/620efd1d8244466117482be494360b08\",\"name\":\"Reda\u00e7\u00e3o\",\"image\":{\"@type\":\"ImageObject\",\"inLanguage\":\"pt-BR\",\"@id\":\"https:\/\/jornaltimoneiro.com.br\/#\/schema\/person\/image\/\",\"url\":\"https:\/\/secure.gravatar.com\/avatar\/2f04e1b304682a8d9db336c7acd77f08?s=96&d=mm&r=g\",\"contentUrl\":\"https:\/\/secure.gravatar.com\/avatar\/2f04e1b304682a8d9db336c7acd77f08?s=96&d=mm&r=g\",\"caption\":\"Reda\u00e7\u00e3o\"},\"url\":\"https:\/\/jornaltimoneiro.com.br\/index.php\/author\/timoneirocanoas\/\"}]}<\/script>\n<!-- \/ Yoast SEO plugin. -->","yoast_head_json":{"title":"Rodovi\u00e1rios de Canoas podem parar na sexta-feira - O Timoneiro Jornal Canoas RS","robots":{"index":"index","follow":"follow","max-snippet":"max-snippet:-1","max-image-preview":"max-image-preview:large","max-video-preview":"max-video-preview:-1"},"canonical":"https:\/\/jornaltimoneiro.com.br\/index.php\/2015\/05\/28\/rodoviarios-de-canoas-podem-parar-na-sexta-feira\/","og_locale":"pt_BR","og_type":"article","og_title":"Rodovi\u00e1rios de Canoas podem parar na sexta-feira - O Timoneiro Jornal Canoas RS","og_description":"Seguindo a recomenda\u00e7\u00e3o das centrais sindicais, os metrovi\u00e1rios tamb\u00e9m paralisar\u00e3o atividades","og_url":"https:\/\/jornaltimoneiro.com.br\/index.php\/2015\/05\/28\/rodoviarios-de-canoas-podem-parar-na-sexta-feira\/","og_site_name":"O Timoneiro Jornal Canoas RS","article_publisher":"https:\/\/www.facebook.com\/jornaltimoneiro","article_published_time":"2015-05-28T13:05:47+00:00","og_image":[{"url":"http:\/\/otimoneiro.com.br\/wp-content\/uploads\/2015\/05\/Sogal-008-300x200.jpg"}],"author":"Reda\u00e7\u00e3o","twitter_card":"summary_large_image","twitter_creator":"@_OTimoneiro","twitter_site":"@_OTimoneiro","twitter_misc":{"Escrito por":"Reda\u00e7\u00e3o","Est. tempo de leitura":"1 minuto"},"schema":{"@context":"https:\/\/schema.org","@graph":[{"@type":"Article","@id":"https:\/\/jornaltimoneiro.com.br\/index.php\/2015\/05\/28\/rodoviarios-de-canoas-podem-parar-na-sexta-feira\/#article","isPartOf":{"@id":"https:\/\/jornaltimoneiro.com.br\/index.php\/2015\/05\/28\/rodoviarios-de-canoas-podem-parar-na-sexta-feira\/"},"author":{"name":"Reda\u00e7\u00e3o","@id":"https:\/\/jornaltimoneiro.com.br\/#\/schema\/person\/620efd1d8244466117482be494360b08"},"headline":"Rodovi\u00e1rios de Canoas podem parar na sexta-feira","datePublished":"2015-05-28T13:05:47+00:00","dateModified":"2015-05-28T13:05:47+00:00","mainEntityOfPage":{"@id":"https:\/\/jornaltimoneiro.com.br\/index.php\/2015\/05\/28\/rodoviarios-de-canoas-podem-parar-na-sexta-feira\/"},"wordCount":299,"commentCount":0,"publisher":{"@id":"https:\/\/jornaltimoneiro.com.br\/#organization"},"articleSection":["Comunidade","Destaques","Geral","Not\u00edcias"],"inLanguage":"pt-BR","potentialAction":[{"@type":"CommentAction","name":"Comment","target":["https:\/\/jornaltimoneiro.com.br\/index.php\/2015\/05\/28\/rodoviarios-de-canoas-podem-parar-na-sexta-feira\/#respond"]}]},{"@type":"WebPage","@id":"https:\/\/jornaltimoneiro.com.br\/index.php\/2015\/05\/28\/rodoviarios-de-canoas-podem-parar-na-sexta-feira\/","url":"https:\/\/jornaltimoneiro.com.br\/index.php\/2015\/05\/28\/rodoviarios-de-canoas-podem-parar-na-sexta-feira\/","name":"Rodovi\u00e1rios de Canoas podem parar na sexta-feira - O Timoneiro Jornal Canoas RS","isPartOf":{"@id":"https:\/\/jornaltimoneiro.com.br\/#website"},"datePublished":"2015-05-28T13:05:47+00:00","dateModified":"2015-05-28T13:05:47+00:00","breadcrumb":{"@id":"https:\/\/jornaltimoneiro.com.br\/index.php\/2015\/05\/28\/rodoviarios-de-canoas-podem-parar-na-sexta-feira\/#breadcrumb"},"inLanguage":"pt-BR","potentialAction":[{"@type":"ReadAction","target":["https:\/\/jornaltimoneiro.com.br\/index.php\/2015\/05\/28\/rodoviarios-de-canoas-podem-parar-na-sexta-feira\/"]}]},{"@type":"BreadcrumbList","@id":"https:\/\/jornaltimoneiro.com.br\/index.php\/2015\/05\/28\/rodoviarios-de-canoas-podem-parar-na-sexta-feira\/#breadcrumb","itemListElement":[{"@type":"ListItem","position":1,"name":"In\u00edcio","item":"https:\/\/jornaltimoneiro.com.br\/"},{"@type":"ListItem","position":2,"name":"Rodovi\u00e1rios de Canoas podem parar na sexta-feira"}]},{"@type":"WebSite","@id":"https:\/\/jornaltimoneiro.com.br\/#website","url":"https:\/\/jornaltimoneiro.com.br\/","name":"Jornal Timoneiro Canoas RS","description":"Jornal O Timoneiro, o verdadeiro jornal de Canoas","publisher":{"@id":"https:\/\/jornaltimoneiro.com.br\/#organization"},"potentialAction":[{"@type":"SearchAction","target":{"@type":"EntryPoint","urlTemplate":"https:\/\/jornaltimoneiro.com.br\/?s={search_term_string}"},"query-input":"required name=search_term_string"}],"inLanguage":"pt-BR"},{"@type":"Organization","@id":"https:\/\/jornaltimoneiro.com.br\/#organization","name":"Jornal Timoneiro Canoas RS","url":"https:\/\/jornaltimoneiro.com.br\/","logo":{"@type":"ImageObject","inLanguage":"pt-BR","@id":"https:\/\/jornaltimoneiro.com.br\/#\/schema\/logo\/image\/","url":"https:\/\/jornaltimoneiro.com.br\/wp-content\/uploads\/2023\/03\/logonovo.png","contentUrl":"https:\/\/jornaltimoneiro.com.br\/wp-content\/uploads\/2023\/03\/logonovo.png","width":"469","height":"171","caption":"Jornal Timoneiro Canoas RS"},"image":{"@id":"https:\/\/jornaltimoneiro.com.br\/#\/schema\/logo\/image\/"},"sameAs":["https:\/\/www.facebook.com\/jornaltimoneiro","https:\/\/twitter.com\/_OTimoneiro","https:\/\/www.instagram.com\/jornaltimoneirocanoas\/","https:\/\/www.youtube.com\/@jornalotimoneiro7927"]},{"@type":"Person","@id":"https:\/\/jornaltimoneiro.com.br\/#\/schema\/person\/620efd1d8244466117482be494360b08","name":"Reda\u00e7\u00e3o","image":{"@type":"ImageObject","inLanguage":"pt-BR","@id":"https:\/\/jornaltimoneiro.com.br\/#\/schema\/person\/image\/","url":"https:\/\/secure.gravatar.com\/avatar\/2f04e1b304682a8d9db336c7acd77f08?s=96&d=mm&r=g","contentUrl":"https:\/\/secure.gravatar.com\/avatar\/2f04e1b304682a8d9db336c7acd77f08?s=96&d=mm&r=g","caption":"Reda\u00e7\u00e3o"},"url":"https:\/\/jornaltimoneiro.com.br\/index.php\/author\/timoneirocanoas\/"}]}},"_links":{"self":[{"href":"https:\/\/jornaltimoneiro.com.br\/index.php\/wp-json\/wp\/v2\/posts\/225"}],"collection":[{"href":"https:\/\/jornaltimoneiro.com.br\/index.php\/wp-json\/wp\/v2\/posts"}],"about":[{"href":"https:\/\/jornaltimoneiro.com.br\/index.php\/wp-json\/wp\/v2\/types\/post"}],"author":[{"embeddable":true,"href":"https:\/\/jornaltimoneiro.com.br\/index.php\/wp-json\/wp\/v2\/users\/1"}],"replies":[{"embeddable":true,"href":"https:\/\/jornaltimoneiro.com.br\/index.php\/wp-json\/wp\/v2\/comments?post=225"}],"version-history":[{"count":0,"href":"https:\/\/jornaltimoneiro.com.br\/index.php\/wp-json\/wp\/v2\/posts\/225\/revisions"}],"wp:attachment":[{"href":"https:\/\/jornaltimoneiro.com.br\/index.php\/wp-json\/wp\/v2\/media?parent=225"}],"wp:term":[{"taxonomy":"category","embeddable":true,"href":"https:\/\/jornaltimoneiro.com.br\/index.php\/wp-json\/wp\/v2\/categories?post=225"},{"taxonomy":"post_tag","embeddable":true,"href":"https:\/\/jornaltimoneiro.com.br\/index.php\/wp-json\/wp\/v2\/tags?post=225"}],"curies":[{"name":"wp","href":"https:\/\/api.w.org\/{rel}","templated":true}]}}