{"id":22481,"date":"2022-03-25T07:00:51","date_gmt":"2022-03-25T10:00:51","guid":{"rendered":"https:\/\/jornaltimoneiro.com.br\/?p=22481"},"modified":"2022-03-24T17:47:50","modified_gmt":"2022-03-24T20:47:50","slug":"rodrigo-silva-os-velhos-problemas-de-canoas","status":"publish","type":"post","link":"https:\/\/jornaltimoneiro.com.br\/index.php\/2022\/03\/25\/rodrigo-silva-os-velhos-problemas-de-canoas\/","title":{"rendered":"Rodrigo Silva: &#8220;Os velhos problemas de Canoas&#8221;"},"content":{"rendered":"<p>Rodrigo Silva &#8211; Bel. Direito<\/p>\n<p><strong>Os velhos problemas de Canoas<\/strong><\/p>\n<p>A cidade de Canoas \u00e9 uma das refer\u00eancias para o Estado, celeiro de protagonistas, sejam na educa\u00e7\u00e3o, comercial\/empresarial ou pol\u00edtico, Canoas tem uma hist\u00f3ria marcante, sendo uma das principais economias do RS, sempre entre as cinco primeiras, \u00e9 uma cidade relativamente rica, com boa arrecada\u00e7\u00e3o e com uma localiza\u00e7\u00e3o privilegiada. Ent\u00e3o por que n\u00e3o desenvolve de fato?<\/p>\n<p>A verdade \u00e9 que a gest\u00e3o p\u00fablica em Canoas, ainda segue um padr\u00e3o da velha pol\u00edtica, o que se nota \u00e9 \u201cnovos e jovens pol\u00edticos, com velhos e conhecidos h\u00e1bitos e m\u00e9todos\u201d. Infelizmente a atual gest\u00e3o n\u00e3o faz as entregas e transforma\u00e7\u00f5es esperadas, ap\u00f3s quase dois anos o executivo tem administrado mais para seus colaboradores e comissionados do que para a cidade, no geral o gasto com cargos, propagandas e a m\u00e1quina p\u00fablica nunca foi t\u00e3o alto. A sa\u00fade, por exemplo, continua em pauta, o povo sofre com falta de medica\u00e7\u00e3o e atendimento adequado, heran\u00e7a de anos de falta de investimentos, moderniza\u00e7\u00e3o adequada e valoriza\u00e7\u00e3o dos trabalhadores. O problema com a sa\u00fade, educa\u00e7\u00e3o, e transporte (este \u00faltimo que sempre foi usado em campanha por todos os candidatos), n\u00e3o s\u00e3o recente, as velhas pol\u00edticas de propagandas fantasiosas, asfaltos, projetos fora de nossa realidade e jardinagem, camuflam a verdadeira situa\u00e7\u00e3o da cidade, basta entrar nas comunidades para ver a insatisfa\u00e7\u00e3o das pessoas &#8211; as que n\u00e3o est\u00e3o inseridas na gest\u00e3o, claro &#8211; ou, chover mais intensamente para a cidade parar &#8211; problema que acontece h\u00e1 anos e de conhecimentos dos \u00faltimos 4 gestores, podemos tamb\u00e9m acessar as redes sociais e ver o intenso volume de reclama\u00e7\u00f5es e testemunhos de descasos ou faltas do servi\u00e7o p\u00fablico.<\/p>\n<p>A falta de oposi\u00e7\u00e3o ao executivo, atrav\u00e9s dos vereadores que deveriam fiscalizar, a aus\u00eancia cr\u00edticas internas ao governo, as constantes nomea\u00e7\u00f5es sem nenhum crit\u00e9rio t\u00e9cnico, resultados de acordos e promessas pol\u00edticas, s\u00e3o prejudiciais para a cidade e fazem com que o munic\u00edpio deixe de investir em \u00e1reas chaves para o desenvolvimento universal, ou seja para toda a cidade, al\u00e9m de induzir o executivo a uma satisfa\u00e7\u00e3o que s\u00f3 existe para seus apoiadores. Esperamos mais os esfor\u00e7os do executivo\u00a0 e que comecem a dar frutos, pois torcemos sempre para o melhor, as pessoas no geral est\u00e3o mais conscientes e n\u00e3o aceitam mais gastos desnecess\u00e1rios com dinheiro p\u00fablico, o modelo de pol\u00edtica para satisfa\u00e7\u00e3o e ambi\u00e7\u00f5es individuais precisa mudar &#8211; poder pelo poder &#8211; temos condi\u00e7\u00f5es pra isso, a cidade n\u00e3o se resume \u00e0 jardinagem e jornais ilustrados. Administrar uma cidade n\u00e3o \u00e9 tarefa f\u00e1cil e estamos assistindo isso novamente.<\/p>\n","protected":false},"excerpt":{"rendered":"<p>Rodrigo Silva &#8211; Bel. Direito Os velhos problemas de Canoas A cidade de Canoas \u00e9 uma das refer\u00eancias para o Estado, celeiro de protagonistas, sejam na educa\u00e7\u00e3o, comercial\/empresarial ou pol\u00edtico, Canoas tem uma hist\u00f3ria marcante, sendo uma das principais economias do RS, sempre entre as cinco primeiras, \u00e9 uma cidade relativamente rica, com boa arrecada\u00e7\u00e3o [&hellip;]<\/p>\n","protected":false},"author":2,"featured_media":22482,"comment_status":"open","ping_status":"open","sticky":false,"template":"","format":"standard","meta":{"amp_status":"","footnotes":""},"categories":[21],"tags":[],"class_list":["post-22481","post","type-post","status-publish","format-standard","has-post-thumbnail","hentry","category-opiniao"],"yoast_head":"<!-- This site is optimized with the Yoast SEO plugin v20.5 - https:\/\/yoast.com\/wordpress\/plugins\/seo\/ -->\n<title>Rodrigo Silva: &quot;Os velhos problemas de Canoas&quot; - O Timoneiro Jornal Canoas RS<\/title>\n<meta name=\"robots\" content=\"index, follow, max-snippet:-1, max-image-preview:large, max-video-preview:-1\" \/>\n<link rel=\"canonical\" href=\"https:\/\/jornaltimoneiro.com.br\/index.php\/2022\/03\/25\/rodrigo-silva-os-velhos-problemas-de-canoas\/\" \/>\n<meta property=\"og:locale\" content=\"pt_BR\" \/>\n<meta property=\"og:type\" content=\"article\" \/>\n<meta property=\"og:title\" content=\"Rodrigo Silva: &quot;Os velhos problemas de Canoas&quot; - O Timoneiro Jornal Canoas RS\" \/>\n<meta property=\"og:description\" content=\"Rodrigo Silva &#8211; Bel. Direito Os velhos problemas de Canoas A cidade de Canoas \u00e9 uma das refer\u00eancias para o Estado, celeiro de protagonistas, sejam na educa\u00e7\u00e3o, comercial\/empresarial ou pol\u00edtico, Canoas tem uma hist\u00f3ria marcante, sendo uma das principais economias do RS, sempre entre as cinco primeiras, \u00e9 uma cidade relativamente rica, com boa arrecada\u00e7\u00e3o [&hellip;]\" \/>\n<meta property=\"og:url\" content=\"https:\/\/jornaltimoneiro.com.br\/index.php\/2022\/03\/25\/rodrigo-silva-os-velhos-problemas-de-canoas\/\" \/>\n<meta property=\"og:site_name\" content=\"O Timoneiro Jornal Canoas RS\" \/>\n<meta property=\"article:publisher\" content=\"https:\/\/www.facebook.com\/jornaltimoneiro\" \/>\n<meta property=\"article:published_time\" content=\"2022-03-25T10:00:51+00:00\" \/>\n<meta property=\"article:modified_time\" content=\"2022-03-24T20:47:50+00:00\" \/>\n<meta property=\"og:image\" content=\"https:\/\/jornaltimoneiro.com.br\/wp-content\/uploads\/2022\/03\/WhatsApp-Image-2022-03-11-at-23.12.22.jpeg\" \/>\n\t<meta property=\"og:image:width\" content=\"500\" \/>\n\t<meta property=\"og:image:height\" content=\"450\" \/>\n\t<meta property=\"og:image:type\" content=\"image\/jpeg\" \/>\n<meta name=\"author\" content=\"Reda\u00e7\u00e3o\" \/>\n<meta name=\"twitter:card\" content=\"summary_large_image\" \/>\n<meta name=\"twitter:creator\" content=\"@_OTimoneiro\" \/>\n<meta name=\"twitter:site\" content=\"@_OTimoneiro\" \/>\n<meta name=\"twitter:label1\" content=\"Escrito por\" \/>\n\t<meta name=\"twitter:data1\" content=\"Reda\u00e7\u00e3o\" \/>\n\t<meta name=\"twitter:label2\" content=\"Est. tempo de leitura\" \/>\n\t<meta name=\"twitter:data2\" content=\"2 minutos\" \/>\n<script type=\"application\/ld+json\" class=\"yoast-schema-graph\">{\"@context\":\"https:\/\/schema.org\",\"@graph\":[{\"@type\":\"Article\",\"@id\":\"https:\/\/jornaltimoneiro.com.br\/index.php\/2022\/03\/25\/rodrigo-silva-os-velhos-problemas-de-canoas\/#article\",\"isPartOf\":{\"@id\":\"https:\/\/jornaltimoneiro.com.br\/index.php\/2022\/03\/25\/rodrigo-silva-os-velhos-problemas-de-canoas\/\"},\"author\":{\"name\":\"Reda\u00e7\u00e3o\",\"@id\":\"https:\/\/jornaltimoneiro.com.br\/#\/schema\/person\/f63482f1a02b1a9592707865e509ab40\"},\"headline\":\"Rodrigo Silva: &#8220;Os velhos problemas de Canoas&#8221;\",\"datePublished\":\"2022-03-25T10:00:51+00:00\",\"dateModified\":\"2022-03-24T20:47:50+00:00\",\"mainEntityOfPage\":{\"@id\":\"https:\/\/jornaltimoneiro.com.br\/index.php\/2022\/03\/25\/rodrigo-silva-os-velhos-problemas-de-canoas\/\"},\"wordCount\":494,\"commentCount\":0,\"publisher\":{\"@id\":\"https:\/\/jornaltimoneiro.com.br\/#organization\"},\"articleSection\":[\"Opini\u00e3o\"],\"inLanguage\":\"pt-BR\",\"potentialAction\":[{\"@type\":\"CommentAction\",\"name\":\"Comment\",\"target\":[\"https:\/\/jornaltimoneiro.com.br\/index.php\/2022\/03\/25\/rodrigo-silva-os-velhos-problemas-de-canoas\/#respond\"]}]},{\"@type\":\"WebPage\",\"@id\":\"https:\/\/jornaltimoneiro.com.br\/index.php\/2022\/03\/25\/rodrigo-silva-os-velhos-problemas-de-canoas\/\",\"url\":\"https:\/\/jornaltimoneiro.com.br\/index.php\/2022\/03\/25\/rodrigo-silva-os-velhos-problemas-de-canoas\/\",\"name\":\"Rodrigo Silva: \\\"Os velhos problemas de Canoas\\\" - O Timoneiro Jornal Canoas RS\",\"isPartOf\":{\"@id\":\"https:\/\/jornaltimoneiro.com.br\/#website\"},\"datePublished\":\"2022-03-25T10:00:51+00:00\",\"dateModified\":\"2022-03-24T20:47:50+00:00\",\"breadcrumb\":{\"@id\":\"https:\/\/jornaltimoneiro.com.br\/index.php\/2022\/03\/25\/rodrigo-silva-os-velhos-problemas-de-canoas\/#breadcrumb\"},\"inLanguage\":\"pt-BR\",\"potentialAction\":[{\"@type\":\"ReadAction\",\"target\":[\"https:\/\/jornaltimoneiro.com.br\/index.php\/2022\/03\/25\/rodrigo-silva-os-velhos-problemas-de-canoas\/\"]}]},{\"@type\":\"BreadcrumbList\",\"@id\":\"https:\/\/jornaltimoneiro.com.br\/index.php\/2022\/03\/25\/rodrigo-silva-os-velhos-problemas-de-canoas\/#breadcrumb\",\"itemListElement\":[{\"@type\":\"ListItem\",\"position\":1,\"name\":\"In\u00edcio\",\"item\":\"https:\/\/jornaltimoneiro.com.br\/\"},{\"@type\":\"ListItem\",\"position\":2,\"name\":\"Rodrigo Silva: &#8220;Os velhos problemas de Canoas&#8221;\"}]},{\"@type\":\"WebSite\",\"@id\":\"https:\/\/jornaltimoneiro.com.br\/#website\",\"url\":\"https:\/\/jornaltimoneiro.com.br\/\",\"name\":\"Jornal Timoneiro Canoas RS\",\"description\":\"Jornal O Timoneiro, o verdadeiro jornal de Canoas\",\"publisher\":{\"@id\":\"https:\/\/jornaltimoneiro.com.br\/#organization\"},\"potentialAction\":[{\"@type\":\"SearchAction\",\"target\":{\"@type\":\"EntryPoint\",\"urlTemplate\":\"https:\/\/jornaltimoneiro.com.br\/?s={search_term_string}\"},\"query-input\":\"required name=search_term_string\"}],\"inLanguage\":\"pt-BR\"},{\"@type\":\"Organization\",\"@id\":\"https:\/\/jornaltimoneiro.com.br\/#organization\",\"name\":\"Jornal Timoneiro Canoas RS\",\"url\":\"https:\/\/jornaltimoneiro.com.br\/\",\"logo\":{\"@type\":\"ImageObject\",\"inLanguage\":\"pt-BR\",\"@id\":\"https:\/\/jornaltimoneiro.com.br\/#\/schema\/logo\/image\/\",\"url\":\"https:\/\/jornaltimoneiro.com.br\/wp-content\/uploads\/2023\/03\/logonovo.png\",\"contentUrl\":\"https:\/\/jornaltimoneiro.com.br\/wp-content\/uploads\/2023\/03\/logonovo.png\",\"width\":\"469\",\"height\":\"171\",\"caption\":\"Jornal Timoneiro Canoas RS\"},\"image\":{\"@id\":\"https:\/\/jornaltimoneiro.com.br\/#\/schema\/logo\/image\/\"},\"sameAs\":[\"https:\/\/www.facebook.com\/jornaltimoneiro\",\"https:\/\/twitter.com\/_OTimoneiro\",\"https:\/\/www.instagram.com\/jornaltimoneirocanoas\/\",\"https:\/\/www.youtube.com\/@jornalotimoneiro7927\"]},{\"@type\":\"Person\",\"@id\":\"https:\/\/jornaltimoneiro.com.br\/#\/schema\/person\/f63482f1a02b1a9592707865e509ab40\",\"name\":\"Reda\u00e7\u00e3o\",\"image\":{\"@type\":\"ImageObject\",\"inLanguage\":\"pt-BR\",\"@id\":\"https:\/\/jornaltimoneiro.com.br\/#\/schema\/person\/image\/\",\"url\":\"https:\/\/jornaltimoneiro.com.br\/wp-content\/uploads\/2023\/03\/download.jpeg\",\"contentUrl\":\"https:\/\/jornaltimoneiro.com.br\/wp-content\/uploads\/2023\/03\/download.jpeg\",\"caption\":\"Reda\u00e7\u00e3o\"},\"url\":\"https:\/\/jornaltimoneiro.com.br\/index.php\/author\/simone-dutra\/\"}]}<\/script>\n<!-- \/ Yoast SEO plugin. -->","yoast_head_json":{"title":"Rodrigo Silva: \"Os velhos problemas de Canoas\" - O Timoneiro Jornal Canoas RS","robots":{"index":"index","follow":"follow","max-snippet":"max-snippet:-1","max-image-preview":"max-image-preview:large","max-video-preview":"max-video-preview:-1"},"canonical":"https:\/\/jornaltimoneiro.com.br\/index.php\/2022\/03\/25\/rodrigo-silva-os-velhos-problemas-de-canoas\/","og_locale":"pt_BR","og_type":"article","og_title":"Rodrigo Silva: \"Os velhos problemas de Canoas\" - O Timoneiro Jornal Canoas RS","og_description":"Rodrigo Silva &#8211; Bel. Direito Os velhos problemas de Canoas A cidade de Canoas \u00e9 uma das refer\u00eancias para o Estado, celeiro de protagonistas, sejam na educa\u00e7\u00e3o, comercial\/empresarial ou pol\u00edtico, Canoas tem uma hist\u00f3ria marcante, sendo uma das principais economias do RS, sempre entre as cinco primeiras, \u00e9 uma cidade relativamente rica, com boa arrecada\u00e7\u00e3o [&hellip;]","og_url":"https:\/\/jornaltimoneiro.com.br\/index.php\/2022\/03\/25\/rodrigo-silva-os-velhos-problemas-de-canoas\/","og_site_name":"O Timoneiro Jornal Canoas RS","article_publisher":"https:\/\/www.facebook.com\/jornaltimoneiro","article_published_time":"2022-03-25T10:00:51+00:00","article_modified_time":"2022-03-24T20:47:50+00:00","og_image":[{"width":"500","height":"450","url":"https:\/\/jornaltimoneiro.com.br\/wp-content\/uploads\/2022\/03\/WhatsApp-Image-2022-03-11-at-23.12.22.jpeg","type":"image\/jpeg"}],"author":"Reda\u00e7\u00e3o","twitter_card":"summary_large_image","twitter_creator":"@_OTimoneiro","twitter_site":"@_OTimoneiro","twitter_misc":{"Escrito por":"Reda\u00e7\u00e3o","Est. tempo de leitura":"2 minutos"},"schema":{"@context":"https:\/\/schema.org","@graph":[{"@type":"Article","@id":"https:\/\/jornaltimoneiro.com.br\/index.php\/2022\/03\/25\/rodrigo-silva-os-velhos-problemas-de-canoas\/#article","isPartOf":{"@id":"https:\/\/jornaltimoneiro.com.br\/index.php\/2022\/03\/25\/rodrigo-silva-os-velhos-problemas-de-canoas\/"},"author":{"name":"Reda\u00e7\u00e3o","@id":"https:\/\/jornaltimoneiro.com.br\/#\/schema\/person\/f63482f1a02b1a9592707865e509ab40"},"headline":"Rodrigo Silva: &#8220;Os velhos problemas de Canoas&#8221;","datePublished":"2022-03-25T10:00:51+00:00","dateModified":"2022-03-24T20:47:50+00:00","mainEntityOfPage":{"@id":"https:\/\/jornaltimoneiro.com.br\/index.php\/2022\/03\/25\/rodrigo-silva-os-velhos-problemas-de-canoas\/"},"wordCount":494,"commentCount":0,"publisher":{"@id":"https:\/\/jornaltimoneiro.com.br\/#organization"},"articleSection":["Opini\u00e3o"],"inLanguage":"pt-BR","potentialAction":[{"@type":"CommentAction","name":"Comment","target":["https:\/\/jornaltimoneiro.com.br\/index.php\/2022\/03\/25\/rodrigo-silva-os-velhos-problemas-de-canoas\/#respond"]}]},{"@type":"WebPage","@id":"https:\/\/jornaltimoneiro.com.br\/index.php\/2022\/03\/25\/rodrigo-silva-os-velhos-problemas-de-canoas\/","url":"https:\/\/jornaltimoneiro.com.br\/index.php\/2022\/03\/25\/rodrigo-silva-os-velhos-problemas-de-canoas\/","name":"Rodrigo Silva: \"Os velhos problemas de Canoas\" - O Timoneiro Jornal Canoas RS","isPartOf":{"@id":"https:\/\/jornaltimoneiro.com.br\/#website"},"datePublished":"2022-03-25T10:00:51+00:00","dateModified":"2022-03-24T20:47:50+00:00","breadcrumb":{"@id":"https:\/\/jornaltimoneiro.com.br\/index.php\/2022\/03\/25\/rodrigo-silva-os-velhos-problemas-de-canoas\/#breadcrumb"},"inLanguage":"pt-BR","potentialAction":[{"@type":"ReadAction","target":["https:\/\/jornaltimoneiro.com.br\/index.php\/2022\/03\/25\/rodrigo-silva-os-velhos-problemas-de-canoas\/"]}]},{"@type":"BreadcrumbList","@id":"https:\/\/jornaltimoneiro.com.br\/index.php\/2022\/03\/25\/rodrigo-silva-os-velhos-problemas-de-canoas\/#breadcrumb","itemListElement":[{"@type":"ListItem","position":1,"name":"In\u00edcio","item":"https:\/\/jornaltimoneiro.com.br\/"},{"@type":"ListItem","position":2,"name":"Rodrigo Silva: &#8220;Os velhos problemas de Canoas&#8221;"}]},{"@type":"WebSite","@id":"https:\/\/jornaltimoneiro.com.br\/#website","url":"https:\/\/jornaltimoneiro.com.br\/","name":"Jornal Timoneiro Canoas RS","description":"Jornal O Timoneiro, o verdadeiro jornal de Canoas","publisher":{"@id":"https:\/\/jornaltimoneiro.com.br\/#organization"},"potentialAction":[{"@type":"SearchAction","target":{"@type":"EntryPoint","urlTemplate":"https:\/\/jornaltimoneiro.com.br\/?s={search_term_string}"},"query-input":"required name=search_term_string"}],"inLanguage":"pt-BR"},{"@type":"Organization","@id":"https:\/\/jornaltimoneiro.com.br\/#organization","name":"Jornal Timoneiro Canoas RS","url":"https:\/\/jornaltimoneiro.com.br\/","logo":{"@type":"ImageObject","inLanguage":"pt-BR","@id":"https:\/\/jornaltimoneiro.com.br\/#\/schema\/logo\/image\/","url":"https:\/\/jornaltimoneiro.com.br\/wp-content\/uploads\/2023\/03\/logonovo.png","contentUrl":"https:\/\/jornaltimoneiro.com.br\/wp-content\/uploads\/2023\/03\/logonovo.png","width":"469","height":"171","caption":"Jornal Timoneiro Canoas RS"},"image":{"@id":"https:\/\/jornaltimoneiro.com.br\/#\/schema\/logo\/image\/"},"sameAs":["https:\/\/www.facebook.com\/jornaltimoneiro","https:\/\/twitter.com\/_OTimoneiro","https:\/\/www.instagram.com\/jornaltimoneirocanoas\/","https:\/\/www.youtube.com\/@jornalotimoneiro7927"]},{"@type":"Person","@id":"https:\/\/jornaltimoneiro.com.br\/#\/schema\/person\/f63482f1a02b1a9592707865e509ab40","name":"Reda\u00e7\u00e3o","image":{"@type":"ImageObject","inLanguage":"pt-BR","@id":"https:\/\/jornaltimoneiro.com.br\/#\/schema\/person\/image\/","url":"https:\/\/jornaltimoneiro.com.br\/wp-content\/uploads\/2023\/03\/download.jpeg","contentUrl":"https:\/\/jornaltimoneiro.com.br\/wp-content\/uploads\/2023\/03\/download.jpeg","caption":"Reda\u00e7\u00e3o"},"url":"https:\/\/jornaltimoneiro.com.br\/index.php\/author\/simone-dutra\/"}]}},"_links":{"self":[{"href":"https:\/\/jornaltimoneiro.com.br\/index.php\/wp-json\/wp\/v2\/posts\/22481"}],"collection":[{"href":"https:\/\/jornaltimoneiro.com.br\/index.php\/wp-json\/wp\/v2\/posts"}],"about":[{"href":"https:\/\/jornaltimoneiro.com.br\/index.php\/wp-json\/wp\/v2\/types\/post"}],"author":[{"embeddable":true,"href":"https:\/\/jornaltimoneiro.com.br\/index.php\/wp-json\/wp\/v2\/users\/2"}],"replies":[{"embeddable":true,"href":"https:\/\/jornaltimoneiro.com.br\/index.php\/wp-json\/wp\/v2\/comments?post=22481"}],"version-history":[{"count":1,"href":"https:\/\/jornaltimoneiro.com.br\/index.php\/wp-json\/wp\/v2\/posts\/22481\/revisions"}],"predecessor-version":[{"id":22484,"href":"https:\/\/jornaltimoneiro.com.br\/index.php\/wp-json\/wp\/v2\/posts\/22481\/revisions\/22484"}],"wp:featuredmedia":[{"embeddable":true,"href":"https:\/\/jornaltimoneiro.com.br\/index.php\/wp-json\/wp\/v2\/media\/22482"}],"wp:attachment":[{"href":"https:\/\/jornaltimoneiro.com.br\/index.php\/wp-json\/wp\/v2\/media?parent=22481"}],"wp:term":[{"taxonomy":"category","embeddable":true,"href":"https:\/\/jornaltimoneiro.com.br\/index.php\/wp-json\/wp\/v2\/categories?post=22481"},{"taxonomy":"post_tag","embeddable":true,"href":"https:\/\/jornaltimoneiro.com.br\/index.php\/wp-json\/wp\/v2\/tags?post=22481"}],"curies":[{"name":"wp","href":"https:\/\/api.w.org\/{rel}","templated":true}]}}