{"id":22444,"date":"2022-03-25T07:00:48","date_gmt":"2022-03-25T10:00:48","guid":{"rendered":"https:\/\/jornaltimoneiro.com.br\/?p=22444"},"modified":"2022-03-24T17:14:42","modified_gmt":"2022-03-24T20:14:42","slug":"protagonismo-feminino-violencia-contra-as-mulheres-e-discutido-em-grande-expediente","status":"publish","type":"post","link":"https:\/\/jornaltimoneiro.com.br\/index.php\/2022\/03\/25\/protagonismo-feminino-violencia-contra-as-mulheres-e-discutido-em-grande-expediente\/","title":{"rendered":"PROTAGONISMO FEMININO: Viol\u00eancia contra as mulheres \u00e9 discutido em Grande Expediente"},"content":{"rendered":"<p style=\"font-weight: 400;\"><strong>O enfrentamento \u00e0s m\u00faltiplas formas de viol\u00eancia contra as mulheres marcou o Grande Expediente da C\u00e2mara de Vereadores de Canoas, na \u00faltima ter\u00e7a-feira, 22. A iniciativa foi do vereador e l\u00edder da bancada do MDB, Airton Souza.<\/strong><\/p>\n<p style=\"font-weight: 400;\">Para evidenciar a import\u00e2ncia de denunciar atos de viol\u00eancia, a sess\u00e3o especial contou com a participa\u00e7\u00e3o da Delegada da Delegacia Especializada de Atendimento \u00e0 Mulher de Canoas, Dra. Clarissa Demartine; da vereadora de Porto Alegre a Comandante N\u00e1dia (PP), criadora da Patrulha Maria da Penha, que desde 2012 vem sendo exemplo no combate a viol\u00eancia dom\u00e9stica e das pastoras da Igreja Assembleia de Deus, Regina de Freitas e Neiva Machado de Florentin. Al\u00e9m da secret\u00e1ria adjunta de mulheres, Rosa Marcella.<\/p>\n<p>Segundo o vereador Airton Souza, o Legislativo como porta-voz da comunidade \u00e9 o lugar mais apropriado para debater sobre esse assunto. \u201c\u00c9 inadmiss\u00edvel que em pleno s\u00e9culo XXI ainda n\u00e3o tenha sido erradicado este mal que destr\u00f3i muitos familiares com a viol\u00eancia dom\u00e9stica\u201d. Segundo a delegada Clarissa, no ano passado teve quatro casos de feminic\u00eddio no Munic\u00edpio. A Comandante N\u00e1dia recordou que Canoas foi a segunda cidade a receber a Patrulha Maria da Penha no Estado. \u201cOs relacionamentos abusivos iniciam com a press\u00e3o psicol\u00f3gica at\u00e9 chegar aos atos de agress\u00f5es f\u00edsicas. Em muitos casos, as mulheres dependentes financeiramente de seus companheiros acabam permanecendo no sil\u00eancio\u201d.<\/p>\n<p>As pastoras Regina e Neiva destacaram a import\u00e2ncia da v\u00edtima em buscar ajuda. \u201cAcolhemos e disponibilizamos atendimentos psicol\u00f3gicos. A mente e a alma precisam de tratamento\u201d, enfatizaram.<\/p>\n","protected":false},"excerpt":{"rendered":"<p>O enfrentamento \u00e0s m\u00faltiplas formas de viol\u00eancia contra as mulheres marcou o Grande Expediente da C\u00e2mara de Vereadores de Canoas, na \u00faltima ter\u00e7a-feira, 22. A iniciativa foi do vereador e l\u00edder da bancada do MDB, Airton Souza. Para evidenciar a import\u00e2ncia de denunciar atos de viol\u00eancia, a sess\u00e3o especial contou com a participa\u00e7\u00e3o da Delegada [&hellip;]<\/p>\n","protected":false},"author":2,"featured_media":22455,"comment_status":"open","ping_status":"open","sticky":false,"template":"","format":"standard","meta":{"amp_status":"","footnotes":""},"categories":[20],"tags":[],"class_list":["post-22444","post","type-post","status-publish","format-standard","has-post-thumbnail","hentry","category-politica-noticias"],"yoast_head":"<!-- This site is optimized with the Yoast SEO plugin v20.5 - https:\/\/yoast.com\/wordpress\/plugins\/seo\/ -->\n<title>PROTAGONISMO FEMININO: Viol\u00eancia contra as mulheres \u00e9 discutido em Grande Expediente - O Timoneiro Jornal Canoas RS<\/title>\n<meta name=\"robots\" content=\"index, follow, max-snippet:-1, max-image-preview:large, max-video-preview:-1\" \/>\n<link rel=\"canonical\" href=\"https:\/\/jornaltimoneiro.com.br\/index.php\/2022\/03\/25\/protagonismo-feminino-violencia-contra-as-mulheres-e-discutido-em-grande-expediente\/\" \/>\n<meta property=\"og:locale\" content=\"pt_BR\" \/>\n<meta property=\"og:type\" content=\"article\" \/>\n<meta property=\"og:title\" content=\"PROTAGONISMO FEMININO: Viol\u00eancia contra as mulheres \u00e9 discutido em Grande Expediente - O Timoneiro Jornal Canoas RS\" \/>\n<meta property=\"og:description\" content=\"O enfrentamento \u00e0s m\u00faltiplas formas de viol\u00eancia contra as mulheres marcou o Grande Expediente da C\u00e2mara de Vereadores de Canoas, na \u00faltima ter\u00e7a-feira, 22. A iniciativa foi do vereador e l\u00edder da bancada do MDB, Airton Souza. Para evidenciar a import\u00e2ncia de denunciar atos de viol\u00eancia, a sess\u00e3o especial contou com a participa\u00e7\u00e3o da Delegada [&hellip;]\" \/>\n<meta property=\"og:url\" content=\"https:\/\/jornaltimoneiro.com.br\/index.php\/2022\/03\/25\/protagonismo-feminino-violencia-contra-as-mulheres-e-discutido-em-grande-expediente\/\" \/>\n<meta property=\"og:site_name\" content=\"O Timoneiro Jornal Canoas RS\" \/>\n<meta property=\"article:publisher\" content=\"https:\/\/www.facebook.com\/jornaltimoneiro\" \/>\n<meta property=\"article:published_time\" content=\"2022-03-25T10:00:48+00:00\" \/>\n<meta property=\"article:modified_time\" content=\"2022-03-24T20:14:42+00:00\" \/>\n<meta property=\"og:image\" content=\"https:\/\/jornaltimoneiro.com.br\/wp-content\/uploads\/2022\/03\/Pastora-Regina-comandante-N\u00e1dia-Airton-e-pastora-Neiva.jpg\" \/>\n\t<meta property=\"og:image:width\" content=\"1080\" \/>\n\t<meta property=\"og:image:height\" content=\"648\" \/>\n\t<meta property=\"og:image:type\" content=\"image\/jpeg\" \/>\n<meta name=\"author\" content=\"Reda\u00e7\u00e3o\" \/>\n<meta name=\"twitter:card\" content=\"summary_large_image\" \/>\n<meta name=\"twitter:creator\" content=\"@_OTimoneiro\" \/>\n<meta name=\"twitter:site\" content=\"@_OTimoneiro\" \/>\n<meta name=\"twitter:label1\" content=\"Escrito por\" \/>\n\t<meta name=\"twitter:data1\" content=\"Reda\u00e7\u00e3o\" \/>\n\t<meta name=\"twitter:label2\" content=\"Est. tempo de leitura\" \/>\n\t<meta name=\"twitter:data2\" content=\"1 minuto\" \/>\n<script type=\"application\/ld+json\" class=\"yoast-schema-graph\">{\"@context\":\"https:\/\/schema.org\",\"@graph\":[{\"@type\":\"Article\",\"@id\":\"https:\/\/jornaltimoneiro.com.br\/index.php\/2022\/03\/25\/protagonismo-feminino-violencia-contra-as-mulheres-e-discutido-em-grande-expediente\/#article\",\"isPartOf\":{\"@id\":\"https:\/\/jornaltimoneiro.com.br\/index.php\/2022\/03\/25\/protagonismo-feminino-violencia-contra-as-mulheres-e-discutido-em-grande-expediente\/\"},\"author\":{\"name\":\"Reda\u00e7\u00e3o\",\"@id\":\"https:\/\/jornaltimoneiro.com.br\/#\/schema\/person\/f63482f1a02b1a9592707865e509ab40\"},\"headline\":\"PROTAGONISMO FEMININO: Viol\u00eancia contra as mulheres \u00e9 discutido em Grande Expediente\",\"datePublished\":\"2022-03-25T10:00:48+00:00\",\"dateModified\":\"2022-03-24T20:14:42+00:00\",\"mainEntityOfPage\":{\"@id\":\"https:\/\/jornaltimoneiro.com.br\/index.php\/2022\/03\/25\/protagonismo-feminino-violencia-contra-as-mulheres-e-discutido-em-grande-expediente\/\"},\"wordCount\":286,\"commentCount\":0,\"publisher\":{\"@id\":\"https:\/\/jornaltimoneiro.com.br\/#organization\"},\"articleSection\":[\"Pol\u00edtica\"],\"inLanguage\":\"pt-BR\",\"potentialAction\":[{\"@type\":\"CommentAction\",\"name\":\"Comment\",\"target\":[\"https:\/\/jornaltimoneiro.com.br\/index.php\/2022\/03\/25\/protagonismo-feminino-violencia-contra-as-mulheres-e-discutido-em-grande-expediente\/#respond\"]}]},{\"@type\":\"WebPage\",\"@id\":\"https:\/\/jornaltimoneiro.com.br\/index.php\/2022\/03\/25\/protagonismo-feminino-violencia-contra-as-mulheres-e-discutido-em-grande-expediente\/\",\"url\":\"https:\/\/jornaltimoneiro.com.br\/index.php\/2022\/03\/25\/protagonismo-feminino-violencia-contra-as-mulheres-e-discutido-em-grande-expediente\/\",\"name\":\"PROTAGONISMO FEMININO: Viol\u00eancia contra as mulheres \u00e9 discutido em Grande Expediente - O Timoneiro Jornal Canoas RS\",\"isPartOf\":{\"@id\":\"https:\/\/jornaltimoneiro.com.br\/#website\"},\"datePublished\":\"2022-03-25T10:00:48+00:00\",\"dateModified\":\"2022-03-24T20:14:42+00:00\",\"breadcrumb\":{\"@id\":\"https:\/\/jornaltimoneiro.com.br\/index.php\/2022\/03\/25\/protagonismo-feminino-violencia-contra-as-mulheres-e-discutido-em-grande-expediente\/#breadcrumb\"},\"inLanguage\":\"pt-BR\",\"potentialAction\":[{\"@type\":\"ReadAction\",\"target\":[\"https:\/\/jornaltimoneiro.com.br\/index.php\/2022\/03\/25\/protagonismo-feminino-violencia-contra-as-mulheres-e-discutido-em-grande-expediente\/\"]}]},{\"@type\":\"BreadcrumbList\",\"@id\":\"https:\/\/jornaltimoneiro.com.br\/index.php\/2022\/03\/25\/protagonismo-feminino-violencia-contra-as-mulheres-e-discutido-em-grande-expediente\/#breadcrumb\",\"itemListElement\":[{\"@type\":\"ListItem\",\"position\":1,\"name\":\"In\u00edcio\",\"item\":\"https:\/\/jornaltimoneiro.com.br\/\"},{\"@type\":\"ListItem\",\"position\":2,\"name\":\"PROTAGONISMO FEMININO: Viol\u00eancia contra as mulheres \u00e9 discutido em Grande Expediente\"}]},{\"@type\":\"WebSite\",\"@id\":\"https:\/\/jornaltimoneiro.com.br\/#website\",\"url\":\"https:\/\/jornaltimoneiro.com.br\/\",\"name\":\"Jornal Timoneiro Canoas RS\",\"description\":\"Jornal O Timoneiro, o verdadeiro jornal de Canoas\",\"publisher\":{\"@id\":\"https:\/\/jornaltimoneiro.com.br\/#organization\"},\"potentialAction\":[{\"@type\":\"SearchAction\",\"target\":{\"@type\":\"EntryPoint\",\"urlTemplate\":\"https:\/\/jornaltimoneiro.com.br\/?s={search_term_string}\"},\"query-input\":\"required name=search_term_string\"}],\"inLanguage\":\"pt-BR\"},{\"@type\":\"Organization\",\"@id\":\"https:\/\/jornaltimoneiro.com.br\/#organization\",\"name\":\"Jornal Timoneiro Canoas RS\",\"url\":\"https:\/\/jornaltimoneiro.com.br\/\",\"logo\":{\"@type\":\"ImageObject\",\"inLanguage\":\"pt-BR\",\"@id\":\"https:\/\/jornaltimoneiro.com.br\/#\/schema\/logo\/image\/\",\"url\":\"https:\/\/jornaltimoneiro.com.br\/wp-content\/uploads\/2023\/03\/logonovo.png\",\"contentUrl\":\"https:\/\/jornaltimoneiro.com.br\/wp-content\/uploads\/2023\/03\/logonovo.png\",\"width\":\"469\",\"height\":\"171\",\"caption\":\"Jornal Timoneiro Canoas RS\"},\"image\":{\"@id\":\"https:\/\/jornaltimoneiro.com.br\/#\/schema\/logo\/image\/\"},\"sameAs\":[\"https:\/\/www.facebook.com\/jornaltimoneiro\",\"https:\/\/twitter.com\/_OTimoneiro\",\"https:\/\/www.instagram.com\/jornaltimoneirocanoas\/\",\"https:\/\/www.youtube.com\/@jornalotimoneiro7927\"]},{\"@type\":\"Person\",\"@id\":\"https:\/\/jornaltimoneiro.com.br\/#\/schema\/person\/f63482f1a02b1a9592707865e509ab40\",\"name\":\"Reda\u00e7\u00e3o\",\"image\":{\"@type\":\"ImageObject\",\"inLanguage\":\"pt-BR\",\"@id\":\"https:\/\/jornaltimoneiro.com.br\/#\/schema\/person\/image\/\",\"url\":\"https:\/\/jornaltimoneiro.com.br\/wp-content\/uploads\/2023\/03\/download.jpeg\",\"contentUrl\":\"https:\/\/jornaltimoneiro.com.br\/wp-content\/uploads\/2023\/03\/download.jpeg\",\"caption\":\"Reda\u00e7\u00e3o\"},\"url\":\"https:\/\/jornaltimoneiro.com.br\/index.php\/author\/simone-dutra\/\"}]}<\/script>\n<!-- \/ Yoast SEO plugin. -->","yoast_head_json":{"title":"PROTAGONISMO FEMININO: Viol\u00eancia contra as mulheres \u00e9 discutido em Grande Expediente - O Timoneiro Jornal Canoas RS","robots":{"index":"index","follow":"follow","max-snippet":"max-snippet:-1","max-image-preview":"max-image-preview:large","max-video-preview":"max-video-preview:-1"},"canonical":"https:\/\/jornaltimoneiro.com.br\/index.php\/2022\/03\/25\/protagonismo-feminino-violencia-contra-as-mulheres-e-discutido-em-grande-expediente\/","og_locale":"pt_BR","og_type":"article","og_title":"PROTAGONISMO FEMININO: Viol\u00eancia contra as mulheres \u00e9 discutido em Grande Expediente - O Timoneiro Jornal Canoas RS","og_description":"O enfrentamento \u00e0s m\u00faltiplas formas de viol\u00eancia contra as mulheres marcou o Grande Expediente da C\u00e2mara de Vereadores de Canoas, na \u00faltima ter\u00e7a-feira, 22. A iniciativa foi do vereador e l\u00edder da bancada do MDB, Airton Souza. Para evidenciar a import\u00e2ncia de denunciar atos de viol\u00eancia, a sess\u00e3o especial contou com a participa\u00e7\u00e3o da Delegada [&hellip;]","og_url":"https:\/\/jornaltimoneiro.com.br\/index.php\/2022\/03\/25\/protagonismo-feminino-violencia-contra-as-mulheres-e-discutido-em-grande-expediente\/","og_site_name":"O Timoneiro Jornal Canoas RS","article_publisher":"https:\/\/www.facebook.com\/jornaltimoneiro","article_published_time":"2022-03-25T10:00:48+00:00","article_modified_time":"2022-03-24T20:14:42+00:00","og_image":[{"width":"1080","height":"648","url":"https:\/\/jornaltimoneiro.com.br\/wp-content\/uploads\/2022\/03\/Pastora-Regina-comandante-N\u00e1dia-Airton-e-pastora-Neiva.jpg","type":"image\/jpeg"}],"author":"Reda\u00e7\u00e3o","twitter_card":"summary_large_image","twitter_creator":"@_OTimoneiro","twitter_site":"@_OTimoneiro","twitter_misc":{"Escrito por":"Reda\u00e7\u00e3o","Est. tempo de leitura":"1 minuto"},"schema":{"@context":"https:\/\/schema.org","@graph":[{"@type":"Article","@id":"https:\/\/jornaltimoneiro.com.br\/index.php\/2022\/03\/25\/protagonismo-feminino-violencia-contra-as-mulheres-e-discutido-em-grande-expediente\/#article","isPartOf":{"@id":"https:\/\/jornaltimoneiro.com.br\/index.php\/2022\/03\/25\/protagonismo-feminino-violencia-contra-as-mulheres-e-discutido-em-grande-expediente\/"},"author":{"name":"Reda\u00e7\u00e3o","@id":"https:\/\/jornaltimoneiro.com.br\/#\/schema\/person\/f63482f1a02b1a9592707865e509ab40"},"headline":"PROTAGONISMO FEMININO: Viol\u00eancia contra as mulheres \u00e9 discutido em Grande Expediente","datePublished":"2022-03-25T10:00:48+00:00","dateModified":"2022-03-24T20:14:42+00:00","mainEntityOfPage":{"@id":"https:\/\/jornaltimoneiro.com.br\/index.php\/2022\/03\/25\/protagonismo-feminino-violencia-contra-as-mulheres-e-discutido-em-grande-expediente\/"},"wordCount":286,"commentCount":0,"publisher":{"@id":"https:\/\/jornaltimoneiro.com.br\/#organization"},"articleSection":["Pol\u00edtica"],"inLanguage":"pt-BR","potentialAction":[{"@type":"CommentAction","name":"Comment","target":["https:\/\/jornaltimoneiro.com.br\/index.php\/2022\/03\/25\/protagonismo-feminino-violencia-contra-as-mulheres-e-discutido-em-grande-expediente\/#respond"]}]},{"@type":"WebPage","@id":"https:\/\/jornaltimoneiro.com.br\/index.php\/2022\/03\/25\/protagonismo-feminino-violencia-contra-as-mulheres-e-discutido-em-grande-expediente\/","url":"https:\/\/jornaltimoneiro.com.br\/index.php\/2022\/03\/25\/protagonismo-feminino-violencia-contra-as-mulheres-e-discutido-em-grande-expediente\/","name":"PROTAGONISMO FEMININO: Viol\u00eancia contra as mulheres \u00e9 discutido em Grande Expediente - O Timoneiro Jornal Canoas RS","isPartOf":{"@id":"https:\/\/jornaltimoneiro.com.br\/#website"},"datePublished":"2022-03-25T10:00:48+00:00","dateModified":"2022-03-24T20:14:42+00:00","breadcrumb":{"@id":"https:\/\/jornaltimoneiro.com.br\/index.php\/2022\/03\/25\/protagonismo-feminino-violencia-contra-as-mulheres-e-discutido-em-grande-expediente\/#breadcrumb"},"inLanguage":"pt-BR","potentialAction":[{"@type":"ReadAction","target":["https:\/\/jornaltimoneiro.com.br\/index.php\/2022\/03\/25\/protagonismo-feminino-violencia-contra-as-mulheres-e-discutido-em-grande-expediente\/"]}]},{"@type":"BreadcrumbList","@id":"https:\/\/jornaltimoneiro.com.br\/index.php\/2022\/03\/25\/protagonismo-feminino-violencia-contra-as-mulheres-e-discutido-em-grande-expediente\/#breadcrumb","itemListElement":[{"@type":"ListItem","position":1,"name":"In\u00edcio","item":"https:\/\/jornaltimoneiro.com.br\/"},{"@type":"ListItem","position":2,"name":"PROTAGONISMO FEMININO: Viol\u00eancia contra as mulheres \u00e9 discutido em Grande Expediente"}]},{"@type":"WebSite","@id":"https:\/\/jornaltimoneiro.com.br\/#website","url":"https:\/\/jornaltimoneiro.com.br\/","name":"Jornal Timoneiro Canoas RS","description":"Jornal O Timoneiro, o verdadeiro jornal de Canoas","publisher":{"@id":"https:\/\/jornaltimoneiro.com.br\/#organization"},"potentialAction":[{"@type":"SearchAction","target":{"@type":"EntryPoint","urlTemplate":"https:\/\/jornaltimoneiro.com.br\/?s={search_term_string}"},"query-input":"required name=search_term_string"}],"inLanguage":"pt-BR"},{"@type":"Organization","@id":"https:\/\/jornaltimoneiro.com.br\/#organization","name":"Jornal Timoneiro Canoas RS","url":"https:\/\/jornaltimoneiro.com.br\/","logo":{"@type":"ImageObject","inLanguage":"pt-BR","@id":"https:\/\/jornaltimoneiro.com.br\/#\/schema\/logo\/image\/","url":"https:\/\/jornaltimoneiro.com.br\/wp-content\/uploads\/2023\/03\/logonovo.png","contentUrl":"https:\/\/jornaltimoneiro.com.br\/wp-content\/uploads\/2023\/03\/logonovo.png","width":"469","height":"171","caption":"Jornal Timoneiro Canoas RS"},"image":{"@id":"https:\/\/jornaltimoneiro.com.br\/#\/schema\/logo\/image\/"},"sameAs":["https:\/\/www.facebook.com\/jornaltimoneiro","https:\/\/twitter.com\/_OTimoneiro","https:\/\/www.instagram.com\/jornaltimoneirocanoas\/","https:\/\/www.youtube.com\/@jornalotimoneiro7927"]},{"@type":"Person","@id":"https:\/\/jornaltimoneiro.com.br\/#\/schema\/person\/f63482f1a02b1a9592707865e509ab40","name":"Reda\u00e7\u00e3o","image":{"@type":"ImageObject","inLanguage":"pt-BR","@id":"https:\/\/jornaltimoneiro.com.br\/#\/schema\/person\/image\/","url":"https:\/\/jornaltimoneiro.com.br\/wp-content\/uploads\/2023\/03\/download.jpeg","contentUrl":"https:\/\/jornaltimoneiro.com.br\/wp-content\/uploads\/2023\/03\/download.jpeg","caption":"Reda\u00e7\u00e3o"},"url":"https:\/\/jornaltimoneiro.com.br\/index.php\/author\/simone-dutra\/"}]}},"_links":{"self":[{"href":"https:\/\/jornaltimoneiro.com.br\/index.php\/wp-json\/wp\/v2\/posts\/22444"}],"collection":[{"href":"https:\/\/jornaltimoneiro.com.br\/index.php\/wp-json\/wp\/v2\/posts"}],"about":[{"href":"https:\/\/jornaltimoneiro.com.br\/index.php\/wp-json\/wp\/v2\/types\/post"}],"author":[{"embeddable":true,"href":"https:\/\/jornaltimoneiro.com.br\/index.php\/wp-json\/wp\/v2\/users\/2"}],"replies":[{"embeddable":true,"href":"https:\/\/jornaltimoneiro.com.br\/index.php\/wp-json\/wp\/v2\/comments?post=22444"}],"version-history":[{"count":1,"href":"https:\/\/jornaltimoneiro.com.br\/index.php\/wp-json\/wp\/v2\/posts\/22444\/revisions"}],"predecessor-version":[{"id":22456,"href":"https:\/\/jornaltimoneiro.com.br\/index.php\/wp-json\/wp\/v2\/posts\/22444\/revisions\/22456"}],"wp:featuredmedia":[{"embeddable":true,"href":"https:\/\/jornaltimoneiro.com.br\/index.php\/wp-json\/wp\/v2\/media\/22455"}],"wp:attachment":[{"href":"https:\/\/jornaltimoneiro.com.br\/index.php\/wp-json\/wp\/v2\/media?parent=22444"}],"wp:term":[{"taxonomy":"category","embeddable":true,"href":"https:\/\/jornaltimoneiro.com.br\/index.php\/wp-json\/wp\/v2\/categories?post=22444"},{"taxonomy":"post_tag","embeddable":true,"href":"https:\/\/jornaltimoneiro.com.br\/index.php\/wp-json\/wp\/v2\/tags?post=22444"}],"curies":[{"name":"wp","href":"https:\/\/api.w.org\/{rel}","templated":true}]}}