{"id":22403,"date":"2022-03-17T15:45:28","date_gmt":"2022-03-17T18:45:28","guid":{"rendered":"https:\/\/jornaltimoneiro.com.br\/?p=22403"},"modified":"2022-03-28T16:39:35","modified_gmt":"2022-03-28T19:39:35","slug":"covid-19-canoas-torna-facultativo-o-uso-de-mascara-em-locais-abertos","status":"publish","type":"post","link":"https:\/\/jornaltimoneiro.com.br\/index.php\/2022\/03\/17\/covid-19-canoas-torna-facultativo-o-uso-de-mascara-em-locais-abertos\/","title":{"rendered":"COVID-19: Canoas torna facultativo o uso de m\u00e1scara em locais abertos"},"content":{"rendered":"<p>De acordo com a prefeitura de Canoas, a partir desta quinta-feira, 17, o uso de m\u00e1scara em locais abertos, como pra\u00e7as, parques e vias p\u00fablicas, n\u00e3o ser\u00e1 mais obrigat\u00f3rio em Canoas, conforme estabelece Decreto Municipal, publicado na data de hoje.<\/p>\n<p>A decis\u00e3o torna o uso do acess\u00f3rio facultativo e foi tomada com base no Decreto Estadual \u2013 que utilizou como refer\u00eancia um relat\u00f3rio elaborado pelo Comit\u00ea Cient\u00edfico. O documento tra\u00e7ou um panorama atual da pandemia no Rio Grande do Sul e constatou que, apesar dos \u00edndices de contamina\u00e7\u00e3o ainda serem elevados, o n\u00famero de mortes e interna\u00e7\u00f5es teve uma redu\u00e7\u00e3o significativa ap\u00f3s o in\u00edcio da vacina\u00e7\u00e3o.<\/p>\n<p>O secret\u00e1rio municipal da Sa\u00fade, Maicon Lemos, explica que as medidas sanit\u00e1rias, dentre elas o uso de m\u00e1scara, aliadas \u00e0 ampla vacina\u00e7\u00e3o, mostraram grande efic\u00e1cia no combate ao v\u00edrus da Covid-19. \u201cEstamos no caminho certo para acabar com a pandemia. O estudo nos confirmou que os cuidados e a vacina reduziram os \u00edndices das interna\u00e7\u00f5es graves e, principalmente, as mortes. Sendo assim, entendemos que \u00e9 o momento de come\u00e7armos a diminuir gradualmente a utiliza\u00e7\u00e3o do uso da m\u00e1scara\u201d.<\/p>\n<p>Apesar da libera\u00e7\u00e3o, segue a recomenda\u00e7\u00e3o do uso de m\u00e1scara mesmo em locais abertos e para pessoas com comorbidades ou que estejam apresentando sintomas gripais. Tamb\u00e9m em ambientes abertos no qual haja aglomera\u00e7\u00e3o, contatos prolongados e distanciamento menor do que 1 metro, como em est\u00e1dios de futebol e shows, por exemplo.<\/p>\n<p>Maicon observa que, apesar desta libera\u00e7\u00e3o, \u00e9 fundamental que a popula\u00e7\u00e3o mantenha os cuidados de higieniza\u00e7\u00e3o para evitar novos picos da doen\u00e7a. \u201cPrecisamos ser conscientes, continuar com os demais cuidados, fazer a higieniza\u00e7\u00e3o das m\u00e3os, evitar aglomera\u00e7\u00f5es e, principalmente, manter a vacina\u00e7\u00e3o em dia\u201d, enfatizou.<br \/>\nA auxiliar de servi\u00e7os gerais Rosane Maria Casagrande da Rosa comemorou o fim do uso da m\u00e1scara em locais fechados. \u201cN\u00e3o vejo a hora dessa quest\u00e3o do uso de m\u00e1scara passar e que a gente possa se livrar disso de uma vez\u201d.<\/p>\n<p><strong>Uso em espa\u00e7os fechados<\/strong><\/p>\n<p>Em rela\u00e7\u00e3o ao fim do uso de m\u00e1scara em locais fechados, como lojas, shoppings e escolas, Maicon explica que a possibilidade est\u00e1 em avalia\u00e7\u00e3o. Por\u00e9m, a decis\u00e3o final depender\u00e1 dos reflexos desta primeira flexibiliza\u00e7\u00e3o nos ambientes externos.<\/p>\n<p><strong>Os n\u00fameros no munic\u00edpio<\/strong><\/p>\n<p>Na ter\u00e7a-feira, 15, Canoas registrou o menor \u00edndice de casos desde o in\u00edcio de 2022 \u2013 dos 311 testes realizados 28 deram positivo, o que representa 9%. Entre os dias 8 e 14 de mar\u00e7o, a m\u00e9dia de casos positivos se manteve em torno de 36\/dia. Quando foram inauguradas as Cl\u00ednicas Covid, em fevereiro de 2022, a m\u00e9dia de casos positivos estava em 40%.<\/p>\n<p>Desde o in\u00edcio da pandemia, Canoas j\u00e1 registrou 71.392 casos, sendo a maior incid\u00eancia em janeiro de 2022, com 13.424. No total, o munic\u00edpio teve 1.780 \u00f3bitos, sendo 484 somente em mar\u00e7o de 2021. Ao todo foram realizados, desde o in\u00edcio da pandemia, 262.697 testes.<\/p>\n","protected":false},"excerpt":{"rendered":"<p>De acordo com a prefeitura de Canoas, a partir desta quinta-feira, 17, o uso de m\u00e1scara em locais abertos, como pra\u00e7as, parques e vias p\u00fablicas, n\u00e3o ser\u00e1 mais obrigat\u00f3rio em Canoas, conforme estabelece Decreto Municipal, publicado na data de hoje. A decis\u00e3o torna o uso do acess\u00f3rio facultativo e foi tomada com base no Decreto [&hellip;]<\/p>\n","protected":false},"author":2,"featured_media":22404,"comment_status":"open","ping_status":"open","sticky":false,"template":"","format":"standard","meta":{"amp_status":"","footnotes":""},"categories":[26],"tags":[],"class_list":["post-22403","post","type-post","status-publish","format-standard","has-post-thumbnail","hentry","category-saude"],"yoast_head":"<!-- This site is optimized with the Yoast SEO plugin v20.5 - https:\/\/yoast.com\/wordpress\/plugins\/seo\/ -->\n<title>COVID-19: Canoas torna facultativo o uso de m\u00e1scara em locais abertos - O Timoneiro Jornal Canoas RS<\/title>\n<meta name=\"robots\" content=\"index, follow, max-snippet:-1, max-image-preview:large, max-video-preview:-1\" \/>\n<link rel=\"canonical\" href=\"https:\/\/jornaltimoneiro.com.br\/index.php\/2022\/03\/17\/covid-19-canoas-torna-facultativo-o-uso-de-mascara-em-locais-abertos\/\" \/>\n<meta property=\"og:locale\" content=\"pt_BR\" \/>\n<meta property=\"og:type\" content=\"article\" \/>\n<meta property=\"og:title\" content=\"COVID-19: Canoas torna facultativo o uso de m\u00e1scara em locais abertos - O Timoneiro Jornal Canoas RS\" \/>\n<meta property=\"og:description\" content=\"De acordo com a prefeitura de Canoas, a partir desta quinta-feira, 17, o uso de m\u00e1scara em locais abertos, como pra\u00e7as, parques e vias p\u00fablicas, n\u00e3o ser\u00e1 mais obrigat\u00f3rio em Canoas, conforme estabelece Decreto Municipal, publicado na data de hoje. A decis\u00e3o torna o uso do acess\u00f3rio facultativo e foi tomada com base no Decreto [&hellip;]\" \/>\n<meta property=\"og:url\" content=\"https:\/\/jornaltimoneiro.com.br\/index.php\/2022\/03\/17\/covid-19-canoas-torna-facultativo-o-uso-de-mascara-em-locais-abertos\/\" \/>\n<meta property=\"og:site_name\" content=\"O Timoneiro Jornal Canoas RS\" \/>\n<meta property=\"article:publisher\" content=\"https:\/\/www.facebook.com\/jornaltimoneiro\" \/>\n<meta property=\"article:published_time\" content=\"2022-03-17T18:45:28+00:00\" \/>\n<meta property=\"article:modified_time\" content=\"2022-03-28T19:39:35+00:00\" \/>\n<meta property=\"og:image\" content=\"https:\/\/jornaltimoneiro.com.br\/wp-content\/uploads\/2022\/03\/WhatsApp-Image-2022-03-17-at-15.42.27.jpeg\" \/>\n\t<meta property=\"og:image:width\" content=\"1080\" \/>\n\t<meta property=\"og:image:height\" content=\"660\" \/>\n\t<meta property=\"og:image:type\" content=\"image\/jpeg\" \/>\n<meta name=\"author\" content=\"Reda\u00e7\u00e3o\" \/>\n<meta name=\"twitter:card\" content=\"summary_large_image\" \/>\n<meta name=\"twitter:creator\" content=\"@_OTimoneiro\" \/>\n<meta name=\"twitter:site\" content=\"@_OTimoneiro\" \/>\n<meta name=\"twitter:label1\" content=\"Escrito por\" \/>\n\t<meta name=\"twitter:data1\" content=\"Reda\u00e7\u00e3o\" \/>\n\t<meta name=\"twitter:label2\" content=\"Est. tempo de leitura\" \/>\n\t<meta name=\"twitter:data2\" content=\"3 minutos\" \/>\n<script type=\"application\/ld+json\" class=\"yoast-schema-graph\">{\"@context\":\"https:\/\/schema.org\",\"@graph\":[{\"@type\":\"Article\",\"@id\":\"https:\/\/jornaltimoneiro.com.br\/index.php\/2022\/03\/17\/covid-19-canoas-torna-facultativo-o-uso-de-mascara-em-locais-abertos\/#article\",\"isPartOf\":{\"@id\":\"https:\/\/jornaltimoneiro.com.br\/index.php\/2022\/03\/17\/covid-19-canoas-torna-facultativo-o-uso-de-mascara-em-locais-abertos\/\"},\"author\":{\"name\":\"Reda\u00e7\u00e3o\",\"@id\":\"https:\/\/jornaltimoneiro.com.br\/#\/schema\/person\/f63482f1a02b1a9592707865e509ab40\"},\"headline\":\"COVID-19: Canoas torna facultativo o uso de m\u00e1scara em locais abertos\",\"datePublished\":\"2022-03-17T18:45:28+00:00\",\"dateModified\":\"2022-03-28T19:39:35+00:00\",\"mainEntityOfPage\":{\"@id\":\"https:\/\/jornaltimoneiro.com.br\/index.php\/2022\/03\/17\/covid-19-canoas-torna-facultativo-o-uso-de-mascara-em-locais-abertos\/\"},\"wordCount\":533,\"commentCount\":0,\"publisher\":{\"@id\":\"https:\/\/jornaltimoneiro.com.br\/#organization\"},\"articleSection\":[\"Sa\u00fade\"],\"inLanguage\":\"pt-BR\",\"potentialAction\":[{\"@type\":\"CommentAction\",\"name\":\"Comment\",\"target\":[\"https:\/\/jornaltimoneiro.com.br\/index.php\/2022\/03\/17\/covid-19-canoas-torna-facultativo-o-uso-de-mascara-em-locais-abertos\/#respond\"]}]},{\"@type\":\"WebPage\",\"@id\":\"https:\/\/jornaltimoneiro.com.br\/index.php\/2022\/03\/17\/covid-19-canoas-torna-facultativo-o-uso-de-mascara-em-locais-abertos\/\",\"url\":\"https:\/\/jornaltimoneiro.com.br\/index.php\/2022\/03\/17\/covid-19-canoas-torna-facultativo-o-uso-de-mascara-em-locais-abertos\/\",\"name\":\"COVID-19: Canoas torna facultativo o uso de m\u00e1scara em locais abertos - O Timoneiro Jornal Canoas RS\",\"isPartOf\":{\"@id\":\"https:\/\/jornaltimoneiro.com.br\/#website\"},\"datePublished\":\"2022-03-17T18:45:28+00:00\",\"dateModified\":\"2022-03-28T19:39:35+00:00\",\"breadcrumb\":{\"@id\":\"https:\/\/jornaltimoneiro.com.br\/index.php\/2022\/03\/17\/covid-19-canoas-torna-facultativo-o-uso-de-mascara-em-locais-abertos\/#breadcrumb\"},\"inLanguage\":\"pt-BR\",\"potentialAction\":[{\"@type\":\"ReadAction\",\"target\":[\"https:\/\/jornaltimoneiro.com.br\/index.php\/2022\/03\/17\/covid-19-canoas-torna-facultativo-o-uso-de-mascara-em-locais-abertos\/\"]}]},{\"@type\":\"BreadcrumbList\",\"@id\":\"https:\/\/jornaltimoneiro.com.br\/index.php\/2022\/03\/17\/covid-19-canoas-torna-facultativo-o-uso-de-mascara-em-locais-abertos\/#breadcrumb\",\"itemListElement\":[{\"@type\":\"ListItem\",\"position\":1,\"name\":\"In\u00edcio\",\"item\":\"https:\/\/jornaltimoneiro.com.br\/\"},{\"@type\":\"ListItem\",\"position\":2,\"name\":\"COVID-19: Canoas torna facultativo o uso de m\u00e1scara em locais abertos\"}]},{\"@type\":\"WebSite\",\"@id\":\"https:\/\/jornaltimoneiro.com.br\/#website\",\"url\":\"https:\/\/jornaltimoneiro.com.br\/\",\"name\":\"Jornal Timoneiro Canoas RS\",\"description\":\"Jornal O Timoneiro, o verdadeiro jornal de Canoas\",\"publisher\":{\"@id\":\"https:\/\/jornaltimoneiro.com.br\/#organization\"},\"potentialAction\":[{\"@type\":\"SearchAction\",\"target\":{\"@type\":\"EntryPoint\",\"urlTemplate\":\"https:\/\/jornaltimoneiro.com.br\/?s={search_term_string}\"},\"query-input\":\"required name=search_term_string\"}],\"inLanguage\":\"pt-BR\"},{\"@type\":\"Organization\",\"@id\":\"https:\/\/jornaltimoneiro.com.br\/#organization\",\"name\":\"Jornal Timoneiro Canoas RS\",\"url\":\"https:\/\/jornaltimoneiro.com.br\/\",\"logo\":{\"@type\":\"ImageObject\",\"inLanguage\":\"pt-BR\",\"@id\":\"https:\/\/jornaltimoneiro.com.br\/#\/schema\/logo\/image\/\",\"url\":\"https:\/\/jornaltimoneiro.com.br\/wp-content\/uploads\/2023\/03\/logonovo.png\",\"contentUrl\":\"https:\/\/jornaltimoneiro.com.br\/wp-content\/uploads\/2023\/03\/logonovo.png\",\"width\":\"469\",\"height\":\"171\",\"caption\":\"Jornal Timoneiro Canoas RS\"},\"image\":{\"@id\":\"https:\/\/jornaltimoneiro.com.br\/#\/schema\/logo\/image\/\"},\"sameAs\":[\"https:\/\/www.facebook.com\/jornaltimoneiro\",\"https:\/\/twitter.com\/_OTimoneiro\",\"https:\/\/www.instagram.com\/jornaltimoneirocanoas\/\",\"https:\/\/www.youtube.com\/@jornalotimoneiro7927\"]},{\"@type\":\"Person\",\"@id\":\"https:\/\/jornaltimoneiro.com.br\/#\/schema\/person\/f63482f1a02b1a9592707865e509ab40\",\"name\":\"Reda\u00e7\u00e3o\",\"image\":{\"@type\":\"ImageObject\",\"inLanguage\":\"pt-BR\",\"@id\":\"https:\/\/jornaltimoneiro.com.br\/#\/schema\/person\/image\/\",\"url\":\"https:\/\/jornaltimoneiro.com.br\/wp-content\/uploads\/2023\/03\/download.jpeg\",\"contentUrl\":\"https:\/\/jornaltimoneiro.com.br\/wp-content\/uploads\/2023\/03\/download.jpeg\",\"caption\":\"Reda\u00e7\u00e3o\"},\"url\":\"https:\/\/jornaltimoneiro.com.br\/index.php\/author\/simone-dutra\/\"}]}<\/script>\n<!-- \/ Yoast SEO plugin. -->","yoast_head_json":{"title":"COVID-19: Canoas torna facultativo o uso de m\u00e1scara em locais abertos - O Timoneiro Jornal Canoas RS","robots":{"index":"index","follow":"follow","max-snippet":"max-snippet:-1","max-image-preview":"max-image-preview:large","max-video-preview":"max-video-preview:-1"},"canonical":"https:\/\/jornaltimoneiro.com.br\/index.php\/2022\/03\/17\/covid-19-canoas-torna-facultativo-o-uso-de-mascara-em-locais-abertos\/","og_locale":"pt_BR","og_type":"article","og_title":"COVID-19: Canoas torna facultativo o uso de m\u00e1scara em locais abertos - O Timoneiro Jornal Canoas RS","og_description":"De acordo com a prefeitura de Canoas, a partir desta quinta-feira, 17, o uso de m\u00e1scara em locais abertos, como pra\u00e7as, parques e vias p\u00fablicas, n\u00e3o ser\u00e1 mais obrigat\u00f3rio em Canoas, conforme estabelece Decreto Municipal, publicado na data de hoje. A decis\u00e3o torna o uso do acess\u00f3rio facultativo e foi tomada com base no Decreto [&hellip;]","og_url":"https:\/\/jornaltimoneiro.com.br\/index.php\/2022\/03\/17\/covid-19-canoas-torna-facultativo-o-uso-de-mascara-em-locais-abertos\/","og_site_name":"O Timoneiro Jornal Canoas RS","article_publisher":"https:\/\/www.facebook.com\/jornaltimoneiro","article_published_time":"2022-03-17T18:45:28+00:00","article_modified_time":"2022-03-28T19:39:35+00:00","og_image":[{"width":"1080","height":"660","url":"https:\/\/jornaltimoneiro.com.br\/wp-content\/uploads\/2022\/03\/WhatsApp-Image-2022-03-17-at-15.42.27.jpeg","type":"image\/jpeg"}],"author":"Reda\u00e7\u00e3o","twitter_card":"summary_large_image","twitter_creator":"@_OTimoneiro","twitter_site":"@_OTimoneiro","twitter_misc":{"Escrito por":"Reda\u00e7\u00e3o","Est. tempo de leitura":"3 minutos"},"schema":{"@context":"https:\/\/schema.org","@graph":[{"@type":"Article","@id":"https:\/\/jornaltimoneiro.com.br\/index.php\/2022\/03\/17\/covid-19-canoas-torna-facultativo-o-uso-de-mascara-em-locais-abertos\/#article","isPartOf":{"@id":"https:\/\/jornaltimoneiro.com.br\/index.php\/2022\/03\/17\/covid-19-canoas-torna-facultativo-o-uso-de-mascara-em-locais-abertos\/"},"author":{"name":"Reda\u00e7\u00e3o","@id":"https:\/\/jornaltimoneiro.com.br\/#\/schema\/person\/f63482f1a02b1a9592707865e509ab40"},"headline":"COVID-19: Canoas torna facultativo o uso de m\u00e1scara em locais abertos","datePublished":"2022-03-17T18:45:28+00:00","dateModified":"2022-03-28T19:39:35+00:00","mainEntityOfPage":{"@id":"https:\/\/jornaltimoneiro.com.br\/index.php\/2022\/03\/17\/covid-19-canoas-torna-facultativo-o-uso-de-mascara-em-locais-abertos\/"},"wordCount":533,"commentCount":0,"publisher":{"@id":"https:\/\/jornaltimoneiro.com.br\/#organization"},"articleSection":["Sa\u00fade"],"inLanguage":"pt-BR","potentialAction":[{"@type":"CommentAction","name":"Comment","target":["https:\/\/jornaltimoneiro.com.br\/index.php\/2022\/03\/17\/covid-19-canoas-torna-facultativo-o-uso-de-mascara-em-locais-abertos\/#respond"]}]},{"@type":"WebPage","@id":"https:\/\/jornaltimoneiro.com.br\/index.php\/2022\/03\/17\/covid-19-canoas-torna-facultativo-o-uso-de-mascara-em-locais-abertos\/","url":"https:\/\/jornaltimoneiro.com.br\/index.php\/2022\/03\/17\/covid-19-canoas-torna-facultativo-o-uso-de-mascara-em-locais-abertos\/","name":"COVID-19: Canoas torna facultativo o uso de m\u00e1scara em locais abertos - O Timoneiro Jornal Canoas RS","isPartOf":{"@id":"https:\/\/jornaltimoneiro.com.br\/#website"},"datePublished":"2022-03-17T18:45:28+00:00","dateModified":"2022-03-28T19:39:35+00:00","breadcrumb":{"@id":"https:\/\/jornaltimoneiro.com.br\/index.php\/2022\/03\/17\/covid-19-canoas-torna-facultativo-o-uso-de-mascara-em-locais-abertos\/#breadcrumb"},"inLanguage":"pt-BR","potentialAction":[{"@type":"ReadAction","target":["https:\/\/jornaltimoneiro.com.br\/index.php\/2022\/03\/17\/covid-19-canoas-torna-facultativo-o-uso-de-mascara-em-locais-abertos\/"]}]},{"@type":"BreadcrumbList","@id":"https:\/\/jornaltimoneiro.com.br\/index.php\/2022\/03\/17\/covid-19-canoas-torna-facultativo-o-uso-de-mascara-em-locais-abertos\/#breadcrumb","itemListElement":[{"@type":"ListItem","position":1,"name":"In\u00edcio","item":"https:\/\/jornaltimoneiro.com.br\/"},{"@type":"ListItem","position":2,"name":"COVID-19: Canoas torna facultativo o uso de m\u00e1scara em locais abertos"}]},{"@type":"WebSite","@id":"https:\/\/jornaltimoneiro.com.br\/#website","url":"https:\/\/jornaltimoneiro.com.br\/","name":"Jornal Timoneiro Canoas RS","description":"Jornal O Timoneiro, o verdadeiro jornal de Canoas","publisher":{"@id":"https:\/\/jornaltimoneiro.com.br\/#organization"},"potentialAction":[{"@type":"SearchAction","target":{"@type":"EntryPoint","urlTemplate":"https:\/\/jornaltimoneiro.com.br\/?s={search_term_string}"},"query-input":"required name=search_term_string"}],"inLanguage":"pt-BR"},{"@type":"Organization","@id":"https:\/\/jornaltimoneiro.com.br\/#organization","name":"Jornal Timoneiro Canoas RS","url":"https:\/\/jornaltimoneiro.com.br\/","logo":{"@type":"ImageObject","inLanguage":"pt-BR","@id":"https:\/\/jornaltimoneiro.com.br\/#\/schema\/logo\/image\/","url":"https:\/\/jornaltimoneiro.com.br\/wp-content\/uploads\/2023\/03\/logonovo.png","contentUrl":"https:\/\/jornaltimoneiro.com.br\/wp-content\/uploads\/2023\/03\/logonovo.png","width":"469","height":"171","caption":"Jornal Timoneiro Canoas RS"},"image":{"@id":"https:\/\/jornaltimoneiro.com.br\/#\/schema\/logo\/image\/"},"sameAs":["https:\/\/www.facebook.com\/jornaltimoneiro","https:\/\/twitter.com\/_OTimoneiro","https:\/\/www.instagram.com\/jornaltimoneirocanoas\/","https:\/\/www.youtube.com\/@jornalotimoneiro7927"]},{"@type":"Person","@id":"https:\/\/jornaltimoneiro.com.br\/#\/schema\/person\/f63482f1a02b1a9592707865e509ab40","name":"Reda\u00e7\u00e3o","image":{"@type":"ImageObject","inLanguage":"pt-BR","@id":"https:\/\/jornaltimoneiro.com.br\/#\/schema\/person\/image\/","url":"https:\/\/jornaltimoneiro.com.br\/wp-content\/uploads\/2023\/03\/download.jpeg","contentUrl":"https:\/\/jornaltimoneiro.com.br\/wp-content\/uploads\/2023\/03\/download.jpeg","caption":"Reda\u00e7\u00e3o"},"url":"https:\/\/jornaltimoneiro.com.br\/index.php\/author\/simone-dutra\/"}]}},"_links":{"self":[{"href":"https:\/\/jornaltimoneiro.com.br\/index.php\/wp-json\/wp\/v2\/posts\/22403"}],"collection":[{"href":"https:\/\/jornaltimoneiro.com.br\/index.php\/wp-json\/wp\/v2\/posts"}],"about":[{"href":"https:\/\/jornaltimoneiro.com.br\/index.php\/wp-json\/wp\/v2\/types\/post"}],"author":[{"embeddable":true,"href":"https:\/\/jornaltimoneiro.com.br\/index.php\/wp-json\/wp\/v2\/users\/2"}],"replies":[{"embeddable":true,"href":"https:\/\/jornaltimoneiro.com.br\/index.php\/wp-json\/wp\/v2\/comments?post=22403"}],"version-history":[{"count":1,"href":"https:\/\/jornaltimoneiro.com.br\/index.php\/wp-json\/wp\/v2\/posts\/22403\/revisions"}],"predecessor-version":[{"id":22405,"href":"https:\/\/jornaltimoneiro.com.br\/index.php\/wp-json\/wp\/v2\/posts\/22403\/revisions\/22405"}],"wp:featuredmedia":[{"embeddable":true,"href":"https:\/\/jornaltimoneiro.com.br\/index.php\/wp-json\/wp\/v2\/media\/22404"}],"wp:attachment":[{"href":"https:\/\/jornaltimoneiro.com.br\/index.php\/wp-json\/wp\/v2\/media?parent=22403"}],"wp:term":[{"taxonomy":"category","embeddable":true,"href":"https:\/\/jornaltimoneiro.com.br\/index.php\/wp-json\/wp\/v2\/categories?post=22403"},{"taxonomy":"post_tag","embeddable":true,"href":"https:\/\/jornaltimoneiro.com.br\/index.php\/wp-json\/wp\/v2\/tags?post=22403"}],"curies":[{"name":"wp","href":"https:\/\/api.w.org\/{rel}","templated":true}]}}