{"id":22383,"date":"2022-03-16T14:43:52","date_gmt":"2022-03-16T17:43:52","guid":{"rendered":"https:\/\/jornaltimoneiro.com.br\/?p=22383"},"modified":"2022-03-28T16:39:56","modified_gmt":"2022-03-28T19:39:56","slug":"operacao-arca-policia-civil-prende-tutora-em-flagrante-por-crime-de-maus-tratos-a-animais","status":"publish","type":"post","link":"https:\/\/jornaltimoneiro.com.br\/index.php\/2022\/03\/16\/operacao-arca-policia-civil-prende-tutora-em-flagrante-por-crime-de-maus-tratos-a-animais\/","title":{"rendered":"OPERA\u00c7\u00c3O ARCA: Pol\u00edcia Civil prende tutora em flagrante por crime de maus-tratos a animais"},"content":{"rendered":"<p><strong>Nesta ter\u00e7a-feira, 15, policiais civis da 4\u00aa Delegacia de Pol\u00edcia de Canoas &#8211; 4\u00aaDP\/CANOAS, coordenados pela Delegada Tatiana Barreira Bastos, acompanhados da ONG REPRASS, do CRMV e da veterin\u00e1ria volunt\u00e1ria Tatiana Guerra, vistoriaram diversos locais de den\u00fancias em Canoas, resultando na pris\u00e3o em flagrante de uma mulher, por crime de Maus-Tratos de Animais e Crime contra a Fauna, no bairro Guajuviras, em Canoas.<\/strong><\/p>\n<p>Segundo a delegada Tatiana, seis locais foram averiguados, sendo que em um deles se confirmou a situa\u00e7\u00e3o de maus tratos a tr\u00eas c\u00e3es e a manuten\u00e7\u00e3o de p\u00e1ssaros em cativeiro, sem autoriza\u00e7\u00e3o do IBAMA, ocasi\u00e3o em que foi dado voz de pris\u00e3o \u00e0 tutora, uma mulher de 40 anos de idade.<\/p>\n<div id=\"attachment_22386\" style=\"width: 710px\" class=\"wp-caption alignnone\"><img decoding=\"async\" aria-describedby=\"caption-attachment-22386\" class=\"size-full wp-image-22386\" src=\"https:\/\/jornaltimoneiro.com.br\/wp-content\/uploads\/2022\/03\/a9fe9294-d1b0-4d1a-ac2f-6e50ca83f49b.jpg\" alt=\"\" width=\"700\" height=\"933\" srcset=\"https:\/\/jornaltimoneiro.com.br\/wp-content\/uploads\/2022\/03\/a9fe9294-d1b0-4d1a-ac2f-6e50ca83f49b.jpg 700w, https:\/\/jornaltimoneiro.com.br\/wp-content\/uploads\/2022\/03\/a9fe9294-d1b0-4d1a-ac2f-6e50ca83f49b-225x300.jpg 225w, https:\/\/jornaltimoneiro.com.br\/wp-content\/uploads\/2022\/03\/a9fe9294-d1b0-4d1a-ac2f-6e50ca83f49b-696x928.jpg 696w, https:\/\/jornaltimoneiro.com.br\/wp-content\/uploads\/2022\/03\/a9fe9294-d1b0-4d1a-ac2f-6e50ca83f49b-315x420.jpg 315w\" sizes=\"(max-width: 700px) 100vw, 700px\" \/><p id=\"caption-attachment-22386\" class=\"wp-caption-text\">Divulga\u00e7\u00e3o Pol\u00edcia Civil<\/p><\/div>\n<p>No local foram encontrados os animais em meio a entulhos, sem \u00e1gua ou comida, sem condi\u00e7\u00f5es m\u00ednimas de higiene e mobilidade, com les\u00f5es pelo corpo e ectoparasitas, sendo contatada pela veterin\u00e1ria a situa\u00e7\u00e3o de maus-tratos.<\/p>\n<div id=\"attachment_22385\" style=\"width: 710px\" class=\"wp-caption alignnone\"><img decoding=\"async\" aria-describedby=\"caption-attachment-22385\" class=\"size-full wp-image-22385\" src=\"https:\/\/jornaltimoneiro.com.br\/wp-content\/uploads\/2022\/03\/30fa930f-22e7-4a3a-94e0-bb839ced491e.jpg\" alt=\"\" width=\"700\" height=\"530\" srcset=\"https:\/\/jornaltimoneiro.com.br\/wp-content\/uploads\/2022\/03\/30fa930f-22e7-4a3a-94e0-bb839ced491e.jpg 700w, https:\/\/jornaltimoneiro.com.br\/wp-content\/uploads\/2022\/03\/30fa930f-22e7-4a3a-94e0-bb839ced491e-300x227.jpg 300w, https:\/\/jornaltimoneiro.com.br\/wp-content\/uploads\/2022\/03\/30fa930f-22e7-4a3a-94e0-bb839ced491e-80x60.jpg 80w, https:\/\/jornaltimoneiro.com.br\/wp-content\/uploads\/2022\/03\/30fa930f-22e7-4a3a-94e0-bb839ced491e-696x527.jpg 696w, https:\/\/jornaltimoneiro.com.br\/wp-content\/uploads\/2022\/03\/30fa930f-22e7-4a3a-94e0-bb839ced491e-555x420.jpg 555w\" sizes=\"(max-width: 700px) 100vw, 700px\" \/><p id=\"caption-attachment-22385\" class=\"wp-caption-text\">Divulga\u00e7\u00e3o Pol\u00edcia Civil<\/p><\/div>\n<p>Foram apreendidos tamb\u00e9m tr\u00eas p\u00e1ssaros silvestres, que se encontravam em gaiolas sujas, com grande quantidade de fezes, sem \u00e1gua, com ra\u00e7\u00e3o mofada, al\u00e9m de n\u00e3o possu\u00edrem anilhas de identifica\u00e7\u00e3o.<\/p>\n<div id=\"attachment_22384\" style=\"width: 710px\" class=\"wp-caption alignnone\"><img decoding=\"async\" aria-describedby=\"caption-attachment-22384\" class=\"size-full wp-image-22384\" src=\"https:\/\/jornaltimoneiro.com.br\/wp-content\/uploads\/2022\/03\/49947125-1ef4-4e81-8a9f-54fb9df5b892.jpg\" alt=\"\" width=\"700\" height=\"725\" srcset=\"https:\/\/jornaltimoneiro.com.br\/wp-content\/uploads\/2022\/03\/49947125-1ef4-4e81-8a9f-54fb9df5b892.jpg 700w, https:\/\/jornaltimoneiro.com.br\/wp-content\/uploads\/2022\/03\/49947125-1ef4-4e81-8a9f-54fb9df5b892-290x300.jpg 290w, https:\/\/jornaltimoneiro.com.br\/wp-content\/uploads\/2022\/03\/49947125-1ef4-4e81-8a9f-54fb9df5b892-696x721.jpg 696w, https:\/\/jornaltimoneiro.com.br\/wp-content\/uploads\/2022\/03\/49947125-1ef4-4e81-8a9f-54fb9df5b892-406x420.jpg 406w\" sizes=\"(max-width: 700px) 100vw, 700px\" \/><p id=\"caption-attachment-22384\" class=\"wp-caption-text\">Divulga\u00e7\u00e3o Pol\u00edcia Civil<\/p><\/div>\n<p>Os c\u00e3es foram resgatados e encaminhados para um lar tempor\u00e1rio, ap\u00f3s receber os cuidados m\u00e9dico-veterin\u00e1rios necess\u00e1rios, e os p\u00e1ssaros foram encaminhados ao IBAMA.<\/p>\n<p>Segundo o Diretor da 2\u00aa Delegacia de Pol\u00edcia Regional Metropolitana &#8211; 2\u00aa DPRM, Delegado Regional Mario Souza, a OPERA\u00c7\u00c3O ARCA \u00e9 uma opera\u00e7\u00e3o permanente da regi\u00e3o que visa enfrentar o crime de maus-tratos contra animais em todas as cidades da regi\u00e3o.<\/p>\n<p><strong>DEN\u00daNCIAS AN\u00d4NIMAS<\/strong><br \/>\n<strong>LINHA DIRETA: (51) 3425 9063 <\/strong><br \/>\n<strong>E-MAIL: <a href=\"http:\/\/www.pc.rs.gov.br\">www.pc.rs.gov.br<\/a><\/strong><br \/>\n<strong>WHATS: (51) 9 8459 0259<\/strong><\/p>\n","protected":false},"excerpt":{"rendered":"<p>Nesta ter\u00e7a-feira, 15, policiais civis da 4\u00aa Delegacia de Pol\u00edcia de Canoas &#8211; 4\u00aaDP\/CANOAS, coordenados pela Delegada Tatiana Barreira Bastos, acompanhados da ONG REPRASS, do CRMV e da veterin\u00e1ria volunt\u00e1ria Tatiana Guerra, vistoriaram diversos locais de den\u00fancias em Canoas, resultando na pris\u00e3o em flagrante de uma mulher, por crime de Maus-Tratos de Animais e Crime [&hellip;]<\/p>\n","protected":false},"author":2,"featured_media":22387,"comment_status":"open","ping_status":"open","sticky":false,"template":"","format":"standard","meta":{"amp_status":"","footnotes":""},"categories":[23],"tags":[],"class_list":["post-22383","post","type-post","status-publish","format-standard","has-post-thumbnail","hentry","category-geral"],"yoast_head":"<!-- This site is optimized with the Yoast SEO plugin v20.5 - https:\/\/yoast.com\/wordpress\/plugins\/seo\/ -->\n<title>OPERA\u00c7\u00c3O ARCA: Pol\u00edcia Civil prende tutora em flagrante por crime de maus-tratos a animais - O Timoneiro Jornal Canoas RS<\/title>\n<meta name=\"robots\" content=\"index, follow, max-snippet:-1, max-image-preview:large, max-video-preview:-1\" \/>\n<link rel=\"canonical\" href=\"https:\/\/jornaltimoneiro.com.br\/index.php\/2022\/03\/16\/operacao-arca-policia-civil-prende-tutora-em-flagrante-por-crime-de-maus-tratos-a-animais\/\" \/>\n<meta property=\"og:locale\" content=\"pt_BR\" \/>\n<meta property=\"og:type\" content=\"article\" \/>\n<meta property=\"og:title\" content=\"OPERA\u00c7\u00c3O ARCA: Pol\u00edcia Civil prende tutora em flagrante por crime de maus-tratos a animais - O Timoneiro Jornal Canoas RS\" \/>\n<meta property=\"og:description\" content=\"Nesta ter\u00e7a-feira, 15, policiais civis da 4\u00aa Delegacia de Pol\u00edcia de Canoas &#8211; 4\u00aaDP\/CANOAS, coordenados pela Delegada Tatiana Barreira Bastos, acompanhados da ONG REPRASS, do CRMV e da veterin\u00e1ria volunt\u00e1ria Tatiana Guerra, vistoriaram diversos locais de den\u00fancias em Canoas, resultando na pris\u00e3o em flagrante de uma mulher, por crime de Maus-Tratos de Animais e Crime [&hellip;]\" \/>\n<meta property=\"og:url\" content=\"https:\/\/jornaltimoneiro.com.br\/index.php\/2022\/03\/16\/operacao-arca-policia-civil-prende-tutora-em-flagrante-por-crime-de-maus-tratos-a-animais\/\" \/>\n<meta property=\"og:site_name\" content=\"O Timoneiro Jornal Canoas RS\" \/>\n<meta property=\"article:publisher\" content=\"https:\/\/www.facebook.com\/jornaltimoneiro\" \/>\n<meta property=\"article:published_time\" content=\"2022-03-16T17:43:52+00:00\" \/>\n<meta property=\"article:modified_time\" content=\"2022-03-28T19:39:56+00:00\" \/>\n<meta property=\"og:image\" content=\"https:\/\/jornaltimoneiro.com.br\/wp-content\/uploads\/2022\/03\/3923f83c-8ed8-498a-842a-851dfbf45995.jpg\" \/>\n\t<meta property=\"og:image:width\" content=\"1080\" \/>\n\t<meta property=\"og:image:height\" content=\"864\" \/>\n\t<meta property=\"og:image:type\" content=\"image\/jpeg\" \/>\n<meta name=\"author\" content=\"Reda\u00e7\u00e3o\" \/>\n<meta name=\"twitter:card\" content=\"summary_large_image\" \/>\n<meta name=\"twitter:creator\" content=\"@_OTimoneiro\" \/>\n<meta name=\"twitter:site\" content=\"@_OTimoneiro\" \/>\n<meta name=\"twitter:label1\" content=\"Escrito por\" \/>\n\t<meta name=\"twitter:data1\" content=\"Reda\u00e7\u00e3o\" \/>\n\t<meta name=\"twitter:label2\" content=\"Est. tempo de leitura\" \/>\n\t<meta name=\"twitter:data2\" content=\"2 minutos\" \/>\n<script type=\"application\/ld+json\" class=\"yoast-schema-graph\">{\"@context\":\"https:\/\/schema.org\",\"@graph\":[{\"@type\":\"Article\",\"@id\":\"https:\/\/jornaltimoneiro.com.br\/index.php\/2022\/03\/16\/operacao-arca-policia-civil-prende-tutora-em-flagrante-por-crime-de-maus-tratos-a-animais\/#article\",\"isPartOf\":{\"@id\":\"https:\/\/jornaltimoneiro.com.br\/index.php\/2022\/03\/16\/operacao-arca-policia-civil-prende-tutora-em-flagrante-por-crime-de-maus-tratos-a-animais\/\"},\"author\":{\"name\":\"Reda\u00e7\u00e3o\",\"@id\":\"https:\/\/jornaltimoneiro.com.br\/#\/schema\/person\/f63482f1a02b1a9592707865e509ab40\"},\"headline\":\"OPERA\u00c7\u00c3O ARCA: Pol\u00edcia Civil prende tutora em flagrante por crime de maus-tratos a animais\",\"datePublished\":\"2022-03-16T17:43:52+00:00\",\"dateModified\":\"2022-03-28T19:39:56+00:00\",\"mainEntityOfPage\":{\"@id\":\"https:\/\/jornaltimoneiro.com.br\/index.php\/2022\/03\/16\/operacao-arca-policia-civil-prende-tutora-em-flagrante-por-crime-de-maus-tratos-a-animais\/\"},\"wordCount\":340,\"commentCount\":0,\"publisher\":{\"@id\":\"https:\/\/jornaltimoneiro.com.br\/#organization\"},\"articleSection\":[\"Geral\"],\"inLanguage\":\"pt-BR\",\"potentialAction\":[{\"@type\":\"CommentAction\",\"name\":\"Comment\",\"target\":[\"https:\/\/jornaltimoneiro.com.br\/index.php\/2022\/03\/16\/operacao-arca-policia-civil-prende-tutora-em-flagrante-por-crime-de-maus-tratos-a-animais\/#respond\"]}]},{\"@type\":\"WebPage\",\"@id\":\"https:\/\/jornaltimoneiro.com.br\/index.php\/2022\/03\/16\/operacao-arca-policia-civil-prende-tutora-em-flagrante-por-crime-de-maus-tratos-a-animais\/\",\"url\":\"https:\/\/jornaltimoneiro.com.br\/index.php\/2022\/03\/16\/operacao-arca-policia-civil-prende-tutora-em-flagrante-por-crime-de-maus-tratos-a-animais\/\",\"name\":\"OPERA\u00c7\u00c3O ARCA: Pol\u00edcia Civil prende tutora em flagrante por crime de maus-tratos a animais - O Timoneiro Jornal Canoas RS\",\"isPartOf\":{\"@id\":\"https:\/\/jornaltimoneiro.com.br\/#website\"},\"datePublished\":\"2022-03-16T17:43:52+00:00\",\"dateModified\":\"2022-03-28T19:39:56+00:00\",\"breadcrumb\":{\"@id\":\"https:\/\/jornaltimoneiro.com.br\/index.php\/2022\/03\/16\/operacao-arca-policia-civil-prende-tutora-em-flagrante-por-crime-de-maus-tratos-a-animais\/#breadcrumb\"},\"inLanguage\":\"pt-BR\",\"potentialAction\":[{\"@type\":\"ReadAction\",\"target\":[\"https:\/\/jornaltimoneiro.com.br\/index.php\/2022\/03\/16\/operacao-arca-policia-civil-prende-tutora-em-flagrante-por-crime-de-maus-tratos-a-animais\/\"]}]},{\"@type\":\"BreadcrumbList\",\"@id\":\"https:\/\/jornaltimoneiro.com.br\/index.php\/2022\/03\/16\/operacao-arca-policia-civil-prende-tutora-em-flagrante-por-crime-de-maus-tratos-a-animais\/#breadcrumb\",\"itemListElement\":[{\"@type\":\"ListItem\",\"position\":1,\"name\":\"In\u00edcio\",\"item\":\"https:\/\/jornaltimoneiro.com.br\/\"},{\"@type\":\"ListItem\",\"position\":2,\"name\":\"OPERA\u00c7\u00c3O ARCA: Pol\u00edcia Civil prende tutora em flagrante por crime de maus-tratos a animais\"}]},{\"@type\":\"WebSite\",\"@id\":\"https:\/\/jornaltimoneiro.com.br\/#website\",\"url\":\"https:\/\/jornaltimoneiro.com.br\/\",\"name\":\"Jornal Timoneiro Canoas RS\",\"description\":\"Jornal O Timoneiro, o verdadeiro jornal de Canoas\",\"publisher\":{\"@id\":\"https:\/\/jornaltimoneiro.com.br\/#organization\"},\"potentialAction\":[{\"@type\":\"SearchAction\",\"target\":{\"@type\":\"EntryPoint\",\"urlTemplate\":\"https:\/\/jornaltimoneiro.com.br\/?s={search_term_string}\"},\"query-input\":\"required name=search_term_string\"}],\"inLanguage\":\"pt-BR\"},{\"@type\":\"Organization\",\"@id\":\"https:\/\/jornaltimoneiro.com.br\/#organization\",\"name\":\"Jornal Timoneiro Canoas RS\",\"url\":\"https:\/\/jornaltimoneiro.com.br\/\",\"logo\":{\"@type\":\"ImageObject\",\"inLanguage\":\"pt-BR\",\"@id\":\"https:\/\/jornaltimoneiro.com.br\/#\/schema\/logo\/image\/\",\"url\":\"https:\/\/jornaltimoneiro.com.br\/wp-content\/uploads\/2023\/03\/logonovo.png\",\"contentUrl\":\"https:\/\/jornaltimoneiro.com.br\/wp-content\/uploads\/2023\/03\/logonovo.png\",\"width\":\"469\",\"height\":\"171\",\"caption\":\"Jornal Timoneiro Canoas RS\"},\"image\":{\"@id\":\"https:\/\/jornaltimoneiro.com.br\/#\/schema\/logo\/image\/\"},\"sameAs\":[\"https:\/\/www.facebook.com\/jornaltimoneiro\",\"https:\/\/twitter.com\/_OTimoneiro\",\"https:\/\/www.instagram.com\/jornaltimoneirocanoas\/\",\"https:\/\/www.youtube.com\/@jornalotimoneiro7927\"]},{\"@type\":\"Person\",\"@id\":\"https:\/\/jornaltimoneiro.com.br\/#\/schema\/person\/f63482f1a02b1a9592707865e509ab40\",\"name\":\"Reda\u00e7\u00e3o\",\"image\":{\"@type\":\"ImageObject\",\"inLanguage\":\"pt-BR\",\"@id\":\"https:\/\/jornaltimoneiro.com.br\/#\/schema\/person\/image\/\",\"url\":\"https:\/\/jornaltimoneiro.com.br\/wp-content\/uploads\/2023\/03\/download.jpeg\",\"contentUrl\":\"https:\/\/jornaltimoneiro.com.br\/wp-content\/uploads\/2023\/03\/download.jpeg\",\"caption\":\"Reda\u00e7\u00e3o\"},\"url\":\"https:\/\/jornaltimoneiro.com.br\/index.php\/author\/simone-dutra\/\"}]}<\/script>\n<!-- \/ Yoast SEO plugin. -->","yoast_head_json":{"title":"OPERA\u00c7\u00c3O ARCA: Pol\u00edcia Civil prende tutora em flagrante por crime de maus-tratos a animais - O Timoneiro Jornal Canoas RS","robots":{"index":"index","follow":"follow","max-snippet":"max-snippet:-1","max-image-preview":"max-image-preview:large","max-video-preview":"max-video-preview:-1"},"canonical":"https:\/\/jornaltimoneiro.com.br\/index.php\/2022\/03\/16\/operacao-arca-policia-civil-prende-tutora-em-flagrante-por-crime-de-maus-tratos-a-animais\/","og_locale":"pt_BR","og_type":"article","og_title":"OPERA\u00c7\u00c3O ARCA: Pol\u00edcia Civil prende tutora em flagrante por crime de maus-tratos a animais - O Timoneiro Jornal Canoas RS","og_description":"Nesta ter\u00e7a-feira, 15, policiais civis da 4\u00aa Delegacia de Pol\u00edcia de Canoas &#8211; 4\u00aaDP\/CANOAS, coordenados pela Delegada Tatiana Barreira Bastos, acompanhados da ONG REPRASS, do CRMV e da veterin\u00e1ria volunt\u00e1ria Tatiana Guerra, vistoriaram diversos locais de den\u00fancias em Canoas, resultando na pris\u00e3o em flagrante de uma mulher, por crime de Maus-Tratos de Animais e Crime [&hellip;]","og_url":"https:\/\/jornaltimoneiro.com.br\/index.php\/2022\/03\/16\/operacao-arca-policia-civil-prende-tutora-em-flagrante-por-crime-de-maus-tratos-a-animais\/","og_site_name":"O Timoneiro Jornal Canoas RS","article_publisher":"https:\/\/www.facebook.com\/jornaltimoneiro","article_published_time":"2022-03-16T17:43:52+00:00","article_modified_time":"2022-03-28T19:39:56+00:00","og_image":[{"width":"1080","height":"864","url":"https:\/\/jornaltimoneiro.com.br\/wp-content\/uploads\/2022\/03\/3923f83c-8ed8-498a-842a-851dfbf45995.jpg","type":"image\/jpeg"}],"author":"Reda\u00e7\u00e3o","twitter_card":"summary_large_image","twitter_creator":"@_OTimoneiro","twitter_site":"@_OTimoneiro","twitter_misc":{"Escrito por":"Reda\u00e7\u00e3o","Est. tempo de leitura":"2 minutos"},"schema":{"@context":"https:\/\/schema.org","@graph":[{"@type":"Article","@id":"https:\/\/jornaltimoneiro.com.br\/index.php\/2022\/03\/16\/operacao-arca-policia-civil-prende-tutora-em-flagrante-por-crime-de-maus-tratos-a-animais\/#article","isPartOf":{"@id":"https:\/\/jornaltimoneiro.com.br\/index.php\/2022\/03\/16\/operacao-arca-policia-civil-prende-tutora-em-flagrante-por-crime-de-maus-tratos-a-animais\/"},"author":{"name":"Reda\u00e7\u00e3o","@id":"https:\/\/jornaltimoneiro.com.br\/#\/schema\/person\/f63482f1a02b1a9592707865e509ab40"},"headline":"OPERA\u00c7\u00c3O ARCA: Pol\u00edcia Civil prende tutora em flagrante por crime de maus-tratos a animais","datePublished":"2022-03-16T17:43:52+00:00","dateModified":"2022-03-28T19:39:56+00:00","mainEntityOfPage":{"@id":"https:\/\/jornaltimoneiro.com.br\/index.php\/2022\/03\/16\/operacao-arca-policia-civil-prende-tutora-em-flagrante-por-crime-de-maus-tratos-a-animais\/"},"wordCount":340,"commentCount":0,"publisher":{"@id":"https:\/\/jornaltimoneiro.com.br\/#organization"},"articleSection":["Geral"],"inLanguage":"pt-BR","potentialAction":[{"@type":"CommentAction","name":"Comment","target":["https:\/\/jornaltimoneiro.com.br\/index.php\/2022\/03\/16\/operacao-arca-policia-civil-prende-tutora-em-flagrante-por-crime-de-maus-tratos-a-animais\/#respond"]}]},{"@type":"WebPage","@id":"https:\/\/jornaltimoneiro.com.br\/index.php\/2022\/03\/16\/operacao-arca-policia-civil-prende-tutora-em-flagrante-por-crime-de-maus-tratos-a-animais\/","url":"https:\/\/jornaltimoneiro.com.br\/index.php\/2022\/03\/16\/operacao-arca-policia-civil-prende-tutora-em-flagrante-por-crime-de-maus-tratos-a-animais\/","name":"OPERA\u00c7\u00c3O ARCA: Pol\u00edcia Civil prende tutora em flagrante por crime de maus-tratos a animais - O Timoneiro Jornal Canoas RS","isPartOf":{"@id":"https:\/\/jornaltimoneiro.com.br\/#website"},"datePublished":"2022-03-16T17:43:52+00:00","dateModified":"2022-03-28T19:39:56+00:00","breadcrumb":{"@id":"https:\/\/jornaltimoneiro.com.br\/index.php\/2022\/03\/16\/operacao-arca-policia-civil-prende-tutora-em-flagrante-por-crime-de-maus-tratos-a-animais\/#breadcrumb"},"inLanguage":"pt-BR","potentialAction":[{"@type":"ReadAction","target":["https:\/\/jornaltimoneiro.com.br\/index.php\/2022\/03\/16\/operacao-arca-policia-civil-prende-tutora-em-flagrante-por-crime-de-maus-tratos-a-animais\/"]}]},{"@type":"BreadcrumbList","@id":"https:\/\/jornaltimoneiro.com.br\/index.php\/2022\/03\/16\/operacao-arca-policia-civil-prende-tutora-em-flagrante-por-crime-de-maus-tratos-a-animais\/#breadcrumb","itemListElement":[{"@type":"ListItem","position":1,"name":"In\u00edcio","item":"https:\/\/jornaltimoneiro.com.br\/"},{"@type":"ListItem","position":2,"name":"OPERA\u00c7\u00c3O ARCA: Pol\u00edcia Civil prende tutora em flagrante por crime de maus-tratos a animais"}]},{"@type":"WebSite","@id":"https:\/\/jornaltimoneiro.com.br\/#website","url":"https:\/\/jornaltimoneiro.com.br\/","name":"Jornal Timoneiro Canoas RS","description":"Jornal O Timoneiro, o verdadeiro jornal de Canoas","publisher":{"@id":"https:\/\/jornaltimoneiro.com.br\/#organization"},"potentialAction":[{"@type":"SearchAction","target":{"@type":"EntryPoint","urlTemplate":"https:\/\/jornaltimoneiro.com.br\/?s={search_term_string}"},"query-input":"required name=search_term_string"}],"inLanguage":"pt-BR"},{"@type":"Organization","@id":"https:\/\/jornaltimoneiro.com.br\/#organization","name":"Jornal Timoneiro Canoas RS","url":"https:\/\/jornaltimoneiro.com.br\/","logo":{"@type":"ImageObject","inLanguage":"pt-BR","@id":"https:\/\/jornaltimoneiro.com.br\/#\/schema\/logo\/image\/","url":"https:\/\/jornaltimoneiro.com.br\/wp-content\/uploads\/2023\/03\/logonovo.png","contentUrl":"https:\/\/jornaltimoneiro.com.br\/wp-content\/uploads\/2023\/03\/logonovo.png","width":"469","height":"171","caption":"Jornal Timoneiro Canoas RS"},"image":{"@id":"https:\/\/jornaltimoneiro.com.br\/#\/schema\/logo\/image\/"},"sameAs":["https:\/\/www.facebook.com\/jornaltimoneiro","https:\/\/twitter.com\/_OTimoneiro","https:\/\/www.instagram.com\/jornaltimoneirocanoas\/","https:\/\/www.youtube.com\/@jornalotimoneiro7927"]},{"@type":"Person","@id":"https:\/\/jornaltimoneiro.com.br\/#\/schema\/person\/f63482f1a02b1a9592707865e509ab40","name":"Reda\u00e7\u00e3o","image":{"@type":"ImageObject","inLanguage":"pt-BR","@id":"https:\/\/jornaltimoneiro.com.br\/#\/schema\/person\/image\/","url":"https:\/\/jornaltimoneiro.com.br\/wp-content\/uploads\/2023\/03\/download.jpeg","contentUrl":"https:\/\/jornaltimoneiro.com.br\/wp-content\/uploads\/2023\/03\/download.jpeg","caption":"Reda\u00e7\u00e3o"},"url":"https:\/\/jornaltimoneiro.com.br\/index.php\/author\/simone-dutra\/"}]}},"_links":{"self":[{"href":"https:\/\/jornaltimoneiro.com.br\/index.php\/wp-json\/wp\/v2\/posts\/22383"}],"collection":[{"href":"https:\/\/jornaltimoneiro.com.br\/index.php\/wp-json\/wp\/v2\/posts"}],"about":[{"href":"https:\/\/jornaltimoneiro.com.br\/index.php\/wp-json\/wp\/v2\/types\/post"}],"author":[{"embeddable":true,"href":"https:\/\/jornaltimoneiro.com.br\/index.php\/wp-json\/wp\/v2\/users\/2"}],"replies":[{"embeddable":true,"href":"https:\/\/jornaltimoneiro.com.br\/index.php\/wp-json\/wp\/v2\/comments?post=22383"}],"version-history":[{"count":2,"href":"https:\/\/jornaltimoneiro.com.br\/index.php\/wp-json\/wp\/v2\/posts\/22383\/revisions"}],"predecessor-version":[{"id":22389,"href":"https:\/\/jornaltimoneiro.com.br\/index.php\/wp-json\/wp\/v2\/posts\/22383\/revisions\/22389"}],"wp:featuredmedia":[{"embeddable":true,"href":"https:\/\/jornaltimoneiro.com.br\/index.php\/wp-json\/wp\/v2\/media\/22387"}],"wp:attachment":[{"href":"https:\/\/jornaltimoneiro.com.br\/index.php\/wp-json\/wp\/v2\/media?parent=22383"}],"wp:term":[{"taxonomy":"category","embeddable":true,"href":"https:\/\/jornaltimoneiro.com.br\/index.php\/wp-json\/wp\/v2\/categories?post=22383"},{"taxonomy":"post_tag","embeddable":true,"href":"https:\/\/jornaltimoneiro.com.br\/index.php\/wp-json\/wp\/v2\/tags?post=22383"}],"curies":[{"name":"wp","href":"https:\/\/api.w.org\/{rel}","templated":true}]}}