{"id":21987,"date":"2022-01-19T17:10:30","date_gmt":"2022-01-19T20:10:30","guid":{"rendered":"https:\/\/jornaltimoneiro.com.br\/?p=21987"},"modified":"2022-01-21T13:26:06","modified_gmt":"2022-01-21T16:26:06","slug":"procon-canoas-alerta-que-preco-do-material-escolar-pode-variar-445","status":"publish","type":"post","link":"https:\/\/jornaltimoneiro.com.br\/index.php\/2022\/01\/19\/procon-canoas-alerta-que-preco-do-material-escolar-pode-variar-445\/","title":{"rendered":"Procon Canoas alerta que pre\u00e7o do material escolar pode variar 445%"},"content":{"rendered":"<div class=\"conteudo-principal\">\n<p>Na tarde desta quarta-feira, 19, foi divulgado um levantamento realizado pelo Procon Canoas sobre os pre\u00e7os dos materiais escolares em 12 estabelecimentos comerciais da cidade. De acordo com a nota, o trabalho, realizado durante sete dias, de 10 a 17 de janeiro, constatou que a diferen\u00e7a de valores na lista pode chegar a 445% de uma loja para a outra, levando em conta os 18 itens pesquisados.<\/p>\n<p>A diretora do Procon Canoas, vinculado \u00e0 Secretaria Municipal de Seguran\u00e7a P\u00fablica, Ta\u00eds Marques, explica que a varia\u00e7\u00e3o superior a 400% \u00e9 referente ao valor total da lista escolar, no comparativo de um estabelecimento A ou B. Ela lembra ainda que algumas escolas tamb\u00e9m cometem abusos na hora de solicitar os itens para uso dos alunos durante o ano letivo. Para evitar problemas, o Procon apresenta algumas dicas aos pais e respons\u00e1veis na hora de adquirir os materiais.<\/p>\n<p>O secret\u00e1rio municipal de Seguran\u00e7a P\u00fablica, o delegado Emerson Wendt, lembra que as orienta\u00e7\u00f5es valem tamb\u00e9m para as compras pela internet. \u201cNeste caso, al\u00e9m de pesquisar os pre\u00e7os, \u00e9 importante o consumidor pesquisar, previamente, a credibilidade dos sites antes de efetuar as compras dos materiais escolares\u201d, frisa.<\/p>\n<p><strong>Veja rela\u00e7\u00e3o abaixo:<\/strong><\/p>\n<p>\u2013 Verifique o que foi comprado no \u00faltimo ano e o que ainda tem condi\u00e7\u00f5es de uso. Canetas com tinta, r\u00e9guas, tesouras e dicion\u00e1rios, por exemplo, s\u00e3o itens que podem ser reutilizados;<br \/>\n\u2013 Pesquise os valores em mais de um local, n\u00e3o compre no primeiro estabelecimento que encontrar;<br \/>\n\u2013 N\u00e3o leve as crian\u00e7as na hora da compra. Nem sempre o material escolhido por elas vai caber no seu or\u00e7amento. Evite situa\u00e7\u00f5es desagrad\u00e1veis;<br \/>\n\u2013 Pais com mais de 1 filho na escola podem organizar a troca e o repasse de materiais entre eles. O que n\u00e3o \u00e9 mais necess\u00e1rio para um pode ser utilizado pelo outro.<\/p>\n<p><strong>Fiquem atentos:<\/strong><br \/>\n\u2013 Estabelecimentos de ensino n\u00e3o podem pedir produtos de uso coletivo na lista de material escolar, como os de higiene e limpeza, por exemplo.<br \/>\n\u2013 O material pode ser adquirido no estabelecimento da prefer\u00eancia dos pais, n\u00e3o podendo a escola exigir marcas, indicar locais ou at\u00e9 mesmo vender os produtos (exceto artigos que n\u00e3o s\u00e3o vendidos no com\u00e9rcio, como apostilas pedag\u00f3gicas).<br \/>\n\u2013 A institui\u00e7\u00e3o s\u00f3 pode interferir caso seu filho esteja com um livro reutilizado e a edi\u00e7\u00e3o, desatualizada.<\/p>\n<p><strong>Segue lista de produtos pesquisados e os pre\u00e7os praticados:<\/strong><\/p>\n<p><img decoding=\"async\" class=\"size-full wp-image-53529 aligncenter\" src=\"https:\/\/www.canoas.rs.gov.br\/wp-content\/uploads\/2022\/01\/tabela_aumento_materiaisescolares.png\" sizes=\"(max-width: 545px) 100vw, 545px\" srcset=\"https:\/\/www.canoas.rs.gov.br\/wp-content\/uploads\/2022\/01\/tabela_aumento_materiaisescolares.png 545w, https:\/\/www.canoas.rs.gov.br\/wp-content\/uploads\/2022\/01\/tabela_aumento_materiaisescolares-237x300.png 237w\" alt=\"\" width=\"545\" height=\"689\" \/><\/p>\n<p><strong>Onde encontrar os servi\u00e7os do Procon Canoas<\/strong><\/p>\n<p>*A sede central do Procon atende de segunda a sexta-feira, das 8h30 \u00e0s 17h30, sem fechar ao meio-dia, na Rua General Salustiano, 142 \u2013 Bairro Marechal Rondon. Em fun\u00e7\u00e3o da pandemia e para evitar aglomera\u00e7\u00f5es, \u00e9 necess\u00e1rio agendamento nos telefones 51-32362051 e 51-32362052.<br \/>\n*O Procon tamb\u00e9m atende de segunda a sexta-feira, das 9h \u00e0s 15h, nas unidades Guajuviras (Avenida 17 de Abril, 1110) e no Bairro Mathias Velho (Rua Santa Catarina, 3420, esquina com a Cruz Alta). Nestes locais, n\u00e3o existe necessidade de agendamento.<\/p>\n<\/div>\n<div class=\"creditos\"><\/div>\n","protected":false},"excerpt":{"rendered":"<p>Na tarde desta quarta-feira, 19, foi divulgado um levantamento realizado pelo Procon Canoas sobre os pre\u00e7os dos materiais escolares em 12 estabelecimentos comerciais da cidade. De acordo com a nota, o trabalho, realizado durante sete dias, de 10 a 17 de janeiro, constatou que a diferen\u00e7a de valores na lista pode chegar a 445% de [&hellip;]<\/p>\n","protected":false},"author":2,"featured_media":21988,"comment_status":"open","ping_status":"open","sticky":false,"template":"","format":"standard","meta":{"amp_status":"","footnotes":""},"categories":[23],"tags":[],"class_list":["post-21987","post","type-post","status-publish","format-standard","has-post-thumbnail","hentry","category-geral"],"yoast_head":"<!-- This site is optimized with the Yoast SEO plugin v20.5 - https:\/\/yoast.com\/wordpress\/plugins\/seo\/ -->\n<title>Procon Canoas alerta que pre\u00e7o do material escolar pode variar 445% - O Timoneiro Jornal Canoas RS<\/title>\n<meta name=\"robots\" content=\"index, follow, max-snippet:-1, max-image-preview:large, max-video-preview:-1\" \/>\n<link rel=\"canonical\" href=\"https:\/\/jornaltimoneiro.com.br\/index.php\/2022\/01\/19\/procon-canoas-alerta-que-preco-do-material-escolar-pode-variar-445\/\" \/>\n<meta property=\"og:locale\" content=\"pt_BR\" \/>\n<meta property=\"og:type\" content=\"article\" \/>\n<meta property=\"og:title\" content=\"Procon Canoas alerta que pre\u00e7o do material escolar pode variar 445% - O Timoneiro Jornal Canoas RS\" \/>\n<meta property=\"og:description\" content=\"Na tarde desta quarta-feira, 19, foi divulgado um levantamento realizado pelo Procon Canoas sobre os pre\u00e7os dos materiais escolares em 12 estabelecimentos comerciais da cidade. De acordo com a nota, o trabalho, realizado durante sete dias, de 10 a 17 de janeiro, constatou que a diferen\u00e7a de valores na lista pode chegar a 445% de [&hellip;]\" \/>\n<meta property=\"og:url\" content=\"https:\/\/jornaltimoneiro.com.br\/index.php\/2022\/01\/19\/procon-canoas-alerta-que-preco-do-material-escolar-pode-variar-445\/\" \/>\n<meta property=\"og:site_name\" content=\"O Timoneiro Jornal Canoas RS\" \/>\n<meta property=\"article:publisher\" content=\"https:\/\/www.facebook.com\/jornaltimoneiro\" \/>\n<meta property=\"article:published_time\" content=\"2022-01-19T20:10:30+00:00\" \/>\n<meta property=\"article:modified_time\" content=\"2022-01-21T16:26:06+00:00\" \/>\n<meta property=\"og:image\" content=\"https:\/\/jornaltimoneiro.com.br\/wp-content\/uploads\/2022\/01\/WhatsApp-Image-2022-01-19-at-17.01.42.jpeg\" \/>\n\t<meta property=\"og:image:width\" content=\"1024\" \/>\n\t<meta property=\"og:image:height\" content=\"668\" \/>\n\t<meta property=\"og:image:type\" content=\"image\/jpeg\" \/>\n<meta name=\"author\" content=\"Reda\u00e7\u00e3o\" \/>\n<meta name=\"twitter:card\" content=\"summary_large_image\" \/>\n<meta name=\"twitter:creator\" content=\"@_OTimoneiro\" \/>\n<meta name=\"twitter:site\" content=\"@_OTimoneiro\" \/>\n<meta name=\"twitter:label1\" content=\"Escrito por\" \/>\n\t<meta name=\"twitter:data1\" content=\"Reda\u00e7\u00e3o\" \/>\n\t<meta name=\"twitter:label2\" content=\"Est. tempo de leitura\" \/>\n\t<meta name=\"twitter:data2\" content=\"3 minutos\" \/>\n<script type=\"application\/ld+json\" class=\"yoast-schema-graph\">{\"@context\":\"https:\/\/schema.org\",\"@graph\":[{\"@type\":\"Article\",\"@id\":\"https:\/\/jornaltimoneiro.com.br\/index.php\/2022\/01\/19\/procon-canoas-alerta-que-preco-do-material-escolar-pode-variar-445\/#article\",\"isPartOf\":{\"@id\":\"https:\/\/jornaltimoneiro.com.br\/index.php\/2022\/01\/19\/procon-canoas-alerta-que-preco-do-material-escolar-pode-variar-445\/\"},\"author\":{\"name\":\"Reda\u00e7\u00e3o\",\"@id\":\"https:\/\/jornaltimoneiro.com.br\/#\/schema\/person\/f63482f1a02b1a9592707865e509ab40\"},\"headline\":\"Procon Canoas alerta que pre\u00e7o do material escolar pode variar 445%\",\"datePublished\":\"2022-01-19T20:10:30+00:00\",\"dateModified\":\"2022-01-21T16:26:06+00:00\",\"mainEntityOfPage\":{\"@id\":\"https:\/\/jornaltimoneiro.com.br\/index.php\/2022\/01\/19\/procon-canoas-alerta-que-preco-do-material-escolar-pode-variar-445\/\"},\"wordCount\":511,\"commentCount\":0,\"publisher\":{\"@id\":\"https:\/\/jornaltimoneiro.com.br\/#organization\"},\"articleSection\":[\"Geral\"],\"inLanguage\":\"pt-BR\",\"potentialAction\":[{\"@type\":\"CommentAction\",\"name\":\"Comment\",\"target\":[\"https:\/\/jornaltimoneiro.com.br\/index.php\/2022\/01\/19\/procon-canoas-alerta-que-preco-do-material-escolar-pode-variar-445\/#respond\"]}]},{\"@type\":\"WebPage\",\"@id\":\"https:\/\/jornaltimoneiro.com.br\/index.php\/2022\/01\/19\/procon-canoas-alerta-que-preco-do-material-escolar-pode-variar-445\/\",\"url\":\"https:\/\/jornaltimoneiro.com.br\/index.php\/2022\/01\/19\/procon-canoas-alerta-que-preco-do-material-escolar-pode-variar-445\/\",\"name\":\"Procon Canoas alerta que pre\u00e7o do material escolar pode variar 445% - O Timoneiro Jornal Canoas RS\",\"isPartOf\":{\"@id\":\"https:\/\/jornaltimoneiro.com.br\/#website\"},\"datePublished\":\"2022-01-19T20:10:30+00:00\",\"dateModified\":\"2022-01-21T16:26:06+00:00\",\"breadcrumb\":{\"@id\":\"https:\/\/jornaltimoneiro.com.br\/index.php\/2022\/01\/19\/procon-canoas-alerta-que-preco-do-material-escolar-pode-variar-445\/#breadcrumb\"},\"inLanguage\":\"pt-BR\",\"potentialAction\":[{\"@type\":\"ReadAction\",\"target\":[\"https:\/\/jornaltimoneiro.com.br\/index.php\/2022\/01\/19\/procon-canoas-alerta-que-preco-do-material-escolar-pode-variar-445\/\"]}]},{\"@type\":\"BreadcrumbList\",\"@id\":\"https:\/\/jornaltimoneiro.com.br\/index.php\/2022\/01\/19\/procon-canoas-alerta-que-preco-do-material-escolar-pode-variar-445\/#breadcrumb\",\"itemListElement\":[{\"@type\":\"ListItem\",\"position\":1,\"name\":\"In\u00edcio\",\"item\":\"https:\/\/jornaltimoneiro.com.br\/\"},{\"@type\":\"ListItem\",\"position\":2,\"name\":\"Procon Canoas alerta que pre\u00e7o do material escolar pode variar 445%\"}]},{\"@type\":\"WebSite\",\"@id\":\"https:\/\/jornaltimoneiro.com.br\/#website\",\"url\":\"https:\/\/jornaltimoneiro.com.br\/\",\"name\":\"Jornal Timoneiro Canoas RS\",\"description\":\"Jornal O Timoneiro, o verdadeiro jornal de Canoas\",\"publisher\":{\"@id\":\"https:\/\/jornaltimoneiro.com.br\/#organization\"},\"potentialAction\":[{\"@type\":\"SearchAction\",\"target\":{\"@type\":\"EntryPoint\",\"urlTemplate\":\"https:\/\/jornaltimoneiro.com.br\/?s={search_term_string}\"},\"query-input\":\"required name=search_term_string\"}],\"inLanguage\":\"pt-BR\"},{\"@type\":\"Organization\",\"@id\":\"https:\/\/jornaltimoneiro.com.br\/#organization\",\"name\":\"Jornal Timoneiro Canoas RS\",\"url\":\"https:\/\/jornaltimoneiro.com.br\/\",\"logo\":{\"@type\":\"ImageObject\",\"inLanguage\":\"pt-BR\",\"@id\":\"https:\/\/jornaltimoneiro.com.br\/#\/schema\/logo\/image\/\",\"url\":\"https:\/\/jornaltimoneiro.com.br\/wp-content\/uploads\/2023\/03\/logonovo.png\",\"contentUrl\":\"https:\/\/jornaltimoneiro.com.br\/wp-content\/uploads\/2023\/03\/logonovo.png\",\"width\":\"469\",\"height\":\"171\",\"caption\":\"Jornal Timoneiro Canoas RS\"},\"image\":{\"@id\":\"https:\/\/jornaltimoneiro.com.br\/#\/schema\/logo\/image\/\"},\"sameAs\":[\"https:\/\/www.facebook.com\/jornaltimoneiro\",\"https:\/\/twitter.com\/_OTimoneiro\",\"https:\/\/www.instagram.com\/jornaltimoneirocanoas\/\",\"https:\/\/www.youtube.com\/@jornalotimoneiro7927\"]},{\"@type\":\"Person\",\"@id\":\"https:\/\/jornaltimoneiro.com.br\/#\/schema\/person\/f63482f1a02b1a9592707865e509ab40\",\"name\":\"Reda\u00e7\u00e3o\",\"image\":{\"@type\":\"ImageObject\",\"inLanguage\":\"pt-BR\",\"@id\":\"https:\/\/jornaltimoneiro.com.br\/#\/schema\/person\/image\/\",\"url\":\"https:\/\/jornaltimoneiro.com.br\/wp-content\/uploads\/2023\/03\/download.jpeg\",\"contentUrl\":\"https:\/\/jornaltimoneiro.com.br\/wp-content\/uploads\/2023\/03\/download.jpeg\",\"caption\":\"Reda\u00e7\u00e3o\"},\"url\":\"https:\/\/jornaltimoneiro.com.br\/index.php\/author\/simone-dutra\/\"}]}<\/script>\n<!-- \/ Yoast SEO plugin. -->","yoast_head_json":{"title":"Procon Canoas alerta que pre\u00e7o do material escolar pode variar 445% - O Timoneiro Jornal Canoas RS","robots":{"index":"index","follow":"follow","max-snippet":"max-snippet:-1","max-image-preview":"max-image-preview:large","max-video-preview":"max-video-preview:-1"},"canonical":"https:\/\/jornaltimoneiro.com.br\/index.php\/2022\/01\/19\/procon-canoas-alerta-que-preco-do-material-escolar-pode-variar-445\/","og_locale":"pt_BR","og_type":"article","og_title":"Procon Canoas alerta que pre\u00e7o do material escolar pode variar 445% - O Timoneiro Jornal Canoas RS","og_description":"Na tarde desta quarta-feira, 19, foi divulgado um levantamento realizado pelo Procon Canoas sobre os pre\u00e7os dos materiais escolares em 12 estabelecimentos comerciais da cidade. De acordo com a nota, o trabalho, realizado durante sete dias, de 10 a 17 de janeiro, constatou que a diferen\u00e7a de valores na lista pode chegar a 445% de [&hellip;]","og_url":"https:\/\/jornaltimoneiro.com.br\/index.php\/2022\/01\/19\/procon-canoas-alerta-que-preco-do-material-escolar-pode-variar-445\/","og_site_name":"O Timoneiro Jornal Canoas RS","article_publisher":"https:\/\/www.facebook.com\/jornaltimoneiro","article_published_time":"2022-01-19T20:10:30+00:00","article_modified_time":"2022-01-21T16:26:06+00:00","og_image":[{"width":"1024","height":"668","url":"https:\/\/jornaltimoneiro.com.br\/wp-content\/uploads\/2022\/01\/WhatsApp-Image-2022-01-19-at-17.01.42.jpeg","type":"image\/jpeg"}],"author":"Reda\u00e7\u00e3o","twitter_card":"summary_large_image","twitter_creator":"@_OTimoneiro","twitter_site":"@_OTimoneiro","twitter_misc":{"Escrito por":"Reda\u00e7\u00e3o","Est. tempo de leitura":"3 minutos"},"schema":{"@context":"https:\/\/schema.org","@graph":[{"@type":"Article","@id":"https:\/\/jornaltimoneiro.com.br\/index.php\/2022\/01\/19\/procon-canoas-alerta-que-preco-do-material-escolar-pode-variar-445\/#article","isPartOf":{"@id":"https:\/\/jornaltimoneiro.com.br\/index.php\/2022\/01\/19\/procon-canoas-alerta-que-preco-do-material-escolar-pode-variar-445\/"},"author":{"name":"Reda\u00e7\u00e3o","@id":"https:\/\/jornaltimoneiro.com.br\/#\/schema\/person\/f63482f1a02b1a9592707865e509ab40"},"headline":"Procon Canoas alerta que pre\u00e7o do material escolar pode variar 445%","datePublished":"2022-01-19T20:10:30+00:00","dateModified":"2022-01-21T16:26:06+00:00","mainEntityOfPage":{"@id":"https:\/\/jornaltimoneiro.com.br\/index.php\/2022\/01\/19\/procon-canoas-alerta-que-preco-do-material-escolar-pode-variar-445\/"},"wordCount":511,"commentCount":0,"publisher":{"@id":"https:\/\/jornaltimoneiro.com.br\/#organization"},"articleSection":["Geral"],"inLanguage":"pt-BR","potentialAction":[{"@type":"CommentAction","name":"Comment","target":["https:\/\/jornaltimoneiro.com.br\/index.php\/2022\/01\/19\/procon-canoas-alerta-que-preco-do-material-escolar-pode-variar-445\/#respond"]}]},{"@type":"WebPage","@id":"https:\/\/jornaltimoneiro.com.br\/index.php\/2022\/01\/19\/procon-canoas-alerta-que-preco-do-material-escolar-pode-variar-445\/","url":"https:\/\/jornaltimoneiro.com.br\/index.php\/2022\/01\/19\/procon-canoas-alerta-que-preco-do-material-escolar-pode-variar-445\/","name":"Procon Canoas alerta que pre\u00e7o do material escolar pode variar 445% - O Timoneiro Jornal Canoas RS","isPartOf":{"@id":"https:\/\/jornaltimoneiro.com.br\/#website"},"datePublished":"2022-01-19T20:10:30+00:00","dateModified":"2022-01-21T16:26:06+00:00","breadcrumb":{"@id":"https:\/\/jornaltimoneiro.com.br\/index.php\/2022\/01\/19\/procon-canoas-alerta-que-preco-do-material-escolar-pode-variar-445\/#breadcrumb"},"inLanguage":"pt-BR","potentialAction":[{"@type":"ReadAction","target":["https:\/\/jornaltimoneiro.com.br\/index.php\/2022\/01\/19\/procon-canoas-alerta-que-preco-do-material-escolar-pode-variar-445\/"]}]},{"@type":"BreadcrumbList","@id":"https:\/\/jornaltimoneiro.com.br\/index.php\/2022\/01\/19\/procon-canoas-alerta-que-preco-do-material-escolar-pode-variar-445\/#breadcrumb","itemListElement":[{"@type":"ListItem","position":1,"name":"In\u00edcio","item":"https:\/\/jornaltimoneiro.com.br\/"},{"@type":"ListItem","position":2,"name":"Procon Canoas alerta que pre\u00e7o do material escolar pode variar 445%"}]},{"@type":"WebSite","@id":"https:\/\/jornaltimoneiro.com.br\/#website","url":"https:\/\/jornaltimoneiro.com.br\/","name":"Jornal Timoneiro Canoas RS","description":"Jornal O Timoneiro, o verdadeiro jornal de Canoas","publisher":{"@id":"https:\/\/jornaltimoneiro.com.br\/#organization"},"potentialAction":[{"@type":"SearchAction","target":{"@type":"EntryPoint","urlTemplate":"https:\/\/jornaltimoneiro.com.br\/?s={search_term_string}"},"query-input":"required name=search_term_string"}],"inLanguage":"pt-BR"},{"@type":"Organization","@id":"https:\/\/jornaltimoneiro.com.br\/#organization","name":"Jornal Timoneiro Canoas RS","url":"https:\/\/jornaltimoneiro.com.br\/","logo":{"@type":"ImageObject","inLanguage":"pt-BR","@id":"https:\/\/jornaltimoneiro.com.br\/#\/schema\/logo\/image\/","url":"https:\/\/jornaltimoneiro.com.br\/wp-content\/uploads\/2023\/03\/logonovo.png","contentUrl":"https:\/\/jornaltimoneiro.com.br\/wp-content\/uploads\/2023\/03\/logonovo.png","width":"469","height":"171","caption":"Jornal Timoneiro Canoas RS"},"image":{"@id":"https:\/\/jornaltimoneiro.com.br\/#\/schema\/logo\/image\/"},"sameAs":["https:\/\/www.facebook.com\/jornaltimoneiro","https:\/\/twitter.com\/_OTimoneiro","https:\/\/www.instagram.com\/jornaltimoneirocanoas\/","https:\/\/www.youtube.com\/@jornalotimoneiro7927"]},{"@type":"Person","@id":"https:\/\/jornaltimoneiro.com.br\/#\/schema\/person\/f63482f1a02b1a9592707865e509ab40","name":"Reda\u00e7\u00e3o","image":{"@type":"ImageObject","inLanguage":"pt-BR","@id":"https:\/\/jornaltimoneiro.com.br\/#\/schema\/person\/image\/","url":"https:\/\/jornaltimoneiro.com.br\/wp-content\/uploads\/2023\/03\/download.jpeg","contentUrl":"https:\/\/jornaltimoneiro.com.br\/wp-content\/uploads\/2023\/03\/download.jpeg","caption":"Reda\u00e7\u00e3o"},"url":"https:\/\/jornaltimoneiro.com.br\/index.php\/author\/simone-dutra\/"}]}},"_links":{"self":[{"href":"https:\/\/jornaltimoneiro.com.br\/index.php\/wp-json\/wp\/v2\/posts\/21987"}],"collection":[{"href":"https:\/\/jornaltimoneiro.com.br\/index.php\/wp-json\/wp\/v2\/posts"}],"about":[{"href":"https:\/\/jornaltimoneiro.com.br\/index.php\/wp-json\/wp\/v2\/types\/post"}],"author":[{"embeddable":true,"href":"https:\/\/jornaltimoneiro.com.br\/index.php\/wp-json\/wp\/v2\/users\/2"}],"replies":[{"embeddable":true,"href":"https:\/\/jornaltimoneiro.com.br\/index.php\/wp-json\/wp\/v2\/comments?post=21987"}],"version-history":[{"count":1,"href":"https:\/\/jornaltimoneiro.com.br\/index.php\/wp-json\/wp\/v2\/posts\/21987\/revisions"}],"predecessor-version":[{"id":21989,"href":"https:\/\/jornaltimoneiro.com.br\/index.php\/wp-json\/wp\/v2\/posts\/21987\/revisions\/21989"}],"wp:featuredmedia":[{"embeddable":true,"href":"https:\/\/jornaltimoneiro.com.br\/index.php\/wp-json\/wp\/v2\/media\/21988"}],"wp:attachment":[{"href":"https:\/\/jornaltimoneiro.com.br\/index.php\/wp-json\/wp\/v2\/media?parent=21987"}],"wp:term":[{"taxonomy":"category","embeddable":true,"href":"https:\/\/jornaltimoneiro.com.br\/index.php\/wp-json\/wp\/v2\/categories?post=21987"},{"taxonomy":"post_tag","embeddable":true,"href":"https:\/\/jornaltimoneiro.com.br\/index.php\/wp-json\/wp\/v2\/tags?post=21987"}],"curies":[{"name":"wp","href":"https:\/\/api.w.org\/{rel}","templated":true}]}}