{"id":21938,"date":"2022-01-14T07:00:27","date_gmt":"2022-01-14T10:00:27","guid":{"rendered":"https:\/\/jornaltimoneiro.com.br\/?p=21938"},"modified":"2022-01-13T18:20:48","modified_gmt":"2022-01-13T21:20:48","slug":"camara-aprova-oito-projetos-de-lei-em-prol-do-funcionalismo-publico","status":"publish","type":"post","link":"https:\/\/jornaltimoneiro.com.br\/index.php\/2022\/01\/14\/camara-aprova-oito-projetos-de-lei-em-prol-do-funcionalismo-publico\/","title":{"rendered":"C\u00e2mara aprova oito Projetos de Lei em prol do funcionalismo p\u00fablico"},"content":{"rendered":"<p>A C\u00e2mara Municipal de Vereadores de Nova Santa Rita, agora presidida pela vereadora Ieda Maria de \u00c1vila Bilhalva, aprovou no dia 10 de janeiro, durante a primeira Sess\u00e3o Extraordin\u00e1ria de 2022, 8 Projetos de Lei dos Poderes Executivo e Legislativo que beneficiam o funcionalismo p\u00fablico do munic\u00edpio. Ap\u00f3s a aprova\u00e7\u00e3o na Casa, as propostas normativas seguem para san\u00e7\u00e3o do prefeito interino, Ant\u00f4nio Dion\u00edsio Fraga Pfeil, passando a vigorar na data em que forem publicadas oficialmente como leis municipais.<\/p>\n<p>Entre os projetos do Executivo votados est\u00e1 o de n\u00famero 001 que altera o Artigo 103 da Lei n\u00ba 88\/93, do estatuto dos funcion\u00e1rios do setor p\u00fablico de Nova Santa Rita, tornando o servi\u00e7o extraordin\u00e1rio remunerado com acr\u00e9scimo de 50% em rela\u00e7\u00e3o a hora normal de trabalho e de 100% durante domingos e feriados.<\/p>\n<p>O rateio das sobras dos recursos do Fundo de Manuten\u00e7\u00e3o e Desenvolvimento da Educa\u00e7\u00e3o B\u00e1sica que prev\u00ea a aplica\u00e7\u00e3o da Lei n\u00ba 14.113\/2020 aos profissionais da \u00e1rea que estejam em efetivo exerc\u00edcio \u00e9 uma das mudan\u00e7as que ser\u00e3o institu\u00eddas como forma de valoriza\u00e7\u00e3o dos educadores municipais. A altera\u00e7\u00e3o do Inciso II e inclus\u00e3o do par\u00e1grafo \u00fanico do artigo 8 da Lei n\u00ba 1.010\/2011, \u00e9 outra novidade em prol do funcionalismo que comp\u00f5e a reda\u00e7\u00e3o do PLE de n\u00famero 004\/2022, para institui\u00e7\u00e3o do Regime Especial de Trabalho.<\/p>\n<p>Agentes Comunit\u00e1rios de Sa\u00fade tamb\u00e9m ser\u00e3o beneficiados com as leis que aguardam san\u00e7\u00e3o do Executivo. \u00c9 o caso do Projeto de Lei n\u00ba 005\/22, de autoria da prefeitura municipal, que autoriza a concess\u00e3o do abono salarial para esses profissionais, com valor proporcional ao tempo de servi\u00e7o de cada servidor nos exerc\u00edcios de 2019 e 2020.<\/p>\n<p>Al\u00e9m disso, os funcion\u00e1rios p\u00fablicos de Nova Santa Rita passar\u00e3o a contar com o benef\u00edcio do cart\u00e3o alimenta\u00e7\u00e3o, que ser\u00e1 destinado tanto aos servidores da administra\u00e7\u00e3o direta do munic\u00edpio, como os da C\u00e2mara Municipal, atrav\u00e9s dos projetos de Lei n\u00ba 007 e 001\/2022, de autoria, respectivamente, dos Poderes Executivo e Legislativo. A revis\u00e3o geral anual na remunera\u00e7\u00e3o dos servidores p\u00fablicos municipais (PLE n\u00ba 008\/22) \u00e9 uma das concess\u00f5es que tamb\u00e9m integram as novas normativas a serem sancionadas pelo prefeito em exerc\u00edcio.<\/p>\n<p>No ensejo de todas as mudan\u00e7as votadas em prol do funcionalismo na 1\u00aa Sess\u00e3o Extraordin\u00e1ria promovida no 2\u00ba ano da 8\u00aa legislatura, a Mesa Diretora aprovou junto a verean\u00e7a da Casa, o PLL n\u00ba 003\/22, que disp\u00f5e sobre os quadros de pessoal e plano de carreira dos servidores da C\u00e2mara. Projeto que ap\u00f3s a san\u00e7\u00e3o, tornar\u00e1 a estrutura e classifica\u00e7\u00e3o dos cargos e fun\u00e7\u00f5es legislativas regidos pela respectiva Lei.<\/p>\n<p>A\u00e7\u00f5es como estas, ressaltam a preocupa\u00e7\u00e3o da prefeitura municipal e da presid\u00eancia do Legislativo, de ofertar a seus servidores condi\u00e7\u00f5es de trabalho e remunera\u00e7\u00e3o cada vez mais adequadas a import\u00e2ncia de suas fun\u00e7\u00f5es para o desenvolvimento de Nova Santa Rita.<\/p>\n<p>Texto: Andr\u00e9ia Pires &#8211; ASCOM\/CMNSR<\/p>\n","protected":false},"excerpt":{"rendered":"<p>A C\u00e2mara Municipal de Vereadores de Nova Santa Rita, agora presidida pela vereadora Ieda Maria de \u00c1vila Bilhalva, aprovou no dia 10 de janeiro, durante a primeira Sess\u00e3o Extraordin\u00e1ria de 2022, 8 Projetos de Lei dos Poderes Executivo e Legislativo que beneficiam o funcionalismo p\u00fablico do munic\u00edpio. Ap\u00f3s a aprova\u00e7\u00e3o na Casa, as propostas normativas [&hellip;]<\/p>\n","protected":false},"author":2,"featured_media":21944,"comment_status":"open","ping_status":"open","sticky":false,"template":"","format":"standard","meta":{"amp_status":"","footnotes":""},"categories":[178],"tags":[],"class_list":["post-21938","post","type-post","status-publish","format-standard","has-post-thumbnail","hentry","category-nsr"],"yoast_head":"<!-- This site is optimized with the Yoast SEO plugin v20.5 - https:\/\/yoast.com\/wordpress\/plugins\/seo\/ -->\n<title>C\u00e2mara aprova oito Projetos de Lei em prol do funcionalismo p\u00fablico - O Timoneiro Jornal Canoas RS<\/title>\n<meta name=\"robots\" content=\"index, follow, max-snippet:-1, max-image-preview:large, max-video-preview:-1\" \/>\n<link rel=\"canonical\" href=\"https:\/\/jornaltimoneiro.com.br\/index.php\/2022\/01\/14\/camara-aprova-oito-projetos-de-lei-em-prol-do-funcionalismo-publico\/\" \/>\n<meta property=\"og:locale\" content=\"pt_BR\" \/>\n<meta property=\"og:type\" content=\"article\" \/>\n<meta property=\"og:title\" content=\"C\u00e2mara aprova oito Projetos de Lei em prol do funcionalismo p\u00fablico - O Timoneiro Jornal Canoas RS\" \/>\n<meta property=\"og:description\" content=\"A C\u00e2mara Municipal de Vereadores de Nova Santa Rita, agora presidida pela vereadora Ieda Maria de \u00c1vila Bilhalva, aprovou no dia 10 de janeiro, durante a primeira Sess\u00e3o Extraordin\u00e1ria de 2022, 8 Projetos de Lei dos Poderes Executivo e Legislativo que beneficiam o funcionalismo p\u00fablico do munic\u00edpio. Ap\u00f3s a aprova\u00e7\u00e3o na Casa, as propostas normativas [&hellip;]\" \/>\n<meta property=\"og:url\" content=\"https:\/\/jornaltimoneiro.com.br\/index.php\/2022\/01\/14\/camara-aprova-oito-projetos-de-lei-em-prol-do-funcionalismo-publico\/\" \/>\n<meta property=\"og:site_name\" content=\"O Timoneiro Jornal Canoas RS\" \/>\n<meta property=\"article:publisher\" content=\"https:\/\/www.facebook.com\/jornaltimoneiro\" \/>\n<meta property=\"article:published_time\" content=\"2022-01-14T10:00:27+00:00\" \/>\n<meta property=\"article:modified_time\" content=\"2022-01-13T21:20:48+00:00\" \/>\n<meta property=\"og:image\" content=\"https:\/\/jornaltimoneiro.com.br\/wp-content\/uploads\/2022\/01\/3875.jpg\" \/>\n\t<meta property=\"og:image:width\" content=\"1000\" \/>\n\t<meta property=\"og:image:height\" content=\"677\" \/>\n\t<meta property=\"og:image:type\" content=\"image\/jpeg\" \/>\n<meta name=\"author\" content=\"Reda\u00e7\u00e3o\" \/>\n<meta name=\"twitter:card\" content=\"summary_large_image\" \/>\n<meta name=\"twitter:creator\" content=\"@_OTimoneiro\" \/>\n<meta name=\"twitter:site\" content=\"@_OTimoneiro\" \/>\n<meta name=\"twitter:label1\" content=\"Escrito por\" \/>\n\t<meta name=\"twitter:data1\" content=\"Reda\u00e7\u00e3o\" \/>\n\t<meta name=\"twitter:label2\" content=\"Est. tempo de leitura\" \/>\n\t<meta name=\"twitter:data2\" content=\"3 minutos\" \/>\n<script type=\"application\/ld+json\" class=\"yoast-schema-graph\">{\"@context\":\"https:\/\/schema.org\",\"@graph\":[{\"@type\":\"Article\",\"@id\":\"https:\/\/jornaltimoneiro.com.br\/index.php\/2022\/01\/14\/camara-aprova-oito-projetos-de-lei-em-prol-do-funcionalismo-publico\/#article\",\"isPartOf\":{\"@id\":\"https:\/\/jornaltimoneiro.com.br\/index.php\/2022\/01\/14\/camara-aprova-oito-projetos-de-lei-em-prol-do-funcionalismo-publico\/\"},\"author\":{\"name\":\"Reda\u00e7\u00e3o\",\"@id\":\"https:\/\/jornaltimoneiro.com.br\/#\/schema\/person\/f63482f1a02b1a9592707865e509ab40\"},\"headline\":\"C\u00e2mara aprova oito Projetos de Lei em prol do funcionalismo p\u00fablico\",\"datePublished\":\"2022-01-14T10:00:27+00:00\",\"dateModified\":\"2022-01-13T21:20:48+00:00\",\"mainEntityOfPage\":{\"@id\":\"https:\/\/jornaltimoneiro.com.br\/index.php\/2022\/01\/14\/camara-aprova-oito-projetos-de-lei-em-prol-do-funcionalismo-publico\/\"},\"wordCount\":532,\"commentCount\":0,\"publisher\":{\"@id\":\"https:\/\/jornaltimoneiro.com.br\/#organization\"},\"articleSection\":[\"Nova Santa Rita\"],\"inLanguage\":\"pt-BR\",\"potentialAction\":[{\"@type\":\"CommentAction\",\"name\":\"Comment\",\"target\":[\"https:\/\/jornaltimoneiro.com.br\/index.php\/2022\/01\/14\/camara-aprova-oito-projetos-de-lei-em-prol-do-funcionalismo-publico\/#respond\"]}]},{\"@type\":\"WebPage\",\"@id\":\"https:\/\/jornaltimoneiro.com.br\/index.php\/2022\/01\/14\/camara-aprova-oito-projetos-de-lei-em-prol-do-funcionalismo-publico\/\",\"url\":\"https:\/\/jornaltimoneiro.com.br\/index.php\/2022\/01\/14\/camara-aprova-oito-projetos-de-lei-em-prol-do-funcionalismo-publico\/\",\"name\":\"C\u00e2mara aprova oito Projetos de Lei em prol do funcionalismo p\u00fablico - O Timoneiro Jornal Canoas RS\",\"isPartOf\":{\"@id\":\"https:\/\/jornaltimoneiro.com.br\/#website\"},\"datePublished\":\"2022-01-14T10:00:27+00:00\",\"dateModified\":\"2022-01-13T21:20:48+00:00\",\"breadcrumb\":{\"@id\":\"https:\/\/jornaltimoneiro.com.br\/index.php\/2022\/01\/14\/camara-aprova-oito-projetos-de-lei-em-prol-do-funcionalismo-publico\/#breadcrumb\"},\"inLanguage\":\"pt-BR\",\"potentialAction\":[{\"@type\":\"ReadAction\",\"target\":[\"https:\/\/jornaltimoneiro.com.br\/index.php\/2022\/01\/14\/camara-aprova-oito-projetos-de-lei-em-prol-do-funcionalismo-publico\/\"]}]},{\"@type\":\"BreadcrumbList\",\"@id\":\"https:\/\/jornaltimoneiro.com.br\/index.php\/2022\/01\/14\/camara-aprova-oito-projetos-de-lei-em-prol-do-funcionalismo-publico\/#breadcrumb\",\"itemListElement\":[{\"@type\":\"ListItem\",\"position\":1,\"name\":\"In\u00edcio\",\"item\":\"https:\/\/jornaltimoneiro.com.br\/\"},{\"@type\":\"ListItem\",\"position\":2,\"name\":\"C\u00e2mara aprova oito Projetos de Lei em prol do funcionalismo p\u00fablico\"}]},{\"@type\":\"WebSite\",\"@id\":\"https:\/\/jornaltimoneiro.com.br\/#website\",\"url\":\"https:\/\/jornaltimoneiro.com.br\/\",\"name\":\"Jornal Timoneiro Canoas RS\",\"description\":\"Jornal O Timoneiro, o verdadeiro jornal de Canoas\",\"publisher\":{\"@id\":\"https:\/\/jornaltimoneiro.com.br\/#organization\"},\"potentialAction\":[{\"@type\":\"SearchAction\",\"target\":{\"@type\":\"EntryPoint\",\"urlTemplate\":\"https:\/\/jornaltimoneiro.com.br\/?s={search_term_string}\"},\"query-input\":\"required name=search_term_string\"}],\"inLanguage\":\"pt-BR\"},{\"@type\":\"Organization\",\"@id\":\"https:\/\/jornaltimoneiro.com.br\/#organization\",\"name\":\"Jornal Timoneiro Canoas RS\",\"url\":\"https:\/\/jornaltimoneiro.com.br\/\",\"logo\":{\"@type\":\"ImageObject\",\"inLanguage\":\"pt-BR\",\"@id\":\"https:\/\/jornaltimoneiro.com.br\/#\/schema\/logo\/image\/\",\"url\":\"https:\/\/jornaltimoneiro.com.br\/wp-content\/uploads\/2023\/03\/logonovo.png\",\"contentUrl\":\"https:\/\/jornaltimoneiro.com.br\/wp-content\/uploads\/2023\/03\/logonovo.png\",\"width\":\"469\",\"height\":\"171\",\"caption\":\"Jornal Timoneiro Canoas RS\"},\"image\":{\"@id\":\"https:\/\/jornaltimoneiro.com.br\/#\/schema\/logo\/image\/\"},\"sameAs\":[\"https:\/\/www.facebook.com\/jornaltimoneiro\",\"https:\/\/twitter.com\/_OTimoneiro\",\"https:\/\/www.instagram.com\/jornaltimoneirocanoas\/\",\"https:\/\/www.youtube.com\/@jornalotimoneiro7927\"]},{\"@type\":\"Person\",\"@id\":\"https:\/\/jornaltimoneiro.com.br\/#\/schema\/person\/f63482f1a02b1a9592707865e509ab40\",\"name\":\"Reda\u00e7\u00e3o\",\"image\":{\"@type\":\"ImageObject\",\"inLanguage\":\"pt-BR\",\"@id\":\"https:\/\/jornaltimoneiro.com.br\/#\/schema\/person\/image\/\",\"url\":\"https:\/\/jornaltimoneiro.com.br\/wp-content\/uploads\/2023\/03\/download.jpeg\",\"contentUrl\":\"https:\/\/jornaltimoneiro.com.br\/wp-content\/uploads\/2023\/03\/download.jpeg\",\"caption\":\"Reda\u00e7\u00e3o\"},\"url\":\"https:\/\/jornaltimoneiro.com.br\/index.php\/author\/simone-dutra\/\"}]}<\/script>\n<!-- \/ Yoast SEO plugin. -->","yoast_head_json":{"title":"C\u00e2mara aprova oito Projetos de Lei em prol do funcionalismo p\u00fablico - O Timoneiro Jornal Canoas RS","robots":{"index":"index","follow":"follow","max-snippet":"max-snippet:-1","max-image-preview":"max-image-preview:large","max-video-preview":"max-video-preview:-1"},"canonical":"https:\/\/jornaltimoneiro.com.br\/index.php\/2022\/01\/14\/camara-aprova-oito-projetos-de-lei-em-prol-do-funcionalismo-publico\/","og_locale":"pt_BR","og_type":"article","og_title":"C\u00e2mara aprova oito Projetos de Lei em prol do funcionalismo p\u00fablico - O Timoneiro Jornal Canoas RS","og_description":"A C\u00e2mara Municipal de Vereadores de Nova Santa Rita, agora presidida pela vereadora Ieda Maria de \u00c1vila Bilhalva, aprovou no dia 10 de janeiro, durante a primeira Sess\u00e3o Extraordin\u00e1ria de 2022, 8 Projetos de Lei dos Poderes Executivo e Legislativo que beneficiam o funcionalismo p\u00fablico do munic\u00edpio. Ap\u00f3s a aprova\u00e7\u00e3o na Casa, as propostas normativas [&hellip;]","og_url":"https:\/\/jornaltimoneiro.com.br\/index.php\/2022\/01\/14\/camara-aprova-oito-projetos-de-lei-em-prol-do-funcionalismo-publico\/","og_site_name":"O Timoneiro Jornal Canoas RS","article_publisher":"https:\/\/www.facebook.com\/jornaltimoneiro","article_published_time":"2022-01-14T10:00:27+00:00","article_modified_time":"2022-01-13T21:20:48+00:00","og_image":[{"width":"1000","height":"677","url":"https:\/\/jornaltimoneiro.com.br\/wp-content\/uploads\/2022\/01\/3875.jpg","type":"image\/jpeg"}],"author":"Reda\u00e7\u00e3o","twitter_card":"summary_large_image","twitter_creator":"@_OTimoneiro","twitter_site":"@_OTimoneiro","twitter_misc":{"Escrito por":"Reda\u00e7\u00e3o","Est. tempo de leitura":"3 minutos"},"schema":{"@context":"https:\/\/schema.org","@graph":[{"@type":"Article","@id":"https:\/\/jornaltimoneiro.com.br\/index.php\/2022\/01\/14\/camara-aprova-oito-projetos-de-lei-em-prol-do-funcionalismo-publico\/#article","isPartOf":{"@id":"https:\/\/jornaltimoneiro.com.br\/index.php\/2022\/01\/14\/camara-aprova-oito-projetos-de-lei-em-prol-do-funcionalismo-publico\/"},"author":{"name":"Reda\u00e7\u00e3o","@id":"https:\/\/jornaltimoneiro.com.br\/#\/schema\/person\/f63482f1a02b1a9592707865e509ab40"},"headline":"C\u00e2mara aprova oito Projetos de Lei em prol do funcionalismo p\u00fablico","datePublished":"2022-01-14T10:00:27+00:00","dateModified":"2022-01-13T21:20:48+00:00","mainEntityOfPage":{"@id":"https:\/\/jornaltimoneiro.com.br\/index.php\/2022\/01\/14\/camara-aprova-oito-projetos-de-lei-em-prol-do-funcionalismo-publico\/"},"wordCount":532,"commentCount":0,"publisher":{"@id":"https:\/\/jornaltimoneiro.com.br\/#organization"},"articleSection":["Nova Santa Rita"],"inLanguage":"pt-BR","potentialAction":[{"@type":"CommentAction","name":"Comment","target":["https:\/\/jornaltimoneiro.com.br\/index.php\/2022\/01\/14\/camara-aprova-oito-projetos-de-lei-em-prol-do-funcionalismo-publico\/#respond"]}]},{"@type":"WebPage","@id":"https:\/\/jornaltimoneiro.com.br\/index.php\/2022\/01\/14\/camara-aprova-oito-projetos-de-lei-em-prol-do-funcionalismo-publico\/","url":"https:\/\/jornaltimoneiro.com.br\/index.php\/2022\/01\/14\/camara-aprova-oito-projetos-de-lei-em-prol-do-funcionalismo-publico\/","name":"C\u00e2mara aprova oito Projetos de Lei em prol do funcionalismo p\u00fablico - O Timoneiro Jornal Canoas RS","isPartOf":{"@id":"https:\/\/jornaltimoneiro.com.br\/#website"},"datePublished":"2022-01-14T10:00:27+00:00","dateModified":"2022-01-13T21:20:48+00:00","breadcrumb":{"@id":"https:\/\/jornaltimoneiro.com.br\/index.php\/2022\/01\/14\/camara-aprova-oito-projetos-de-lei-em-prol-do-funcionalismo-publico\/#breadcrumb"},"inLanguage":"pt-BR","potentialAction":[{"@type":"ReadAction","target":["https:\/\/jornaltimoneiro.com.br\/index.php\/2022\/01\/14\/camara-aprova-oito-projetos-de-lei-em-prol-do-funcionalismo-publico\/"]}]},{"@type":"BreadcrumbList","@id":"https:\/\/jornaltimoneiro.com.br\/index.php\/2022\/01\/14\/camara-aprova-oito-projetos-de-lei-em-prol-do-funcionalismo-publico\/#breadcrumb","itemListElement":[{"@type":"ListItem","position":1,"name":"In\u00edcio","item":"https:\/\/jornaltimoneiro.com.br\/"},{"@type":"ListItem","position":2,"name":"C\u00e2mara aprova oito Projetos de Lei em prol do funcionalismo p\u00fablico"}]},{"@type":"WebSite","@id":"https:\/\/jornaltimoneiro.com.br\/#website","url":"https:\/\/jornaltimoneiro.com.br\/","name":"Jornal Timoneiro Canoas RS","description":"Jornal O Timoneiro, o verdadeiro jornal de Canoas","publisher":{"@id":"https:\/\/jornaltimoneiro.com.br\/#organization"},"potentialAction":[{"@type":"SearchAction","target":{"@type":"EntryPoint","urlTemplate":"https:\/\/jornaltimoneiro.com.br\/?s={search_term_string}"},"query-input":"required name=search_term_string"}],"inLanguage":"pt-BR"},{"@type":"Organization","@id":"https:\/\/jornaltimoneiro.com.br\/#organization","name":"Jornal Timoneiro Canoas RS","url":"https:\/\/jornaltimoneiro.com.br\/","logo":{"@type":"ImageObject","inLanguage":"pt-BR","@id":"https:\/\/jornaltimoneiro.com.br\/#\/schema\/logo\/image\/","url":"https:\/\/jornaltimoneiro.com.br\/wp-content\/uploads\/2023\/03\/logonovo.png","contentUrl":"https:\/\/jornaltimoneiro.com.br\/wp-content\/uploads\/2023\/03\/logonovo.png","width":"469","height":"171","caption":"Jornal Timoneiro Canoas RS"},"image":{"@id":"https:\/\/jornaltimoneiro.com.br\/#\/schema\/logo\/image\/"},"sameAs":["https:\/\/www.facebook.com\/jornaltimoneiro","https:\/\/twitter.com\/_OTimoneiro","https:\/\/www.instagram.com\/jornaltimoneirocanoas\/","https:\/\/www.youtube.com\/@jornalotimoneiro7927"]},{"@type":"Person","@id":"https:\/\/jornaltimoneiro.com.br\/#\/schema\/person\/f63482f1a02b1a9592707865e509ab40","name":"Reda\u00e7\u00e3o","image":{"@type":"ImageObject","inLanguage":"pt-BR","@id":"https:\/\/jornaltimoneiro.com.br\/#\/schema\/person\/image\/","url":"https:\/\/jornaltimoneiro.com.br\/wp-content\/uploads\/2023\/03\/download.jpeg","contentUrl":"https:\/\/jornaltimoneiro.com.br\/wp-content\/uploads\/2023\/03\/download.jpeg","caption":"Reda\u00e7\u00e3o"},"url":"https:\/\/jornaltimoneiro.com.br\/index.php\/author\/simone-dutra\/"}]}},"_links":{"self":[{"href":"https:\/\/jornaltimoneiro.com.br\/index.php\/wp-json\/wp\/v2\/posts\/21938"}],"collection":[{"href":"https:\/\/jornaltimoneiro.com.br\/index.php\/wp-json\/wp\/v2\/posts"}],"about":[{"href":"https:\/\/jornaltimoneiro.com.br\/index.php\/wp-json\/wp\/v2\/types\/post"}],"author":[{"embeddable":true,"href":"https:\/\/jornaltimoneiro.com.br\/index.php\/wp-json\/wp\/v2\/users\/2"}],"replies":[{"embeddable":true,"href":"https:\/\/jornaltimoneiro.com.br\/index.php\/wp-json\/wp\/v2\/comments?post=21938"}],"version-history":[{"count":1,"href":"https:\/\/jornaltimoneiro.com.br\/index.php\/wp-json\/wp\/v2\/posts\/21938\/revisions"}],"predecessor-version":[{"id":21945,"href":"https:\/\/jornaltimoneiro.com.br\/index.php\/wp-json\/wp\/v2\/posts\/21938\/revisions\/21945"}],"wp:featuredmedia":[{"embeddable":true,"href":"https:\/\/jornaltimoneiro.com.br\/index.php\/wp-json\/wp\/v2\/media\/21944"}],"wp:attachment":[{"href":"https:\/\/jornaltimoneiro.com.br\/index.php\/wp-json\/wp\/v2\/media?parent=21938"}],"wp:term":[{"taxonomy":"category","embeddable":true,"href":"https:\/\/jornaltimoneiro.com.br\/index.php\/wp-json\/wp\/v2\/categories?post=21938"},{"taxonomy":"post_tag","embeddable":true,"href":"https:\/\/jornaltimoneiro.com.br\/index.php\/wp-json\/wp\/v2\/tags?post=21938"}],"curies":[{"name":"wp","href":"https:\/\/api.w.org\/{rel}","templated":true}]}}