{"id":21852,"date":"2021-12-31T07:00:38","date_gmt":"2021-12-31T10:00:38","guid":{"rendered":"https:\/\/jornaltimoneiro.com.br\/?p=21852"},"modified":"2022-01-14T10:55:13","modified_gmt":"2022-01-14T13:55:13","slug":"projeto-verao-atividades-esportivas-gratuitas-em-janeiro-e-fevereiro","status":"publish","type":"post","link":"https:\/\/jornaltimoneiro.com.br\/index.php\/2021\/12\/31\/projeto-verao-atividades-esportivas-gratuitas-em-janeiro-e-fevereiro\/","title":{"rendered":"PROJETO VER\u00c3O: Atividades esportivas gratuitas em janeiro e fevereiro"},"content":{"rendered":"<p>Com este objetivo de proporcionar melhoria na qualidade de vida atrav\u00e9s da pr\u00e1tica esportiva, a Secretaria Municipal de Esporte e Lazer (SMEL) lan\u00e7a o Projeto Ver\u00e3o 2022 com v\u00e1rias atividades nos meses mais quentes do ano, para canoenses de todas as idades em diferentes pontos da cidade.<\/p>\n<p>As inscri\u00e7\u00f5es podem ser feitas diretamente nas unidades, de acordo com o cronograma da modalidade escolhida e a disponibilidade de vagas. O projeto ser\u00e1 desenvolvido entre 3 de janeiro e 24 de fevereiro.<\/p>\n<p>S\u00e3o oferecidas modalidades como c\u00e2mbio, pilates, alongamento, funcional e yoga, nas categorias adulto e s\u00eanior. J\u00e1 as gin\u00e1sticas, v\u00f4lei, oficinas recreativas e inicia\u00e7\u00e3o ao esporte disponibilizam vagas para crian\u00e7as e adolescentes entre 3 e 19 anos. Todas as atividades s\u00e3o gratuitas e n\u00e3o exigem pr\u00e9-requisitos. Maiores de 60 anos devem apresentar atestado m\u00e9dico.<\/p>\n<p>A iniciativa \u00e9 uma forma de oferecer atividades esportivas e de lazer para os canoenses que permanecem na cidade durante o ver\u00e3o, combatendo o sedentarismo e promovendo a integra\u00e7\u00e3o social.<\/p>\n<p><strong>Endere\u00e7os<\/strong><\/p>\n<ul>\n<li>Centro de Lazer e Esporte S\u00e3o Jos\u00e9 \u2013 Rua Jo\u00e3o Leivas de Carvalho, 541- S\u00e3o Jos\u00e9 \u2013 Fone: 3477.5766<\/li>\n<li>Parque Municipal Get\u00falio Vargas \u2013 Rua Dona Rafaela, 700 \u2013 Marechal Rondon \u2013\u00a0 3236.1800<\/li>\n<li>Centro de Esporte e Lazer S\u00e3o Luiz \u2013 Rua Eng. Rebou\u00e7as, 1000 \u2013 S\u00e3o Luiz \u2013 Fone: 3477.2589<\/li>\n<li>Complexo Cultural e Esportivo Martin Luther King \u2013 Rua Cl\u00f3vis Bevilacqua, 1770 \u2013 Harmonia \u2013 Fone: 3463. 4717<\/li>\n<li>Parque Esportivo Eduardo Gomes \u2013 Av. Guilherme Schell, 3600 \u2013 F\u00e1tima \u2013 3462.1627<\/li>\n<li>Centro de Esporte e Lazer S\u00e3o Francisco de Assis \u2013 Rua Candel\u00e1ria, 31 \u2013 Mathias Velho \u2013\u00a02719<\/li>\n<li>Esta\u00e7\u00e3o Cidadania \u2013 Rua Rio Grande do Sul, 3320 \u2013 Mathias Velho \u2013 3236.1904<\/li>\n<li>Centro Ol\u00edmpico Municipal \u2013 Rua Araguaia, 1151 \u2013 Igara \u2013 Fone: 3477.641<\/li>\n<\/ul>\n<p>Programa\u00e7\u00e3o completa <a href=\"https:\/\/www.canoas.rs.gov.br\/noticias\/projeto-verao-oferece-atividades-esportivas-gratuitas-em-janeiro-e-fevereiro\/\">aqui<\/a>.<\/p>\n","protected":false},"excerpt":{"rendered":"<p>Com este objetivo de proporcionar melhoria na qualidade de vida atrav\u00e9s da pr\u00e1tica esportiva, a Secretaria Municipal de Esporte e Lazer (SMEL) lan\u00e7a o Projeto Ver\u00e3o 2022 com v\u00e1rias atividades nos meses mais quentes do ano, para canoenses de todas as idades em diferentes pontos da cidade. As inscri\u00e7\u00f5es podem ser feitas diretamente nas unidades, [&hellip;]<\/p>\n","protected":false},"author":2,"featured_media":21865,"comment_status":"open","ping_status":"open","sticky":false,"template":"","format":"standard","meta":{"amp_status":"","footnotes":""},"categories":[23],"tags":[],"class_list":["post-21852","post","type-post","status-publish","format-standard","has-post-thumbnail","hentry","category-geral"],"yoast_head":"<!-- This site is optimized with the Yoast SEO plugin v20.5 - https:\/\/yoast.com\/wordpress\/plugins\/seo\/ -->\n<title>PROJETO VER\u00c3O: Atividades esportivas gratuitas em janeiro e fevereiro - O Timoneiro Jornal Canoas RS<\/title>\n<meta name=\"robots\" content=\"index, follow, max-snippet:-1, max-image-preview:large, max-video-preview:-1\" \/>\n<link rel=\"canonical\" href=\"https:\/\/jornaltimoneiro.com.br\/index.php\/2021\/12\/31\/projeto-verao-atividades-esportivas-gratuitas-em-janeiro-e-fevereiro\/\" \/>\n<meta property=\"og:locale\" content=\"pt_BR\" \/>\n<meta property=\"og:type\" content=\"article\" \/>\n<meta property=\"og:title\" content=\"PROJETO VER\u00c3O: Atividades esportivas gratuitas em janeiro e fevereiro - O Timoneiro Jornal Canoas RS\" \/>\n<meta property=\"og:description\" content=\"Com este objetivo de proporcionar melhoria na qualidade de vida atrav\u00e9s da pr\u00e1tica esportiva, a Secretaria Municipal de Esporte e Lazer (SMEL) lan\u00e7a o Projeto Ver\u00e3o 2022 com v\u00e1rias atividades nos meses mais quentes do ano, para canoenses de todas as idades em diferentes pontos da cidade. As inscri\u00e7\u00f5es podem ser feitas diretamente nas unidades, [&hellip;]\" \/>\n<meta property=\"og:url\" content=\"https:\/\/jornaltimoneiro.com.br\/index.php\/2021\/12\/31\/projeto-verao-atividades-esportivas-gratuitas-em-janeiro-e-fevereiro\/\" \/>\n<meta property=\"og:site_name\" content=\"O Timoneiro Jornal Canoas RS\" \/>\n<meta property=\"article:publisher\" content=\"https:\/\/www.facebook.com\/jornaltimoneiro\" \/>\n<meta property=\"article:published_time\" content=\"2021-12-31T10:00:38+00:00\" \/>\n<meta property=\"article:modified_time\" content=\"2022-01-14T13:55:13+00:00\" \/>\n<meta property=\"og:image\" content=\"https:\/\/jornaltimoneiro.com.br\/wp-content\/uploads\/2021\/12\/Projeto_Verao_Esporte-05.png\" \/>\n\t<meta property=\"og:image:width\" content=\"1080\" \/>\n\t<meta property=\"og:image:height\" content=\"626\" \/>\n\t<meta property=\"og:image:type\" content=\"image\/png\" \/>\n<meta name=\"author\" content=\"Reda\u00e7\u00e3o\" \/>\n<meta name=\"twitter:card\" content=\"summary_large_image\" \/>\n<meta name=\"twitter:creator\" content=\"@_OTimoneiro\" \/>\n<meta name=\"twitter:site\" content=\"@_OTimoneiro\" \/>\n<meta name=\"twitter:label1\" content=\"Escrito por\" \/>\n\t<meta name=\"twitter:data1\" content=\"Reda\u00e7\u00e3o\" \/>\n\t<meta name=\"twitter:label2\" content=\"Est. tempo de leitura\" \/>\n\t<meta name=\"twitter:data2\" content=\"1 minuto\" \/>\n<script type=\"application\/ld+json\" class=\"yoast-schema-graph\">{\"@context\":\"https:\/\/schema.org\",\"@graph\":[{\"@type\":\"Article\",\"@id\":\"https:\/\/jornaltimoneiro.com.br\/index.php\/2021\/12\/31\/projeto-verao-atividades-esportivas-gratuitas-em-janeiro-e-fevereiro\/#article\",\"isPartOf\":{\"@id\":\"https:\/\/jornaltimoneiro.com.br\/index.php\/2021\/12\/31\/projeto-verao-atividades-esportivas-gratuitas-em-janeiro-e-fevereiro\/\"},\"author\":{\"name\":\"Reda\u00e7\u00e3o\",\"@id\":\"https:\/\/jornaltimoneiro.com.br\/#\/schema\/person\/f63482f1a02b1a9592707865e509ab40\"},\"headline\":\"PROJETO VER\u00c3O: Atividades esportivas gratuitas em janeiro e fevereiro\",\"datePublished\":\"2021-12-31T10:00:38+00:00\",\"dateModified\":\"2022-01-14T13:55:13+00:00\",\"mainEntityOfPage\":{\"@id\":\"https:\/\/jornaltimoneiro.com.br\/index.php\/2021\/12\/31\/projeto-verao-atividades-esportivas-gratuitas-em-janeiro-e-fevereiro\/\"},\"wordCount\":291,\"commentCount\":0,\"publisher\":{\"@id\":\"https:\/\/jornaltimoneiro.com.br\/#organization\"},\"articleSection\":[\"Geral\"],\"inLanguage\":\"pt-BR\",\"potentialAction\":[{\"@type\":\"CommentAction\",\"name\":\"Comment\",\"target\":[\"https:\/\/jornaltimoneiro.com.br\/index.php\/2021\/12\/31\/projeto-verao-atividades-esportivas-gratuitas-em-janeiro-e-fevereiro\/#respond\"]}]},{\"@type\":\"WebPage\",\"@id\":\"https:\/\/jornaltimoneiro.com.br\/index.php\/2021\/12\/31\/projeto-verao-atividades-esportivas-gratuitas-em-janeiro-e-fevereiro\/\",\"url\":\"https:\/\/jornaltimoneiro.com.br\/index.php\/2021\/12\/31\/projeto-verao-atividades-esportivas-gratuitas-em-janeiro-e-fevereiro\/\",\"name\":\"PROJETO VER\u00c3O: Atividades esportivas gratuitas em janeiro e fevereiro - O Timoneiro Jornal Canoas RS\",\"isPartOf\":{\"@id\":\"https:\/\/jornaltimoneiro.com.br\/#website\"},\"datePublished\":\"2021-12-31T10:00:38+00:00\",\"dateModified\":\"2022-01-14T13:55:13+00:00\",\"breadcrumb\":{\"@id\":\"https:\/\/jornaltimoneiro.com.br\/index.php\/2021\/12\/31\/projeto-verao-atividades-esportivas-gratuitas-em-janeiro-e-fevereiro\/#breadcrumb\"},\"inLanguage\":\"pt-BR\",\"potentialAction\":[{\"@type\":\"ReadAction\",\"target\":[\"https:\/\/jornaltimoneiro.com.br\/index.php\/2021\/12\/31\/projeto-verao-atividades-esportivas-gratuitas-em-janeiro-e-fevereiro\/\"]}]},{\"@type\":\"BreadcrumbList\",\"@id\":\"https:\/\/jornaltimoneiro.com.br\/index.php\/2021\/12\/31\/projeto-verao-atividades-esportivas-gratuitas-em-janeiro-e-fevereiro\/#breadcrumb\",\"itemListElement\":[{\"@type\":\"ListItem\",\"position\":1,\"name\":\"In\u00edcio\",\"item\":\"https:\/\/jornaltimoneiro.com.br\/\"},{\"@type\":\"ListItem\",\"position\":2,\"name\":\"PROJETO VER\u00c3O: Atividades esportivas gratuitas em janeiro e fevereiro\"}]},{\"@type\":\"WebSite\",\"@id\":\"https:\/\/jornaltimoneiro.com.br\/#website\",\"url\":\"https:\/\/jornaltimoneiro.com.br\/\",\"name\":\"Jornal Timoneiro Canoas RS\",\"description\":\"Jornal O Timoneiro, o verdadeiro jornal de Canoas\",\"publisher\":{\"@id\":\"https:\/\/jornaltimoneiro.com.br\/#organization\"},\"potentialAction\":[{\"@type\":\"SearchAction\",\"target\":{\"@type\":\"EntryPoint\",\"urlTemplate\":\"https:\/\/jornaltimoneiro.com.br\/?s={search_term_string}\"},\"query-input\":\"required name=search_term_string\"}],\"inLanguage\":\"pt-BR\"},{\"@type\":\"Organization\",\"@id\":\"https:\/\/jornaltimoneiro.com.br\/#organization\",\"name\":\"Jornal Timoneiro Canoas RS\",\"url\":\"https:\/\/jornaltimoneiro.com.br\/\",\"logo\":{\"@type\":\"ImageObject\",\"inLanguage\":\"pt-BR\",\"@id\":\"https:\/\/jornaltimoneiro.com.br\/#\/schema\/logo\/image\/\",\"url\":\"https:\/\/jornaltimoneiro.com.br\/wp-content\/uploads\/2023\/03\/logonovo.png\",\"contentUrl\":\"https:\/\/jornaltimoneiro.com.br\/wp-content\/uploads\/2023\/03\/logonovo.png\",\"width\":\"469\",\"height\":\"171\",\"caption\":\"Jornal Timoneiro Canoas RS\"},\"image\":{\"@id\":\"https:\/\/jornaltimoneiro.com.br\/#\/schema\/logo\/image\/\"},\"sameAs\":[\"https:\/\/www.facebook.com\/jornaltimoneiro\",\"https:\/\/twitter.com\/_OTimoneiro\",\"https:\/\/www.instagram.com\/jornaltimoneirocanoas\/\",\"https:\/\/www.youtube.com\/@jornalotimoneiro7927\"]},{\"@type\":\"Person\",\"@id\":\"https:\/\/jornaltimoneiro.com.br\/#\/schema\/person\/f63482f1a02b1a9592707865e509ab40\",\"name\":\"Reda\u00e7\u00e3o\",\"image\":{\"@type\":\"ImageObject\",\"inLanguage\":\"pt-BR\",\"@id\":\"https:\/\/jornaltimoneiro.com.br\/#\/schema\/person\/image\/\",\"url\":\"https:\/\/jornaltimoneiro.com.br\/wp-content\/uploads\/2023\/03\/download.jpeg\",\"contentUrl\":\"https:\/\/jornaltimoneiro.com.br\/wp-content\/uploads\/2023\/03\/download.jpeg\",\"caption\":\"Reda\u00e7\u00e3o\"},\"url\":\"https:\/\/jornaltimoneiro.com.br\/index.php\/author\/simone-dutra\/\"}]}<\/script>\n<!-- \/ Yoast SEO plugin. -->","yoast_head_json":{"title":"PROJETO VER\u00c3O: Atividades esportivas gratuitas em janeiro e fevereiro - O Timoneiro Jornal Canoas RS","robots":{"index":"index","follow":"follow","max-snippet":"max-snippet:-1","max-image-preview":"max-image-preview:large","max-video-preview":"max-video-preview:-1"},"canonical":"https:\/\/jornaltimoneiro.com.br\/index.php\/2021\/12\/31\/projeto-verao-atividades-esportivas-gratuitas-em-janeiro-e-fevereiro\/","og_locale":"pt_BR","og_type":"article","og_title":"PROJETO VER\u00c3O: Atividades esportivas gratuitas em janeiro e fevereiro - O Timoneiro Jornal Canoas RS","og_description":"Com este objetivo de proporcionar melhoria na qualidade de vida atrav\u00e9s da pr\u00e1tica esportiva, a Secretaria Municipal de Esporte e Lazer (SMEL) lan\u00e7a o Projeto Ver\u00e3o 2022 com v\u00e1rias atividades nos meses mais quentes do ano, para canoenses de todas as idades em diferentes pontos da cidade. As inscri\u00e7\u00f5es podem ser feitas diretamente nas unidades, [&hellip;]","og_url":"https:\/\/jornaltimoneiro.com.br\/index.php\/2021\/12\/31\/projeto-verao-atividades-esportivas-gratuitas-em-janeiro-e-fevereiro\/","og_site_name":"O Timoneiro Jornal Canoas RS","article_publisher":"https:\/\/www.facebook.com\/jornaltimoneiro","article_published_time":"2021-12-31T10:00:38+00:00","article_modified_time":"2022-01-14T13:55:13+00:00","og_image":[{"width":"1080","height":"626","url":"https:\/\/jornaltimoneiro.com.br\/wp-content\/uploads\/2021\/12\/Projeto_Verao_Esporte-05.png","type":"image\/png"}],"author":"Reda\u00e7\u00e3o","twitter_card":"summary_large_image","twitter_creator":"@_OTimoneiro","twitter_site":"@_OTimoneiro","twitter_misc":{"Escrito por":"Reda\u00e7\u00e3o","Est. tempo de leitura":"1 minuto"},"schema":{"@context":"https:\/\/schema.org","@graph":[{"@type":"Article","@id":"https:\/\/jornaltimoneiro.com.br\/index.php\/2021\/12\/31\/projeto-verao-atividades-esportivas-gratuitas-em-janeiro-e-fevereiro\/#article","isPartOf":{"@id":"https:\/\/jornaltimoneiro.com.br\/index.php\/2021\/12\/31\/projeto-verao-atividades-esportivas-gratuitas-em-janeiro-e-fevereiro\/"},"author":{"name":"Reda\u00e7\u00e3o","@id":"https:\/\/jornaltimoneiro.com.br\/#\/schema\/person\/f63482f1a02b1a9592707865e509ab40"},"headline":"PROJETO VER\u00c3O: Atividades esportivas gratuitas em janeiro e fevereiro","datePublished":"2021-12-31T10:00:38+00:00","dateModified":"2022-01-14T13:55:13+00:00","mainEntityOfPage":{"@id":"https:\/\/jornaltimoneiro.com.br\/index.php\/2021\/12\/31\/projeto-verao-atividades-esportivas-gratuitas-em-janeiro-e-fevereiro\/"},"wordCount":291,"commentCount":0,"publisher":{"@id":"https:\/\/jornaltimoneiro.com.br\/#organization"},"articleSection":["Geral"],"inLanguage":"pt-BR","potentialAction":[{"@type":"CommentAction","name":"Comment","target":["https:\/\/jornaltimoneiro.com.br\/index.php\/2021\/12\/31\/projeto-verao-atividades-esportivas-gratuitas-em-janeiro-e-fevereiro\/#respond"]}]},{"@type":"WebPage","@id":"https:\/\/jornaltimoneiro.com.br\/index.php\/2021\/12\/31\/projeto-verao-atividades-esportivas-gratuitas-em-janeiro-e-fevereiro\/","url":"https:\/\/jornaltimoneiro.com.br\/index.php\/2021\/12\/31\/projeto-verao-atividades-esportivas-gratuitas-em-janeiro-e-fevereiro\/","name":"PROJETO VER\u00c3O: Atividades esportivas gratuitas em janeiro e fevereiro - O Timoneiro Jornal Canoas RS","isPartOf":{"@id":"https:\/\/jornaltimoneiro.com.br\/#website"},"datePublished":"2021-12-31T10:00:38+00:00","dateModified":"2022-01-14T13:55:13+00:00","breadcrumb":{"@id":"https:\/\/jornaltimoneiro.com.br\/index.php\/2021\/12\/31\/projeto-verao-atividades-esportivas-gratuitas-em-janeiro-e-fevereiro\/#breadcrumb"},"inLanguage":"pt-BR","potentialAction":[{"@type":"ReadAction","target":["https:\/\/jornaltimoneiro.com.br\/index.php\/2021\/12\/31\/projeto-verao-atividades-esportivas-gratuitas-em-janeiro-e-fevereiro\/"]}]},{"@type":"BreadcrumbList","@id":"https:\/\/jornaltimoneiro.com.br\/index.php\/2021\/12\/31\/projeto-verao-atividades-esportivas-gratuitas-em-janeiro-e-fevereiro\/#breadcrumb","itemListElement":[{"@type":"ListItem","position":1,"name":"In\u00edcio","item":"https:\/\/jornaltimoneiro.com.br\/"},{"@type":"ListItem","position":2,"name":"PROJETO VER\u00c3O: Atividades esportivas gratuitas em janeiro e fevereiro"}]},{"@type":"WebSite","@id":"https:\/\/jornaltimoneiro.com.br\/#website","url":"https:\/\/jornaltimoneiro.com.br\/","name":"Jornal Timoneiro Canoas RS","description":"Jornal O Timoneiro, o verdadeiro jornal de Canoas","publisher":{"@id":"https:\/\/jornaltimoneiro.com.br\/#organization"},"potentialAction":[{"@type":"SearchAction","target":{"@type":"EntryPoint","urlTemplate":"https:\/\/jornaltimoneiro.com.br\/?s={search_term_string}"},"query-input":"required name=search_term_string"}],"inLanguage":"pt-BR"},{"@type":"Organization","@id":"https:\/\/jornaltimoneiro.com.br\/#organization","name":"Jornal Timoneiro Canoas RS","url":"https:\/\/jornaltimoneiro.com.br\/","logo":{"@type":"ImageObject","inLanguage":"pt-BR","@id":"https:\/\/jornaltimoneiro.com.br\/#\/schema\/logo\/image\/","url":"https:\/\/jornaltimoneiro.com.br\/wp-content\/uploads\/2023\/03\/logonovo.png","contentUrl":"https:\/\/jornaltimoneiro.com.br\/wp-content\/uploads\/2023\/03\/logonovo.png","width":"469","height":"171","caption":"Jornal Timoneiro Canoas RS"},"image":{"@id":"https:\/\/jornaltimoneiro.com.br\/#\/schema\/logo\/image\/"},"sameAs":["https:\/\/www.facebook.com\/jornaltimoneiro","https:\/\/twitter.com\/_OTimoneiro","https:\/\/www.instagram.com\/jornaltimoneirocanoas\/","https:\/\/www.youtube.com\/@jornalotimoneiro7927"]},{"@type":"Person","@id":"https:\/\/jornaltimoneiro.com.br\/#\/schema\/person\/f63482f1a02b1a9592707865e509ab40","name":"Reda\u00e7\u00e3o","image":{"@type":"ImageObject","inLanguage":"pt-BR","@id":"https:\/\/jornaltimoneiro.com.br\/#\/schema\/person\/image\/","url":"https:\/\/jornaltimoneiro.com.br\/wp-content\/uploads\/2023\/03\/download.jpeg","contentUrl":"https:\/\/jornaltimoneiro.com.br\/wp-content\/uploads\/2023\/03\/download.jpeg","caption":"Reda\u00e7\u00e3o"},"url":"https:\/\/jornaltimoneiro.com.br\/index.php\/author\/simone-dutra\/"}]}},"_links":{"self":[{"href":"https:\/\/jornaltimoneiro.com.br\/index.php\/wp-json\/wp\/v2\/posts\/21852"}],"collection":[{"href":"https:\/\/jornaltimoneiro.com.br\/index.php\/wp-json\/wp\/v2\/posts"}],"about":[{"href":"https:\/\/jornaltimoneiro.com.br\/index.php\/wp-json\/wp\/v2\/types\/post"}],"author":[{"embeddable":true,"href":"https:\/\/jornaltimoneiro.com.br\/index.php\/wp-json\/wp\/v2\/users\/2"}],"replies":[{"embeddable":true,"href":"https:\/\/jornaltimoneiro.com.br\/index.php\/wp-json\/wp\/v2\/comments?post=21852"}],"version-history":[{"count":1,"href":"https:\/\/jornaltimoneiro.com.br\/index.php\/wp-json\/wp\/v2\/posts\/21852\/revisions"}],"predecessor-version":[{"id":21866,"href":"https:\/\/jornaltimoneiro.com.br\/index.php\/wp-json\/wp\/v2\/posts\/21852\/revisions\/21866"}],"wp:featuredmedia":[{"embeddable":true,"href":"https:\/\/jornaltimoneiro.com.br\/index.php\/wp-json\/wp\/v2\/media\/21865"}],"wp:attachment":[{"href":"https:\/\/jornaltimoneiro.com.br\/index.php\/wp-json\/wp\/v2\/media?parent=21852"}],"wp:term":[{"taxonomy":"category","embeddable":true,"href":"https:\/\/jornaltimoneiro.com.br\/index.php\/wp-json\/wp\/v2\/categories?post=21852"},{"taxonomy":"post_tag","embeddable":true,"href":"https:\/\/jornaltimoneiro.com.br\/index.php\/wp-json\/wp\/v2\/tags?post=21852"}],"curies":[{"name":"wp","href":"https:\/\/api.w.org\/{rel}","templated":true}]}}