{"id":21795,"date":"2021-12-22T16:37:09","date_gmt":"2021-12-22T18:37:09","guid":{"rendered":"https:\/\/jornaltimoneiro.com.br\/?p=21795"},"modified":"2021-12-22T16:37:09","modified_gmt":"2021-12-22T18:37:09","slug":"jonas-dalagna-protocola-acao-popular-para-evitar-gastos-de-r-54-mi-com-almocos-e-jantares-da-prefeitura","status":"publish","type":"post","link":"https:\/\/jornaltimoneiro.com.br\/index.php\/2021\/12\/22\/jonas-dalagna-protocola-acao-popular-para-evitar-gastos-de-r-54-mi-com-almocos-e-jantares-da-prefeitura\/","title":{"rendered":"Jonas Dalagna protocola A\u00e7\u00e3o Popular para evitar gastos de R$ 5,4 mi com almo\u00e7os e jantares da prefeitura"},"content":{"rendered":"<p>Um edital lan\u00e7ado pela prefeitura de Canoas prev\u00ea a contrata\u00e7\u00e3o de um servi\u00e7o de alimenta\u00e7\u00e3o para eventos do munic\u00edpio com op\u00e7\u00e3o de entrecot e petit gateau no menu. A partir disso, o vereador Jonas Dalagna, do partido NOVO, protocolou uma A\u00e7\u00e3o Popular para impedir que a prefeitura de Canoas gaste 5,4 milh\u00f5es de reais com coffee breaks, almo\u00e7os e jantares.<\/p>\n<p>Segundo o edital n\u00ba 350\/2021 lan\u00e7ado pela Prefeitura de Canoas, ser\u00e3o realizadas a\u00e7\u00f5es e eventos pelas secretarias, nos quais ser\u00e3o oferecidos servi\u00e7os de alimenta\u00e7\u00e3o pelo munic\u00edpio. Dentre itens sugeridos no menu est\u00e3o: entrecot com crosta de castanha, risoto de queijo, steak ao molho de cogumelos e petit gateau com sorvete.<\/p>\n<p>Dalagna entrou com a a\u00e7\u00e3o solicitando uma liminar para a suspens\u00e3o do edital, para que a prefeitura n\u00e3o consiga levar adiante a contrata\u00e7\u00e3o deste servi\u00e7o de alimenta\u00e7\u00e3o. \u201cA popula\u00e7\u00e3o canoense vive em um momento crescente de desemprego, pobreza e mis\u00e9ria. N\u00e3o \u00e9 momento para o poder p\u00fablico despender mais de 5 milh\u00f5es de reais para festividades luxuosas com pratos servidos \u00e0 francesa, enquanto a popula\u00e7\u00e3o \u00e9 quem est\u00e1 pagando por isso!\u201d, explicou o vereador.<\/p>\n<p>Em sua justificativa, Jonas Dalagna destacou que durante este ano a prefeitura, por diversas vezes, enviou \u00e0 C\u00e2mara Municipal pedidos de abertura de cr\u00e9dito e de cria\u00e7\u00e3o de programas sociais, al\u00e9m de publicar a Lei n\u00ba 6.476\/2021, a qual autoriza a realiza\u00e7\u00e3o de um empr\u00e9stimo para o munic\u00edpio no valor de 50 milh\u00f5es de reais junto \u00e0 Caixa Econ\u00f4mica Federal. \u201cS\u00f3 se solicita empr\u00e9stimo se h\u00e1 insufici\u00eancia nas contas p\u00fablicas. Se esta licita\u00e7\u00e3o for para frente, a prefeitura est\u00e1 utilizando o dinheiro do pagador de impostos, que poderia suprir o d\u00e9ficit ou quem sabe ser revertido em sa\u00fade, educa\u00e7\u00e3o, seguran\u00e7a, para custear jantares de alto n\u00edvel\u201d, reiterou Jonas.<\/p>\n<p>A A\u00e7\u00e3o Popular do vereador segue agora para aprecia\u00e7\u00e3o do magistrado competente e aguarda decis\u00e3o da medida liminar que pode invalidar a licita\u00e7\u00e3o. \u201cN\u00e3o sou contra a realiza\u00e7\u00e3o de eventos no munic\u00edpio que agreguem para o crescimento da cidade, mas com certeza n\u00e3o estamos em um momento confort\u00e1vel para que o patrim\u00f4nio p\u00fablico seja direcionado ao luxo quando n\u00e3o h\u00e1 comida na mesa do canoense!\u201d, finalizou Dalagna.<\/p>\n","protected":false},"excerpt":{"rendered":"<p>Um edital lan\u00e7ado pela prefeitura de Canoas prev\u00ea a contrata\u00e7\u00e3o de um servi\u00e7o de alimenta\u00e7\u00e3o para eventos do munic\u00edpio com op\u00e7\u00e3o de entrecot e petit gateau no menu. A partir disso, o vereador Jonas Dalagna, do partido NOVO, protocolou uma A\u00e7\u00e3o Popular para impedir que a prefeitura de Canoas gaste 5,4 milh\u00f5es de reais com [&hellip;]<\/p>\n","protected":false},"author":2,"featured_media":21796,"comment_status":"open","ping_status":"open","sticky":false,"template":"","format":"standard","meta":{"amp_status":"","footnotes":""},"categories":[20],"tags":[],"class_list":["post-21795","post","type-post","status-publish","format-standard","has-post-thumbnail","hentry","category-politica-noticias"],"yoast_head":"<!-- This site is optimized with the Yoast SEO plugin v20.5 - https:\/\/yoast.com\/wordpress\/plugins\/seo\/ -->\n<title>Jonas Dalagna protocola A\u00e7\u00e3o Popular para evitar gastos de R$ 5,4 mi com almo\u00e7os e jantares da prefeitura - O Timoneiro Jornal Canoas RS<\/title>\n<meta name=\"robots\" content=\"index, follow, max-snippet:-1, max-image-preview:large, max-video-preview:-1\" \/>\n<link rel=\"canonical\" href=\"https:\/\/jornaltimoneiro.com.br\/index.php\/2021\/12\/22\/jonas-dalagna-protocola-acao-popular-para-evitar-gastos-de-r-54-mi-com-almocos-e-jantares-da-prefeitura\/\" \/>\n<meta property=\"og:locale\" content=\"pt_BR\" \/>\n<meta property=\"og:type\" content=\"article\" \/>\n<meta property=\"og:title\" content=\"Jonas Dalagna protocola A\u00e7\u00e3o Popular para evitar gastos de R$ 5,4 mi com almo\u00e7os e jantares da prefeitura - O Timoneiro Jornal Canoas RS\" \/>\n<meta property=\"og:description\" content=\"Um edital lan\u00e7ado pela prefeitura de Canoas prev\u00ea a contrata\u00e7\u00e3o de um servi\u00e7o de alimenta\u00e7\u00e3o para eventos do munic\u00edpio com op\u00e7\u00e3o de entrecot e petit gateau no menu. A partir disso, o vereador Jonas Dalagna, do partido NOVO, protocolou uma A\u00e7\u00e3o Popular para impedir que a prefeitura de Canoas gaste 5,4 milh\u00f5es de reais com [&hellip;]\" \/>\n<meta property=\"og:url\" content=\"https:\/\/jornaltimoneiro.com.br\/index.php\/2021\/12\/22\/jonas-dalagna-protocola-acao-popular-para-evitar-gastos-de-r-54-mi-com-almocos-e-jantares-da-prefeitura\/\" \/>\n<meta property=\"og:site_name\" content=\"O Timoneiro Jornal Canoas RS\" \/>\n<meta property=\"article:publisher\" content=\"https:\/\/www.facebook.com\/jornaltimoneiro\" \/>\n<meta property=\"article:published_time\" content=\"2021-12-22T18:37:09+00:00\" \/>\n<meta property=\"og:image\" content=\"https:\/\/jornaltimoneiro.com.br\/wp-content\/uploads\/2021\/12\/Jonas-Dalagna-Foto.-Thomaz-Pires.jpg\" \/>\n\t<meta property=\"og:image:width\" content=\"1080\" \/>\n\t<meta property=\"og:image:height\" content=\"758\" \/>\n\t<meta property=\"og:image:type\" content=\"image\/jpeg\" \/>\n<meta name=\"author\" content=\"Reda\u00e7\u00e3o\" \/>\n<meta name=\"twitter:card\" content=\"summary_large_image\" \/>\n<meta name=\"twitter:creator\" content=\"@_OTimoneiro\" \/>\n<meta name=\"twitter:site\" content=\"@_OTimoneiro\" \/>\n<meta name=\"twitter:label1\" content=\"Escrito por\" \/>\n\t<meta name=\"twitter:data1\" content=\"Reda\u00e7\u00e3o\" \/>\n\t<meta name=\"twitter:label2\" content=\"Est. tempo de leitura\" \/>\n\t<meta name=\"twitter:data2\" content=\"2 minutos\" \/>\n<script type=\"application\/ld+json\" class=\"yoast-schema-graph\">{\"@context\":\"https:\/\/schema.org\",\"@graph\":[{\"@type\":\"Article\",\"@id\":\"https:\/\/jornaltimoneiro.com.br\/index.php\/2021\/12\/22\/jonas-dalagna-protocola-acao-popular-para-evitar-gastos-de-r-54-mi-com-almocos-e-jantares-da-prefeitura\/#article\",\"isPartOf\":{\"@id\":\"https:\/\/jornaltimoneiro.com.br\/index.php\/2021\/12\/22\/jonas-dalagna-protocola-acao-popular-para-evitar-gastos-de-r-54-mi-com-almocos-e-jantares-da-prefeitura\/\"},\"author\":{\"name\":\"Reda\u00e7\u00e3o\",\"@id\":\"https:\/\/jornaltimoneiro.com.br\/#\/schema\/person\/f63482f1a02b1a9592707865e509ab40\"},\"headline\":\"Jonas Dalagna protocola A\u00e7\u00e3o Popular para evitar gastos de R$ 5,4 mi com almo\u00e7os e jantares da prefeitura\",\"datePublished\":\"2021-12-22T18:37:09+00:00\",\"dateModified\":\"2021-12-22T18:37:09+00:00\",\"mainEntityOfPage\":{\"@id\":\"https:\/\/jornaltimoneiro.com.br\/index.php\/2021\/12\/22\/jonas-dalagna-protocola-acao-popular-para-evitar-gastos-de-r-54-mi-com-almocos-e-jantares-da-prefeitura\/\"},\"wordCount\":427,\"commentCount\":0,\"publisher\":{\"@id\":\"https:\/\/jornaltimoneiro.com.br\/#organization\"},\"articleSection\":[\"Pol\u00edtica\"],\"inLanguage\":\"pt-BR\",\"potentialAction\":[{\"@type\":\"CommentAction\",\"name\":\"Comment\",\"target\":[\"https:\/\/jornaltimoneiro.com.br\/index.php\/2021\/12\/22\/jonas-dalagna-protocola-acao-popular-para-evitar-gastos-de-r-54-mi-com-almocos-e-jantares-da-prefeitura\/#respond\"]}]},{\"@type\":\"WebPage\",\"@id\":\"https:\/\/jornaltimoneiro.com.br\/index.php\/2021\/12\/22\/jonas-dalagna-protocola-acao-popular-para-evitar-gastos-de-r-54-mi-com-almocos-e-jantares-da-prefeitura\/\",\"url\":\"https:\/\/jornaltimoneiro.com.br\/index.php\/2021\/12\/22\/jonas-dalagna-protocola-acao-popular-para-evitar-gastos-de-r-54-mi-com-almocos-e-jantares-da-prefeitura\/\",\"name\":\"Jonas Dalagna protocola A\u00e7\u00e3o Popular para evitar gastos de R$ 5,4 mi com almo\u00e7os e jantares da prefeitura - O Timoneiro Jornal Canoas RS\",\"isPartOf\":{\"@id\":\"https:\/\/jornaltimoneiro.com.br\/#website\"},\"datePublished\":\"2021-12-22T18:37:09+00:00\",\"dateModified\":\"2021-12-22T18:37:09+00:00\",\"breadcrumb\":{\"@id\":\"https:\/\/jornaltimoneiro.com.br\/index.php\/2021\/12\/22\/jonas-dalagna-protocola-acao-popular-para-evitar-gastos-de-r-54-mi-com-almocos-e-jantares-da-prefeitura\/#breadcrumb\"},\"inLanguage\":\"pt-BR\",\"potentialAction\":[{\"@type\":\"ReadAction\",\"target\":[\"https:\/\/jornaltimoneiro.com.br\/index.php\/2021\/12\/22\/jonas-dalagna-protocola-acao-popular-para-evitar-gastos-de-r-54-mi-com-almocos-e-jantares-da-prefeitura\/\"]}]},{\"@type\":\"BreadcrumbList\",\"@id\":\"https:\/\/jornaltimoneiro.com.br\/index.php\/2021\/12\/22\/jonas-dalagna-protocola-acao-popular-para-evitar-gastos-de-r-54-mi-com-almocos-e-jantares-da-prefeitura\/#breadcrumb\",\"itemListElement\":[{\"@type\":\"ListItem\",\"position\":1,\"name\":\"In\u00edcio\",\"item\":\"https:\/\/jornaltimoneiro.com.br\/\"},{\"@type\":\"ListItem\",\"position\":2,\"name\":\"Jonas Dalagna protocola A\u00e7\u00e3o Popular para evitar gastos de R$ 5,4 mi com almo\u00e7os e jantares da prefeitura\"}]},{\"@type\":\"WebSite\",\"@id\":\"https:\/\/jornaltimoneiro.com.br\/#website\",\"url\":\"https:\/\/jornaltimoneiro.com.br\/\",\"name\":\"Jornal Timoneiro Canoas RS\",\"description\":\"Jornal O Timoneiro, o verdadeiro jornal de Canoas\",\"publisher\":{\"@id\":\"https:\/\/jornaltimoneiro.com.br\/#organization\"},\"potentialAction\":[{\"@type\":\"SearchAction\",\"target\":{\"@type\":\"EntryPoint\",\"urlTemplate\":\"https:\/\/jornaltimoneiro.com.br\/?s={search_term_string}\"},\"query-input\":\"required name=search_term_string\"}],\"inLanguage\":\"pt-BR\"},{\"@type\":\"Organization\",\"@id\":\"https:\/\/jornaltimoneiro.com.br\/#organization\",\"name\":\"Jornal Timoneiro Canoas RS\",\"url\":\"https:\/\/jornaltimoneiro.com.br\/\",\"logo\":{\"@type\":\"ImageObject\",\"inLanguage\":\"pt-BR\",\"@id\":\"https:\/\/jornaltimoneiro.com.br\/#\/schema\/logo\/image\/\",\"url\":\"https:\/\/jornaltimoneiro.com.br\/wp-content\/uploads\/2023\/03\/logonovo.png\",\"contentUrl\":\"https:\/\/jornaltimoneiro.com.br\/wp-content\/uploads\/2023\/03\/logonovo.png\",\"width\":\"469\",\"height\":\"171\",\"caption\":\"Jornal Timoneiro Canoas RS\"},\"image\":{\"@id\":\"https:\/\/jornaltimoneiro.com.br\/#\/schema\/logo\/image\/\"},\"sameAs\":[\"https:\/\/www.facebook.com\/jornaltimoneiro\",\"https:\/\/twitter.com\/_OTimoneiro\",\"https:\/\/www.instagram.com\/jornaltimoneirocanoas\/\",\"https:\/\/www.youtube.com\/@jornalotimoneiro7927\"]},{\"@type\":\"Person\",\"@id\":\"https:\/\/jornaltimoneiro.com.br\/#\/schema\/person\/f63482f1a02b1a9592707865e509ab40\",\"name\":\"Reda\u00e7\u00e3o\",\"image\":{\"@type\":\"ImageObject\",\"inLanguage\":\"pt-BR\",\"@id\":\"https:\/\/jornaltimoneiro.com.br\/#\/schema\/person\/image\/\",\"url\":\"https:\/\/jornaltimoneiro.com.br\/wp-content\/uploads\/2023\/03\/download.jpeg\",\"contentUrl\":\"https:\/\/jornaltimoneiro.com.br\/wp-content\/uploads\/2023\/03\/download.jpeg\",\"caption\":\"Reda\u00e7\u00e3o\"},\"url\":\"https:\/\/jornaltimoneiro.com.br\/index.php\/author\/simone-dutra\/\"}]}<\/script>\n<!-- \/ Yoast SEO plugin. -->","yoast_head_json":{"title":"Jonas Dalagna protocola A\u00e7\u00e3o Popular para evitar gastos de R$ 5,4 mi com almo\u00e7os e jantares da prefeitura - O Timoneiro Jornal Canoas RS","robots":{"index":"index","follow":"follow","max-snippet":"max-snippet:-1","max-image-preview":"max-image-preview:large","max-video-preview":"max-video-preview:-1"},"canonical":"https:\/\/jornaltimoneiro.com.br\/index.php\/2021\/12\/22\/jonas-dalagna-protocola-acao-popular-para-evitar-gastos-de-r-54-mi-com-almocos-e-jantares-da-prefeitura\/","og_locale":"pt_BR","og_type":"article","og_title":"Jonas Dalagna protocola A\u00e7\u00e3o Popular para evitar gastos de R$ 5,4 mi com almo\u00e7os e jantares da prefeitura - O Timoneiro Jornal Canoas RS","og_description":"Um edital lan\u00e7ado pela prefeitura de Canoas prev\u00ea a contrata\u00e7\u00e3o de um servi\u00e7o de alimenta\u00e7\u00e3o para eventos do munic\u00edpio com op\u00e7\u00e3o de entrecot e petit gateau no menu. A partir disso, o vereador Jonas Dalagna, do partido NOVO, protocolou uma A\u00e7\u00e3o Popular para impedir que a prefeitura de Canoas gaste 5,4 milh\u00f5es de reais com [&hellip;]","og_url":"https:\/\/jornaltimoneiro.com.br\/index.php\/2021\/12\/22\/jonas-dalagna-protocola-acao-popular-para-evitar-gastos-de-r-54-mi-com-almocos-e-jantares-da-prefeitura\/","og_site_name":"O Timoneiro Jornal Canoas RS","article_publisher":"https:\/\/www.facebook.com\/jornaltimoneiro","article_published_time":"2021-12-22T18:37:09+00:00","og_image":[{"width":"1080","height":"758","url":"https:\/\/jornaltimoneiro.com.br\/wp-content\/uploads\/2021\/12\/Jonas-Dalagna-Foto.-Thomaz-Pires.jpg","type":"image\/jpeg"}],"author":"Reda\u00e7\u00e3o","twitter_card":"summary_large_image","twitter_creator":"@_OTimoneiro","twitter_site":"@_OTimoneiro","twitter_misc":{"Escrito por":"Reda\u00e7\u00e3o","Est. tempo de leitura":"2 minutos"},"schema":{"@context":"https:\/\/schema.org","@graph":[{"@type":"Article","@id":"https:\/\/jornaltimoneiro.com.br\/index.php\/2021\/12\/22\/jonas-dalagna-protocola-acao-popular-para-evitar-gastos-de-r-54-mi-com-almocos-e-jantares-da-prefeitura\/#article","isPartOf":{"@id":"https:\/\/jornaltimoneiro.com.br\/index.php\/2021\/12\/22\/jonas-dalagna-protocola-acao-popular-para-evitar-gastos-de-r-54-mi-com-almocos-e-jantares-da-prefeitura\/"},"author":{"name":"Reda\u00e7\u00e3o","@id":"https:\/\/jornaltimoneiro.com.br\/#\/schema\/person\/f63482f1a02b1a9592707865e509ab40"},"headline":"Jonas Dalagna protocola A\u00e7\u00e3o Popular para evitar gastos de R$ 5,4 mi com almo\u00e7os e jantares da prefeitura","datePublished":"2021-12-22T18:37:09+00:00","dateModified":"2021-12-22T18:37:09+00:00","mainEntityOfPage":{"@id":"https:\/\/jornaltimoneiro.com.br\/index.php\/2021\/12\/22\/jonas-dalagna-protocola-acao-popular-para-evitar-gastos-de-r-54-mi-com-almocos-e-jantares-da-prefeitura\/"},"wordCount":427,"commentCount":0,"publisher":{"@id":"https:\/\/jornaltimoneiro.com.br\/#organization"},"articleSection":["Pol\u00edtica"],"inLanguage":"pt-BR","potentialAction":[{"@type":"CommentAction","name":"Comment","target":["https:\/\/jornaltimoneiro.com.br\/index.php\/2021\/12\/22\/jonas-dalagna-protocola-acao-popular-para-evitar-gastos-de-r-54-mi-com-almocos-e-jantares-da-prefeitura\/#respond"]}]},{"@type":"WebPage","@id":"https:\/\/jornaltimoneiro.com.br\/index.php\/2021\/12\/22\/jonas-dalagna-protocola-acao-popular-para-evitar-gastos-de-r-54-mi-com-almocos-e-jantares-da-prefeitura\/","url":"https:\/\/jornaltimoneiro.com.br\/index.php\/2021\/12\/22\/jonas-dalagna-protocola-acao-popular-para-evitar-gastos-de-r-54-mi-com-almocos-e-jantares-da-prefeitura\/","name":"Jonas Dalagna protocola A\u00e7\u00e3o Popular para evitar gastos de R$ 5,4 mi com almo\u00e7os e jantares da prefeitura - O Timoneiro Jornal Canoas RS","isPartOf":{"@id":"https:\/\/jornaltimoneiro.com.br\/#website"},"datePublished":"2021-12-22T18:37:09+00:00","dateModified":"2021-12-22T18:37:09+00:00","breadcrumb":{"@id":"https:\/\/jornaltimoneiro.com.br\/index.php\/2021\/12\/22\/jonas-dalagna-protocola-acao-popular-para-evitar-gastos-de-r-54-mi-com-almocos-e-jantares-da-prefeitura\/#breadcrumb"},"inLanguage":"pt-BR","potentialAction":[{"@type":"ReadAction","target":["https:\/\/jornaltimoneiro.com.br\/index.php\/2021\/12\/22\/jonas-dalagna-protocola-acao-popular-para-evitar-gastos-de-r-54-mi-com-almocos-e-jantares-da-prefeitura\/"]}]},{"@type":"BreadcrumbList","@id":"https:\/\/jornaltimoneiro.com.br\/index.php\/2021\/12\/22\/jonas-dalagna-protocola-acao-popular-para-evitar-gastos-de-r-54-mi-com-almocos-e-jantares-da-prefeitura\/#breadcrumb","itemListElement":[{"@type":"ListItem","position":1,"name":"In\u00edcio","item":"https:\/\/jornaltimoneiro.com.br\/"},{"@type":"ListItem","position":2,"name":"Jonas Dalagna protocola A\u00e7\u00e3o Popular para evitar gastos de R$ 5,4 mi com almo\u00e7os e jantares da prefeitura"}]},{"@type":"WebSite","@id":"https:\/\/jornaltimoneiro.com.br\/#website","url":"https:\/\/jornaltimoneiro.com.br\/","name":"Jornal Timoneiro Canoas RS","description":"Jornal O Timoneiro, o verdadeiro jornal de Canoas","publisher":{"@id":"https:\/\/jornaltimoneiro.com.br\/#organization"},"potentialAction":[{"@type":"SearchAction","target":{"@type":"EntryPoint","urlTemplate":"https:\/\/jornaltimoneiro.com.br\/?s={search_term_string}"},"query-input":"required name=search_term_string"}],"inLanguage":"pt-BR"},{"@type":"Organization","@id":"https:\/\/jornaltimoneiro.com.br\/#organization","name":"Jornal Timoneiro Canoas RS","url":"https:\/\/jornaltimoneiro.com.br\/","logo":{"@type":"ImageObject","inLanguage":"pt-BR","@id":"https:\/\/jornaltimoneiro.com.br\/#\/schema\/logo\/image\/","url":"https:\/\/jornaltimoneiro.com.br\/wp-content\/uploads\/2023\/03\/logonovo.png","contentUrl":"https:\/\/jornaltimoneiro.com.br\/wp-content\/uploads\/2023\/03\/logonovo.png","width":"469","height":"171","caption":"Jornal Timoneiro Canoas RS"},"image":{"@id":"https:\/\/jornaltimoneiro.com.br\/#\/schema\/logo\/image\/"},"sameAs":["https:\/\/www.facebook.com\/jornaltimoneiro","https:\/\/twitter.com\/_OTimoneiro","https:\/\/www.instagram.com\/jornaltimoneirocanoas\/","https:\/\/www.youtube.com\/@jornalotimoneiro7927"]},{"@type":"Person","@id":"https:\/\/jornaltimoneiro.com.br\/#\/schema\/person\/f63482f1a02b1a9592707865e509ab40","name":"Reda\u00e7\u00e3o","image":{"@type":"ImageObject","inLanguage":"pt-BR","@id":"https:\/\/jornaltimoneiro.com.br\/#\/schema\/person\/image\/","url":"https:\/\/jornaltimoneiro.com.br\/wp-content\/uploads\/2023\/03\/download.jpeg","contentUrl":"https:\/\/jornaltimoneiro.com.br\/wp-content\/uploads\/2023\/03\/download.jpeg","caption":"Reda\u00e7\u00e3o"},"url":"https:\/\/jornaltimoneiro.com.br\/index.php\/author\/simone-dutra\/"}]}},"_links":{"self":[{"href":"https:\/\/jornaltimoneiro.com.br\/index.php\/wp-json\/wp\/v2\/posts\/21795"}],"collection":[{"href":"https:\/\/jornaltimoneiro.com.br\/index.php\/wp-json\/wp\/v2\/posts"}],"about":[{"href":"https:\/\/jornaltimoneiro.com.br\/index.php\/wp-json\/wp\/v2\/types\/post"}],"author":[{"embeddable":true,"href":"https:\/\/jornaltimoneiro.com.br\/index.php\/wp-json\/wp\/v2\/users\/2"}],"replies":[{"embeddable":true,"href":"https:\/\/jornaltimoneiro.com.br\/index.php\/wp-json\/wp\/v2\/comments?post=21795"}],"version-history":[{"count":1,"href":"https:\/\/jornaltimoneiro.com.br\/index.php\/wp-json\/wp\/v2\/posts\/21795\/revisions"}],"predecessor-version":[{"id":21797,"href":"https:\/\/jornaltimoneiro.com.br\/index.php\/wp-json\/wp\/v2\/posts\/21795\/revisions\/21797"}],"wp:featuredmedia":[{"embeddable":true,"href":"https:\/\/jornaltimoneiro.com.br\/index.php\/wp-json\/wp\/v2\/media\/21796"}],"wp:attachment":[{"href":"https:\/\/jornaltimoneiro.com.br\/index.php\/wp-json\/wp\/v2\/media?parent=21795"}],"wp:term":[{"taxonomy":"category","embeddable":true,"href":"https:\/\/jornaltimoneiro.com.br\/index.php\/wp-json\/wp\/v2\/categories?post=21795"},{"taxonomy":"post_tag","embeddable":true,"href":"https:\/\/jornaltimoneiro.com.br\/index.php\/wp-json\/wp\/v2\/tags?post=21795"}],"curies":[{"name":"wp","href":"https:\/\/api.w.org\/{rel}","templated":true}]}}