{"id":21687,"date":"2021-12-10T07:00:18","date_gmt":"2021-12-10T09:00:18","guid":{"rendered":"https:\/\/jornaltimoneiro.com.br\/?p=21687"},"modified":"2021-12-09T15:53:23","modified_gmt":"2021-12-09T17:53:23","slug":"tito-guarniere-tuites-e-os-bastidores-pela-corrida-presidencial","status":"publish","type":"post","link":"https:\/\/jornaltimoneiro.com.br\/index.php\/2021\/12\/10\/tito-guarniere-tuites-e-os-bastidores-pela-corrida-presidencial\/","title":{"rendered":"Tito Guarniere: &#8220;Tu\u00edtes e os bastidores pela corrida presidencial&#8221;"},"content":{"rendered":"<p>Tito Guarniere<\/p>\n<p><b>TU\u00cdTES<\/b><u><\/u><\/p>\n<p><b>O intoc\u00e1vel<\/b><\/p>\n<p>O ex-juiz S\u00e9rgio Moro, se v\u00ea como intoc\u00e1vel na sua autobiografia e compara as suas a\u00e7\u00f5es na Lava Jato \u00e0s de Eliot Ness.<u><\/u>\u00a0<u><\/u><\/p>\n<p>Faz sentido. Ao menos no filme de Brian de Palma, Ness come\u00e7a a carreira cumprindo as normas legais, mas depois manda \u00e0s favas os escr\u00fapulos e viola a lei. Entre outras viola\u00e7\u00f5es, empurra um g\u00e2ngster rendido do alto de um pr\u00e9dio. Claro, Moro n\u00e3o chegou a tanto.<\/p>\n<p><b>Pilantragem<\/b><\/p>\n<p>O TSE fez uma semana de testes abertos de integridade das urnas eletr\u00f4nicas, com ampla divulga\u00e7\u00e3o. L\u00e1 n\u00e3o compareceu nenhum bolsonarista para conferir. N\u00e3o era s\u00e9rio. A chorumela anterior era fake, pilantragem de baixa extra\u00e7\u00e3o para desviar a aten\u00e7\u00e3o dos problemas reais do governo.<\/p>\n<p><b>A amiguinha<\/b><u><\/u><\/p>\n<p>M\u00f4nica Bergamo, da Folha, \u00e9 uma not\u00f3ria amiguinha do lulopetismo. M\u00f4nica deu destaque ao fato de que &#8220;lideran\u00e7as evang\u00e9licas&#8221; creditam a nomea\u00e7\u00e3o de Andr\u00e9 Mendon\u00e7a ao STF tamb\u00e9m \u00e0 Lula e ao PT. Quais lideran\u00e7as evang\u00e9licas? Bem, j\u00e1 est\u00e3o querendo saber demais \u2013 ela n\u00e3o deu nomes.<u><\/u>\u00a0<u><\/u><\/p>\n<p>Feito o carreto: Lula, o PT, ficam bem na foto dos evang\u00e9licos. 2022 est\u00e1 pr\u00f3ximo.<u><\/u><\/p>\n<p><b>Bons servi\u00e7os<\/b><u><\/u><\/p>\n<p>M\u00f4nica Bergamo, da Folha, al\u00e9m de dar cr\u00e9dito tamb\u00e9m \u00e0 Lula e ao PT na vit\u00f3ria de Andr\u00e9 Mendon\u00e7a no STF, &#8220;dedou&#8221; Bolsonaro: ele teria gerado &#8220;desconfian\u00e7a&#8221; dos evang\u00e9licos, por falta de empenho na reta final. Quais l\u00edderes evang\u00e9licos manifestaram tal desconfian\u00e7a? A jornalista guardou os nomes s\u00f3 para si na sua cadernetinha.<u><\/u>\u00a0<u><\/u><\/p>\n<p>Bom trabalho, M\u00f4nica. Assinado, PT.<u><\/u><\/p>\n<p><b>Pensamento m\u00e1gico<\/b><u><\/u><\/p>\n<p>Reinaldo Azevedo em seu twitter: &#8220;Tenho dificuldade de lidar com o pensamento m\u00e1gico&#8221;. Pensamento m\u00e1gico \u00e9 aquele atrav\u00e9s do qual voc\u00ea passa anos fazendo a cr\u00edtica mais feroz ao PT e \u00e0 Lula, e depois, em inflex\u00e3o lenta, gradual e segura, muda em apoio (quase) incondicional.<u><\/u><\/p>\n<p><b>Erro de \u201cc\u00e1lculo\u201d<\/b><u><\/u><\/p>\n<p>&#8220;O Power Point foi um erro de c\u00e1lculo&#8221;, segundo o ex-procurador da Lava Jato, Deltan Dallagnol. Referia-se ao esquema por ele apresentado, anos atr\u00e1s, em que Lula aparecia como o chefe da corrup\u00e7\u00e3o no Brasil. N\u00e3o foi erro de c\u00e1lculo.<u><\/u>\u00a0<u><\/u><\/p>\n<p>Foi erro de facciosidade. Foi erro de car\u00e1ter.<u><\/u><\/p>\n<p><b>Museu direitista<\/b><u><\/u><\/p>\n<p>Clube Militar \u00e9 uma velharia reacion\u00e1ria, direitista, e \u00e0s vezes golpista. Com o bolsonarismo, ficou pior: O Clube agora anda dando combate aos &#8220;efeitos adversos das vacinas contra a Covid&#8221;. Para eles do CM, vacina \u00e9 coisa de comunista.<u><\/u><\/p>\n<p><b>Pensamento profundo<\/b><u><\/u><\/p>\n<p>Moro, em hora de reflex\u00e3o profunda: &#8220;Meu projeto \u00e9 vender sonhos, n\u00e3o pesadelos&#8221;. S\u00e3o necess\u00e1rios anos de estudos para se chegar \u00e0 frase t\u00e3o original. Moro leva desde logo o trof\u00e9u Conselheiro Ac\u00e1cio do ano.<u><\/u><\/p>\n<p><b>Sonhos para vender<\/b><u><\/u><\/p>\n<p>Como? O projeto de S\u00e9rgio Moro \u00e9 vender sonhos? Foi isso que ele disse?<u><\/u>\u00a0<u><\/u><\/p>\n<p>Quem vende sonhos s\u00e3o os maus pol\u00edticos (vender sonhos n\u00e3o \u00e9 mentir?), os padeiros e os confeiteiros.<u><\/u><\/p>\n<p><b>Ex-presidi\u00e1rio para chamar de seu<\/b><u><\/u><\/p>\n<p>Fl\u00e1vio Bolsonaro, na filia\u00e7\u00e3o ao PL, a prop\u00f3sito da candidatura Lula: &#8220;Ainda querem fazer crer que um ex-presidi\u00e1rio preso por roubar o povo brasileiro, estar\u00e1 \u00e0 frente&#8221;.<u><\/u>\u00a0<u><\/u><\/p>\n<p>Ao seu lado estava Valdemar Costa Neto, presidente do PL, novo partido dos Bolsonaro, ex-presidi\u00e1rio por roubar o povo brasileiro.<u><\/u><\/p>\n<p><a href=\"mailto:titoguarniere@outlook.com\" target=\"_blank\" rel=\"noopener\">titoguarniere@outlook.com<\/a><u><\/u><br \/>\n<u><\/u><u><\/u>twitter: @TitoGuarnieree<u><\/u><\/p>\n","protected":false},"excerpt":{"rendered":"<p>Tito Guarniere TU\u00cdTES O intoc\u00e1vel O ex-juiz S\u00e9rgio Moro, se v\u00ea como intoc\u00e1vel na sua autobiografia e compara as suas a\u00e7\u00f5es na Lava Jato \u00e0s de Eliot Ness.\u00a0 Faz sentido. Ao menos no filme de Brian de Palma, Ness come\u00e7a a carreira cumprindo as normas legais, mas depois manda \u00e0s favas os escr\u00fapulos e viola [&hellip;]<\/p>\n","protected":false},"author":2,"featured_media":21695,"comment_status":"open","ping_status":"open","sticky":false,"template":"","format":"standard","meta":{"amp_status":"","footnotes":""},"categories":[21],"tags":[],"class_list":["post-21687","post","type-post","status-publish","format-standard","has-post-thumbnail","hentry","category-opiniao"],"yoast_head":"<!-- This site is optimized with the Yoast SEO plugin v20.5 - https:\/\/yoast.com\/wordpress\/plugins\/seo\/ -->\n<title>Tito Guarniere: &quot;Tu\u00edtes e os bastidores pela corrida presidencial&quot; - O Timoneiro Jornal Canoas RS<\/title>\n<meta name=\"robots\" content=\"index, follow, max-snippet:-1, max-image-preview:large, max-video-preview:-1\" \/>\n<link rel=\"canonical\" href=\"https:\/\/jornaltimoneiro.com.br\/index.php\/2021\/12\/10\/tito-guarniere-tuites-e-os-bastidores-pela-corrida-presidencial\/\" \/>\n<meta property=\"og:locale\" content=\"pt_BR\" \/>\n<meta property=\"og:type\" content=\"article\" \/>\n<meta property=\"og:title\" content=\"Tito Guarniere: &quot;Tu\u00edtes e os bastidores pela corrida presidencial&quot; - O Timoneiro Jornal Canoas RS\" \/>\n<meta property=\"og:description\" content=\"Tito Guarniere TU\u00cdTES O intoc\u00e1vel O ex-juiz S\u00e9rgio Moro, se v\u00ea como intoc\u00e1vel na sua autobiografia e compara as suas a\u00e7\u00f5es na Lava Jato \u00e0s de Eliot Ness.\u00a0 Faz sentido. Ao menos no filme de Brian de Palma, Ness come\u00e7a a carreira cumprindo as normas legais, mas depois manda \u00e0s favas os escr\u00fapulos e viola [&hellip;]\" \/>\n<meta property=\"og:url\" content=\"https:\/\/jornaltimoneiro.com.br\/index.php\/2021\/12\/10\/tito-guarniere-tuites-e-os-bastidores-pela-corrida-presidencial\/\" \/>\n<meta property=\"og:site_name\" content=\"O Timoneiro Jornal Canoas RS\" \/>\n<meta property=\"article:publisher\" content=\"https:\/\/www.facebook.com\/jornaltimoneiro\" \/>\n<meta property=\"article:published_time\" content=\"2021-12-10T09:00:18+00:00\" \/>\n<meta property=\"article:modified_time\" content=\"2021-12-09T17:53:23+00:00\" \/>\n<meta property=\"og:image\" content=\"https:\/\/jornaltimoneiro.com.br\/wp-content\/uploads\/2021\/12\/1616011716977.jpg\" \/>\n\t<meta property=\"og:image:width\" content=\"500\" \/>\n\t<meta property=\"og:image:height\" content=\"296\" \/>\n\t<meta property=\"og:image:type\" content=\"image\/jpeg\" \/>\n<meta name=\"author\" content=\"Reda\u00e7\u00e3o\" \/>\n<meta name=\"twitter:card\" content=\"summary_large_image\" \/>\n<meta name=\"twitter:creator\" content=\"@_OTimoneiro\" \/>\n<meta name=\"twitter:site\" content=\"@_OTimoneiro\" \/>\n<meta name=\"twitter:label1\" content=\"Escrito por\" \/>\n\t<meta name=\"twitter:data1\" content=\"Reda\u00e7\u00e3o\" \/>\n\t<meta name=\"twitter:label2\" content=\"Est. tempo de leitura\" \/>\n\t<meta name=\"twitter:data2\" content=\"3 minutos\" \/>\n<script type=\"application\/ld+json\" class=\"yoast-schema-graph\">{\"@context\":\"https:\/\/schema.org\",\"@graph\":[{\"@type\":\"Article\",\"@id\":\"https:\/\/jornaltimoneiro.com.br\/index.php\/2021\/12\/10\/tito-guarniere-tuites-e-os-bastidores-pela-corrida-presidencial\/#article\",\"isPartOf\":{\"@id\":\"https:\/\/jornaltimoneiro.com.br\/index.php\/2021\/12\/10\/tito-guarniere-tuites-e-os-bastidores-pela-corrida-presidencial\/\"},\"author\":{\"name\":\"Reda\u00e7\u00e3o\",\"@id\":\"https:\/\/jornaltimoneiro.com.br\/#\/schema\/person\/f63482f1a02b1a9592707865e509ab40\"},\"headline\":\"Tito Guarniere: &#8220;Tu\u00edtes e os bastidores pela corrida presidencial&#8221;\",\"datePublished\":\"2021-12-10T09:00:18+00:00\",\"dateModified\":\"2021-12-09T17:53:23+00:00\",\"mainEntityOfPage\":{\"@id\":\"https:\/\/jornaltimoneiro.com.br\/index.php\/2021\/12\/10\/tito-guarniere-tuites-e-os-bastidores-pela-corrida-presidencial\/\"},\"wordCount\":584,\"commentCount\":1,\"publisher\":{\"@id\":\"https:\/\/jornaltimoneiro.com.br\/#organization\"},\"articleSection\":[\"Opini\u00e3o\"],\"inLanguage\":\"pt-BR\",\"potentialAction\":[{\"@type\":\"CommentAction\",\"name\":\"Comment\",\"target\":[\"https:\/\/jornaltimoneiro.com.br\/index.php\/2021\/12\/10\/tito-guarniere-tuites-e-os-bastidores-pela-corrida-presidencial\/#respond\"]}]},{\"@type\":\"WebPage\",\"@id\":\"https:\/\/jornaltimoneiro.com.br\/index.php\/2021\/12\/10\/tito-guarniere-tuites-e-os-bastidores-pela-corrida-presidencial\/\",\"url\":\"https:\/\/jornaltimoneiro.com.br\/index.php\/2021\/12\/10\/tito-guarniere-tuites-e-os-bastidores-pela-corrida-presidencial\/\",\"name\":\"Tito Guarniere: \\\"Tu\u00edtes e os bastidores pela corrida presidencial\\\" - O Timoneiro Jornal Canoas RS\",\"isPartOf\":{\"@id\":\"https:\/\/jornaltimoneiro.com.br\/#website\"},\"datePublished\":\"2021-12-10T09:00:18+00:00\",\"dateModified\":\"2021-12-09T17:53:23+00:00\",\"breadcrumb\":{\"@id\":\"https:\/\/jornaltimoneiro.com.br\/index.php\/2021\/12\/10\/tito-guarniere-tuites-e-os-bastidores-pela-corrida-presidencial\/#breadcrumb\"},\"inLanguage\":\"pt-BR\",\"potentialAction\":[{\"@type\":\"ReadAction\",\"target\":[\"https:\/\/jornaltimoneiro.com.br\/index.php\/2021\/12\/10\/tito-guarniere-tuites-e-os-bastidores-pela-corrida-presidencial\/\"]}]},{\"@type\":\"BreadcrumbList\",\"@id\":\"https:\/\/jornaltimoneiro.com.br\/index.php\/2021\/12\/10\/tito-guarniere-tuites-e-os-bastidores-pela-corrida-presidencial\/#breadcrumb\",\"itemListElement\":[{\"@type\":\"ListItem\",\"position\":1,\"name\":\"In\u00edcio\",\"item\":\"https:\/\/jornaltimoneiro.com.br\/\"},{\"@type\":\"ListItem\",\"position\":2,\"name\":\"Tito Guarniere: &#8220;Tu\u00edtes e os bastidores pela corrida presidencial&#8221;\"}]},{\"@type\":\"WebSite\",\"@id\":\"https:\/\/jornaltimoneiro.com.br\/#website\",\"url\":\"https:\/\/jornaltimoneiro.com.br\/\",\"name\":\"Jornal Timoneiro Canoas RS\",\"description\":\"Jornal O Timoneiro, o verdadeiro jornal de Canoas\",\"publisher\":{\"@id\":\"https:\/\/jornaltimoneiro.com.br\/#organization\"},\"potentialAction\":[{\"@type\":\"SearchAction\",\"target\":{\"@type\":\"EntryPoint\",\"urlTemplate\":\"https:\/\/jornaltimoneiro.com.br\/?s={search_term_string}\"},\"query-input\":\"required name=search_term_string\"}],\"inLanguage\":\"pt-BR\"},{\"@type\":\"Organization\",\"@id\":\"https:\/\/jornaltimoneiro.com.br\/#organization\",\"name\":\"Jornal Timoneiro Canoas RS\",\"url\":\"https:\/\/jornaltimoneiro.com.br\/\",\"logo\":{\"@type\":\"ImageObject\",\"inLanguage\":\"pt-BR\",\"@id\":\"https:\/\/jornaltimoneiro.com.br\/#\/schema\/logo\/image\/\",\"url\":\"https:\/\/jornaltimoneiro.com.br\/wp-content\/uploads\/2023\/03\/logonovo.png\",\"contentUrl\":\"https:\/\/jornaltimoneiro.com.br\/wp-content\/uploads\/2023\/03\/logonovo.png\",\"width\":\"469\",\"height\":\"171\",\"caption\":\"Jornal Timoneiro Canoas RS\"},\"image\":{\"@id\":\"https:\/\/jornaltimoneiro.com.br\/#\/schema\/logo\/image\/\"},\"sameAs\":[\"https:\/\/www.facebook.com\/jornaltimoneiro\",\"https:\/\/twitter.com\/_OTimoneiro\",\"https:\/\/www.instagram.com\/jornaltimoneirocanoas\/\",\"https:\/\/www.youtube.com\/@jornalotimoneiro7927\"]},{\"@type\":\"Person\",\"@id\":\"https:\/\/jornaltimoneiro.com.br\/#\/schema\/person\/f63482f1a02b1a9592707865e509ab40\",\"name\":\"Reda\u00e7\u00e3o\",\"image\":{\"@type\":\"ImageObject\",\"inLanguage\":\"pt-BR\",\"@id\":\"https:\/\/jornaltimoneiro.com.br\/#\/schema\/person\/image\/\",\"url\":\"https:\/\/jornaltimoneiro.com.br\/wp-content\/uploads\/2023\/03\/download.jpeg\",\"contentUrl\":\"https:\/\/jornaltimoneiro.com.br\/wp-content\/uploads\/2023\/03\/download.jpeg\",\"caption\":\"Reda\u00e7\u00e3o\"},\"url\":\"https:\/\/jornaltimoneiro.com.br\/index.php\/author\/simone-dutra\/\"}]}<\/script>\n<!-- \/ Yoast SEO plugin. -->","yoast_head_json":{"title":"Tito Guarniere: \"Tu\u00edtes e os bastidores pela corrida presidencial\" - O Timoneiro Jornal Canoas RS","robots":{"index":"index","follow":"follow","max-snippet":"max-snippet:-1","max-image-preview":"max-image-preview:large","max-video-preview":"max-video-preview:-1"},"canonical":"https:\/\/jornaltimoneiro.com.br\/index.php\/2021\/12\/10\/tito-guarniere-tuites-e-os-bastidores-pela-corrida-presidencial\/","og_locale":"pt_BR","og_type":"article","og_title":"Tito Guarniere: \"Tu\u00edtes e os bastidores pela corrida presidencial\" - O Timoneiro Jornal Canoas RS","og_description":"Tito Guarniere TU\u00cdTES O intoc\u00e1vel O ex-juiz S\u00e9rgio Moro, se v\u00ea como intoc\u00e1vel na sua autobiografia e compara as suas a\u00e7\u00f5es na Lava Jato \u00e0s de Eliot Ness.\u00a0 Faz sentido. Ao menos no filme de Brian de Palma, Ness come\u00e7a a carreira cumprindo as normas legais, mas depois manda \u00e0s favas os escr\u00fapulos e viola [&hellip;]","og_url":"https:\/\/jornaltimoneiro.com.br\/index.php\/2021\/12\/10\/tito-guarniere-tuites-e-os-bastidores-pela-corrida-presidencial\/","og_site_name":"O Timoneiro Jornal Canoas RS","article_publisher":"https:\/\/www.facebook.com\/jornaltimoneiro","article_published_time":"2021-12-10T09:00:18+00:00","article_modified_time":"2021-12-09T17:53:23+00:00","og_image":[{"width":"500","height":"296","url":"https:\/\/jornaltimoneiro.com.br\/wp-content\/uploads\/2021\/12\/1616011716977.jpg","type":"image\/jpeg"}],"author":"Reda\u00e7\u00e3o","twitter_card":"summary_large_image","twitter_creator":"@_OTimoneiro","twitter_site":"@_OTimoneiro","twitter_misc":{"Escrito por":"Reda\u00e7\u00e3o","Est. tempo de leitura":"3 minutos"},"schema":{"@context":"https:\/\/schema.org","@graph":[{"@type":"Article","@id":"https:\/\/jornaltimoneiro.com.br\/index.php\/2021\/12\/10\/tito-guarniere-tuites-e-os-bastidores-pela-corrida-presidencial\/#article","isPartOf":{"@id":"https:\/\/jornaltimoneiro.com.br\/index.php\/2021\/12\/10\/tito-guarniere-tuites-e-os-bastidores-pela-corrida-presidencial\/"},"author":{"name":"Reda\u00e7\u00e3o","@id":"https:\/\/jornaltimoneiro.com.br\/#\/schema\/person\/f63482f1a02b1a9592707865e509ab40"},"headline":"Tito Guarniere: &#8220;Tu\u00edtes e os bastidores pela corrida presidencial&#8221;","datePublished":"2021-12-10T09:00:18+00:00","dateModified":"2021-12-09T17:53:23+00:00","mainEntityOfPage":{"@id":"https:\/\/jornaltimoneiro.com.br\/index.php\/2021\/12\/10\/tito-guarniere-tuites-e-os-bastidores-pela-corrida-presidencial\/"},"wordCount":584,"commentCount":1,"publisher":{"@id":"https:\/\/jornaltimoneiro.com.br\/#organization"},"articleSection":["Opini\u00e3o"],"inLanguage":"pt-BR","potentialAction":[{"@type":"CommentAction","name":"Comment","target":["https:\/\/jornaltimoneiro.com.br\/index.php\/2021\/12\/10\/tito-guarniere-tuites-e-os-bastidores-pela-corrida-presidencial\/#respond"]}]},{"@type":"WebPage","@id":"https:\/\/jornaltimoneiro.com.br\/index.php\/2021\/12\/10\/tito-guarniere-tuites-e-os-bastidores-pela-corrida-presidencial\/","url":"https:\/\/jornaltimoneiro.com.br\/index.php\/2021\/12\/10\/tito-guarniere-tuites-e-os-bastidores-pela-corrida-presidencial\/","name":"Tito Guarniere: \"Tu\u00edtes e os bastidores pela corrida presidencial\" - O Timoneiro Jornal Canoas RS","isPartOf":{"@id":"https:\/\/jornaltimoneiro.com.br\/#website"},"datePublished":"2021-12-10T09:00:18+00:00","dateModified":"2021-12-09T17:53:23+00:00","breadcrumb":{"@id":"https:\/\/jornaltimoneiro.com.br\/index.php\/2021\/12\/10\/tito-guarniere-tuites-e-os-bastidores-pela-corrida-presidencial\/#breadcrumb"},"inLanguage":"pt-BR","potentialAction":[{"@type":"ReadAction","target":["https:\/\/jornaltimoneiro.com.br\/index.php\/2021\/12\/10\/tito-guarniere-tuites-e-os-bastidores-pela-corrida-presidencial\/"]}]},{"@type":"BreadcrumbList","@id":"https:\/\/jornaltimoneiro.com.br\/index.php\/2021\/12\/10\/tito-guarniere-tuites-e-os-bastidores-pela-corrida-presidencial\/#breadcrumb","itemListElement":[{"@type":"ListItem","position":1,"name":"In\u00edcio","item":"https:\/\/jornaltimoneiro.com.br\/"},{"@type":"ListItem","position":2,"name":"Tito Guarniere: &#8220;Tu\u00edtes e os bastidores pela corrida presidencial&#8221;"}]},{"@type":"WebSite","@id":"https:\/\/jornaltimoneiro.com.br\/#website","url":"https:\/\/jornaltimoneiro.com.br\/","name":"Jornal Timoneiro Canoas RS","description":"Jornal O Timoneiro, o verdadeiro jornal de Canoas","publisher":{"@id":"https:\/\/jornaltimoneiro.com.br\/#organization"},"potentialAction":[{"@type":"SearchAction","target":{"@type":"EntryPoint","urlTemplate":"https:\/\/jornaltimoneiro.com.br\/?s={search_term_string}"},"query-input":"required name=search_term_string"}],"inLanguage":"pt-BR"},{"@type":"Organization","@id":"https:\/\/jornaltimoneiro.com.br\/#organization","name":"Jornal Timoneiro Canoas RS","url":"https:\/\/jornaltimoneiro.com.br\/","logo":{"@type":"ImageObject","inLanguage":"pt-BR","@id":"https:\/\/jornaltimoneiro.com.br\/#\/schema\/logo\/image\/","url":"https:\/\/jornaltimoneiro.com.br\/wp-content\/uploads\/2023\/03\/logonovo.png","contentUrl":"https:\/\/jornaltimoneiro.com.br\/wp-content\/uploads\/2023\/03\/logonovo.png","width":"469","height":"171","caption":"Jornal Timoneiro Canoas RS"},"image":{"@id":"https:\/\/jornaltimoneiro.com.br\/#\/schema\/logo\/image\/"},"sameAs":["https:\/\/www.facebook.com\/jornaltimoneiro","https:\/\/twitter.com\/_OTimoneiro","https:\/\/www.instagram.com\/jornaltimoneirocanoas\/","https:\/\/www.youtube.com\/@jornalotimoneiro7927"]},{"@type":"Person","@id":"https:\/\/jornaltimoneiro.com.br\/#\/schema\/person\/f63482f1a02b1a9592707865e509ab40","name":"Reda\u00e7\u00e3o","image":{"@type":"ImageObject","inLanguage":"pt-BR","@id":"https:\/\/jornaltimoneiro.com.br\/#\/schema\/person\/image\/","url":"https:\/\/jornaltimoneiro.com.br\/wp-content\/uploads\/2023\/03\/download.jpeg","contentUrl":"https:\/\/jornaltimoneiro.com.br\/wp-content\/uploads\/2023\/03\/download.jpeg","caption":"Reda\u00e7\u00e3o"},"url":"https:\/\/jornaltimoneiro.com.br\/index.php\/author\/simone-dutra\/"}]}},"_links":{"self":[{"href":"https:\/\/jornaltimoneiro.com.br\/index.php\/wp-json\/wp\/v2\/posts\/21687"}],"collection":[{"href":"https:\/\/jornaltimoneiro.com.br\/index.php\/wp-json\/wp\/v2\/posts"}],"about":[{"href":"https:\/\/jornaltimoneiro.com.br\/index.php\/wp-json\/wp\/v2\/types\/post"}],"author":[{"embeddable":true,"href":"https:\/\/jornaltimoneiro.com.br\/index.php\/wp-json\/wp\/v2\/users\/2"}],"replies":[{"embeddable":true,"href":"https:\/\/jornaltimoneiro.com.br\/index.php\/wp-json\/wp\/v2\/comments?post=21687"}],"version-history":[{"count":2,"href":"https:\/\/jornaltimoneiro.com.br\/index.php\/wp-json\/wp\/v2\/posts\/21687\/revisions"}],"predecessor-version":[{"id":21697,"href":"https:\/\/jornaltimoneiro.com.br\/index.php\/wp-json\/wp\/v2\/posts\/21687\/revisions\/21697"}],"wp:featuredmedia":[{"embeddable":true,"href":"https:\/\/jornaltimoneiro.com.br\/index.php\/wp-json\/wp\/v2\/media\/21695"}],"wp:attachment":[{"href":"https:\/\/jornaltimoneiro.com.br\/index.php\/wp-json\/wp\/v2\/media?parent=21687"}],"wp:term":[{"taxonomy":"category","embeddable":true,"href":"https:\/\/jornaltimoneiro.com.br\/index.php\/wp-json\/wp\/v2\/categories?post=21687"},{"taxonomy":"post_tag","embeddable":true,"href":"https:\/\/jornaltimoneiro.com.br\/index.php\/wp-json\/wp\/v2\/tags?post=21687"}],"curies":[{"name":"wp","href":"https:\/\/api.w.org\/{rel}","templated":true}]}}