{"id":21672,"date":"2021-12-10T07:00:04","date_gmt":"2021-12-10T09:00:04","guid":{"rendered":"https:\/\/jornaltimoneiro.com.br\/?p=21672"},"modified":"2021-12-10T11:28:20","modified_gmt":"2021-12-10T13:28:20","slug":"juares-hoy-acredita-que-chegou-a-sua-hora-de-ser-prefeito","status":"publish","type":"post","link":"https:\/\/jornaltimoneiro.com.br\/index.php\/2021\/12\/10\/juares-hoy-acredita-que-chegou-a-sua-hora-de-ser-prefeito\/","title":{"rendered":"Juares Hoy acredita que \u201cchegou a sua hora\u201d de ser prefeito"},"content":{"rendered":"<p><strong><em>por Vanderlei Dutra Filho<\/em><\/strong><\/p>\n<p>Em entrevista ao canal Est\u00fadio otPlay no Youtube, o vereador falou sobre seu futuro pol\u00edtico, avaliou a gest\u00e3o dos cinco prefeitos com quem trabalhou nestes sete mandatos no Legislativo canoense, falou sobre como est\u00e3o os trabalhos na C\u00e2mara de Vereadores atualmente e ainda sobre Bolsonaro, Lula, STF e muito mais.<\/p>\n<p>Ele chefiou quatro delegacias de pol\u00edcia na cidade de Canoas e se elegeu vereador pela primeira vez em 1992. Sem papas na l\u00edngua e de temperamento combativo, o comiss\u00e1rio de pol\u00edcia e vereador de s\u00e9timo mandato Juares Hoy (PTB) tem a seguran\u00e7a p\u00fablica como pauta principal de sua atua\u00e7\u00e3o. Educa\u00e7\u00e3o, sa\u00fade e servi\u00e7os p\u00fablicos s\u00e3o temas que ele tamb\u00e9m destaca, mas o trabalho das pol\u00edcias e do judici\u00e1rio est\u00e3o sempre nas suas palavras.<\/p>\n<p>Durante os 35 minutos de entrevista ao canal Est\u00fadio otPlay, a atua\u00e7\u00e3o dos ministros do STF, do presidente Jair Messias Bolsonaro (PL) e do ex-presidente Luiz In\u00e1cio Lula da Silva (PT) foram assuntos recorrentes.<\/p>\n<p><strong>Perfil dos \u00faltimos 5 prefeitos<\/strong><\/p>\n<p>Questionado sobre pontos fracos e fortes dos prefeitos com quem trabalhou nestes sete mandatos como vereador (Liberty Dick Conter, Hugo Lagranha, Marcos Ronchetti, Jairo Jorge e Luiz Carlos Busato), Hoy se ateve mais aos que tiveram maior sintonia. Relatou que fez a altera\u00e7\u00e3o do nome de Conter na identidade quando ele adicionou o apelido \u201cDick\u201d, que era amigo pessoal de frequentar a casa do ex-prefeito Ronchetti e que com Busato a rela\u00e7\u00e3o sempre foi muito aberta, &#8220;t\u00eate-\u00e0-t\u00eate&#8221;. N\u00e3o exitou em eleger Busato como a melhor administra\u00e7\u00e3o das analisadas, destacando o trabalho na reforma e constru\u00e7\u00e3o de escolas e o enfrentamento dos problemas da sa\u00fade, segundo suas palavras \u201cum caos\u201d.<\/p>\n<p><strong>Prefeito Juares Hoy?<\/strong><\/p>\n<p>Ao ser questionado sobre seu futuro pol\u00edtico nas elei\u00e7\u00f5es de 2022, Hoy disse que n\u00e3o tem defini\u00e7\u00e3o se ser\u00e1 candidato a deputado estadual ou federal nem se continuar\u00e1 no PTB. Mas foi enf\u00e1tico ao responder a \u00faltima pergunta: \u201cse depender de ti, teremos no futuro um prefeito Juares Hoy?\u201d.<\/p>\n<p>\u201cEu acho que chegou a minha hora. Acho que estou preparado. A sociedade me conhece. Eu quero o bem da cidade. E, exceto o Dick, os prefeitos de Canoas todos foram vereadores\u201d, respondeu Hoy. E, na mensagem final, voltou ao assunto: \u201cFiz uma hist\u00f3ria na Pol\u00edcia Civil, fiz uma hist\u00f3ria na C\u00e2mara at\u00e9 agora e, qui\u00e7\u00e1, daqui a tr\u00eas anos algum partido ou uma coliga\u00e7\u00e3o forte leve de novo para o Poder Executivo um vereador e meu nome estar\u00e1 com certeza \u00e0 disposi\u00e7\u00e3o&#8221;, finalizou.<\/p>\n","protected":false},"excerpt":{"rendered":"<p>por Vanderlei Dutra Filho Em entrevista ao canal Est\u00fadio otPlay no Youtube, o vereador falou sobre seu futuro pol\u00edtico, avaliou a gest\u00e3o dos cinco prefeitos com quem trabalhou nestes sete mandatos no Legislativo canoense, falou sobre como est\u00e3o os trabalhos na C\u00e2mara de Vereadores atualmente e ainda sobre Bolsonaro, Lula, STF e muito mais. Ele [&hellip;]<\/p>\n","protected":false},"author":2,"featured_media":21682,"comment_status":"open","ping_status":"open","sticky":false,"template":"","format":"standard","meta":{"amp_status":"","footnotes":""},"categories":[20],"tags":[],"class_list":["post-21672","post","type-post","status-publish","format-standard","has-post-thumbnail","hentry","category-politica-noticias"],"yoast_head":"<!-- This site is optimized with the Yoast SEO plugin v20.5 - https:\/\/yoast.com\/wordpress\/plugins\/seo\/ -->\n<title>Juares Hoy acredita que \u201cchegou a sua hora\u201d de ser prefeito - O Timoneiro Jornal Canoas RS<\/title>\n<meta name=\"robots\" content=\"index, follow, max-snippet:-1, max-image-preview:large, max-video-preview:-1\" \/>\n<link rel=\"canonical\" href=\"https:\/\/jornaltimoneiro.com.br\/index.php\/2021\/12\/10\/juares-hoy-acredita-que-chegou-a-sua-hora-de-ser-prefeito\/\" \/>\n<meta property=\"og:locale\" content=\"pt_BR\" \/>\n<meta property=\"og:type\" content=\"article\" \/>\n<meta property=\"og:title\" content=\"Juares Hoy acredita que \u201cchegou a sua hora\u201d de ser prefeito - O Timoneiro Jornal Canoas RS\" \/>\n<meta property=\"og:description\" content=\"por Vanderlei Dutra Filho Em entrevista ao canal Est\u00fadio otPlay no Youtube, o vereador falou sobre seu futuro pol\u00edtico, avaliou a gest\u00e3o dos cinco prefeitos com quem trabalhou nestes sete mandatos no Legislativo canoense, falou sobre como est\u00e3o os trabalhos na C\u00e2mara de Vereadores atualmente e ainda sobre Bolsonaro, Lula, STF e muito mais. Ele [&hellip;]\" \/>\n<meta property=\"og:url\" content=\"https:\/\/jornaltimoneiro.com.br\/index.php\/2021\/12\/10\/juares-hoy-acredita-que-chegou-a-sua-hora-de-ser-prefeito\/\" \/>\n<meta property=\"og:site_name\" content=\"O Timoneiro Jornal Canoas RS\" \/>\n<meta property=\"article:publisher\" content=\"https:\/\/www.facebook.com\/jornaltimoneiro\" \/>\n<meta property=\"article:published_time\" content=\"2021-12-10T09:00:04+00:00\" \/>\n<meta property=\"article:modified_time\" content=\"2021-12-10T13:28:20+00:00\" \/>\n<meta property=\"og:image\" content=\"https:\/\/jornaltimoneiro.com.br\/wp-content\/uploads\/2021\/12\/WhatsApp-Image-2021-12-09-at-12.04.37.jpeg\" \/>\n\t<meta property=\"og:image:width\" content=\"1066\" \/>\n\t<meta property=\"og:image:height\" content=\"606\" \/>\n\t<meta property=\"og:image:type\" content=\"image\/jpeg\" \/>\n<meta name=\"author\" content=\"Reda\u00e7\u00e3o\" \/>\n<meta name=\"twitter:card\" content=\"summary_large_image\" \/>\n<meta name=\"twitter:creator\" content=\"@_OTimoneiro\" \/>\n<meta name=\"twitter:site\" content=\"@_OTimoneiro\" \/>\n<meta name=\"twitter:label1\" content=\"Escrito por\" \/>\n\t<meta name=\"twitter:data1\" content=\"Reda\u00e7\u00e3o\" \/>\n\t<meta name=\"twitter:label2\" content=\"Est. tempo de leitura\" \/>\n\t<meta name=\"twitter:data2\" content=\"2 minutos\" \/>\n<script type=\"application\/ld+json\" class=\"yoast-schema-graph\">{\"@context\":\"https:\/\/schema.org\",\"@graph\":[{\"@type\":\"Article\",\"@id\":\"https:\/\/jornaltimoneiro.com.br\/index.php\/2021\/12\/10\/juares-hoy-acredita-que-chegou-a-sua-hora-de-ser-prefeito\/#article\",\"isPartOf\":{\"@id\":\"https:\/\/jornaltimoneiro.com.br\/index.php\/2021\/12\/10\/juares-hoy-acredita-que-chegou-a-sua-hora-de-ser-prefeito\/\"},\"author\":{\"name\":\"Reda\u00e7\u00e3o\",\"@id\":\"https:\/\/jornaltimoneiro.com.br\/#\/schema\/person\/f63482f1a02b1a9592707865e509ab40\"},\"headline\":\"Juares Hoy acredita que \u201cchegou a sua hora\u201d de ser prefeito\",\"datePublished\":\"2021-12-10T09:00:04+00:00\",\"dateModified\":\"2021-12-10T13:28:20+00:00\",\"mainEntityOfPage\":{\"@id\":\"https:\/\/jornaltimoneiro.com.br\/index.php\/2021\/12\/10\/juares-hoy-acredita-que-chegou-a-sua-hora-de-ser-prefeito\/\"},\"wordCount\":463,\"commentCount\":0,\"publisher\":{\"@id\":\"https:\/\/jornaltimoneiro.com.br\/#organization\"},\"articleSection\":[\"Pol\u00edtica\"],\"inLanguage\":\"pt-BR\",\"potentialAction\":[{\"@type\":\"CommentAction\",\"name\":\"Comment\",\"target\":[\"https:\/\/jornaltimoneiro.com.br\/index.php\/2021\/12\/10\/juares-hoy-acredita-que-chegou-a-sua-hora-de-ser-prefeito\/#respond\"]}]},{\"@type\":\"WebPage\",\"@id\":\"https:\/\/jornaltimoneiro.com.br\/index.php\/2021\/12\/10\/juares-hoy-acredita-que-chegou-a-sua-hora-de-ser-prefeito\/\",\"url\":\"https:\/\/jornaltimoneiro.com.br\/index.php\/2021\/12\/10\/juares-hoy-acredita-que-chegou-a-sua-hora-de-ser-prefeito\/\",\"name\":\"Juares Hoy acredita que \u201cchegou a sua hora\u201d de ser prefeito - O Timoneiro Jornal Canoas RS\",\"isPartOf\":{\"@id\":\"https:\/\/jornaltimoneiro.com.br\/#website\"},\"datePublished\":\"2021-12-10T09:00:04+00:00\",\"dateModified\":\"2021-12-10T13:28:20+00:00\",\"breadcrumb\":{\"@id\":\"https:\/\/jornaltimoneiro.com.br\/index.php\/2021\/12\/10\/juares-hoy-acredita-que-chegou-a-sua-hora-de-ser-prefeito\/#breadcrumb\"},\"inLanguage\":\"pt-BR\",\"potentialAction\":[{\"@type\":\"ReadAction\",\"target\":[\"https:\/\/jornaltimoneiro.com.br\/index.php\/2021\/12\/10\/juares-hoy-acredita-que-chegou-a-sua-hora-de-ser-prefeito\/\"]}]},{\"@type\":\"BreadcrumbList\",\"@id\":\"https:\/\/jornaltimoneiro.com.br\/index.php\/2021\/12\/10\/juares-hoy-acredita-que-chegou-a-sua-hora-de-ser-prefeito\/#breadcrumb\",\"itemListElement\":[{\"@type\":\"ListItem\",\"position\":1,\"name\":\"In\u00edcio\",\"item\":\"https:\/\/jornaltimoneiro.com.br\/\"},{\"@type\":\"ListItem\",\"position\":2,\"name\":\"Juares Hoy acredita que \u201cchegou a sua hora\u201d de ser prefeito\"}]},{\"@type\":\"WebSite\",\"@id\":\"https:\/\/jornaltimoneiro.com.br\/#website\",\"url\":\"https:\/\/jornaltimoneiro.com.br\/\",\"name\":\"Jornal Timoneiro Canoas RS\",\"description\":\"Jornal O Timoneiro, o verdadeiro jornal de Canoas\",\"publisher\":{\"@id\":\"https:\/\/jornaltimoneiro.com.br\/#organization\"},\"potentialAction\":[{\"@type\":\"SearchAction\",\"target\":{\"@type\":\"EntryPoint\",\"urlTemplate\":\"https:\/\/jornaltimoneiro.com.br\/?s={search_term_string}\"},\"query-input\":\"required name=search_term_string\"}],\"inLanguage\":\"pt-BR\"},{\"@type\":\"Organization\",\"@id\":\"https:\/\/jornaltimoneiro.com.br\/#organization\",\"name\":\"Jornal Timoneiro Canoas RS\",\"url\":\"https:\/\/jornaltimoneiro.com.br\/\",\"logo\":{\"@type\":\"ImageObject\",\"inLanguage\":\"pt-BR\",\"@id\":\"https:\/\/jornaltimoneiro.com.br\/#\/schema\/logo\/image\/\",\"url\":\"https:\/\/jornaltimoneiro.com.br\/wp-content\/uploads\/2023\/03\/logonovo.png\",\"contentUrl\":\"https:\/\/jornaltimoneiro.com.br\/wp-content\/uploads\/2023\/03\/logonovo.png\",\"width\":\"469\",\"height\":\"171\",\"caption\":\"Jornal Timoneiro Canoas RS\"},\"image\":{\"@id\":\"https:\/\/jornaltimoneiro.com.br\/#\/schema\/logo\/image\/\"},\"sameAs\":[\"https:\/\/www.facebook.com\/jornaltimoneiro\",\"https:\/\/twitter.com\/_OTimoneiro\",\"https:\/\/www.instagram.com\/jornaltimoneirocanoas\/\",\"https:\/\/www.youtube.com\/@jornalotimoneiro7927\"]},{\"@type\":\"Person\",\"@id\":\"https:\/\/jornaltimoneiro.com.br\/#\/schema\/person\/f63482f1a02b1a9592707865e509ab40\",\"name\":\"Reda\u00e7\u00e3o\",\"image\":{\"@type\":\"ImageObject\",\"inLanguage\":\"pt-BR\",\"@id\":\"https:\/\/jornaltimoneiro.com.br\/#\/schema\/person\/image\/\",\"url\":\"https:\/\/jornaltimoneiro.com.br\/wp-content\/uploads\/2023\/03\/download.jpeg\",\"contentUrl\":\"https:\/\/jornaltimoneiro.com.br\/wp-content\/uploads\/2023\/03\/download.jpeg\",\"caption\":\"Reda\u00e7\u00e3o\"},\"url\":\"https:\/\/jornaltimoneiro.com.br\/index.php\/author\/simone-dutra\/\"}]}<\/script>\n<!-- \/ Yoast SEO plugin. -->","yoast_head_json":{"title":"Juares Hoy acredita que \u201cchegou a sua hora\u201d de ser prefeito - O Timoneiro Jornal Canoas RS","robots":{"index":"index","follow":"follow","max-snippet":"max-snippet:-1","max-image-preview":"max-image-preview:large","max-video-preview":"max-video-preview:-1"},"canonical":"https:\/\/jornaltimoneiro.com.br\/index.php\/2021\/12\/10\/juares-hoy-acredita-que-chegou-a-sua-hora-de-ser-prefeito\/","og_locale":"pt_BR","og_type":"article","og_title":"Juares Hoy acredita que \u201cchegou a sua hora\u201d de ser prefeito - O Timoneiro Jornal Canoas RS","og_description":"por Vanderlei Dutra Filho Em entrevista ao canal Est\u00fadio otPlay no Youtube, o vereador falou sobre seu futuro pol\u00edtico, avaliou a gest\u00e3o dos cinco prefeitos com quem trabalhou nestes sete mandatos no Legislativo canoense, falou sobre como est\u00e3o os trabalhos na C\u00e2mara de Vereadores atualmente e ainda sobre Bolsonaro, Lula, STF e muito mais. Ele [&hellip;]","og_url":"https:\/\/jornaltimoneiro.com.br\/index.php\/2021\/12\/10\/juares-hoy-acredita-que-chegou-a-sua-hora-de-ser-prefeito\/","og_site_name":"O Timoneiro Jornal Canoas RS","article_publisher":"https:\/\/www.facebook.com\/jornaltimoneiro","article_published_time":"2021-12-10T09:00:04+00:00","article_modified_time":"2021-12-10T13:28:20+00:00","og_image":[{"width":"1066","height":"606","url":"https:\/\/jornaltimoneiro.com.br\/wp-content\/uploads\/2021\/12\/WhatsApp-Image-2021-12-09-at-12.04.37.jpeg","type":"image\/jpeg"}],"author":"Reda\u00e7\u00e3o","twitter_card":"summary_large_image","twitter_creator":"@_OTimoneiro","twitter_site":"@_OTimoneiro","twitter_misc":{"Escrito por":"Reda\u00e7\u00e3o","Est. tempo de leitura":"2 minutos"},"schema":{"@context":"https:\/\/schema.org","@graph":[{"@type":"Article","@id":"https:\/\/jornaltimoneiro.com.br\/index.php\/2021\/12\/10\/juares-hoy-acredita-que-chegou-a-sua-hora-de-ser-prefeito\/#article","isPartOf":{"@id":"https:\/\/jornaltimoneiro.com.br\/index.php\/2021\/12\/10\/juares-hoy-acredita-que-chegou-a-sua-hora-de-ser-prefeito\/"},"author":{"name":"Reda\u00e7\u00e3o","@id":"https:\/\/jornaltimoneiro.com.br\/#\/schema\/person\/f63482f1a02b1a9592707865e509ab40"},"headline":"Juares Hoy acredita que \u201cchegou a sua hora\u201d de ser prefeito","datePublished":"2021-12-10T09:00:04+00:00","dateModified":"2021-12-10T13:28:20+00:00","mainEntityOfPage":{"@id":"https:\/\/jornaltimoneiro.com.br\/index.php\/2021\/12\/10\/juares-hoy-acredita-que-chegou-a-sua-hora-de-ser-prefeito\/"},"wordCount":463,"commentCount":0,"publisher":{"@id":"https:\/\/jornaltimoneiro.com.br\/#organization"},"articleSection":["Pol\u00edtica"],"inLanguage":"pt-BR","potentialAction":[{"@type":"CommentAction","name":"Comment","target":["https:\/\/jornaltimoneiro.com.br\/index.php\/2021\/12\/10\/juares-hoy-acredita-que-chegou-a-sua-hora-de-ser-prefeito\/#respond"]}]},{"@type":"WebPage","@id":"https:\/\/jornaltimoneiro.com.br\/index.php\/2021\/12\/10\/juares-hoy-acredita-que-chegou-a-sua-hora-de-ser-prefeito\/","url":"https:\/\/jornaltimoneiro.com.br\/index.php\/2021\/12\/10\/juares-hoy-acredita-que-chegou-a-sua-hora-de-ser-prefeito\/","name":"Juares Hoy acredita que \u201cchegou a sua hora\u201d de ser prefeito - O Timoneiro Jornal Canoas RS","isPartOf":{"@id":"https:\/\/jornaltimoneiro.com.br\/#website"},"datePublished":"2021-12-10T09:00:04+00:00","dateModified":"2021-12-10T13:28:20+00:00","breadcrumb":{"@id":"https:\/\/jornaltimoneiro.com.br\/index.php\/2021\/12\/10\/juares-hoy-acredita-que-chegou-a-sua-hora-de-ser-prefeito\/#breadcrumb"},"inLanguage":"pt-BR","potentialAction":[{"@type":"ReadAction","target":["https:\/\/jornaltimoneiro.com.br\/index.php\/2021\/12\/10\/juares-hoy-acredita-que-chegou-a-sua-hora-de-ser-prefeito\/"]}]},{"@type":"BreadcrumbList","@id":"https:\/\/jornaltimoneiro.com.br\/index.php\/2021\/12\/10\/juares-hoy-acredita-que-chegou-a-sua-hora-de-ser-prefeito\/#breadcrumb","itemListElement":[{"@type":"ListItem","position":1,"name":"In\u00edcio","item":"https:\/\/jornaltimoneiro.com.br\/"},{"@type":"ListItem","position":2,"name":"Juares Hoy acredita que \u201cchegou a sua hora\u201d de ser prefeito"}]},{"@type":"WebSite","@id":"https:\/\/jornaltimoneiro.com.br\/#website","url":"https:\/\/jornaltimoneiro.com.br\/","name":"Jornal Timoneiro Canoas RS","description":"Jornal O Timoneiro, o verdadeiro jornal de Canoas","publisher":{"@id":"https:\/\/jornaltimoneiro.com.br\/#organization"},"potentialAction":[{"@type":"SearchAction","target":{"@type":"EntryPoint","urlTemplate":"https:\/\/jornaltimoneiro.com.br\/?s={search_term_string}"},"query-input":"required name=search_term_string"}],"inLanguage":"pt-BR"},{"@type":"Organization","@id":"https:\/\/jornaltimoneiro.com.br\/#organization","name":"Jornal Timoneiro Canoas RS","url":"https:\/\/jornaltimoneiro.com.br\/","logo":{"@type":"ImageObject","inLanguage":"pt-BR","@id":"https:\/\/jornaltimoneiro.com.br\/#\/schema\/logo\/image\/","url":"https:\/\/jornaltimoneiro.com.br\/wp-content\/uploads\/2023\/03\/logonovo.png","contentUrl":"https:\/\/jornaltimoneiro.com.br\/wp-content\/uploads\/2023\/03\/logonovo.png","width":"469","height":"171","caption":"Jornal Timoneiro Canoas RS"},"image":{"@id":"https:\/\/jornaltimoneiro.com.br\/#\/schema\/logo\/image\/"},"sameAs":["https:\/\/www.facebook.com\/jornaltimoneiro","https:\/\/twitter.com\/_OTimoneiro","https:\/\/www.instagram.com\/jornaltimoneirocanoas\/","https:\/\/www.youtube.com\/@jornalotimoneiro7927"]},{"@type":"Person","@id":"https:\/\/jornaltimoneiro.com.br\/#\/schema\/person\/f63482f1a02b1a9592707865e509ab40","name":"Reda\u00e7\u00e3o","image":{"@type":"ImageObject","inLanguage":"pt-BR","@id":"https:\/\/jornaltimoneiro.com.br\/#\/schema\/person\/image\/","url":"https:\/\/jornaltimoneiro.com.br\/wp-content\/uploads\/2023\/03\/download.jpeg","contentUrl":"https:\/\/jornaltimoneiro.com.br\/wp-content\/uploads\/2023\/03\/download.jpeg","caption":"Reda\u00e7\u00e3o"},"url":"https:\/\/jornaltimoneiro.com.br\/index.php\/author\/simone-dutra\/"}]}},"_links":{"self":[{"href":"https:\/\/jornaltimoneiro.com.br\/index.php\/wp-json\/wp\/v2\/posts\/21672"}],"collection":[{"href":"https:\/\/jornaltimoneiro.com.br\/index.php\/wp-json\/wp\/v2\/posts"}],"about":[{"href":"https:\/\/jornaltimoneiro.com.br\/index.php\/wp-json\/wp\/v2\/types\/post"}],"author":[{"embeddable":true,"href":"https:\/\/jornaltimoneiro.com.br\/index.php\/wp-json\/wp\/v2\/users\/2"}],"replies":[{"embeddable":true,"href":"https:\/\/jornaltimoneiro.com.br\/index.php\/wp-json\/wp\/v2\/comments?post=21672"}],"version-history":[{"count":4,"href":"https:\/\/jornaltimoneiro.com.br\/index.php\/wp-json\/wp\/v2\/posts\/21672\/revisions"}],"predecessor-version":[{"id":21728,"href":"https:\/\/jornaltimoneiro.com.br\/index.php\/wp-json\/wp\/v2\/posts\/21672\/revisions\/21728"}],"wp:featuredmedia":[{"embeddable":true,"href":"https:\/\/jornaltimoneiro.com.br\/index.php\/wp-json\/wp\/v2\/media\/21682"}],"wp:attachment":[{"href":"https:\/\/jornaltimoneiro.com.br\/index.php\/wp-json\/wp\/v2\/media?parent=21672"}],"wp:term":[{"taxonomy":"category","embeddable":true,"href":"https:\/\/jornaltimoneiro.com.br\/index.php\/wp-json\/wp\/v2\/categories?post=21672"},{"taxonomy":"post_tag","embeddable":true,"href":"https:\/\/jornaltimoneiro.com.br\/index.php\/wp-json\/wp\/v2\/tags?post=21672"}],"curies":[{"name":"wp","href":"https:\/\/api.w.org\/{rel}","templated":true}]}}