{"id":2078,"date":"2015-12-15T16:55:18","date_gmt":"2015-12-15T18:55:18","guid":{"rendered":"http:\/\/otimoneiro.com.br\/?p=2078"},"modified":"2015-12-15T16:55:18","modified_gmt":"2015-12-15T18:55:18","slug":"canoas-finalmente-tera-um-teatro-para-chamar-de-seu","status":"publish","type":"post","link":"https:\/\/jornaltimoneiro.com.br\/index.php\/2015\/12\/15\/canoas-finalmente-tera-um-teatro-para-chamar-de-seu\/","title":{"rendered":"Canoas finalmente ter\u00e1 um teatro para chamar de seu"},"content":{"rendered":"<div id=\"attachment_2079\" style=\"width: 589px\" class=\"wp-caption aligncenter\"><a href=\"http:\/\/otimoneiro.com.br\/wp-content\/uploads\/2015\/12\/maior_Pedro_e_Ana_Lonardi_by_Henrique_Barbosa1.jpg\"><img decoding=\"async\" aria-describedby=\"caption-attachment-2079\" class=\" wp-image-2079\" src=\"http:\/\/otimoneiro.com.br\/wp-content\/uploads\/2015\/12\/maior_Pedro_e_Ana_Lonardi_by_Henrique_Barbosa1.jpg\" alt=\"Show com Pedro Longes e Ana Lonardi ir\u00e1 inaugurar o teatro na quinta-feira, 17. Foto: Henrique Barbosa\/Divulga\u00e7\u00e3o Sesc\" width=\"579\" height=\"384\" \/><\/a><p id=\"caption-attachment-2079\" class=\"wp-caption-text\">Show com Pedro Longes e Ana Lonardi ir\u00e1 inaugurar o teatro na quinta-feira, 17. Foto: Henrique Barbosa\/Divulga\u00e7\u00e3o Sesc<\/p><\/div>\n<p style=\"text-align: center;\"><strong>Bruno Lara<\/strong><\/p>\n<p>&nbsp;<\/p>\n<p>Nesta quarta-feira, 16 de dezembro, o Sistema Fecom\u00e9rcio-RS trar\u00e1 para Canoas um marco hist\u00f3rico. A cidade ganhar\u00e1 o seu primeiro teatro. Uma nova unidade do Sesc vir\u00e1 para o munic\u00edpio atrav\u00e9s de uma parceria com o Sindilojas e o Sindig\u00eaneros de Canoas. O destaque \u00e9 o 12\u00ba teatro da entidade e o primeiro no munic\u00edpio ap\u00f3s 76 anos de emancipa\u00e7\u00e3o.<\/p>\n<p>A solenidade de abertura da Unidade que est\u00e1 instalada em um pr\u00e9dio de aproximadamente seis mil metros quadrados, na Rua Guilherme Schell, 5.340, e conta com projeto sustent\u00e1vel \u2013 com reaproveitamento de \u00e1gua da chuva e aquecimento da piscina com placas solares -ocorrer\u00e1 a partir das 19 horas desta quarta-feira, 16.<\/p>\n<p>Para Luiz Carlos Bohn, Presidente do Sistema Fecom\u00e9rcio-RS\/Sesc\/Senac, era uma quest\u00e3o de necessidade ter uma sede do Sesc no munic\u00edpio. \u201cN\u00e3o tinha sentido Canoas, com quase 12 mil comerci\u00e1rios, n\u00e3o ter ainda n\u00e3o ter uma unidade pr\u00f3pria. Para n\u00f3s \u00e9 muito mais o cumprimento dessa miss\u00e3o. Deixar para Canoas esse investimento que \u00e9 muito mais que uma obra f\u00edsica, uma das poucas unidades para que os comerci\u00e1rios possam usufruir at\u00e9 nos finais de semana. A sociedade pode entender que a cidade foi contemplada com esse beneficio como um presente. Nossa vis\u00e3o foi dar a Canoas o que ela merece\u201d, explica.<\/p>\n<p>&nbsp;<\/p>\n<p><strong>Estrutura<\/strong><\/p>\n<p>Foram mais de quatro anos entre o projeto e a conclus\u00e3o da obra que englobou um montante entre R$ 25 e R$ 30 milh\u00f5es, segundo Bohn. A estrutura ter\u00e1 um teatro para 334 lugares, Sala de Leitura (biblioteca com acervo de mais de tr\u00eas mil livros, revistas e peri\u00f3dicos para consulta local e empr\u00e9stimo), Espa\u00e7o Conex\u00e3o (sala com acesso livre \u00e0 Internet), cafeteria, sala multiuso, Sala Sesc Games (jogos eletr\u00f4nicos e de tabuleiro), Espa\u00e7o Kids, estacionamento para clientes, academia de muscula\u00e7\u00e3o, sala de Pilates, piscina t\u00e9rmica e consult\u00f3rio odontol\u00f3gico. Al\u00e9m da estrutura, a Unidade disponibilizar\u00e1 servi\u00e7os de Turismo e contar\u00e1 com o Programa Maturidade Ativa. \u201cA piscina \u00e9 uma novidade. \u00c9 a primeira unidade com piscina t\u00e9rmica. S\u00e3o 40 unidades. Faremos agora sempre t\u00e9rmicas, pois no sul, se n\u00e3o for t\u00e9rmica, usaremos apenas dois a tr\u00eas meses por ano\u201d, destaca o presidente da Fecom\u00e9rcio.<\/p>\n<p>Segundo o Sesc, a de Canoas \u00e9 a primeira Unidade no Rio Grande do Sul com funcionamento todos os dias da semana. O hor\u00e1rio ser\u00e1 de segunda a sexta, das 7 horas \u00e0s 22 horas, e s\u00e1bado e domingo, das 9 horas \u00e0s 21 horas. A Unidade ir\u00e1 atender tamb\u00e9m a comunidade das cidades de Esteio e Nova Santa Rita.<\/p>\n<p>&nbsp;<\/p>\n<p><strong>O Sesc<\/strong><\/p>\n<p>O Servi\u00e7o Social do Com\u00e9rcio (SESC) \u00e9 uma entidade de car\u00e1ter privado, mantida e administrada pelos empres\u00e1rios do Com\u00e9rcio Criado pela Confedera\u00e7\u00e3o Nacional do Com\u00e9rcio (CNC), criado em 13 de setembro de 1946, sob a inspira\u00e7\u00e3o da Carta da Paz Social, elaborada pelos representantes das classes produtoras na hist\u00f3rica reuni\u00e3o de Teres\u00f3polis, de 1 a 6 de maio de 1945. \u00c9 mantido com uma contribui\u00e7\u00e3o compuls\u00f3ria de 1,5% sobre o valor da folha de pagamento das empresas enquadradas nas entidades sindicais subordinadas \u00e0 Confedera\u00e7\u00e3o Nacional do Com\u00e9rcio. O intuito \u00e9 de promover a\u00e7\u00f5es para o bem-estar social dos trabalhadores do com\u00e9rcio de bens, servi\u00e7os e turismo e da sociedade nas \u00e1reas de Sa\u00fade, Educa\u00e7\u00e3o, Cultura, Esporte e Lazer.<\/p>\n<p>&nbsp;<\/p>\n<p><strong>Parceiros<\/strong><\/p>\n<p>Para Ald\u00e9rico Zanettin, Presidente do Sindicato do Com\u00e9rcio Varejista de G\u00eaneros Aliment\u00edcios de Canoas (Sindig\u00eaneros), na gest\u00e3o 2014-2018, se trata de uma luta de muitos anos. Em entrevista, compartilha que j\u00e1 em 1989, na gest\u00e3o Hugo Sim\u00f5es Lagranha, j\u00e1 se tentava abrir a sede no munic\u00edpio. \u201cO Sesc, para adquirir uma \u00e1rea, ela tem que ser avaliada pela Caixa Econ\u00f4mica Federal. Umas n\u00e3o eram prop\u00edcias para o Sesc, ent\u00e3o eram vetadas. Outras iam para fazer a avalia\u00e7\u00e3o e as \u00e1reas eram vendidas. E essa aqui \u00e9 uma \u00e1rea que estava \u00e0 venda, foi oferecida para o Sesc, eles avaliaram que era prop\u00edcia para o Sesc, e mandaram a Caixa fazer a avalia\u00e7\u00e3o. A Caixa fez a avalia\u00e7\u00e3o em um pre\u00e7o menor do que os propriet\u00e1rios queriam e a\u00ed se criou um impasse. A\u00ed o Sindilojas e o Sindig\u00eaneros cobriram o aporte que faltava para adquirir a \u00e1rea\u201d, explica.<\/p>\n<p>Para ele, a nova sede \u00e9 uma conquista. \u201cUma conquista para todos os canoenses, principalmente para os comerci\u00e1rios. Eu acho que Canoas merece. Todas as entidades se empenharam\u201d, conclui. Para Luiz Carlos Bohn, o impasse se deu em fun\u00e7\u00e3o dos valores dos terrenos na cidade. \u201cOs im\u00f3veis aqui sempre tem um valor maior. Im\u00f3veis muito valorizados, valores sempre acima do que a Caixa avaliava\u201d, elucida.<\/p>\n<p>O presidente do Sindilojas, Den\u00e9rio Rosales Neumann, tamb\u00e9m destaca o tempo de luta. \u201cO Sesc \u00e9 uma luta muito antiga do nosso Sindilojas. Quando eu fui presidente, h\u00e1 15 anos, n\u00f3s j\u00e1 lut\u00e1vamos para a vinda do Sesc para Canoas. Hoje sou presidente de novo\u201d, destaca, lembrando que o Sindilojas foi um dos grandes lutadores para a vinda da nova estrutura. Para ele, se trata de um momento hist\u00f3rico. \u201cVai ser, a partir de agora, um marco para a cidade e para a classe de comerci\u00e1rios e comerciantes. Aqui teremos um local para encontros. \u00c9 a realiza\u00e7\u00e3o de um sonho\u201d, conclui.<\/p>\n<p>Para Den\u00e9rio, n\u00e3o s\u00f3 a categoria ser\u00e1 beneficiada. \u201c\u00c9 importante para Canoas porque vai ser usado pelos segmentos de com\u00e9rcios, mas tamb\u00e9m pela comunidade. O Sindilojas se sente realizado. \u00c9 um ponto muito importante para o empresariado e para os empregados. \u00c9 o mais moderno pr\u00e9dio constru\u00eddo pelo SESC\u201d, destaca.<\/p>\n<p>O presidente do Fecom\u00e9rcio destaca ainda que o esfor\u00e7o ser\u00e1 no sentido de manter o espa\u00e7o sempre em funcionamento. \u201cDestaco que, muito mais que um investimento, a permanente atividade dessa sede \u00e9 o maior benef\u00edcio para a comunidade. N\u00f3s temos que ter sempre tudo funcionando perfeitamente. Tem que ter espet\u00e1culo no teatro, fazendo funcionar\u201d, exp\u00f5e.<\/p>\n<p>&nbsp;<\/p>\n<p><strong>Inaugura\u00e7\u00e3o com Pedro Longes<\/strong><\/p>\n<p>O cantor, compositor, pianista e violonista, que abriu o 5\u00ba Canoas Jazz, Pedro Longes, ser\u00e1 o nome de estreia do Novo Teatro do Sesc Canoas, numa parceria com a Secretaria Municipal de Cultura de Canoas. O show de lan\u00e7amento de seu primeiro disco, \u201cConexi\u00f3n\u201d, acontece na quinta-feira, 17, a partir das 20 horas, com entrada franca.<\/p>\n<p>Participa\u00e7\u00f5es especiais da int\u00e9rprete Ana Lonardi e dos m\u00fasicos Lucas Ferrera e Neuro Jr., Pedro Longes apresentar\u00e1 o repert\u00f3rio completo de seu \u00e1lbum de estreia, que ganhou financiamento do Programa de Incentivo \u00e0 Cultura de Canoas.<\/p>\n","protected":false},"excerpt":{"rendered":"<p>Nova sede do Sesc, na Guilherme Schell, ser\u00e1 inaugurada na quarta-feira, 16, e show na quinta<\/p>\n","protected":false},"author":1,"featured_media":2079,"comment_status":"open","ping_status":"open","sticky":false,"template":"","format":"standard","meta":{"amp_status":"","footnotes":""},"categories":[25,19,23,22],"tags":[],"class_list":["post-2078","post","type-post","status-publish","format-standard","has-post-thumbnail","hentry","category-comunidade","category-destaques","category-geral","category-noticias"],"yoast_head":"<!-- This site is optimized with the Yoast SEO plugin v20.5 - https:\/\/yoast.com\/wordpress\/plugins\/seo\/ -->\n<title>Canoas finalmente ter\u00e1 um teatro para chamar de seu - O Timoneiro Jornal Canoas RS<\/title>\n<meta name=\"robots\" content=\"index, follow, max-snippet:-1, max-image-preview:large, max-video-preview:-1\" \/>\n<link rel=\"canonical\" href=\"https:\/\/jornaltimoneiro.com.br\/index.php\/2015\/12\/15\/canoas-finalmente-tera-um-teatro-para-chamar-de-seu\/\" \/>\n<meta property=\"og:locale\" content=\"pt_BR\" \/>\n<meta property=\"og:type\" content=\"article\" \/>\n<meta property=\"og:title\" content=\"Canoas finalmente ter\u00e1 um teatro para chamar de seu - O Timoneiro Jornal Canoas RS\" \/>\n<meta property=\"og:description\" content=\"Nova sede do Sesc, na Guilherme Schell, ser\u00e1 inaugurada na quarta-feira, 16, e show na quinta\" \/>\n<meta property=\"og:url\" content=\"https:\/\/jornaltimoneiro.com.br\/index.php\/2015\/12\/15\/canoas-finalmente-tera-um-teatro-para-chamar-de-seu\/\" \/>\n<meta property=\"og:site_name\" content=\"O Timoneiro Jornal Canoas RS\" \/>\n<meta property=\"article:publisher\" content=\"https:\/\/www.facebook.com\/jornaltimoneiro\" \/>\n<meta property=\"article:published_time\" content=\"2015-12-15T18:55:18+00:00\" \/>\n<meta name=\"author\" content=\"Reda\u00e7\u00e3o\" \/>\n<meta name=\"twitter:card\" content=\"summary_large_image\" \/>\n<meta name=\"twitter:creator\" content=\"@_OTimoneiro\" \/>\n<meta name=\"twitter:site\" content=\"@_OTimoneiro\" \/>\n<meta name=\"twitter:label1\" content=\"Escrito por\" \/>\n\t<meta name=\"twitter:data1\" content=\"Reda\u00e7\u00e3o\" \/>\n\t<meta name=\"twitter:label2\" content=\"Est. tempo de leitura\" \/>\n\t<meta name=\"twitter:data2\" content=\"6 minutos\" \/>\n<script type=\"application\/ld+json\" class=\"yoast-schema-graph\">{\"@context\":\"https:\/\/schema.org\",\"@graph\":[{\"@type\":\"Article\",\"@id\":\"https:\/\/jornaltimoneiro.com.br\/index.php\/2015\/12\/15\/canoas-finalmente-tera-um-teatro-para-chamar-de-seu\/#article\",\"isPartOf\":{\"@id\":\"https:\/\/jornaltimoneiro.com.br\/index.php\/2015\/12\/15\/canoas-finalmente-tera-um-teatro-para-chamar-de-seu\/\"},\"author\":{\"name\":\"Reda\u00e7\u00e3o\",\"@id\":\"https:\/\/jornaltimoneiro.com.br\/#\/schema\/person\/620efd1d8244466117482be494360b08\"},\"headline\":\"Canoas finalmente ter\u00e1 um teatro para chamar de seu\",\"datePublished\":\"2015-12-15T18:55:18+00:00\",\"dateModified\":\"2015-12-15T18:55:18+00:00\",\"mainEntityOfPage\":{\"@id\":\"https:\/\/jornaltimoneiro.com.br\/index.php\/2015\/12\/15\/canoas-finalmente-tera-um-teatro-para-chamar-de-seu\/\"},\"wordCount\":1167,\"commentCount\":0,\"publisher\":{\"@id\":\"https:\/\/jornaltimoneiro.com.br\/#organization\"},\"articleSection\":[\"Comunidade\",\"Destaques\",\"Geral\",\"Not\u00edcias\"],\"inLanguage\":\"pt-BR\",\"potentialAction\":[{\"@type\":\"CommentAction\",\"name\":\"Comment\",\"target\":[\"https:\/\/jornaltimoneiro.com.br\/index.php\/2015\/12\/15\/canoas-finalmente-tera-um-teatro-para-chamar-de-seu\/#respond\"]}]},{\"@type\":\"WebPage\",\"@id\":\"https:\/\/jornaltimoneiro.com.br\/index.php\/2015\/12\/15\/canoas-finalmente-tera-um-teatro-para-chamar-de-seu\/\",\"url\":\"https:\/\/jornaltimoneiro.com.br\/index.php\/2015\/12\/15\/canoas-finalmente-tera-um-teatro-para-chamar-de-seu\/\",\"name\":\"Canoas finalmente ter\u00e1 um teatro para chamar de seu - O Timoneiro Jornal Canoas RS\",\"isPartOf\":{\"@id\":\"https:\/\/jornaltimoneiro.com.br\/#website\"},\"datePublished\":\"2015-12-15T18:55:18+00:00\",\"dateModified\":\"2015-12-15T18:55:18+00:00\",\"breadcrumb\":{\"@id\":\"https:\/\/jornaltimoneiro.com.br\/index.php\/2015\/12\/15\/canoas-finalmente-tera-um-teatro-para-chamar-de-seu\/#breadcrumb\"},\"inLanguage\":\"pt-BR\",\"potentialAction\":[{\"@type\":\"ReadAction\",\"target\":[\"https:\/\/jornaltimoneiro.com.br\/index.php\/2015\/12\/15\/canoas-finalmente-tera-um-teatro-para-chamar-de-seu\/\"]}]},{\"@type\":\"BreadcrumbList\",\"@id\":\"https:\/\/jornaltimoneiro.com.br\/index.php\/2015\/12\/15\/canoas-finalmente-tera-um-teatro-para-chamar-de-seu\/#breadcrumb\",\"itemListElement\":[{\"@type\":\"ListItem\",\"position\":1,\"name\":\"In\u00edcio\",\"item\":\"https:\/\/jornaltimoneiro.com.br\/\"},{\"@type\":\"ListItem\",\"position\":2,\"name\":\"Canoas finalmente ter\u00e1 um teatro para chamar de seu\"}]},{\"@type\":\"WebSite\",\"@id\":\"https:\/\/jornaltimoneiro.com.br\/#website\",\"url\":\"https:\/\/jornaltimoneiro.com.br\/\",\"name\":\"Jornal Timoneiro Canoas RS\",\"description\":\"Jornal O Timoneiro, o verdadeiro jornal de Canoas\",\"publisher\":{\"@id\":\"https:\/\/jornaltimoneiro.com.br\/#organization\"},\"potentialAction\":[{\"@type\":\"SearchAction\",\"target\":{\"@type\":\"EntryPoint\",\"urlTemplate\":\"https:\/\/jornaltimoneiro.com.br\/?s={search_term_string}\"},\"query-input\":\"required name=search_term_string\"}],\"inLanguage\":\"pt-BR\"},{\"@type\":\"Organization\",\"@id\":\"https:\/\/jornaltimoneiro.com.br\/#organization\",\"name\":\"Jornal Timoneiro Canoas RS\",\"url\":\"https:\/\/jornaltimoneiro.com.br\/\",\"logo\":{\"@type\":\"ImageObject\",\"inLanguage\":\"pt-BR\",\"@id\":\"https:\/\/jornaltimoneiro.com.br\/#\/schema\/logo\/image\/\",\"url\":\"https:\/\/jornaltimoneiro.com.br\/wp-content\/uploads\/2023\/03\/logonovo.png\",\"contentUrl\":\"https:\/\/jornaltimoneiro.com.br\/wp-content\/uploads\/2023\/03\/logonovo.png\",\"width\":\"469\",\"height\":\"171\",\"caption\":\"Jornal Timoneiro Canoas RS\"},\"image\":{\"@id\":\"https:\/\/jornaltimoneiro.com.br\/#\/schema\/logo\/image\/\"},\"sameAs\":[\"https:\/\/www.facebook.com\/jornaltimoneiro\",\"https:\/\/twitter.com\/_OTimoneiro\",\"https:\/\/www.instagram.com\/jornaltimoneirocanoas\/\",\"https:\/\/www.youtube.com\/@jornalotimoneiro7927\"]},{\"@type\":\"Person\",\"@id\":\"https:\/\/jornaltimoneiro.com.br\/#\/schema\/person\/620efd1d8244466117482be494360b08\",\"name\":\"Reda\u00e7\u00e3o\",\"image\":{\"@type\":\"ImageObject\",\"inLanguage\":\"pt-BR\",\"@id\":\"https:\/\/jornaltimoneiro.com.br\/#\/schema\/person\/image\/\",\"url\":\"https:\/\/secure.gravatar.com\/avatar\/2f04e1b304682a8d9db336c7acd77f08?s=96&d=mm&r=g\",\"contentUrl\":\"https:\/\/secure.gravatar.com\/avatar\/2f04e1b304682a8d9db336c7acd77f08?s=96&d=mm&r=g\",\"caption\":\"Reda\u00e7\u00e3o\"},\"url\":\"https:\/\/jornaltimoneiro.com.br\/index.php\/author\/timoneirocanoas\/\"}]}<\/script>\n<!-- \/ Yoast SEO plugin. -->","yoast_head_json":{"title":"Canoas finalmente ter\u00e1 um teatro para chamar de seu - O Timoneiro Jornal Canoas RS","robots":{"index":"index","follow":"follow","max-snippet":"max-snippet:-1","max-image-preview":"max-image-preview:large","max-video-preview":"max-video-preview:-1"},"canonical":"https:\/\/jornaltimoneiro.com.br\/index.php\/2015\/12\/15\/canoas-finalmente-tera-um-teatro-para-chamar-de-seu\/","og_locale":"pt_BR","og_type":"article","og_title":"Canoas finalmente ter\u00e1 um teatro para chamar de seu - O Timoneiro Jornal Canoas RS","og_description":"Nova sede do Sesc, na Guilherme Schell, ser\u00e1 inaugurada na quarta-feira, 16, e show na quinta","og_url":"https:\/\/jornaltimoneiro.com.br\/index.php\/2015\/12\/15\/canoas-finalmente-tera-um-teatro-para-chamar-de-seu\/","og_site_name":"O Timoneiro Jornal Canoas RS","article_publisher":"https:\/\/www.facebook.com\/jornaltimoneiro","article_published_time":"2015-12-15T18:55:18+00:00","author":"Reda\u00e7\u00e3o","twitter_card":"summary_large_image","twitter_creator":"@_OTimoneiro","twitter_site":"@_OTimoneiro","twitter_misc":{"Escrito por":"Reda\u00e7\u00e3o","Est. tempo de leitura":"6 minutos"},"schema":{"@context":"https:\/\/schema.org","@graph":[{"@type":"Article","@id":"https:\/\/jornaltimoneiro.com.br\/index.php\/2015\/12\/15\/canoas-finalmente-tera-um-teatro-para-chamar-de-seu\/#article","isPartOf":{"@id":"https:\/\/jornaltimoneiro.com.br\/index.php\/2015\/12\/15\/canoas-finalmente-tera-um-teatro-para-chamar-de-seu\/"},"author":{"name":"Reda\u00e7\u00e3o","@id":"https:\/\/jornaltimoneiro.com.br\/#\/schema\/person\/620efd1d8244466117482be494360b08"},"headline":"Canoas finalmente ter\u00e1 um teatro para chamar de seu","datePublished":"2015-12-15T18:55:18+00:00","dateModified":"2015-12-15T18:55:18+00:00","mainEntityOfPage":{"@id":"https:\/\/jornaltimoneiro.com.br\/index.php\/2015\/12\/15\/canoas-finalmente-tera-um-teatro-para-chamar-de-seu\/"},"wordCount":1167,"commentCount":0,"publisher":{"@id":"https:\/\/jornaltimoneiro.com.br\/#organization"},"articleSection":["Comunidade","Destaques","Geral","Not\u00edcias"],"inLanguage":"pt-BR","potentialAction":[{"@type":"CommentAction","name":"Comment","target":["https:\/\/jornaltimoneiro.com.br\/index.php\/2015\/12\/15\/canoas-finalmente-tera-um-teatro-para-chamar-de-seu\/#respond"]}]},{"@type":"WebPage","@id":"https:\/\/jornaltimoneiro.com.br\/index.php\/2015\/12\/15\/canoas-finalmente-tera-um-teatro-para-chamar-de-seu\/","url":"https:\/\/jornaltimoneiro.com.br\/index.php\/2015\/12\/15\/canoas-finalmente-tera-um-teatro-para-chamar-de-seu\/","name":"Canoas finalmente ter\u00e1 um teatro para chamar de seu - O Timoneiro Jornal Canoas RS","isPartOf":{"@id":"https:\/\/jornaltimoneiro.com.br\/#website"},"datePublished":"2015-12-15T18:55:18+00:00","dateModified":"2015-12-15T18:55:18+00:00","breadcrumb":{"@id":"https:\/\/jornaltimoneiro.com.br\/index.php\/2015\/12\/15\/canoas-finalmente-tera-um-teatro-para-chamar-de-seu\/#breadcrumb"},"inLanguage":"pt-BR","potentialAction":[{"@type":"ReadAction","target":["https:\/\/jornaltimoneiro.com.br\/index.php\/2015\/12\/15\/canoas-finalmente-tera-um-teatro-para-chamar-de-seu\/"]}]},{"@type":"BreadcrumbList","@id":"https:\/\/jornaltimoneiro.com.br\/index.php\/2015\/12\/15\/canoas-finalmente-tera-um-teatro-para-chamar-de-seu\/#breadcrumb","itemListElement":[{"@type":"ListItem","position":1,"name":"In\u00edcio","item":"https:\/\/jornaltimoneiro.com.br\/"},{"@type":"ListItem","position":2,"name":"Canoas finalmente ter\u00e1 um teatro para chamar de seu"}]},{"@type":"WebSite","@id":"https:\/\/jornaltimoneiro.com.br\/#website","url":"https:\/\/jornaltimoneiro.com.br\/","name":"Jornal Timoneiro Canoas RS","description":"Jornal O Timoneiro, o verdadeiro jornal de Canoas","publisher":{"@id":"https:\/\/jornaltimoneiro.com.br\/#organization"},"potentialAction":[{"@type":"SearchAction","target":{"@type":"EntryPoint","urlTemplate":"https:\/\/jornaltimoneiro.com.br\/?s={search_term_string}"},"query-input":"required name=search_term_string"}],"inLanguage":"pt-BR"},{"@type":"Organization","@id":"https:\/\/jornaltimoneiro.com.br\/#organization","name":"Jornal Timoneiro Canoas RS","url":"https:\/\/jornaltimoneiro.com.br\/","logo":{"@type":"ImageObject","inLanguage":"pt-BR","@id":"https:\/\/jornaltimoneiro.com.br\/#\/schema\/logo\/image\/","url":"https:\/\/jornaltimoneiro.com.br\/wp-content\/uploads\/2023\/03\/logonovo.png","contentUrl":"https:\/\/jornaltimoneiro.com.br\/wp-content\/uploads\/2023\/03\/logonovo.png","width":"469","height":"171","caption":"Jornal Timoneiro Canoas RS"},"image":{"@id":"https:\/\/jornaltimoneiro.com.br\/#\/schema\/logo\/image\/"},"sameAs":["https:\/\/www.facebook.com\/jornaltimoneiro","https:\/\/twitter.com\/_OTimoneiro","https:\/\/www.instagram.com\/jornaltimoneirocanoas\/","https:\/\/www.youtube.com\/@jornalotimoneiro7927"]},{"@type":"Person","@id":"https:\/\/jornaltimoneiro.com.br\/#\/schema\/person\/620efd1d8244466117482be494360b08","name":"Reda\u00e7\u00e3o","image":{"@type":"ImageObject","inLanguage":"pt-BR","@id":"https:\/\/jornaltimoneiro.com.br\/#\/schema\/person\/image\/","url":"https:\/\/secure.gravatar.com\/avatar\/2f04e1b304682a8d9db336c7acd77f08?s=96&d=mm&r=g","contentUrl":"https:\/\/secure.gravatar.com\/avatar\/2f04e1b304682a8d9db336c7acd77f08?s=96&d=mm&r=g","caption":"Reda\u00e7\u00e3o"},"url":"https:\/\/jornaltimoneiro.com.br\/index.php\/author\/timoneirocanoas\/"}]}},"_links":{"self":[{"href":"https:\/\/jornaltimoneiro.com.br\/index.php\/wp-json\/wp\/v2\/posts\/2078"}],"collection":[{"href":"https:\/\/jornaltimoneiro.com.br\/index.php\/wp-json\/wp\/v2\/posts"}],"about":[{"href":"https:\/\/jornaltimoneiro.com.br\/index.php\/wp-json\/wp\/v2\/types\/post"}],"author":[{"embeddable":true,"href":"https:\/\/jornaltimoneiro.com.br\/index.php\/wp-json\/wp\/v2\/users\/1"}],"replies":[{"embeddable":true,"href":"https:\/\/jornaltimoneiro.com.br\/index.php\/wp-json\/wp\/v2\/comments?post=2078"}],"version-history":[{"count":0,"href":"https:\/\/jornaltimoneiro.com.br\/index.php\/wp-json\/wp\/v2\/posts\/2078\/revisions"}],"wp:featuredmedia":[{"embeddable":true,"href":"https:\/\/jornaltimoneiro.com.br\/index.php\/wp-json\/"}],"wp:attachment":[{"href":"https:\/\/jornaltimoneiro.com.br\/index.php\/wp-json\/wp\/v2\/media?parent=2078"}],"wp:term":[{"taxonomy":"category","embeddable":true,"href":"https:\/\/jornaltimoneiro.com.br\/index.php\/wp-json\/wp\/v2\/categories?post=2078"},{"taxonomy":"post_tag","embeddable":true,"href":"https:\/\/jornaltimoneiro.com.br\/index.php\/wp-json\/wp\/v2\/tags?post=2078"}],"curies":[{"name":"wp","href":"https:\/\/api.w.org\/{rel}","templated":true}]}}