{"id":2062,"date":"2015-12-15T00:01:30","date_gmt":"2015-12-15T02:01:30","guid":{"rendered":"http:\/\/otimoneiro.com.br\/?p=2062"},"modified":"2015-12-15T00:01:30","modified_gmt":"2015-12-15T02:01:30","slug":"pedro-longes-sera-a-atracao-de-estreia-do-teatro-do-sesc-canoas","status":"publish","type":"post","link":"https:\/\/jornaltimoneiro.com.br\/index.php\/2015\/12\/15\/pedro-longes-sera-a-atracao-de-estreia-do-teatro-do-sesc-canoas\/","title":{"rendered":"Pedro Longes ser\u00e1 a atra\u00e7\u00e3o de estreia do Teatro do SESC Canoas"},"content":{"rendered":"<p dir=\"ltr\">Depois de fazer a abertura do 5\u00ba Canoas Jazz, em novembro, o cantor, compositor, pianista e violonista ser\u00e1 o nome de estreia do novo teatro.<!--more--> O show de lan\u00e7amento de seu primeiro disco, \u201cConexi\u00f3n\u201d, acontece na pr\u00f3xima quinta-feira, 17, a partir das 20 horas, com entrada franca, no espa\u00e7o que ser\u00e1 inaugurado um dia antes, na avenida Guilherme Schell, 5340.<\/p>\n<p><a href=\"http:\/\/otimoneiro.com.br\/wp-content\/uploads\/2015\/12\/maior_Pedro_e_Ana_Lonardi_by_Henrique_Barbosa.jpg\"><img decoding=\"async\" class=\"aligncenter size-full wp-image-2063\" src=\"http:\/\/otimoneiro.com.br\/wp-content\/uploads\/2015\/12\/maior_Pedro_e_Ana_Lonardi_by_Henrique_Barbosa.jpg\" alt=\"maior_Pedro_e_Ana_Lonardi_by_Henrique_Barbosa\" width=\"900\" height=\"596\" \/><\/a><\/p>\n<p>Com as participa\u00e7\u00f5es especiais da int\u00e9rprete Ana Lonardi e dos m\u00fasicos Lucas Ferrera e Neuro Jr., Pedro Longes apresentar\u00e1 o repert\u00f3rio completo de seu \u00e1lbum de estreia, que ganhou financiamento do Programa de Incentivo \u00e0 Cultura de Canoas. A noite tamb\u00e9m contar\u00e1 com vers\u00f5es de can\u00e7\u00f5es consagradas que influenciam o artista canoense. A banda que acompanha o m\u00fasico \u00e9 formada por Wagner Lagemann (contrabaixo ac\u00fastico), Raphael Madruga (viol\u00e3o nylon), Ariel Lopez (percuss\u00e3o), Alessandra Werlang Cunha (backing vocal) e Giovanna Mottini (backing vocal).<\/p>\n<p>Gravado nos est\u00fadios Suminsky e Soma, \u201cConexi\u00f3n\u201d abre um di\u00e1logo entre o MPB, a m\u00fasica latina e a mundial, fundindo ritmos, harmonias e refer\u00eancias tendo, como ponto de partida, o Sul do Brasil. Tem participa\u00e7\u00f5es da cantora argentina Ana Clara Moltoni na faixa \u201cHermosa\u201d, do mexicano Francisco Guzm\u00e1n, que declama um trecho de \u201cOde ao Tempo\u201d, de Pablo Neruda, na can\u00e7\u00e3o \u201cAurora\u201d. O \u00e1lbum est\u00e1 dispon\u00edvel para compra no iTunes, GooglePlay e Cdbaby, e pode ser ouvido online, gratuitamente, em plataformas de streaming como Spotify e Deezer. Os links est\u00e3o dispon\u00edveis na p\u00e1gina do facebook e site oficial do compositr, pelo \u00a0<a href=\"http:\/\/www.pedrolonges.com.br\/\" target=\"_blank\">www.pedrolonges.com.br<\/a><\/p>\n<p>&nbsp;<\/p>\n","protected":false},"excerpt":{"rendered":"<p>Depois de fazer a abertura do 5\u00ba Canoas Jazz, em novembro, o cantor, compositor, pianista e violonista ser\u00e1 o nome de estreia do novo teatro.<\/p>\n","protected":false},"author":1,"featured_media":2063,"comment_status":"open","ping_status":"open","sticky":false,"template":"","format":"standard","meta":{"amp_status":"","footnotes":""},"categories":[19],"tags":[],"class_list":["post-2062","post","type-post","status-publish","format-standard","has-post-thumbnail","hentry","category-destaques"],"yoast_head":"<!-- This site is optimized with the Yoast SEO plugin v20.5 - https:\/\/yoast.com\/wordpress\/plugins\/seo\/ -->\n<title>Pedro Longes ser\u00e1 a atra\u00e7\u00e3o de estreia do Teatro do SESC Canoas - O Timoneiro Jornal Canoas RS<\/title>\n<meta name=\"robots\" content=\"index, follow, max-snippet:-1, max-image-preview:large, max-video-preview:-1\" \/>\n<link rel=\"canonical\" href=\"https:\/\/jornaltimoneiro.com.br\/index.php\/2015\/12\/15\/pedro-longes-sera-a-atracao-de-estreia-do-teatro-do-sesc-canoas\/\" \/>\n<meta property=\"og:locale\" content=\"pt_BR\" \/>\n<meta property=\"og:type\" content=\"article\" \/>\n<meta property=\"og:title\" content=\"Pedro Longes ser\u00e1 a atra\u00e7\u00e3o de estreia do Teatro do SESC Canoas - O Timoneiro Jornal Canoas RS\" \/>\n<meta property=\"og:description\" content=\"Depois de fazer a abertura do 5\u00ba Canoas Jazz, em novembro, o cantor, compositor, pianista e violonista ser\u00e1 o nome de estreia do novo teatro.\" \/>\n<meta property=\"og:url\" content=\"https:\/\/jornaltimoneiro.com.br\/index.php\/2015\/12\/15\/pedro-longes-sera-a-atracao-de-estreia-do-teatro-do-sesc-canoas\/\" \/>\n<meta property=\"og:site_name\" content=\"O Timoneiro Jornal Canoas RS\" \/>\n<meta property=\"article:publisher\" content=\"https:\/\/www.facebook.com\/jornaltimoneiro\" \/>\n<meta property=\"article:published_time\" content=\"2015-12-15T02:01:30+00:00\" \/>\n<meta name=\"author\" content=\"Reda\u00e7\u00e3o\" \/>\n<meta name=\"twitter:card\" content=\"summary_large_image\" \/>\n<meta name=\"twitter:creator\" content=\"@_OTimoneiro\" \/>\n<meta name=\"twitter:site\" content=\"@_OTimoneiro\" \/>\n<meta name=\"twitter:label1\" content=\"Escrito por\" \/>\n\t<meta name=\"twitter:data1\" content=\"Reda\u00e7\u00e3o\" \/>\n\t<meta name=\"twitter:label2\" content=\"Est. tempo de leitura\" \/>\n\t<meta name=\"twitter:data2\" content=\"1 minuto\" \/>\n<script type=\"application\/ld+json\" class=\"yoast-schema-graph\">{\"@context\":\"https:\/\/schema.org\",\"@graph\":[{\"@type\":\"Article\",\"@id\":\"https:\/\/jornaltimoneiro.com.br\/index.php\/2015\/12\/15\/pedro-longes-sera-a-atracao-de-estreia-do-teatro-do-sesc-canoas\/#article\",\"isPartOf\":{\"@id\":\"https:\/\/jornaltimoneiro.com.br\/index.php\/2015\/12\/15\/pedro-longes-sera-a-atracao-de-estreia-do-teatro-do-sesc-canoas\/\"},\"author\":{\"name\":\"Reda\u00e7\u00e3o\",\"@id\":\"https:\/\/jornaltimoneiro.com.br\/#\/schema\/person\/620efd1d8244466117482be494360b08\"},\"headline\":\"Pedro Longes ser\u00e1 a atra\u00e7\u00e3o de estreia do Teatro do SESC Canoas\",\"datePublished\":\"2015-12-15T02:01:30+00:00\",\"dateModified\":\"2015-12-15T02:01:30+00:00\",\"mainEntityOfPage\":{\"@id\":\"https:\/\/jornaltimoneiro.com.br\/index.php\/2015\/12\/15\/pedro-longes-sera-a-atracao-de-estreia-do-teatro-do-sesc-canoas\/\"},\"wordCount\":282,\"commentCount\":0,\"publisher\":{\"@id\":\"https:\/\/jornaltimoneiro.com.br\/#organization\"},\"articleSection\":[\"Destaques\"],\"inLanguage\":\"pt-BR\",\"potentialAction\":[{\"@type\":\"CommentAction\",\"name\":\"Comment\",\"target\":[\"https:\/\/jornaltimoneiro.com.br\/index.php\/2015\/12\/15\/pedro-longes-sera-a-atracao-de-estreia-do-teatro-do-sesc-canoas\/#respond\"]}]},{\"@type\":\"WebPage\",\"@id\":\"https:\/\/jornaltimoneiro.com.br\/index.php\/2015\/12\/15\/pedro-longes-sera-a-atracao-de-estreia-do-teatro-do-sesc-canoas\/\",\"url\":\"https:\/\/jornaltimoneiro.com.br\/index.php\/2015\/12\/15\/pedro-longes-sera-a-atracao-de-estreia-do-teatro-do-sesc-canoas\/\",\"name\":\"Pedro Longes ser\u00e1 a atra\u00e7\u00e3o de estreia do Teatro do SESC Canoas - O Timoneiro Jornal Canoas RS\",\"isPartOf\":{\"@id\":\"https:\/\/jornaltimoneiro.com.br\/#website\"},\"datePublished\":\"2015-12-15T02:01:30+00:00\",\"dateModified\":\"2015-12-15T02:01:30+00:00\",\"breadcrumb\":{\"@id\":\"https:\/\/jornaltimoneiro.com.br\/index.php\/2015\/12\/15\/pedro-longes-sera-a-atracao-de-estreia-do-teatro-do-sesc-canoas\/#breadcrumb\"},\"inLanguage\":\"pt-BR\",\"potentialAction\":[{\"@type\":\"ReadAction\",\"target\":[\"https:\/\/jornaltimoneiro.com.br\/index.php\/2015\/12\/15\/pedro-longes-sera-a-atracao-de-estreia-do-teatro-do-sesc-canoas\/\"]}]},{\"@type\":\"BreadcrumbList\",\"@id\":\"https:\/\/jornaltimoneiro.com.br\/index.php\/2015\/12\/15\/pedro-longes-sera-a-atracao-de-estreia-do-teatro-do-sesc-canoas\/#breadcrumb\",\"itemListElement\":[{\"@type\":\"ListItem\",\"position\":1,\"name\":\"In\u00edcio\",\"item\":\"https:\/\/jornaltimoneiro.com.br\/\"},{\"@type\":\"ListItem\",\"position\":2,\"name\":\"Pedro Longes ser\u00e1 a atra\u00e7\u00e3o de estreia do Teatro do SESC Canoas\"}]},{\"@type\":\"WebSite\",\"@id\":\"https:\/\/jornaltimoneiro.com.br\/#website\",\"url\":\"https:\/\/jornaltimoneiro.com.br\/\",\"name\":\"Jornal Timoneiro Canoas RS\",\"description\":\"Jornal O Timoneiro, o verdadeiro jornal de Canoas\",\"publisher\":{\"@id\":\"https:\/\/jornaltimoneiro.com.br\/#organization\"},\"potentialAction\":[{\"@type\":\"SearchAction\",\"target\":{\"@type\":\"EntryPoint\",\"urlTemplate\":\"https:\/\/jornaltimoneiro.com.br\/?s={search_term_string}\"},\"query-input\":\"required name=search_term_string\"}],\"inLanguage\":\"pt-BR\"},{\"@type\":\"Organization\",\"@id\":\"https:\/\/jornaltimoneiro.com.br\/#organization\",\"name\":\"Jornal Timoneiro Canoas RS\",\"url\":\"https:\/\/jornaltimoneiro.com.br\/\",\"logo\":{\"@type\":\"ImageObject\",\"inLanguage\":\"pt-BR\",\"@id\":\"https:\/\/jornaltimoneiro.com.br\/#\/schema\/logo\/image\/\",\"url\":\"https:\/\/jornaltimoneiro.com.br\/wp-content\/uploads\/2023\/03\/logonovo.png\",\"contentUrl\":\"https:\/\/jornaltimoneiro.com.br\/wp-content\/uploads\/2023\/03\/logonovo.png\",\"width\":\"469\",\"height\":\"171\",\"caption\":\"Jornal Timoneiro Canoas RS\"},\"image\":{\"@id\":\"https:\/\/jornaltimoneiro.com.br\/#\/schema\/logo\/image\/\"},\"sameAs\":[\"https:\/\/www.facebook.com\/jornaltimoneiro\",\"https:\/\/twitter.com\/_OTimoneiro\",\"https:\/\/www.instagram.com\/jornaltimoneirocanoas\/\",\"https:\/\/www.youtube.com\/@jornalotimoneiro7927\"]},{\"@type\":\"Person\",\"@id\":\"https:\/\/jornaltimoneiro.com.br\/#\/schema\/person\/620efd1d8244466117482be494360b08\",\"name\":\"Reda\u00e7\u00e3o\",\"image\":{\"@type\":\"ImageObject\",\"inLanguage\":\"pt-BR\",\"@id\":\"https:\/\/jornaltimoneiro.com.br\/#\/schema\/person\/image\/\",\"url\":\"https:\/\/secure.gravatar.com\/avatar\/2f04e1b304682a8d9db336c7acd77f08?s=96&d=mm&r=g\",\"contentUrl\":\"https:\/\/secure.gravatar.com\/avatar\/2f04e1b304682a8d9db336c7acd77f08?s=96&d=mm&r=g\",\"caption\":\"Reda\u00e7\u00e3o\"},\"url\":\"https:\/\/jornaltimoneiro.com.br\/index.php\/author\/timoneirocanoas\/\"}]}<\/script>\n<!-- \/ Yoast SEO plugin. -->","yoast_head_json":{"title":"Pedro Longes ser\u00e1 a atra\u00e7\u00e3o de estreia do Teatro do SESC Canoas - O Timoneiro Jornal Canoas RS","robots":{"index":"index","follow":"follow","max-snippet":"max-snippet:-1","max-image-preview":"max-image-preview:large","max-video-preview":"max-video-preview:-1"},"canonical":"https:\/\/jornaltimoneiro.com.br\/index.php\/2015\/12\/15\/pedro-longes-sera-a-atracao-de-estreia-do-teatro-do-sesc-canoas\/","og_locale":"pt_BR","og_type":"article","og_title":"Pedro Longes ser\u00e1 a atra\u00e7\u00e3o de estreia do Teatro do SESC Canoas - O Timoneiro Jornal Canoas RS","og_description":"Depois de fazer a abertura do 5\u00ba Canoas Jazz, em novembro, o cantor, compositor, pianista e violonista ser\u00e1 o nome de estreia do novo teatro.","og_url":"https:\/\/jornaltimoneiro.com.br\/index.php\/2015\/12\/15\/pedro-longes-sera-a-atracao-de-estreia-do-teatro-do-sesc-canoas\/","og_site_name":"O Timoneiro Jornal Canoas RS","article_publisher":"https:\/\/www.facebook.com\/jornaltimoneiro","article_published_time":"2015-12-15T02:01:30+00:00","author":"Reda\u00e7\u00e3o","twitter_card":"summary_large_image","twitter_creator":"@_OTimoneiro","twitter_site":"@_OTimoneiro","twitter_misc":{"Escrito por":"Reda\u00e7\u00e3o","Est. tempo de leitura":"1 minuto"},"schema":{"@context":"https:\/\/schema.org","@graph":[{"@type":"Article","@id":"https:\/\/jornaltimoneiro.com.br\/index.php\/2015\/12\/15\/pedro-longes-sera-a-atracao-de-estreia-do-teatro-do-sesc-canoas\/#article","isPartOf":{"@id":"https:\/\/jornaltimoneiro.com.br\/index.php\/2015\/12\/15\/pedro-longes-sera-a-atracao-de-estreia-do-teatro-do-sesc-canoas\/"},"author":{"name":"Reda\u00e7\u00e3o","@id":"https:\/\/jornaltimoneiro.com.br\/#\/schema\/person\/620efd1d8244466117482be494360b08"},"headline":"Pedro Longes ser\u00e1 a atra\u00e7\u00e3o de estreia do Teatro do SESC Canoas","datePublished":"2015-12-15T02:01:30+00:00","dateModified":"2015-12-15T02:01:30+00:00","mainEntityOfPage":{"@id":"https:\/\/jornaltimoneiro.com.br\/index.php\/2015\/12\/15\/pedro-longes-sera-a-atracao-de-estreia-do-teatro-do-sesc-canoas\/"},"wordCount":282,"commentCount":0,"publisher":{"@id":"https:\/\/jornaltimoneiro.com.br\/#organization"},"articleSection":["Destaques"],"inLanguage":"pt-BR","potentialAction":[{"@type":"CommentAction","name":"Comment","target":["https:\/\/jornaltimoneiro.com.br\/index.php\/2015\/12\/15\/pedro-longes-sera-a-atracao-de-estreia-do-teatro-do-sesc-canoas\/#respond"]}]},{"@type":"WebPage","@id":"https:\/\/jornaltimoneiro.com.br\/index.php\/2015\/12\/15\/pedro-longes-sera-a-atracao-de-estreia-do-teatro-do-sesc-canoas\/","url":"https:\/\/jornaltimoneiro.com.br\/index.php\/2015\/12\/15\/pedro-longes-sera-a-atracao-de-estreia-do-teatro-do-sesc-canoas\/","name":"Pedro Longes ser\u00e1 a atra\u00e7\u00e3o de estreia do Teatro do SESC Canoas - O Timoneiro Jornal Canoas RS","isPartOf":{"@id":"https:\/\/jornaltimoneiro.com.br\/#website"},"datePublished":"2015-12-15T02:01:30+00:00","dateModified":"2015-12-15T02:01:30+00:00","breadcrumb":{"@id":"https:\/\/jornaltimoneiro.com.br\/index.php\/2015\/12\/15\/pedro-longes-sera-a-atracao-de-estreia-do-teatro-do-sesc-canoas\/#breadcrumb"},"inLanguage":"pt-BR","potentialAction":[{"@type":"ReadAction","target":["https:\/\/jornaltimoneiro.com.br\/index.php\/2015\/12\/15\/pedro-longes-sera-a-atracao-de-estreia-do-teatro-do-sesc-canoas\/"]}]},{"@type":"BreadcrumbList","@id":"https:\/\/jornaltimoneiro.com.br\/index.php\/2015\/12\/15\/pedro-longes-sera-a-atracao-de-estreia-do-teatro-do-sesc-canoas\/#breadcrumb","itemListElement":[{"@type":"ListItem","position":1,"name":"In\u00edcio","item":"https:\/\/jornaltimoneiro.com.br\/"},{"@type":"ListItem","position":2,"name":"Pedro Longes ser\u00e1 a atra\u00e7\u00e3o de estreia do Teatro do SESC Canoas"}]},{"@type":"WebSite","@id":"https:\/\/jornaltimoneiro.com.br\/#website","url":"https:\/\/jornaltimoneiro.com.br\/","name":"Jornal Timoneiro Canoas RS","description":"Jornal O Timoneiro, o verdadeiro jornal de Canoas","publisher":{"@id":"https:\/\/jornaltimoneiro.com.br\/#organization"},"potentialAction":[{"@type":"SearchAction","target":{"@type":"EntryPoint","urlTemplate":"https:\/\/jornaltimoneiro.com.br\/?s={search_term_string}"},"query-input":"required name=search_term_string"}],"inLanguage":"pt-BR"},{"@type":"Organization","@id":"https:\/\/jornaltimoneiro.com.br\/#organization","name":"Jornal Timoneiro Canoas RS","url":"https:\/\/jornaltimoneiro.com.br\/","logo":{"@type":"ImageObject","inLanguage":"pt-BR","@id":"https:\/\/jornaltimoneiro.com.br\/#\/schema\/logo\/image\/","url":"https:\/\/jornaltimoneiro.com.br\/wp-content\/uploads\/2023\/03\/logonovo.png","contentUrl":"https:\/\/jornaltimoneiro.com.br\/wp-content\/uploads\/2023\/03\/logonovo.png","width":"469","height":"171","caption":"Jornal Timoneiro Canoas RS"},"image":{"@id":"https:\/\/jornaltimoneiro.com.br\/#\/schema\/logo\/image\/"},"sameAs":["https:\/\/www.facebook.com\/jornaltimoneiro","https:\/\/twitter.com\/_OTimoneiro","https:\/\/www.instagram.com\/jornaltimoneirocanoas\/","https:\/\/www.youtube.com\/@jornalotimoneiro7927"]},{"@type":"Person","@id":"https:\/\/jornaltimoneiro.com.br\/#\/schema\/person\/620efd1d8244466117482be494360b08","name":"Reda\u00e7\u00e3o","image":{"@type":"ImageObject","inLanguage":"pt-BR","@id":"https:\/\/jornaltimoneiro.com.br\/#\/schema\/person\/image\/","url":"https:\/\/secure.gravatar.com\/avatar\/2f04e1b304682a8d9db336c7acd77f08?s=96&d=mm&r=g","contentUrl":"https:\/\/secure.gravatar.com\/avatar\/2f04e1b304682a8d9db336c7acd77f08?s=96&d=mm&r=g","caption":"Reda\u00e7\u00e3o"},"url":"https:\/\/jornaltimoneiro.com.br\/index.php\/author\/timoneirocanoas\/"}]}},"_links":{"self":[{"href":"https:\/\/jornaltimoneiro.com.br\/index.php\/wp-json\/wp\/v2\/posts\/2062"}],"collection":[{"href":"https:\/\/jornaltimoneiro.com.br\/index.php\/wp-json\/wp\/v2\/posts"}],"about":[{"href":"https:\/\/jornaltimoneiro.com.br\/index.php\/wp-json\/wp\/v2\/types\/post"}],"author":[{"embeddable":true,"href":"https:\/\/jornaltimoneiro.com.br\/index.php\/wp-json\/wp\/v2\/users\/1"}],"replies":[{"embeddable":true,"href":"https:\/\/jornaltimoneiro.com.br\/index.php\/wp-json\/wp\/v2\/comments?post=2062"}],"version-history":[{"count":0,"href":"https:\/\/jornaltimoneiro.com.br\/index.php\/wp-json\/wp\/v2\/posts\/2062\/revisions"}],"wp:featuredmedia":[{"embeddable":true,"href":"https:\/\/jornaltimoneiro.com.br\/index.php\/wp-json\/"}],"wp:attachment":[{"href":"https:\/\/jornaltimoneiro.com.br\/index.php\/wp-json\/wp\/v2\/media?parent=2062"}],"wp:term":[{"taxonomy":"category","embeddable":true,"href":"https:\/\/jornaltimoneiro.com.br\/index.php\/wp-json\/wp\/v2\/categories?post=2062"},{"taxonomy":"post_tag","embeddable":true,"href":"https:\/\/jornaltimoneiro.com.br\/index.php\/wp-json\/wp\/v2\/tags?post=2062"}],"curies":[{"name":"wp","href":"https:\/\/api.w.org\/{rel}","templated":true}]}}