{"id":20527,"date":"2021-08-04T12:21:38","date_gmt":"2021-08-04T15:21:38","guid":{"rendered":"https:\/\/jornaltimoneiro.com.br\/?p=20527"},"modified":"2021-08-06T13:30:33","modified_gmt":"2021-08-06T16:30:33","slug":"15a-semana-da-juventude-de-canoas-tem-apresentacoes-artisticas-e-torneio-de-skate","status":"publish","type":"post","link":"https:\/\/jornaltimoneiro.com.br\/index.php\/2021\/08\/04\/15a-semana-da-juventude-de-canoas-tem-apresentacoes-artisticas-e-torneio-de-skate\/","title":{"rendered":"15\u00aa Semana da Juventude de Canoas tem apresenta\u00e7\u00f5es art\u00edsticas e torneio de skate"},"content":{"rendered":"<p>De acordo com o Escrit\u00f3rio de Comunica\u00e7\u00e3o da Prefeitura, a 15\u00aa Semana da Juventude de Canoas, que inicia na pr\u00f3xima segunda-feira, 9, com o tema \u201cO futuro \u00e9 voc\u00ea quem faz\u201d, e se estende at\u00e9 o s\u00e1bado, 14, ter\u00e1 apresenta\u00e7\u00f5es culturais e art\u00edsticas, palestras para escolas convidadas, feir\u00e3o de emprego, atividades f\u00edsicas e torneio de skate, entre outras.<\/p>\n<p><strong>Semana da Juventude<\/strong><\/p>\n<p>O evento \u00e9 um espa\u00e7o aberto para os jovens canoenses debaterem as suas necessidades e objetivos de vida, enquanto aprendem sobre novos temas, trocam experi\u00eancias e se divertem. Al\u00e9m do mais, a iniciativa visa promover o di\u00e1logo e a intera\u00e7\u00e3o entre jovens e as comunidades da cidade.<\/p>\n<p>A secret\u00e1ria da Juventude, Maria Eduarda Moreira, afirma que o evento visa levar aos jovens canoenses conhecimento, reflex\u00e3o, divers\u00e3o, informa\u00e7\u00e3o e trocas de experi\u00eancias. \u201cPensamos a Semana da Juventude justamente para oportunizarmos o debate de diferentes assuntos, a troca de experi\u00eancias e mostrarmos \u00e0 sociedade a import\u00e2ncia da juventude como protagonista do cen\u00e1rio atual\u201d, finalizou.<\/p>\n<p>O evento \u00e9 uma realiza\u00e7\u00e3o da Prefeitura de Canoas, por meio da Coordenadoria Municipal da Juventude, com o apoio das Secretarias Municipais da Cultura (SMC), Secretaria de Desenvolvimento Econ\u00f4mico, Turismo e Inova\u00e7\u00e3o (SMDETI), Secretaria Municipal de Educa\u00e7\u00e3o (SME), Secretaria Municipal de Esporte e Lazer (SMEL) e Coordenadoria das Diversidades e Comunidades Tradicionais.<\/p>\n<p><strong>Programa\u00e7\u00e3o<\/strong><\/p>\n<p><strong>DIA 09\/08:\u00a0Lan\u00e7amento da Semana da Juventude em parceria com Secretaria da Cultura e Secretaria de Desenvolvimento Econ\u00f4mico, Turismo e Inova\u00e7\u00e3o.<\/strong><\/p>\n<p>10h \u00e0s 16h \u2013 Varal\u00a0 de recados, cadastro de jovens, distribui\u00e7\u00e3o de m\u00e1scaras e orienta\u00e7\u00e3o para o mercado de trabalho.<\/p>\n<p>10h \u2013 Apresenta\u00e7\u00e3o do grupo de dan\u00e7a Hip Rockers<\/p>\n<p>11h \u2013 Duo de Dan\u00e7a Rafaelle Livinali e Carini Pereira<\/p>\n<p>14h \u2013 Duo de Dan\u00e7a Rafaelle Livinali e Carini Pereira<\/p>\n<p>15h \u2013 Grupo de Teatro Na\u00e7\u00e3o Jovem (Pe\u00e7a: Direito de Escolha)<\/p>\n<p><strong>Local:\u00a0 Cal\u00e7ad\u00e3o de Canoas\u00a0<\/strong><\/p>\n<p><strong>DIA\u00a0 10\/08:\u00a0 PAPO RETO COM JUVENTUDE<\/strong><\/p>\n<p>9h30 \u2013 Palestra \u201cDepress\u00e3o de jovens em tempos de Pandemia\u201d, com a Psic\u00f3loga Deise Aquino<\/p>\n<p>14h \u2013\u00a0 Palestra\u00a0 \u201cCombate e preven\u00e7\u00e3o \u00e0 viol\u00eancia contra a juventude\u201d, com a Delegada Tatiana Bastos:<\/p>\n<p><strong>\u00a0Local: Audit\u00f3rio Sady Schwitz<\/strong><\/p>\n<p><strong>\u00a0P\u00fablico: Escolas Municipais convidadas<\/strong><\/p>\n<p><strong>DIA 11\/08 : Lan\u00e7amento da Elei\u00e7\u00e3o do Gr\u00eamio Estudantil em parceria com a Secretaria Municipal de Educa\u00e7\u00e3o<\/strong><\/p>\n<p>9h30 \u2013 Apresenta\u00e7\u00e3o da Companhia Trivoli- Companhia de Arte da Associa\u00e7\u00e3o\u00a0 Legato<\/p>\n<p>14h \u2013 Apresenta\u00e7\u00e3o da Companhia Trivoli- Companhia de Arte da Associa\u00e7\u00e3o\u00a0 Legato<\/p>\n<p>Abertura Secret\u00e1ria de Educa\u00e7\u00e3o S\u00f4nia M\u00aa Oliveira da Rosa<\/p>\n<p>Participa\u00e7\u00e3o : Prefeito Jairo Jorge e Vice-prefeito Nedy de Vargas Marques<\/p>\n<p>Motiva\u00e7\u00e3o: Mauro Guedes<\/p>\n<p>Encerramento: Secret\u00e1ria da Coordenadoria da Juventude Maria Eduarda Moreira<\/p>\n<p><strong>Local: Audit\u00f3rio Sady Schwitz<\/strong><\/p>\n<p><strong>P\u00fablico: Escolas Municipais de Canoas convidadas\u00a0<\/strong><\/p>\n<p><strong>DIA 12\/08: \u00a0\u00a0\u00a0\u00a0 \u00a0Apresenta\u00e7\u00f5es Art\u00edsticas \u2013\u00a0 parceria com a Coordenadoria das Diversidades e Comunidades Tradicionais<\/strong><\/p>\n<p>10h \u2013\u00a0\u00a0 Apresenta\u00e7\u00e3o da Equipe Ogans da Rua ( Tambores Africanos )<\/p>\n<p>15h \u2013\u00a0 Show com Telyssa Anggell ( Drag Queen e ativista LGBTQIAP+) com participa\u00e7\u00e3o de Lucas Porto ( Mister Diversidade Canoas 2019).<\/p>\n<p><strong>Local: Hangar Cultural Oli Borges Flores \u2013 Apresenta\u00e7\u00f5es Art\u00edsticas<\/strong><\/p>\n<p><strong>DIA 13\/08:\u00a0 \u00a0\u00a0\u00a0 Jovem em Movimento em parceria com Secretaria Municipal de Esporte e Lazer<\/strong><\/p>\n<p>9h \u2013 Atleta Cidad\u00e3o do Futuro \u2013 Gin\u00e1stica R\u00edtmica\/Art\u00edstica\/Acrob\u00e1tica, com os Professores Juliana e Jos\u00e9<\/p>\n<p><strong>Local: Esta\u00e7\u00e3o Cidadania<\/strong><\/p>\n<p>16h\u00a0 \u2013\u00a0 Aul\u00e3o de H\u00f3quei,\u00a0 com os Professores Kelen e Daniel<\/p>\n<p><strong>Local: Centro Ol\u00edmpico Municipal<\/strong><\/p>\n<p><strong>DIA 14\/08:\u00a0\u00a0\u00a0\u00a0\u00a0 Prefeitura na Rua em parceria com Secretaria da Cultura e Secretaria de Desenvolvimento Econ\u00f4mico, Turismo e Inova\u00e7\u00e3o, e Secretaria Municipal de Esporte e Lazer<\/strong><\/p>\n<p>8h30 \u00e0s 8h50- Voz e Viol\u00e3o : Vict\u00f3ria F. da Luz e Pedro Felipe S. de Freitas<\/p>\n<p>Atendimento \u00e0s demandas da Juventude<\/p>\n<p><strong>Feir\u00e3o do 1\u00ba Emprego (Vagas de Telemarketing)<\/strong><\/p>\n<p>Local: Prefeitura na Rua<strong>\u00a0\u00a0\u00a0\u00a0\u00a0\u00a0\u00a0\u00a0\u00a0\u00a0\u00a0\u00a0\u00a0\u00a0\u00a0\u00a0\u00a0\u00a0\u00a0<\/strong><\/p>\n<p><strong>9h \u2013 \u00a0\u00a0\u00a0 Pedalada da Juventude\u00a0<\/strong><\/p>\n<p>Concentra\u00e7\u00e3o: 8h30<\/p>\n<p>Grupo Pedalantes\/ FBI \/ Trilheiros \/ Squadra\/ Quinta do Pedal<\/p>\n<p>Sa\u00edda- Parque Municipal Get\u00falio Vargas<\/p>\n<p>Chegada \u2013 Parque Esportivo Eduardo Gomes<\/p>\n<p><strong>\u00a010h \u2013 Futebol Americano- CANOAS BULL<\/strong><\/p>\n<p>Coordenadora Tuany<\/p>\n<p>Local: Parque Esportivo Eduardo Gomes<\/p>\n<p><strong>15h \u2013 \u00a0\u00a0 Skate Torneio de Slide\u00a0<\/strong><\/p>\n<p>Concentra\u00e7\u00e3o \u00e0s 14h30<\/p>\n<p>Local: Bairro Est\u00e2ncia Velha \u2013 Rua Angelim e Rua Brom\u00e9lias<\/p>\n<p>&nbsp;<\/p>\n","protected":false},"excerpt":{"rendered":"<p>De acordo com o Escrit\u00f3rio de Comunica\u00e7\u00e3o da Prefeitura, a 15\u00aa Semana da Juventude de Canoas, que inicia na pr\u00f3xima segunda-feira, 9, com o tema \u201cO futuro \u00e9 voc\u00ea quem faz\u201d, e se estende at\u00e9 o s\u00e1bado, 14, ter\u00e1 apresenta\u00e7\u00f5es culturais e art\u00edsticas, palestras para escolas convidadas, feir\u00e3o de emprego, atividades f\u00edsicas e torneio de [&hellip;]<\/p>\n","protected":false},"author":2,"featured_media":20528,"comment_status":"open","ping_status":"open","sticky":false,"template":"","format":"standard","meta":{"amp_status":"","footnotes":""},"categories":[23],"tags":[],"class_list":["post-20527","post","type-post","status-publish","format-standard","has-post-thumbnail","hentry","category-geral"],"yoast_head":"<!-- This site is optimized with the Yoast SEO plugin v20.5 - https:\/\/yoast.com\/wordpress\/plugins\/seo\/ -->\n<title>15\u00aa Semana da Juventude de Canoas tem apresenta\u00e7\u00f5es art\u00edsticas e torneio de skate - O Timoneiro Jornal Canoas RS<\/title>\n<meta name=\"robots\" content=\"index, follow, max-snippet:-1, max-image-preview:large, max-video-preview:-1\" \/>\n<link rel=\"canonical\" href=\"https:\/\/jornaltimoneiro.com.br\/index.php\/2021\/08\/04\/15a-semana-da-juventude-de-canoas-tem-apresentacoes-artisticas-e-torneio-de-skate\/\" \/>\n<meta property=\"og:locale\" content=\"pt_BR\" \/>\n<meta property=\"og:type\" content=\"article\" \/>\n<meta property=\"og:title\" content=\"15\u00aa Semana da Juventude de Canoas tem apresenta\u00e7\u00f5es art\u00edsticas e torneio de skate - O Timoneiro Jornal Canoas RS\" \/>\n<meta property=\"og:description\" content=\"De acordo com o Escrit\u00f3rio de Comunica\u00e7\u00e3o da Prefeitura, a 15\u00aa Semana da Juventude de Canoas, que inicia na pr\u00f3xima segunda-feira, 9, com o tema \u201cO futuro \u00e9 voc\u00ea quem faz\u201d, e se estende at\u00e9 o s\u00e1bado, 14, ter\u00e1 apresenta\u00e7\u00f5es culturais e art\u00edsticas, palestras para escolas convidadas, feir\u00e3o de emprego, atividades f\u00edsicas e torneio de [&hellip;]\" \/>\n<meta property=\"og:url\" content=\"https:\/\/jornaltimoneiro.com.br\/index.php\/2021\/08\/04\/15a-semana-da-juventude-de-canoas-tem-apresentacoes-artisticas-e-torneio-de-skate\/\" \/>\n<meta property=\"og:site_name\" content=\"O Timoneiro Jornal Canoas RS\" \/>\n<meta property=\"article:publisher\" content=\"https:\/\/www.facebook.com\/jornaltimoneiro\" \/>\n<meta property=\"article:published_time\" content=\"2021-08-04T15:21:38+00:00\" \/>\n<meta property=\"article:modified_time\" content=\"2021-08-06T16:30:33+00:00\" \/>\n<meta property=\"og:image\" content=\"https:\/\/jornaltimoneiro.com.br\/wp-content\/uploads\/2021\/08\/Vinicius-Thormann-1-2-1024x683.jpg\" \/>\n\t<meta property=\"og:image:width\" content=\"1080\" \/>\n\t<meta property=\"og:image:height\" content=\"720\" \/>\n\t<meta property=\"og:image:type\" content=\"image\/jpeg\" \/>\n<meta name=\"author\" content=\"Reda\u00e7\u00e3o\" \/>\n<meta name=\"twitter:card\" content=\"summary_large_image\" \/>\n<meta name=\"twitter:creator\" content=\"@_OTimoneiro\" \/>\n<meta name=\"twitter:site\" content=\"@_OTimoneiro\" \/>\n<meta name=\"twitter:label1\" content=\"Escrito por\" \/>\n\t<meta name=\"twitter:data1\" content=\"Reda\u00e7\u00e3o\" \/>\n\t<meta name=\"twitter:label2\" content=\"Est. tempo de leitura\" \/>\n\t<meta name=\"twitter:data2\" content=\"3 minutos\" \/>\n<script type=\"application\/ld+json\" class=\"yoast-schema-graph\">{\"@context\":\"https:\/\/schema.org\",\"@graph\":[{\"@type\":\"Article\",\"@id\":\"https:\/\/jornaltimoneiro.com.br\/index.php\/2021\/08\/04\/15a-semana-da-juventude-de-canoas-tem-apresentacoes-artisticas-e-torneio-de-skate\/#article\",\"isPartOf\":{\"@id\":\"https:\/\/jornaltimoneiro.com.br\/index.php\/2021\/08\/04\/15a-semana-da-juventude-de-canoas-tem-apresentacoes-artisticas-e-torneio-de-skate\/\"},\"author\":{\"name\":\"Reda\u00e7\u00e3o\",\"@id\":\"https:\/\/jornaltimoneiro.com.br\/#\/schema\/person\/f63482f1a02b1a9592707865e509ab40\"},\"headline\":\"15\u00aa Semana da Juventude de Canoas tem apresenta\u00e7\u00f5es art\u00edsticas e torneio de skate\",\"datePublished\":\"2021-08-04T15:21:38+00:00\",\"dateModified\":\"2021-08-06T16:30:33+00:00\",\"mainEntityOfPage\":{\"@id\":\"https:\/\/jornaltimoneiro.com.br\/index.php\/2021\/08\/04\/15a-semana-da-juventude-de-canoas-tem-apresentacoes-artisticas-e-torneio-de-skate\/\"},\"wordCount\":712,\"commentCount\":0,\"publisher\":{\"@id\":\"https:\/\/jornaltimoneiro.com.br\/#organization\"},\"articleSection\":[\"Geral\"],\"inLanguage\":\"pt-BR\",\"potentialAction\":[{\"@type\":\"CommentAction\",\"name\":\"Comment\",\"target\":[\"https:\/\/jornaltimoneiro.com.br\/index.php\/2021\/08\/04\/15a-semana-da-juventude-de-canoas-tem-apresentacoes-artisticas-e-torneio-de-skate\/#respond\"]}]},{\"@type\":\"WebPage\",\"@id\":\"https:\/\/jornaltimoneiro.com.br\/index.php\/2021\/08\/04\/15a-semana-da-juventude-de-canoas-tem-apresentacoes-artisticas-e-torneio-de-skate\/\",\"url\":\"https:\/\/jornaltimoneiro.com.br\/index.php\/2021\/08\/04\/15a-semana-da-juventude-de-canoas-tem-apresentacoes-artisticas-e-torneio-de-skate\/\",\"name\":\"15\u00aa Semana da Juventude de Canoas tem apresenta\u00e7\u00f5es art\u00edsticas e torneio de skate - O Timoneiro Jornal Canoas RS\",\"isPartOf\":{\"@id\":\"https:\/\/jornaltimoneiro.com.br\/#website\"},\"datePublished\":\"2021-08-04T15:21:38+00:00\",\"dateModified\":\"2021-08-06T16:30:33+00:00\",\"breadcrumb\":{\"@id\":\"https:\/\/jornaltimoneiro.com.br\/index.php\/2021\/08\/04\/15a-semana-da-juventude-de-canoas-tem-apresentacoes-artisticas-e-torneio-de-skate\/#breadcrumb\"},\"inLanguage\":\"pt-BR\",\"potentialAction\":[{\"@type\":\"ReadAction\",\"target\":[\"https:\/\/jornaltimoneiro.com.br\/index.php\/2021\/08\/04\/15a-semana-da-juventude-de-canoas-tem-apresentacoes-artisticas-e-torneio-de-skate\/\"]}]},{\"@type\":\"BreadcrumbList\",\"@id\":\"https:\/\/jornaltimoneiro.com.br\/index.php\/2021\/08\/04\/15a-semana-da-juventude-de-canoas-tem-apresentacoes-artisticas-e-torneio-de-skate\/#breadcrumb\",\"itemListElement\":[{\"@type\":\"ListItem\",\"position\":1,\"name\":\"In\u00edcio\",\"item\":\"https:\/\/jornaltimoneiro.com.br\/\"},{\"@type\":\"ListItem\",\"position\":2,\"name\":\"15\u00aa Semana da Juventude de Canoas tem apresenta\u00e7\u00f5es art\u00edsticas e torneio de skate\"}]},{\"@type\":\"WebSite\",\"@id\":\"https:\/\/jornaltimoneiro.com.br\/#website\",\"url\":\"https:\/\/jornaltimoneiro.com.br\/\",\"name\":\"Jornal Timoneiro Canoas RS\",\"description\":\"Jornal O Timoneiro, o verdadeiro jornal de Canoas\",\"publisher\":{\"@id\":\"https:\/\/jornaltimoneiro.com.br\/#organization\"},\"potentialAction\":[{\"@type\":\"SearchAction\",\"target\":{\"@type\":\"EntryPoint\",\"urlTemplate\":\"https:\/\/jornaltimoneiro.com.br\/?s={search_term_string}\"},\"query-input\":\"required name=search_term_string\"}],\"inLanguage\":\"pt-BR\"},{\"@type\":\"Organization\",\"@id\":\"https:\/\/jornaltimoneiro.com.br\/#organization\",\"name\":\"Jornal Timoneiro Canoas RS\",\"url\":\"https:\/\/jornaltimoneiro.com.br\/\",\"logo\":{\"@type\":\"ImageObject\",\"inLanguage\":\"pt-BR\",\"@id\":\"https:\/\/jornaltimoneiro.com.br\/#\/schema\/logo\/image\/\",\"url\":\"https:\/\/jornaltimoneiro.com.br\/wp-content\/uploads\/2023\/03\/logonovo.png\",\"contentUrl\":\"https:\/\/jornaltimoneiro.com.br\/wp-content\/uploads\/2023\/03\/logonovo.png\",\"width\":\"469\",\"height\":\"171\",\"caption\":\"Jornal Timoneiro Canoas RS\"},\"image\":{\"@id\":\"https:\/\/jornaltimoneiro.com.br\/#\/schema\/logo\/image\/\"},\"sameAs\":[\"https:\/\/www.facebook.com\/jornaltimoneiro\",\"https:\/\/twitter.com\/_OTimoneiro\",\"https:\/\/www.instagram.com\/jornaltimoneirocanoas\/\",\"https:\/\/www.youtube.com\/@jornalotimoneiro7927\"]},{\"@type\":\"Person\",\"@id\":\"https:\/\/jornaltimoneiro.com.br\/#\/schema\/person\/f63482f1a02b1a9592707865e509ab40\",\"name\":\"Reda\u00e7\u00e3o\",\"image\":{\"@type\":\"ImageObject\",\"inLanguage\":\"pt-BR\",\"@id\":\"https:\/\/jornaltimoneiro.com.br\/#\/schema\/person\/image\/\",\"url\":\"https:\/\/jornaltimoneiro.com.br\/wp-content\/uploads\/2023\/03\/download.jpeg\",\"contentUrl\":\"https:\/\/jornaltimoneiro.com.br\/wp-content\/uploads\/2023\/03\/download.jpeg\",\"caption\":\"Reda\u00e7\u00e3o\"},\"url\":\"https:\/\/jornaltimoneiro.com.br\/index.php\/author\/simone-dutra\/\"}]}<\/script>\n<!-- \/ Yoast SEO plugin. -->","yoast_head_json":{"title":"15\u00aa Semana da Juventude de Canoas tem apresenta\u00e7\u00f5es art\u00edsticas e torneio de skate - O Timoneiro Jornal Canoas RS","robots":{"index":"index","follow":"follow","max-snippet":"max-snippet:-1","max-image-preview":"max-image-preview:large","max-video-preview":"max-video-preview:-1"},"canonical":"https:\/\/jornaltimoneiro.com.br\/index.php\/2021\/08\/04\/15a-semana-da-juventude-de-canoas-tem-apresentacoes-artisticas-e-torneio-de-skate\/","og_locale":"pt_BR","og_type":"article","og_title":"15\u00aa Semana da Juventude de Canoas tem apresenta\u00e7\u00f5es art\u00edsticas e torneio de skate - O Timoneiro Jornal Canoas RS","og_description":"De acordo com o Escrit\u00f3rio de Comunica\u00e7\u00e3o da Prefeitura, a 15\u00aa Semana da Juventude de Canoas, que inicia na pr\u00f3xima segunda-feira, 9, com o tema \u201cO futuro \u00e9 voc\u00ea quem faz\u201d, e se estende at\u00e9 o s\u00e1bado, 14, ter\u00e1 apresenta\u00e7\u00f5es culturais e art\u00edsticas, palestras para escolas convidadas, feir\u00e3o de emprego, atividades f\u00edsicas e torneio de [&hellip;]","og_url":"https:\/\/jornaltimoneiro.com.br\/index.php\/2021\/08\/04\/15a-semana-da-juventude-de-canoas-tem-apresentacoes-artisticas-e-torneio-de-skate\/","og_site_name":"O Timoneiro Jornal Canoas RS","article_publisher":"https:\/\/www.facebook.com\/jornaltimoneiro","article_published_time":"2021-08-04T15:21:38+00:00","article_modified_time":"2021-08-06T16:30:33+00:00","og_image":[{"width":"1080","height":"720","url":"https:\/\/jornaltimoneiro.com.br\/wp-content\/uploads\/2021\/08\/Vinicius-Thormann-1-2-1024x683.jpg","type":"image\/jpeg"}],"author":"Reda\u00e7\u00e3o","twitter_card":"summary_large_image","twitter_creator":"@_OTimoneiro","twitter_site":"@_OTimoneiro","twitter_misc":{"Escrito por":"Reda\u00e7\u00e3o","Est. tempo de leitura":"3 minutos"},"schema":{"@context":"https:\/\/schema.org","@graph":[{"@type":"Article","@id":"https:\/\/jornaltimoneiro.com.br\/index.php\/2021\/08\/04\/15a-semana-da-juventude-de-canoas-tem-apresentacoes-artisticas-e-torneio-de-skate\/#article","isPartOf":{"@id":"https:\/\/jornaltimoneiro.com.br\/index.php\/2021\/08\/04\/15a-semana-da-juventude-de-canoas-tem-apresentacoes-artisticas-e-torneio-de-skate\/"},"author":{"name":"Reda\u00e7\u00e3o","@id":"https:\/\/jornaltimoneiro.com.br\/#\/schema\/person\/f63482f1a02b1a9592707865e509ab40"},"headline":"15\u00aa Semana da Juventude de Canoas tem apresenta\u00e7\u00f5es art\u00edsticas e torneio de skate","datePublished":"2021-08-04T15:21:38+00:00","dateModified":"2021-08-06T16:30:33+00:00","mainEntityOfPage":{"@id":"https:\/\/jornaltimoneiro.com.br\/index.php\/2021\/08\/04\/15a-semana-da-juventude-de-canoas-tem-apresentacoes-artisticas-e-torneio-de-skate\/"},"wordCount":712,"commentCount":0,"publisher":{"@id":"https:\/\/jornaltimoneiro.com.br\/#organization"},"articleSection":["Geral"],"inLanguage":"pt-BR","potentialAction":[{"@type":"CommentAction","name":"Comment","target":["https:\/\/jornaltimoneiro.com.br\/index.php\/2021\/08\/04\/15a-semana-da-juventude-de-canoas-tem-apresentacoes-artisticas-e-torneio-de-skate\/#respond"]}]},{"@type":"WebPage","@id":"https:\/\/jornaltimoneiro.com.br\/index.php\/2021\/08\/04\/15a-semana-da-juventude-de-canoas-tem-apresentacoes-artisticas-e-torneio-de-skate\/","url":"https:\/\/jornaltimoneiro.com.br\/index.php\/2021\/08\/04\/15a-semana-da-juventude-de-canoas-tem-apresentacoes-artisticas-e-torneio-de-skate\/","name":"15\u00aa Semana da Juventude de Canoas tem apresenta\u00e7\u00f5es art\u00edsticas e torneio de skate - O Timoneiro Jornal Canoas RS","isPartOf":{"@id":"https:\/\/jornaltimoneiro.com.br\/#website"},"datePublished":"2021-08-04T15:21:38+00:00","dateModified":"2021-08-06T16:30:33+00:00","breadcrumb":{"@id":"https:\/\/jornaltimoneiro.com.br\/index.php\/2021\/08\/04\/15a-semana-da-juventude-de-canoas-tem-apresentacoes-artisticas-e-torneio-de-skate\/#breadcrumb"},"inLanguage":"pt-BR","potentialAction":[{"@type":"ReadAction","target":["https:\/\/jornaltimoneiro.com.br\/index.php\/2021\/08\/04\/15a-semana-da-juventude-de-canoas-tem-apresentacoes-artisticas-e-torneio-de-skate\/"]}]},{"@type":"BreadcrumbList","@id":"https:\/\/jornaltimoneiro.com.br\/index.php\/2021\/08\/04\/15a-semana-da-juventude-de-canoas-tem-apresentacoes-artisticas-e-torneio-de-skate\/#breadcrumb","itemListElement":[{"@type":"ListItem","position":1,"name":"In\u00edcio","item":"https:\/\/jornaltimoneiro.com.br\/"},{"@type":"ListItem","position":2,"name":"15\u00aa Semana da Juventude de Canoas tem apresenta\u00e7\u00f5es art\u00edsticas e torneio de skate"}]},{"@type":"WebSite","@id":"https:\/\/jornaltimoneiro.com.br\/#website","url":"https:\/\/jornaltimoneiro.com.br\/","name":"Jornal Timoneiro Canoas RS","description":"Jornal O Timoneiro, o verdadeiro jornal de Canoas","publisher":{"@id":"https:\/\/jornaltimoneiro.com.br\/#organization"},"potentialAction":[{"@type":"SearchAction","target":{"@type":"EntryPoint","urlTemplate":"https:\/\/jornaltimoneiro.com.br\/?s={search_term_string}"},"query-input":"required name=search_term_string"}],"inLanguage":"pt-BR"},{"@type":"Organization","@id":"https:\/\/jornaltimoneiro.com.br\/#organization","name":"Jornal Timoneiro Canoas RS","url":"https:\/\/jornaltimoneiro.com.br\/","logo":{"@type":"ImageObject","inLanguage":"pt-BR","@id":"https:\/\/jornaltimoneiro.com.br\/#\/schema\/logo\/image\/","url":"https:\/\/jornaltimoneiro.com.br\/wp-content\/uploads\/2023\/03\/logonovo.png","contentUrl":"https:\/\/jornaltimoneiro.com.br\/wp-content\/uploads\/2023\/03\/logonovo.png","width":"469","height":"171","caption":"Jornal Timoneiro Canoas RS"},"image":{"@id":"https:\/\/jornaltimoneiro.com.br\/#\/schema\/logo\/image\/"},"sameAs":["https:\/\/www.facebook.com\/jornaltimoneiro","https:\/\/twitter.com\/_OTimoneiro","https:\/\/www.instagram.com\/jornaltimoneirocanoas\/","https:\/\/www.youtube.com\/@jornalotimoneiro7927"]},{"@type":"Person","@id":"https:\/\/jornaltimoneiro.com.br\/#\/schema\/person\/f63482f1a02b1a9592707865e509ab40","name":"Reda\u00e7\u00e3o","image":{"@type":"ImageObject","inLanguage":"pt-BR","@id":"https:\/\/jornaltimoneiro.com.br\/#\/schema\/person\/image\/","url":"https:\/\/jornaltimoneiro.com.br\/wp-content\/uploads\/2023\/03\/download.jpeg","contentUrl":"https:\/\/jornaltimoneiro.com.br\/wp-content\/uploads\/2023\/03\/download.jpeg","caption":"Reda\u00e7\u00e3o"},"url":"https:\/\/jornaltimoneiro.com.br\/index.php\/author\/simone-dutra\/"}]}},"_links":{"self":[{"href":"https:\/\/jornaltimoneiro.com.br\/index.php\/wp-json\/wp\/v2\/posts\/20527"}],"collection":[{"href":"https:\/\/jornaltimoneiro.com.br\/index.php\/wp-json\/wp\/v2\/posts"}],"about":[{"href":"https:\/\/jornaltimoneiro.com.br\/index.php\/wp-json\/wp\/v2\/types\/post"}],"author":[{"embeddable":true,"href":"https:\/\/jornaltimoneiro.com.br\/index.php\/wp-json\/wp\/v2\/users\/2"}],"replies":[{"embeddable":true,"href":"https:\/\/jornaltimoneiro.com.br\/index.php\/wp-json\/wp\/v2\/comments?post=20527"}],"version-history":[{"count":1,"href":"https:\/\/jornaltimoneiro.com.br\/index.php\/wp-json\/wp\/v2\/posts\/20527\/revisions"}],"predecessor-version":[{"id":20529,"href":"https:\/\/jornaltimoneiro.com.br\/index.php\/wp-json\/wp\/v2\/posts\/20527\/revisions\/20529"}],"wp:featuredmedia":[{"embeddable":true,"href":"https:\/\/jornaltimoneiro.com.br\/index.php\/wp-json\/wp\/v2\/media\/20528"}],"wp:attachment":[{"href":"https:\/\/jornaltimoneiro.com.br\/index.php\/wp-json\/wp\/v2\/media?parent=20527"}],"wp:term":[{"taxonomy":"category","embeddable":true,"href":"https:\/\/jornaltimoneiro.com.br\/index.php\/wp-json\/wp\/v2\/categories?post=20527"},{"taxonomy":"post_tag","embeddable":true,"href":"https:\/\/jornaltimoneiro.com.br\/index.php\/wp-json\/wp\/v2\/tags?post=20527"}],"curies":[{"name":"wp","href":"https:\/\/api.w.org\/{rel}","templated":true}]}}