{"id":2041,"date":"2015-12-13T01:26:43","date_gmt":"2015-12-13T03:26:43","guid":{"rendered":"http:\/\/otimoneiro.com.br\/?p=2041"},"modified":"2015-12-13T01:26:43","modified_gmt":"2015-12-13T03:26:43","slug":"estao-amarrando-nossas-criancas-seremos-omissos","status":"publish","type":"post","link":"https:\/\/jornaltimoneiro.com.br\/index.php\/2015\/12\/13\/estao-amarrando-nossas-criancas-seremos-omissos\/","title":{"rendered":"Est\u00e3o amarrando nossas crian\u00e7as! Seremos omissos?"},"content":{"rendered":"<p><a href=\"http:\/\/otimoneiro.com.br\/wp-content\/uploads\/2015\/12\/EMERSON121215.jpg\"><img decoding=\"async\" class=\"aligncenter size-large wp-image-2042\" src=\"http:\/\/otimoneiro.com.br\/wp-content\/uploads\/2015\/12\/EMERSON121215-1024x811.jpg\" alt=\"EMERSON121215\" width=\"1024\" height=\"811\" \/><\/a><\/p>\n<p>Na \u00faltima semana estive em S\u00e3o Paulo. Logo na chegada, me deparei com o reflexo dos problemas que assolam o sistema p\u00fablico de Educa\u00e7\u00e3o naquele Estado. Embarquei em um \u00f4nibus executivo no aeroporto de Guarulhos, com esperan\u00e7as de chegar \u00e0 avenida Paulista, mas n\u00e3o tive sucesso, tive que desembarcar no largo do Arouche (sim, aquele lugar que os personagens do Sai de Baixo tinham pavor). N\u00e3o tinha como seguir viagem, pois, segundo o motorista, uma manifesta\u00e7\u00e3o gigantesca bloqueava a Paulista. Os estudantes n\u00e3o aceitavam a decis\u00e3o do governador Geraldo Alckmin de fechar dezenas de escolas. Ocupavam as institui\u00e7\u00f5es de Ensino e bloqueavam ruas, sempre reprimidos com viol\u00eancia pelo governo.<\/p>\n<p>Viol\u00eancia&#8230; voltei para o Rio Grande do Sul pensando que aqui \u00e9ramos mais felizes por n\u00e3o termos uma rela\u00e7\u00e3o t\u00e3o institucionalizada entre viol\u00eancia e escolas, apesar de preocupantes epis\u00f3dios isolados. Nem entro no m\u00e9rito da resolu\u00e7\u00e3o do problema paulista, pois a not\u00edcia com que me deparei em Canoas faz com que me foque mais no problema que est\u00e1 na minha casa do que na casa dos outros.<\/p>\n<p>Se em S\u00e3o Paulo me apavorei com a pol\u00edcia agredindo estudantes adolescentes, o que pensar de professores agredindo alunos em uma idade em que mal sabem falar? A not\u00edcia veiculada na capa de nosso jornal na \u00faltima sexta-feira, 11, <a href=\"http:\/\/otimoneiro.com.br\/criancas-sofriam-maus-tratos-e-eram-amarradas-com-fita\/\">e que pode ser lida aqui<\/a>, revela uma atrocidade que estava sendo cometida contra nossas crian\u00e7as em escolas p\u00fablicas. Sim, p\u00fablicas, aquelas que todos n\u00f3s pagamos e que o governo nos faz pensar que s\u00e3o gratuitas.<\/p>\n<p>Como eu vou dormir tranquilo e pensar que na creche municipal mais pr\u00f3xima, e agora fa\u00e7o quest\u00e3o de chamar de creche e n\u00e3o de Escola Municipal de Educa\u00e7\u00e3o Infantil, como insiste a Prefeitura, v\u00e1rias crian\u00e7as podem ser amarradas nas pr\u00f3ximas horas?<\/p>\n<p>Quem clicou no link acima e leu o que aconteceu percebeu que n\u00e3o foi um caso isolado, n\u00e3o aconteceu s\u00f3 uma vez, e a Prefeitura sequer negou. N\u00e3o \u00e9 uma especula\u00e7\u00e3o, \u00e9 um fato, crian\u00e7as foram agredidas em creches p\u00fablicas. Nem \u00e9 preciso for\u00e7ar o pensamento para se chegar \u00e0 \u00f3bvia conclus\u00e3o: estamos pagando para torturem nossas crian\u00e7as.<\/p>\n<p>E antes que voc\u00ea pense &#8220;O problema \u00e9 a estabilidade dos funcion\u00e1rios p\u00fablicos, eles cometem atrocidades porque sabem que n\u00e3o v\u00e3o perder o emprego!&#8221;, eu insisto que leia com aten\u00e7\u00e3o a nossa reportagem. N\u00e3o se tratam de funcion\u00e1rios p\u00fablicos e sim de terceirizados, contratados por uma associa\u00e7\u00e3o para a qual a Prefeitura repassou a gest\u00e3o de algumas escolas. Portanto, \u00e9 f\u00e1cil pensar que a administra\u00e7\u00e3o municipal pode afastar esta associa\u00e7\u00e3o e assumir a gest\u00e3o ou mesmo repassar para outra institui\u00e7\u00e3o mais competentes. Claro, \u00e9 f\u00e1cil pensar, mas foi isso que fez a Prefeitura? N\u00e3o, as mesmas pessoas continuam \u00e0 frente da gest\u00e3o das escolas. As mesmas pessoas que escolheram pelo menos uma professora capaz de amarrar alunos, que selecionaram atendentes de creche atrav\u00e9s de an\u00fancios em paradas de \u00f4nibus, continuam cuidando das nossas crian\u00e7as.<\/p>\n<p>A culpa realmente \u00e9 apenas da professora que praticou a viol\u00eancia? N\u00e3o seria do crit\u00e9rio de sele\u00e7\u00e3o adotado para contrat\u00e1-la? N\u00e3o seria de quem teve a ideia de repassar a gest\u00e3o de escolas para institui\u00e7\u00f5es nada confi\u00e1veis? \u00a0Ou ainda, n\u00e3o seria, de fato, de quem aprovou a ideia e deu o caneta\u00e7o que permitiu o repasse da gest\u00e3o? \u00c9 dif\u00edcil eleger um s\u00f3 culpado. Mas o fato \u00e9 que se deixarmos que isso continue acontecendo, se n\u00e3o pressionarmos pela mudan\u00e7a urgente do sistema de gest\u00e3o destas creches, todos n\u00f3s seremos t\u00e3o culpados quanto os demais. Omiss\u00e3o tamb\u00e9m \u00e9 uma falta muito grave, n\u00e3o podemos ser omissos.<\/p>\n","protected":false},"excerpt":{"rendered":"<p>Na \u00faltima semana estive em S\u00e3o Paulo. Logo na chegada, me deparei com o reflexo dos problemas que assolam o sistema p\u00fablico de Educa\u00e7\u00e3o naquele Estado. Embarquei em um \u00f4nibus executivo no aeroporto de Guarulhos, com esperan\u00e7as de chegar \u00e0 avenida Paulista, mas n\u00e3o tive sucesso, tive que desembarcar no largo do Arouche (sim, aquele [&hellip;]<\/p>\n","protected":false},"author":1,"featured_media":0,"comment_status":"open","ping_status":"open","sticky":false,"template":"","format":"standard","meta":{"amp_status":"","footnotes":""},"categories":[21],"tags":[],"class_list":["post-2041","post","type-post","status-publish","format-standard","hentry","category-opiniao"],"yoast_head":"<!-- This site is optimized with the Yoast SEO plugin v20.5 - https:\/\/yoast.com\/wordpress\/plugins\/seo\/ -->\n<title>Est\u00e3o amarrando nossas crian\u00e7as! Seremos omissos? - O Timoneiro Jornal Canoas RS<\/title>\n<meta name=\"robots\" content=\"index, follow, max-snippet:-1, max-image-preview:large, max-video-preview:-1\" \/>\n<link rel=\"canonical\" href=\"https:\/\/jornaltimoneiro.com.br\/index.php\/2015\/12\/13\/estao-amarrando-nossas-criancas-seremos-omissos\/\" \/>\n<meta property=\"og:locale\" content=\"pt_BR\" \/>\n<meta property=\"og:type\" content=\"article\" \/>\n<meta property=\"og:title\" content=\"Est\u00e3o amarrando nossas crian\u00e7as! Seremos omissos? - O Timoneiro Jornal Canoas RS\" \/>\n<meta property=\"og:description\" content=\"Na \u00faltima semana estive em S\u00e3o Paulo. Logo na chegada, me deparei com o reflexo dos problemas que assolam o sistema p\u00fablico de Educa\u00e7\u00e3o naquele Estado. Embarquei em um \u00f4nibus executivo no aeroporto de Guarulhos, com esperan\u00e7as de chegar \u00e0 avenida Paulista, mas n\u00e3o tive sucesso, tive que desembarcar no largo do Arouche (sim, aquele [&hellip;]\" \/>\n<meta property=\"og:url\" content=\"https:\/\/jornaltimoneiro.com.br\/index.php\/2015\/12\/13\/estao-amarrando-nossas-criancas-seremos-omissos\/\" \/>\n<meta property=\"og:site_name\" content=\"O Timoneiro Jornal Canoas RS\" \/>\n<meta property=\"article:publisher\" content=\"https:\/\/www.facebook.com\/jornaltimoneiro\" \/>\n<meta property=\"article:published_time\" content=\"2015-12-13T03:26:43+00:00\" \/>\n<meta property=\"og:image\" content=\"http:\/\/otimoneiro.com.br\/wp-content\/uploads\/2015\/12\/EMERSON121215-1024x811.jpg\" \/>\n<meta name=\"author\" content=\"Reda\u00e7\u00e3o\" \/>\n<meta name=\"twitter:card\" content=\"summary_large_image\" \/>\n<meta name=\"twitter:creator\" content=\"@_OTimoneiro\" \/>\n<meta name=\"twitter:site\" content=\"@_OTimoneiro\" \/>\n<meta name=\"twitter:label1\" content=\"Escrito por\" \/>\n\t<meta name=\"twitter:data1\" content=\"Reda\u00e7\u00e3o\" \/>\n\t<meta name=\"twitter:label2\" content=\"Est. tempo de leitura\" \/>\n\t<meta name=\"twitter:data2\" content=\"3 minutos\" \/>\n<script type=\"application\/ld+json\" class=\"yoast-schema-graph\">{\"@context\":\"https:\/\/schema.org\",\"@graph\":[{\"@type\":\"Article\",\"@id\":\"https:\/\/jornaltimoneiro.com.br\/index.php\/2015\/12\/13\/estao-amarrando-nossas-criancas-seremos-omissos\/#article\",\"isPartOf\":{\"@id\":\"https:\/\/jornaltimoneiro.com.br\/index.php\/2015\/12\/13\/estao-amarrando-nossas-criancas-seremos-omissos\/\"},\"author\":{\"name\":\"Reda\u00e7\u00e3o\",\"@id\":\"https:\/\/jornaltimoneiro.com.br\/#\/schema\/person\/620efd1d8244466117482be494360b08\"},\"headline\":\"Est\u00e3o amarrando nossas crian\u00e7as! Seremos omissos?\",\"datePublished\":\"2015-12-13T03:26:43+00:00\",\"dateModified\":\"2015-12-13T03:26:43+00:00\",\"mainEntityOfPage\":{\"@id\":\"https:\/\/jornaltimoneiro.com.br\/index.php\/2015\/12\/13\/estao-amarrando-nossas-criancas-seremos-omissos\/\"},\"wordCount\":671,\"commentCount\":0,\"publisher\":{\"@id\":\"https:\/\/jornaltimoneiro.com.br\/#organization\"},\"articleSection\":[\"Opini\u00e3o\"],\"inLanguage\":\"pt-BR\",\"potentialAction\":[{\"@type\":\"CommentAction\",\"name\":\"Comment\",\"target\":[\"https:\/\/jornaltimoneiro.com.br\/index.php\/2015\/12\/13\/estao-amarrando-nossas-criancas-seremos-omissos\/#respond\"]}]},{\"@type\":\"WebPage\",\"@id\":\"https:\/\/jornaltimoneiro.com.br\/index.php\/2015\/12\/13\/estao-amarrando-nossas-criancas-seremos-omissos\/\",\"url\":\"https:\/\/jornaltimoneiro.com.br\/index.php\/2015\/12\/13\/estao-amarrando-nossas-criancas-seremos-omissos\/\",\"name\":\"Est\u00e3o amarrando nossas crian\u00e7as! Seremos omissos? - O Timoneiro Jornal Canoas RS\",\"isPartOf\":{\"@id\":\"https:\/\/jornaltimoneiro.com.br\/#website\"},\"datePublished\":\"2015-12-13T03:26:43+00:00\",\"dateModified\":\"2015-12-13T03:26:43+00:00\",\"breadcrumb\":{\"@id\":\"https:\/\/jornaltimoneiro.com.br\/index.php\/2015\/12\/13\/estao-amarrando-nossas-criancas-seremos-omissos\/#breadcrumb\"},\"inLanguage\":\"pt-BR\",\"potentialAction\":[{\"@type\":\"ReadAction\",\"target\":[\"https:\/\/jornaltimoneiro.com.br\/index.php\/2015\/12\/13\/estao-amarrando-nossas-criancas-seremos-omissos\/\"]}]},{\"@type\":\"BreadcrumbList\",\"@id\":\"https:\/\/jornaltimoneiro.com.br\/index.php\/2015\/12\/13\/estao-amarrando-nossas-criancas-seremos-omissos\/#breadcrumb\",\"itemListElement\":[{\"@type\":\"ListItem\",\"position\":1,\"name\":\"In\u00edcio\",\"item\":\"https:\/\/jornaltimoneiro.com.br\/\"},{\"@type\":\"ListItem\",\"position\":2,\"name\":\"Est\u00e3o amarrando nossas crian\u00e7as! Seremos omissos?\"}]},{\"@type\":\"WebSite\",\"@id\":\"https:\/\/jornaltimoneiro.com.br\/#website\",\"url\":\"https:\/\/jornaltimoneiro.com.br\/\",\"name\":\"Jornal Timoneiro Canoas RS\",\"description\":\"Jornal O Timoneiro, o verdadeiro jornal de Canoas\",\"publisher\":{\"@id\":\"https:\/\/jornaltimoneiro.com.br\/#organization\"},\"potentialAction\":[{\"@type\":\"SearchAction\",\"target\":{\"@type\":\"EntryPoint\",\"urlTemplate\":\"https:\/\/jornaltimoneiro.com.br\/?s={search_term_string}\"},\"query-input\":\"required name=search_term_string\"}],\"inLanguage\":\"pt-BR\"},{\"@type\":\"Organization\",\"@id\":\"https:\/\/jornaltimoneiro.com.br\/#organization\",\"name\":\"Jornal Timoneiro Canoas RS\",\"url\":\"https:\/\/jornaltimoneiro.com.br\/\",\"logo\":{\"@type\":\"ImageObject\",\"inLanguage\":\"pt-BR\",\"@id\":\"https:\/\/jornaltimoneiro.com.br\/#\/schema\/logo\/image\/\",\"url\":\"https:\/\/jornaltimoneiro.com.br\/wp-content\/uploads\/2023\/03\/logonovo.png\",\"contentUrl\":\"https:\/\/jornaltimoneiro.com.br\/wp-content\/uploads\/2023\/03\/logonovo.png\",\"width\":\"469\",\"height\":\"171\",\"caption\":\"Jornal Timoneiro Canoas RS\"},\"image\":{\"@id\":\"https:\/\/jornaltimoneiro.com.br\/#\/schema\/logo\/image\/\"},\"sameAs\":[\"https:\/\/www.facebook.com\/jornaltimoneiro\",\"https:\/\/twitter.com\/_OTimoneiro\",\"https:\/\/www.instagram.com\/jornaltimoneirocanoas\/\",\"https:\/\/www.youtube.com\/@jornalotimoneiro7927\"]},{\"@type\":\"Person\",\"@id\":\"https:\/\/jornaltimoneiro.com.br\/#\/schema\/person\/620efd1d8244466117482be494360b08\",\"name\":\"Reda\u00e7\u00e3o\",\"image\":{\"@type\":\"ImageObject\",\"inLanguage\":\"pt-BR\",\"@id\":\"https:\/\/jornaltimoneiro.com.br\/#\/schema\/person\/image\/\",\"url\":\"https:\/\/secure.gravatar.com\/avatar\/2f04e1b304682a8d9db336c7acd77f08?s=96&d=mm&r=g\",\"contentUrl\":\"https:\/\/secure.gravatar.com\/avatar\/2f04e1b304682a8d9db336c7acd77f08?s=96&d=mm&r=g\",\"caption\":\"Reda\u00e7\u00e3o\"},\"url\":\"https:\/\/jornaltimoneiro.com.br\/index.php\/author\/timoneirocanoas\/\"}]}<\/script>\n<!-- \/ Yoast SEO plugin. -->","yoast_head_json":{"title":"Est\u00e3o amarrando nossas crian\u00e7as! Seremos omissos? - O Timoneiro Jornal Canoas RS","robots":{"index":"index","follow":"follow","max-snippet":"max-snippet:-1","max-image-preview":"max-image-preview:large","max-video-preview":"max-video-preview:-1"},"canonical":"https:\/\/jornaltimoneiro.com.br\/index.php\/2015\/12\/13\/estao-amarrando-nossas-criancas-seremos-omissos\/","og_locale":"pt_BR","og_type":"article","og_title":"Est\u00e3o amarrando nossas crian\u00e7as! Seremos omissos? - O Timoneiro Jornal Canoas RS","og_description":"Na \u00faltima semana estive em S\u00e3o Paulo. Logo na chegada, me deparei com o reflexo dos problemas que assolam o sistema p\u00fablico de Educa\u00e7\u00e3o naquele Estado. Embarquei em um \u00f4nibus executivo no aeroporto de Guarulhos, com esperan\u00e7as de chegar \u00e0 avenida Paulista, mas n\u00e3o tive sucesso, tive que desembarcar no largo do Arouche (sim, aquele [&hellip;]","og_url":"https:\/\/jornaltimoneiro.com.br\/index.php\/2015\/12\/13\/estao-amarrando-nossas-criancas-seremos-omissos\/","og_site_name":"O Timoneiro Jornal Canoas RS","article_publisher":"https:\/\/www.facebook.com\/jornaltimoneiro","article_published_time":"2015-12-13T03:26:43+00:00","og_image":[{"url":"http:\/\/otimoneiro.com.br\/wp-content\/uploads\/2015\/12\/EMERSON121215-1024x811.jpg"}],"author":"Reda\u00e7\u00e3o","twitter_card":"summary_large_image","twitter_creator":"@_OTimoneiro","twitter_site":"@_OTimoneiro","twitter_misc":{"Escrito por":"Reda\u00e7\u00e3o","Est. tempo de leitura":"3 minutos"},"schema":{"@context":"https:\/\/schema.org","@graph":[{"@type":"Article","@id":"https:\/\/jornaltimoneiro.com.br\/index.php\/2015\/12\/13\/estao-amarrando-nossas-criancas-seremos-omissos\/#article","isPartOf":{"@id":"https:\/\/jornaltimoneiro.com.br\/index.php\/2015\/12\/13\/estao-amarrando-nossas-criancas-seremos-omissos\/"},"author":{"name":"Reda\u00e7\u00e3o","@id":"https:\/\/jornaltimoneiro.com.br\/#\/schema\/person\/620efd1d8244466117482be494360b08"},"headline":"Est\u00e3o amarrando nossas crian\u00e7as! Seremos omissos?","datePublished":"2015-12-13T03:26:43+00:00","dateModified":"2015-12-13T03:26:43+00:00","mainEntityOfPage":{"@id":"https:\/\/jornaltimoneiro.com.br\/index.php\/2015\/12\/13\/estao-amarrando-nossas-criancas-seremos-omissos\/"},"wordCount":671,"commentCount":0,"publisher":{"@id":"https:\/\/jornaltimoneiro.com.br\/#organization"},"articleSection":["Opini\u00e3o"],"inLanguage":"pt-BR","potentialAction":[{"@type":"CommentAction","name":"Comment","target":["https:\/\/jornaltimoneiro.com.br\/index.php\/2015\/12\/13\/estao-amarrando-nossas-criancas-seremos-omissos\/#respond"]}]},{"@type":"WebPage","@id":"https:\/\/jornaltimoneiro.com.br\/index.php\/2015\/12\/13\/estao-amarrando-nossas-criancas-seremos-omissos\/","url":"https:\/\/jornaltimoneiro.com.br\/index.php\/2015\/12\/13\/estao-amarrando-nossas-criancas-seremos-omissos\/","name":"Est\u00e3o amarrando nossas crian\u00e7as! Seremos omissos? - O Timoneiro Jornal Canoas RS","isPartOf":{"@id":"https:\/\/jornaltimoneiro.com.br\/#website"},"datePublished":"2015-12-13T03:26:43+00:00","dateModified":"2015-12-13T03:26:43+00:00","breadcrumb":{"@id":"https:\/\/jornaltimoneiro.com.br\/index.php\/2015\/12\/13\/estao-amarrando-nossas-criancas-seremos-omissos\/#breadcrumb"},"inLanguage":"pt-BR","potentialAction":[{"@type":"ReadAction","target":["https:\/\/jornaltimoneiro.com.br\/index.php\/2015\/12\/13\/estao-amarrando-nossas-criancas-seremos-omissos\/"]}]},{"@type":"BreadcrumbList","@id":"https:\/\/jornaltimoneiro.com.br\/index.php\/2015\/12\/13\/estao-amarrando-nossas-criancas-seremos-omissos\/#breadcrumb","itemListElement":[{"@type":"ListItem","position":1,"name":"In\u00edcio","item":"https:\/\/jornaltimoneiro.com.br\/"},{"@type":"ListItem","position":2,"name":"Est\u00e3o amarrando nossas crian\u00e7as! Seremos omissos?"}]},{"@type":"WebSite","@id":"https:\/\/jornaltimoneiro.com.br\/#website","url":"https:\/\/jornaltimoneiro.com.br\/","name":"Jornal Timoneiro Canoas RS","description":"Jornal O Timoneiro, o verdadeiro jornal de Canoas","publisher":{"@id":"https:\/\/jornaltimoneiro.com.br\/#organization"},"potentialAction":[{"@type":"SearchAction","target":{"@type":"EntryPoint","urlTemplate":"https:\/\/jornaltimoneiro.com.br\/?s={search_term_string}"},"query-input":"required name=search_term_string"}],"inLanguage":"pt-BR"},{"@type":"Organization","@id":"https:\/\/jornaltimoneiro.com.br\/#organization","name":"Jornal Timoneiro Canoas RS","url":"https:\/\/jornaltimoneiro.com.br\/","logo":{"@type":"ImageObject","inLanguage":"pt-BR","@id":"https:\/\/jornaltimoneiro.com.br\/#\/schema\/logo\/image\/","url":"https:\/\/jornaltimoneiro.com.br\/wp-content\/uploads\/2023\/03\/logonovo.png","contentUrl":"https:\/\/jornaltimoneiro.com.br\/wp-content\/uploads\/2023\/03\/logonovo.png","width":"469","height":"171","caption":"Jornal Timoneiro Canoas RS"},"image":{"@id":"https:\/\/jornaltimoneiro.com.br\/#\/schema\/logo\/image\/"},"sameAs":["https:\/\/www.facebook.com\/jornaltimoneiro","https:\/\/twitter.com\/_OTimoneiro","https:\/\/www.instagram.com\/jornaltimoneirocanoas\/","https:\/\/www.youtube.com\/@jornalotimoneiro7927"]},{"@type":"Person","@id":"https:\/\/jornaltimoneiro.com.br\/#\/schema\/person\/620efd1d8244466117482be494360b08","name":"Reda\u00e7\u00e3o","image":{"@type":"ImageObject","inLanguage":"pt-BR","@id":"https:\/\/jornaltimoneiro.com.br\/#\/schema\/person\/image\/","url":"https:\/\/secure.gravatar.com\/avatar\/2f04e1b304682a8d9db336c7acd77f08?s=96&d=mm&r=g","contentUrl":"https:\/\/secure.gravatar.com\/avatar\/2f04e1b304682a8d9db336c7acd77f08?s=96&d=mm&r=g","caption":"Reda\u00e7\u00e3o"},"url":"https:\/\/jornaltimoneiro.com.br\/index.php\/author\/timoneirocanoas\/"}]}},"_links":{"self":[{"href":"https:\/\/jornaltimoneiro.com.br\/index.php\/wp-json\/wp\/v2\/posts\/2041"}],"collection":[{"href":"https:\/\/jornaltimoneiro.com.br\/index.php\/wp-json\/wp\/v2\/posts"}],"about":[{"href":"https:\/\/jornaltimoneiro.com.br\/index.php\/wp-json\/wp\/v2\/types\/post"}],"author":[{"embeddable":true,"href":"https:\/\/jornaltimoneiro.com.br\/index.php\/wp-json\/wp\/v2\/users\/1"}],"replies":[{"embeddable":true,"href":"https:\/\/jornaltimoneiro.com.br\/index.php\/wp-json\/wp\/v2\/comments?post=2041"}],"version-history":[{"count":0,"href":"https:\/\/jornaltimoneiro.com.br\/index.php\/wp-json\/wp\/v2\/posts\/2041\/revisions"}],"wp:attachment":[{"href":"https:\/\/jornaltimoneiro.com.br\/index.php\/wp-json\/wp\/v2\/media?parent=2041"}],"wp:term":[{"taxonomy":"category","embeddable":true,"href":"https:\/\/jornaltimoneiro.com.br\/index.php\/wp-json\/wp\/v2\/categories?post=2041"},{"taxonomy":"post_tag","embeddable":true,"href":"https:\/\/jornaltimoneiro.com.br\/index.php\/wp-json\/wp\/v2\/tags?post=2041"}],"curies":[{"name":"wp","href":"https:\/\/api.w.org\/{rel}","templated":true}]}}