{"id":2002,"date":"2015-12-10T16:07:28","date_gmt":"2015-12-10T18:07:28","guid":{"rendered":"http:\/\/otimoneiro.com.br\/?p=2002"},"modified":"2015-12-10T16:07:28","modified_gmt":"2015-12-10T18:07:28","slug":"opiniao-a-solidao-das-letras-e-o-dialogo-universal","status":"publish","type":"post","link":"https:\/\/jornaltimoneiro.com.br\/index.php\/2015\/12\/10\/opiniao-a-solidao-das-letras-e-o-dialogo-universal\/","title":{"rendered":"Opini\u00e3o: A solid\u00e3o das letras e o di\u00e1logo universal"},"content":{"rendered":"<p style=\"text-align: center;\"><a href=\"http:\/\/otimoneiro.com.br\/wp-content\/uploads\/2015\/12\/tonito101215.jpg\"><img decoding=\"async\" class=\"aligncenter  wp-image-2003\" src=\"http:\/\/otimoneiro.com.br\/wp-content\/uploads\/2015\/12\/tonito101215-1024x811.jpg\" alt=\"tonito101215\" width=\"592\" height=\"470\" \/><\/a><\/p>\n<p style=\"text-align: center;\"><strong>Canabarro Tr\u00f3is filho<\/strong><\/p>\n<p>Um dia desses, n\u00e3o encontrando palavras para expressar o que sentia\/pensava, me perguntei quais as mais numerosas primeiras letras de palavras. Quantas s\u00e3o iniciadas por A, por B, por C e da\u00ed ao Z&#8230;<\/p>\n<p>Evidente, na pergunta um pretexto para mascarar a incapacidade vocabular, enquanto um vulc\u00e3o de sentimentos devoraria todos os dicion\u00e1rios do mundo&#8230;<\/p>\n<p>At\u00e9 que um dia, desses em que j\u00e1 fizemos todas as obriga\u00e7\u00f5es \u00f3bvias, peguei um dicion\u00e1rio e fiz o levantamento: o C, ocupando 178 p\u00e1ginas, foi e letra campe\u00e3, perseguida de perto pelo A, com 177 p\u00e1ginas e meia. Em terceiro lugar o P, com 126 p\u00e1ginas e meia. Em quarto o E, com 101. Atr\u00e1s, de cima para baixo: o S, com 85 p\u00e1ginas; o D, com 83; o M, com 71 e meia; o R, com 67 e meia; o T, com 64 e meia; o F, com 57 p\u00e1ginas; o B, com 53 e meia; o I, com 46; o G, com 44; o V, com 38 e meia; o L, com 32 p\u00e1ginas; o O, com 27 e meia, o H, com 25; o N, com 20 p\u00e1ginas e meia; o J, com 13; o Q, com 12; o U, com 10 e meia; o Z, com 6 p\u00e1ginas; o X, com 3 e meia; o K e o W empatados, cada um com 1\/4 de p\u00e1gina; e o Y, com 1\/7 de p\u00e1ginas.<\/p>\n<p>Para saber quais as mais numerosas, cheguei a solid\u00e3o extrema do Y, do K, do W e do X. O Y, com seu jeito de forquilha de bodoque, o K, com jeito de H que murchou; o W, que parece um M de pernas para cima; e o X, parecido com um carretel vazio&#8230;<\/p>\n<p>(In\u00fameros escritores, em livros dirigidos a crian\u00e7as, tra\u00e7am semelhan\u00e7as das letras com objetos. Da\u00ed, admitindo poss\u00edvel pl\u00e1gio, juro que o pl\u00e1gio, se houve, foi inconsciente, o que absolve ou exp\u00f5e a pena leve).<\/p>\n<p>A solid\u00e3o das letras menos usadas deu pena. E vontade de inventar palavras iniciadas com elas, a fim de integr\u00e1-las mais no di\u00e1logo universal, que persegue a compreens\u00e3o, a justi\u00e7a, a paz. Por\u00e9m, a vaidade foi vencida pela humildade: quem n\u00e3o sabe usar palavras velhas, para dizer um turbilh\u00e3o de sentimentos, deve gastar seu p\u00e1lido engenho criando palavras novas?<\/p>\n<p>Da solid\u00e3o das letras ca\u00ed na minha pr\u00f3pria, da qual salto para este conv\u00edvio cada vez que acho palavras, se n\u00e3o as mais exatas, as mais sinceras no meu honesto discurso de aprendiz, cujo fito \u00e9 desafiar, ati\u00e7ar, estimular, para que cada um seja seu pr\u00f3prio mestre.<\/p>\n","protected":false},"excerpt":{"rendered":"<p>Canabarro Tr\u00f3is filho Um dia desses, n\u00e3o encontrando palavras para expressar o que sentia\/pensava, me perguntei quais as mais numerosas primeiras letras de palavras. Quantas s\u00e3o iniciadas por A, por B, por C e da\u00ed ao Z&#8230; Evidente, na pergunta um pretexto para mascarar a incapacidade vocabular, enquanto um vulc\u00e3o de sentimentos devoraria todos os [&hellip;]<\/p>\n","protected":false},"author":1,"featured_media":2003,"comment_status":"open","ping_status":"open","sticky":false,"template":"","format":"standard","meta":{"amp_status":"","footnotes":""},"categories":[21],"tags":[],"class_list":["post-2002","post","type-post","status-publish","format-standard","has-post-thumbnail","hentry","category-opiniao"],"yoast_head":"<!-- This site is optimized with the Yoast SEO plugin v20.5 - https:\/\/yoast.com\/wordpress\/plugins\/seo\/ -->\n<title>Opini\u00e3o: A solid\u00e3o das letras e o di\u00e1logo universal - O Timoneiro Jornal Canoas RS<\/title>\n<meta name=\"robots\" content=\"index, follow, max-snippet:-1, max-image-preview:large, max-video-preview:-1\" \/>\n<link rel=\"canonical\" href=\"https:\/\/jornaltimoneiro.com.br\/index.php\/2015\/12\/10\/opiniao-a-solidao-das-letras-e-o-dialogo-universal\/\" \/>\n<meta property=\"og:locale\" content=\"pt_BR\" \/>\n<meta property=\"og:type\" content=\"article\" \/>\n<meta property=\"og:title\" content=\"Opini\u00e3o: A solid\u00e3o das letras e o di\u00e1logo universal - O Timoneiro Jornal Canoas RS\" \/>\n<meta property=\"og:description\" content=\"Canabarro Tr\u00f3is filho Um dia desses, n\u00e3o encontrando palavras para expressar o que sentia\/pensava, me perguntei quais as mais numerosas primeiras letras de palavras. Quantas s\u00e3o iniciadas por A, por B, por C e da\u00ed ao Z&#8230; Evidente, na pergunta um pretexto para mascarar a incapacidade vocabular, enquanto um vulc\u00e3o de sentimentos devoraria todos os [&hellip;]\" \/>\n<meta property=\"og:url\" content=\"https:\/\/jornaltimoneiro.com.br\/index.php\/2015\/12\/10\/opiniao-a-solidao-das-letras-e-o-dialogo-universal\/\" \/>\n<meta property=\"og:site_name\" content=\"O Timoneiro Jornal Canoas RS\" \/>\n<meta property=\"article:publisher\" content=\"https:\/\/www.facebook.com\/jornaltimoneiro\" \/>\n<meta property=\"article:published_time\" content=\"2015-12-10T18:07:28+00:00\" \/>\n<meta name=\"author\" content=\"Reda\u00e7\u00e3o\" \/>\n<meta name=\"twitter:card\" content=\"summary_large_image\" \/>\n<meta name=\"twitter:creator\" content=\"@_OTimoneiro\" \/>\n<meta name=\"twitter:site\" content=\"@_OTimoneiro\" \/>\n<meta name=\"twitter:label1\" content=\"Escrito por\" \/>\n\t<meta name=\"twitter:data1\" content=\"Reda\u00e7\u00e3o\" \/>\n\t<meta name=\"twitter:label2\" content=\"Est. tempo de leitura\" \/>\n\t<meta name=\"twitter:data2\" content=\"2 minutos\" \/>\n<script type=\"application\/ld+json\" class=\"yoast-schema-graph\">{\"@context\":\"https:\/\/schema.org\",\"@graph\":[{\"@type\":\"Article\",\"@id\":\"https:\/\/jornaltimoneiro.com.br\/index.php\/2015\/12\/10\/opiniao-a-solidao-das-letras-e-o-dialogo-universal\/#article\",\"isPartOf\":{\"@id\":\"https:\/\/jornaltimoneiro.com.br\/index.php\/2015\/12\/10\/opiniao-a-solidao-das-letras-e-o-dialogo-universal\/\"},\"author\":{\"name\":\"Reda\u00e7\u00e3o\",\"@id\":\"https:\/\/jornaltimoneiro.com.br\/#\/schema\/person\/620efd1d8244466117482be494360b08\"},\"headline\":\"Opini\u00e3o: A solid\u00e3o das letras e o di\u00e1logo universal\",\"datePublished\":\"2015-12-10T18:07:28+00:00\",\"dateModified\":\"2015-12-10T18:07:28+00:00\",\"mainEntityOfPage\":{\"@id\":\"https:\/\/jornaltimoneiro.com.br\/index.php\/2015\/12\/10\/opiniao-a-solidao-das-letras-e-o-dialogo-universal\/\"},\"wordCount\":458,\"commentCount\":0,\"publisher\":{\"@id\":\"https:\/\/jornaltimoneiro.com.br\/#organization\"},\"articleSection\":[\"Opini\u00e3o\"],\"inLanguage\":\"pt-BR\",\"potentialAction\":[{\"@type\":\"CommentAction\",\"name\":\"Comment\",\"target\":[\"https:\/\/jornaltimoneiro.com.br\/index.php\/2015\/12\/10\/opiniao-a-solidao-das-letras-e-o-dialogo-universal\/#respond\"]}]},{\"@type\":\"WebPage\",\"@id\":\"https:\/\/jornaltimoneiro.com.br\/index.php\/2015\/12\/10\/opiniao-a-solidao-das-letras-e-o-dialogo-universal\/\",\"url\":\"https:\/\/jornaltimoneiro.com.br\/index.php\/2015\/12\/10\/opiniao-a-solidao-das-letras-e-o-dialogo-universal\/\",\"name\":\"Opini\u00e3o: A solid\u00e3o das letras e o di\u00e1logo universal - O Timoneiro Jornal Canoas RS\",\"isPartOf\":{\"@id\":\"https:\/\/jornaltimoneiro.com.br\/#website\"},\"datePublished\":\"2015-12-10T18:07:28+00:00\",\"dateModified\":\"2015-12-10T18:07:28+00:00\",\"breadcrumb\":{\"@id\":\"https:\/\/jornaltimoneiro.com.br\/index.php\/2015\/12\/10\/opiniao-a-solidao-das-letras-e-o-dialogo-universal\/#breadcrumb\"},\"inLanguage\":\"pt-BR\",\"potentialAction\":[{\"@type\":\"ReadAction\",\"target\":[\"https:\/\/jornaltimoneiro.com.br\/index.php\/2015\/12\/10\/opiniao-a-solidao-das-letras-e-o-dialogo-universal\/\"]}]},{\"@type\":\"BreadcrumbList\",\"@id\":\"https:\/\/jornaltimoneiro.com.br\/index.php\/2015\/12\/10\/opiniao-a-solidao-das-letras-e-o-dialogo-universal\/#breadcrumb\",\"itemListElement\":[{\"@type\":\"ListItem\",\"position\":1,\"name\":\"In\u00edcio\",\"item\":\"https:\/\/jornaltimoneiro.com.br\/\"},{\"@type\":\"ListItem\",\"position\":2,\"name\":\"Opini\u00e3o: A solid\u00e3o das letras e o di\u00e1logo universal\"}]},{\"@type\":\"WebSite\",\"@id\":\"https:\/\/jornaltimoneiro.com.br\/#website\",\"url\":\"https:\/\/jornaltimoneiro.com.br\/\",\"name\":\"Jornal Timoneiro Canoas RS\",\"description\":\"Jornal O Timoneiro, o verdadeiro jornal de Canoas\",\"publisher\":{\"@id\":\"https:\/\/jornaltimoneiro.com.br\/#organization\"},\"potentialAction\":[{\"@type\":\"SearchAction\",\"target\":{\"@type\":\"EntryPoint\",\"urlTemplate\":\"https:\/\/jornaltimoneiro.com.br\/?s={search_term_string}\"},\"query-input\":\"required name=search_term_string\"}],\"inLanguage\":\"pt-BR\"},{\"@type\":\"Organization\",\"@id\":\"https:\/\/jornaltimoneiro.com.br\/#organization\",\"name\":\"Jornal Timoneiro Canoas RS\",\"url\":\"https:\/\/jornaltimoneiro.com.br\/\",\"logo\":{\"@type\":\"ImageObject\",\"inLanguage\":\"pt-BR\",\"@id\":\"https:\/\/jornaltimoneiro.com.br\/#\/schema\/logo\/image\/\",\"url\":\"https:\/\/jornaltimoneiro.com.br\/wp-content\/uploads\/2023\/03\/logonovo.png\",\"contentUrl\":\"https:\/\/jornaltimoneiro.com.br\/wp-content\/uploads\/2023\/03\/logonovo.png\",\"width\":\"469\",\"height\":\"171\",\"caption\":\"Jornal Timoneiro Canoas RS\"},\"image\":{\"@id\":\"https:\/\/jornaltimoneiro.com.br\/#\/schema\/logo\/image\/\"},\"sameAs\":[\"https:\/\/www.facebook.com\/jornaltimoneiro\",\"https:\/\/twitter.com\/_OTimoneiro\",\"https:\/\/www.instagram.com\/jornaltimoneirocanoas\/\",\"https:\/\/www.youtube.com\/@jornalotimoneiro7927\"]},{\"@type\":\"Person\",\"@id\":\"https:\/\/jornaltimoneiro.com.br\/#\/schema\/person\/620efd1d8244466117482be494360b08\",\"name\":\"Reda\u00e7\u00e3o\",\"image\":{\"@type\":\"ImageObject\",\"inLanguage\":\"pt-BR\",\"@id\":\"https:\/\/jornaltimoneiro.com.br\/#\/schema\/person\/image\/\",\"url\":\"https:\/\/secure.gravatar.com\/avatar\/2f04e1b304682a8d9db336c7acd77f08?s=96&d=mm&r=g\",\"contentUrl\":\"https:\/\/secure.gravatar.com\/avatar\/2f04e1b304682a8d9db336c7acd77f08?s=96&d=mm&r=g\",\"caption\":\"Reda\u00e7\u00e3o\"},\"url\":\"https:\/\/jornaltimoneiro.com.br\/index.php\/author\/timoneirocanoas\/\"}]}<\/script>\n<!-- \/ Yoast SEO plugin. -->","yoast_head_json":{"title":"Opini\u00e3o: A solid\u00e3o das letras e o di\u00e1logo universal - O Timoneiro Jornal Canoas RS","robots":{"index":"index","follow":"follow","max-snippet":"max-snippet:-1","max-image-preview":"max-image-preview:large","max-video-preview":"max-video-preview:-1"},"canonical":"https:\/\/jornaltimoneiro.com.br\/index.php\/2015\/12\/10\/opiniao-a-solidao-das-letras-e-o-dialogo-universal\/","og_locale":"pt_BR","og_type":"article","og_title":"Opini\u00e3o: A solid\u00e3o das letras e o di\u00e1logo universal - O Timoneiro Jornal Canoas RS","og_description":"Canabarro Tr\u00f3is filho Um dia desses, n\u00e3o encontrando palavras para expressar o que sentia\/pensava, me perguntei quais as mais numerosas primeiras letras de palavras. Quantas s\u00e3o iniciadas por A, por B, por C e da\u00ed ao Z&#8230; Evidente, na pergunta um pretexto para mascarar a incapacidade vocabular, enquanto um vulc\u00e3o de sentimentos devoraria todos os [&hellip;]","og_url":"https:\/\/jornaltimoneiro.com.br\/index.php\/2015\/12\/10\/opiniao-a-solidao-das-letras-e-o-dialogo-universal\/","og_site_name":"O Timoneiro Jornal Canoas RS","article_publisher":"https:\/\/www.facebook.com\/jornaltimoneiro","article_published_time":"2015-12-10T18:07:28+00:00","author":"Reda\u00e7\u00e3o","twitter_card":"summary_large_image","twitter_creator":"@_OTimoneiro","twitter_site":"@_OTimoneiro","twitter_misc":{"Escrito por":"Reda\u00e7\u00e3o","Est. tempo de leitura":"2 minutos"},"schema":{"@context":"https:\/\/schema.org","@graph":[{"@type":"Article","@id":"https:\/\/jornaltimoneiro.com.br\/index.php\/2015\/12\/10\/opiniao-a-solidao-das-letras-e-o-dialogo-universal\/#article","isPartOf":{"@id":"https:\/\/jornaltimoneiro.com.br\/index.php\/2015\/12\/10\/opiniao-a-solidao-das-letras-e-o-dialogo-universal\/"},"author":{"name":"Reda\u00e7\u00e3o","@id":"https:\/\/jornaltimoneiro.com.br\/#\/schema\/person\/620efd1d8244466117482be494360b08"},"headline":"Opini\u00e3o: A solid\u00e3o das letras e o di\u00e1logo universal","datePublished":"2015-12-10T18:07:28+00:00","dateModified":"2015-12-10T18:07:28+00:00","mainEntityOfPage":{"@id":"https:\/\/jornaltimoneiro.com.br\/index.php\/2015\/12\/10\/opiniao-a-solidao-das-letras-e-o-dialogo-universal\/"},"wordCount":458,"commentCount":0,"publisher":{"@id":"https:\/\/jornaltimoneiro.com.br\/#organization"},"articleSection":["Opini\u00e3o"],"inLanguage":"pt-BR","potentialAction":[{"@type":"CommentAction","name":"Comment","target":["https:\/\/jornaltimoneiro.com.br\/index.php\/2015\/12\/10\/opiniao-a-solidao-das-letras-e-o-dialogo-universal\/#respond"]}]},{"@type":"WebPage","@id":"https:\/\/jornaltimoneiro.com.br\/index.php\/2015\/12\/10\/opiniao-a-solidao-das-letras-e-o-dialogo-universal\/","url":"https:\/\/jornaltimoneiro.com.br\/index.php\/2015\/12\/10\/opiniao-a-solidao-das-letras-e-o-dialogo-universal\/","name":"Opini\u00e3o: A solid\u00e3o das letras e o di\u00e1logo universal - O Timoneiro Jornal Canoas RS","isPartOf":{"@id":"https:\/\/jornaltimoneiro.com.br\/#website"},"datePublished":"2015-12-10T18:07:28+00:00","dateModified":"2015-12-10T18:07:28+00:00","breadcrumb":{"@id":"https:\/\/jornaltimoneiro.com.br\/index.php\/2015\/12\/10\/opiniao-a-solidao-das-letras-e-o-dialogo-universal\/#breadcrumb"},"inLanguage":"pt-BR","potentialAction":[{"@type":"ReadAction","target":["https:\/\/jornaltimoneiro.com.br\/index.php\/2015\/12\/10\/opiniao-a-solidao-das-letras-e-o-dialogo-universal\/"]}]},{"@type":"BreadcrumbList","@id":"https:\/\/jornaltimoneiro.com.br\/index.php\/2015\/12\/10\/opiniao-a-solidao-das-letras-e-o-dialogo-universal\/#breadcrumb","itemListElement":[{"@type":"ListItem","position":1,"name":"In\u00edcio","item":"https:\/\/jornaltimoneiro.com.br\/"},{"@type":"ListItem","position":2,"name":"Opini\u00e3o: A solid\u00e3o das letras e o di\u00e1logo universal"}]},{"@type":"WebSite","@id":"https:\/\/jornaltimoneiro.com.br\/#website","url":"https:\/\/jornaltimoneiro.com.br\/","name":"Jornal Timoneiro Canoas RS","description":"Jornal O Timoneiro, o verdadeiro jornal de Canoas","publisher":{"@id":"https:\/\/jornaltimoneiro.com.br\/#organization"},"potentialAction":[{"@type":"SearchAction","target":{"@type":"EntryPoint","urlTemplate":"https:\/\/jornaltimoneiro.com.br\/?s={search_term_string}"},"query-input":"required name=search_term_string"}],"inLanguage":"pt-BR"},{"@type":"Organization","@id":"https:\/\/jornaltimoneiro.com.br\/#organization","name":"Jornal Timoneiro Canoas RS","url":"https:\/\/jornaltimoneiro.com.br\/","logo":{"@type":"ImageObject","inLanguage":"pt-BR","@id":"https:\/\/jornaltimoneiro.com.br\/#\/schema\/logo\/image\/","url":"https:\/\/jornaltimoneiro.com.br\/wp-content\/uploads\/2023\/03\/logonovo.png","contentUrl":"https:\/\/jornaltimoneiro.com.br\/wp-content\/uploads\/2023\/03\/logonovo.png","width":"469","height":"171","caption":"Jornal Timoneiro Canoas RS"},"image":{"@id":"https:\/\/jornaltimoneiro.com.br\/#\/schema\/logo\/image\/"},"sameAs":["https:\/\/www.facebook.com\/jornaltimoneiro","https:\/\/twitter.com\/_OTimoneiro","https:\/\/www.instagram.com\/jornaltimoneirocanoas\/","https:\/\/www.youtube.com\/@jornalotimoneiro7927"]},{"@type":"Person","@id":"https:\/\/jornaltimoneiro.com.br\/#\/schema\/person\/620efd1d8244466117482be494360b08","name":"Reda\u00e7\u00e3o","image":{"@type":"ImageObject","inLanguage":"pt-BR","@id":"https:\/\/jornaltimoneiro.com.br\/#\/schema\/person\/image\/","url":"https:\/\/secure.gravatar.com\/avatar\/2f04e1b304682a8d9db336c7acd77f08?s=96&d=mm&r=g","contentUrl":"https:\/\/secure.gravatar.com\/avatar\/2f04e1b304682a8d9db336c7acd77f08?s=96&d=mm&r=g","caption":"Reda\u00e7\u00e3o"},"url":"https:\/\/jornaltimoneiro.com.br\/index.php\/author\/timoneirocanoas\/"}]}},"_links":{"self":[{"href":"https:\/\/jornaltimoneiro.com.br\/index.php\/wp-json\/wp\/v2\/posts\/2002"}],"collection":[{"href":"https:\/\/jornaltimoneiro.com.br\/index.php\/wp-json\/wp\/v2\/posts"}],"about":[{"href":"https:\/\/jornaltimoneiro.com.br\/index.php\/wp-json\/wp\/v2\/types\/post"}],"author":[{"embeddable":true,"href":"https:\/\/jornaltimoneiro.com.br\/index.php\/wp-json\/wp\/v2\/users\/1"}],"replies":[{"embeddable":true,"href":"https:\/\/jornaltimoneiro.com.br\/index.php\/wp-json\/wp\/v2\/comments?post=2002"}],"version-history":[{"count":0,"href":"https:\/\/jornaltimoneiro.com.br\/index.php\/wp-json\/wp\/v2\/posts\/2002\/revisions"}],"wp:featuredmedia":[{"embeddable":true,"href":"https:\/\/jornaltimoneiro.com.br\/index.php\/wp-json\/"}],"wp:attachment":[{"href":"https:\/\/jornaltimoneiro.com.br\/index.php\/wp-json\/wp\/v2\/media?parent=2002"}],"wp:term":[{"taxonomy":"category","embeddable":true,"href":"https:\/\/jornaltimoneiro.com.br\/index.php\/wp-json\/wp\/v2\/categories?post=2002"},{"taxonomy":"post_tag","embeddable":true,"href":"https:\/\/jornaltimoneiro.com.br\/index.php\/wp-json\/wp\/v2\/tags?post=2002"}],"curies":[{"name":"wp","href":"https:\/\/api.w.org\/{rel}","templated":true}]}}