{"id":1998,"date":"2015-12-09T17:18:39","date_gmt":"2015-12-09T19:18:39","guid":{"rendered":"http:\/\/otimoneiro.com.br\/?p=1998"},"modified":"2015-12-09T17:18:39","modified_gmt":"2015-12-09T19:18:39","slug":"dislexia-politica-parlamento-da-bala-e-a-ridicularizacao-da-direita","status":"publish","type":"post","link":"https:\/\/jornaltimoneiro.com.br\/index.php\/2015\/12\/09\/dislexia-politica-parlamento-da-bala-e-a-ridicularizacao-da-direita\/","title":{"rendered":"Dislexia pol\u00edtica: Parlamento da bala e a ridiculariza\u00e7\u00e3o da direita"},"content":{"rendered":"<p><img decoding=\"async\" class=\"aligncenter  wp-image-1999\" src=\"http:\/\/otimoneiro.com.br\/wp-content\/uploads\/2015\/12\/bruno09122015-1024x811.jpg\" alt=\"bruno09122015\" width=\"585\" height=\"462\" \/><\/p>\n<p>&nbsp;<\/p>\n<p>A C\u00e2mara dos Deputados calou a boca de todos aqueles que dizem que a Casa n\u00e3o representa o seu povo na sess\u00e3o de ontem. N\u00e3o por escolher a chapa que representa a oposi\u00e7\u00e3o, mas pelo fiasco. Temos um parlamento que resolve as discuss\u00f5es pol\u00edticas com dedo na cara, com a quebra de urnas eletr\u00f4nicas para evitar vota\u00e7\u00e3o, com discursos sem dados embasados em institui\u00e7\u00f5es s\u00e9rias. Tudo isso tanto de um lado quanto de outro. Temos at\u00e9 uma \u201cbancada da bala\u201d. O povo foi representado a n\u00edvel internacional por seus escolhidos. Passamos vergonha.<\/p>\n<p>Por\u00e9m, n\u00e3o podemos grenalizar. N\u00e3o \u00e9 uma rela\u00e7\u00e3o simples. Quem \u00e9 a favor do impeachment \u00e9 Cunha, quem \u00e9 contra \u00e9 petralha, ladr\u00e3o, vagabundo. Quem est\u00e1 indeciso \u00e9 Juventude, ou Marina. Esquecem-se os esportistas que existe o Zequinha, o Brasil de Pelotas, o Est\u00e2ncia. Mas lembram bem do Chapecoense. Este na pol\u00edtica seria Michel Temer. Sempre comendo pelas beiras, mas quando ataca faz logo um 5 x 0.<\/p>\n<p>O Brasil vive uma dislexia pol\u00edtica. Desde a revolu\u00e7\u00e3o francesa aprendemos na escola que os \u201cda direita\u201d s\u00e3o aqueles que querem manter a monarquia, ou os conservadores. Os que est\u00e3o \u201c\u00e0 esquerda\u201d s\u00e3o os que pensam na Rep\u00fablica. Os que querem mudan\u00e7as radicais e a liberdade acima de qualquer coisa. Esquecem-se os interessados por pol\u00edtica que o PMDB j\u00e1 foi esquerda, que o PSDB tamb\u00e9m. Hoje tidos como direita, que olham para os banqueiros, como se o partido dos trabalhadores fizesse diferente.<\/p>\n<p>Tantas trocas ocorrem que o p\u00fablico n\u00e3o sabe mais quem \u00e9 progressista e quem \u00e9 conservador. At\u00e9 porque os conservadores n\u00e3o se aceitam e colocam o nome do partido de progressista. \u00c9 ruim, retr\u00f3grado, n\u00e3o d\u00e1 voto. Os liberais, por sua vez, rejeitam o Estado. Acreditam que o poder p\u00fablico \u00e9 imparcial e s\u00f3 deve garantir o cumprimento das leis, nada mais.<\/p>\n<p>Trazendo para o contempor\u00e2neo e regionalizando, podemos ver tais discrep\u00e2ncias. Jair Bolsonaro, \u00edcone da direita pertence ao Partido Progressista (PP), uma sutil ironia pelo mesmo ter vindo da Arena, antigo partido dos militares. Jean Wyllys, do Partido Socialismo e Liberdade, representa a esquerda mais ferrenha da atualidade. Ambos discordam em tudo, menos que precisam ocupar uma cadeira no Congresso Nacional para que sejam ouvidos. E \u00e9 assim que podem coexistir. Uma democracia precisa, para ser s\u00f3lida, de posi\u00e7\u00f5es opostas.<\/p>\n<p>A direita brasileira foi ridicularizada e por culpa pr\u00f3pria. Primeiro por n\u00e3o se assumir de direita; segundo por ter \u00edcones t\u00e3o jocosos. Os da m\u00fasica s\u00e3o Lob\u00e3o e, no mais alto n\u00edvel, Roger do Ultraje a Rigor (que j\u00e1 foi esquerda). Na literatura, Olavo de Carvalho (que dispensa coment\u00e1rios). Na pol\u00edtica, a base evang\u00e9lica (ou bancada da bala) e Jair Bolsonaro e suas frases marcantes. Competir com a esquerda de Chico Buarque, Zygmunt Bauman e Lula n\u00e3o \u00e9 uma tarefa justa. Em suma, os pol\u00edticos n\u00e3o representam mais ningu\u00e9m s\u00f3 a si mesmos e mesmo assim ainda fazem um p\u00e9ssimo trabalho. <\/p>\n<p>Em Canoas os pap\u00e9is tamb\u00e9m se confundem a exemplo do que ocorre a n\u00edvel nacional. O Prefeito, Jairo Jorge, do partido dos trabalhadores, \u00e9 um progressista de fato &#8211; o que n\u00e3o \u00e9 um elogio. Sua vice, Beth Colombo, uma conservadora de biografia &#8211; o que n\u00e3o \u00e9 uma cr\u00edtica &#8211; no partido progressista. O que ambos fazem juntos \u00e9 o que o povo se pergunta. A diferen\u00e7a de Canoas para o Brasil \u00e9 que aqui o PMDB n\u00e3o tem tanta voz, o que se espera corrigir no pr\u00f3ximo pleito. Jairo e Beth, uma dualidade que governa um munic\u00edpio com graves problemas e solu\u00e7\u00f5es criativas massivamente divulgadas. O que se espera de uma jun\u00e7\u00e3o de opostos dessas \u00e9 que um se sobressaia. S\u00f3 espero que Beth envie um email.<\/p>\n","protected":false},"excerpt":{"rendered":"<p>&nbsp; A C\u00e2mara dos Deputados calou a boca de todos aqueles que dizem que a Casa n\u00e3o representa o seu povo na sess\u00e3o de ontem. N\u00e3o por escolher a chapa que representa a oposi\u00e7\u00e3o, mas pelo fiasco. Temos um parlamento que resolve as discuss\u00f5es pol\u00edticas com dedo na cara, com a quebra de urnas eletr\u00f4nicas [&hellip;]<\/p>\n","protected":false},"author":1,"featured_media":1999,"comment_status":"open","ping_status":"open","sticky":false,"template":"","format":"standard","meta":{"amp_status":"","footnotes":""},"categories":[21],"tags":[],"class_list":["post-1998","post","type-post","status-publish","format-standard","has-post-thumbnail","hentry","category-opiniao"],"yoast_head":"<!-- This site is optimized with the Yoast SEO plugin v20.5 - https:\/\/yoast.com\/wordpress\/plugins\/seo\/ -->\n<title>Dislexia pol\u00edtica: Parlamento da bala e a ridiculariza\u00e7\u00e3o da direita - O Timoneiro Jornal Canoas RS<\/title>\n<meta name=\"robots\" content=\"index, follow, max-snippet:-1, max-image-preview:large, max-video-preview:-1\" \/>\n<link rel=\"canonical\" href=\"https:\/\/jornaltimoneiro.com.br\/index.php\/2015\/12\/09\/dislexia-politica-parlamento-da-bala-e-a-ridicularizacao-da-direita\/\" \/>\n<meta property=\"og:locale\" content=\"pt_BR\" \/>\n<meta property=\"og:type\" content=\"article\" \/>\n<meta property=\"og:title\" content=\"Dislexia pol\u00edtica: Parlamento da bala e a ridiculariza\u00e7\u00e3o da direita - O Timoneiro Jornal Canoas RS\" \/>\n<meta property=\"og:description\" content=\"&nbsp; A C\u00e2mara dos Deputados calou a boca de todos aqueles que dizem que a Casa n\u00e3o representa o seu povo na sess\u00e3o de ontem. N\u00e3o por escolher a chapa que representa a oposi\u00e7\u00e3o, mas pelo fiasco. Temos um parlamento que resolve as discuss\u00f5es pol\u00edticas com dedo na cara, com a quebra de urnas eletr\u00f4nicas [&hellip;]\" \/>\n<meta property=\"og:url\" content=\"https:\/\/jornaltimoneiro.com.br\/index.php\/2015\/12\/09\/dislexia-politica-parlamento-da-bala-e-a-ridicularizacao-da-direita\/\" \/>\n<meta property=\"og:site_name\" content=\"O Timoneiro Jornal Canoas RS\" \/>\n<meta property=\"article:publisher\" content=\"https:\/\/www.facebook.com\/jornaltimoneiro\" \/>\n<meta property=\"article:published_time\" content=\"2015-12-09T19:18:39+00:00\" \/>\n<meta name=\"author\" content=\"Reda\u00e7\u00e3o\" \/>\n<meta name=\"twitter:card\" content=\"summary_large_image\" \/>\n<meta name=\"twitter:creator\" content=\"@_OTimoneiro\" \/>\n<meta name=\"twitter:site\" content=\"@_OTimoneiro\" \/>\n<meta name=\"twitter:label1\" content=\"Escrito por\" \/>\n\t<meta name=\"twitter:data1\" content=\"Reda\u00e7\u00e3o\" \/>\n\t<meta name=\"twitter:label2\" content=\"Est. tempo de leitura\" \/>\n\t<meta name=\"twitter:data2\" content=\"3 minutos\" \/>\n<script type=\"application\/ld+json\" class=\"yoast-schema-graph\">{\"@context\":\"https:\/\/schema.org\",\"@graph\":[{\"@type\":\"Article\",\"@id\":\"https:\/\/jornaltimoneiro.com.br\/index.php\/2015\/12\/09\/dislexia-politica-parlamento-da-bala-e-a-ridicularizacao-da-direita\/#article\",\"isPartOf\":{\"@id\":\"https:\/\/jornaltimoneiro.com.br\/index.php\/2015\/12\/09\/dislexia-politica-parlamento-da-bala-e-a-ridicularizacao-da-direita\/\"},\"author\":{\"name\":\"Reda\u00e7\u00e3o\",\"@id\":\"https:\/\/jornaltimoneiro.com.br\/#\/schema\/person\/620efd1d8244466117482be494360b08\"},\"headline\":\"Dislexia pol\u00edtica: Parlamento da bala e a ridiculariza\u00e7\u00e3o da direita\",\"datePublished\":\"2015-12-09T19:18:39+00:00\",\"dateModified\":\"2015-12-09T19:18:39+00:00\",\"mainEntityOfPage\":{\"@id\":\"https:\/\/jornaltimoneiro.com.br\/index.php\/2015\/12\/09\/dislexia-politica-parlamento-da-bala-e-a-ridicularizacao-da-direita\/\"},\"wordCount\":670,\"commentCount\":0,\"publisher\":{\"@id\":\"https:\/\/jornaltimoneiro.com.br\/#organization\"},\"articleSection\":[\"Opini\u00e3o\"],\"inLanguage\":\"pt-BR\",\"potentialAction\":[{\"@type\":\"CommentAction\",\"name\":\"Comment\",\"target\":[\"https:\/\/jornaltimoneiro.com.br\/index.php\/2015\/12\/09\/dislexia-politica-parlamento-da-bala-e-a-ridicularizacao-da-direita\/#respond\"]}]},{\"@type\":\"WebPage\",\"@id\":\"https:\/\/jornaltimoneiro.com.br\/index.php\/2015\/12\/09\/dislexia-politica-parlamento-da-bala-e-a-ridicularizacao-da-direita\/\",\"url\":\"https:\/\/jornaltimoneiro.com.br\/index.php\/2015\/12\/09\/dislexia-politica-parlamento-da-bala-e-a-ridicularizacao-da-direita\/\",\"name\":\"Dislexia pol\u00edtica: Parlamento da bala e a ridiculariza\u00e7\u00e3o da direita - O Timoneiro Jornal Canoas RS\",\"isPartOf\":{\"@id\":\"https:\/\/jornaltimoneiro.com.br\/#website\"},\"datePublished\":\"2015-12-09T19:18:39+00:00\",\"dateModified\":\"2015-12-09T19:18:39+00:00\",\"breadcrumb\":{\"@id\":\"https:\/\/jornaltimoneiro.com.br\/index.php\/2015\/12\/09\/dislexia-politica-parlamento-da-bala-e-a-ridicularizacao-da-direita\/#breadcrumb\"},\"inLanguage\":\"pt-BR\",\"potentialAction\":[{\"@type\":\"ReadAction\",\"target\":[\"https:\/\/jornaltimoneiro.com.br\/index.php\/2015\/12\/09\/dislexia-politica-parlamento-da-bala-e-a-ridicularizacao-da-direita\/\"]}]},{\"@type\":\"BreadcrumbList\",\"@id\":\"https:\/\/jornaltimoneiro.com.br\/index.php\/2015\/12\/09\/dislexia-politica-parlamento-da-bala-e-a-ridicularizacao-da-direita\/#breadcrumb\",\"itemListElement\":[{\"@type\":\"ListItem\",\"position\":1,\"name\":\"In\u00edcio\",\"item\":\"https:\/\/jornaltimoneiro.com.br\/\"},{\"@type\":\"ListItem\",\"position\":2,\"name\":\"Dislexia pol\u00edtica: Parlamento da bala e a ridiculariza\u00e7\u00e3o da direita\"}]},{\"@type\":\"WebSite\",\"@id\":\"https:\/\/jornaltimoneiro.com.br\/#website\",\"url\":\"https:\/\/jornaltimoneiro.com.br\/\",\"name\":\"Jornal Timoneiro Canoas RS\",\"description\":\"Jornal O Timoneiro, o verdadeiro jornal de Canoas\",\"publisher\":{\"@id\":\"https:\/\/jornaltimoneiro.com.br\/#organization\"},\"potentialAction\":[{\"@type\":\"SearchAction\",\"target\":{\"@type\":\"EntryPoint\",\"urlTemplate\":\"https:\/\/jornaltimoneiro.com.br\/?s={search_term_string}\"},\"query-input\":\"required name=search_term_string\"}],\"inLanguage\":\"pt-BR\"},{\"@type\":\"Organization\",\"@id\":\"https:\/\/jornaltimoneiro.com.br\/#organization\",\"name\":\"Jornal Timoneiro Canoas RS\",\"url\":\"https:\/\/jornaltimoneiro.com.br\/\",\"logo\":{\"@type\":\"ImageObject\",\"inLanguage\":\"pt-BR\",\"@id\":\"https:\/\/jornaltimoneiro.com.br\/#\/schema\/logo\/image\/\",\"url\":\"https:\/\/jornaltimoneiro.com.br\/wp-content\/uploads\/2023\/03\/logonovo.png\",\"contentUrl\":\"https:\/\/jornaltimoneiro.com.br\/wp-content\/uploads\/2023\/03\/logonovo.png\",\"width\":\"469\",\"height\":\"171\",\"caption\":\"Jornal Timoneiro Canoas RS\"},\"image\":{\"@id\":\"https:\/\/jornaltimoneiro.com.br\/#\/schema\/logo\/image\/\"},\"sameAs\":[\"https:\/\/www.facebook.com\/jornaltimoneiro\",\"https:\/\/twitter.com\/_OTimoneiro\",\"https:\/\/www.instagram.com\/jornaltimoneirocanoas\/\",\"https:\/\/www.youtube.com\/@jornalotimoneiro7927\"]},{\"@type\":\"Person\",\"@id\":\"https:\/\/jornaltimoneiro.com.br\/#\/schema\/person\/620efd1d8244466117482be494360b08\",\"name\":\"Reda\u00e7\u00e3o\",\"image\":{\"@type\":\"ImageObject\",\"inLanguage\":\"pt-BR\",\"@id\":\"https:\/\/jornaltimoneiro.com.br\/#\/schema\/person\/image\/\",\"url\":\"https:\/\/secure.gravatar.com\/avatar\/2f04e1b304682a8d9db336c7acd77f08?s=96&d=mm&r=g\",\"contentUrl\":\"https:\/\/secure.gravatar.com\/avatar\/2f04e1b304682a8d9db336c7acd77f08?s=96&d=mm&r=g\",\"caption\":\"Reda\u00e7\u00e3o\"},\"url\":\"https:\/\/jornaltimoneiro.com.br\/index.php\/author\/timoneirocanoas\/\"}]}<\/script>\n<!-- \/ Yoast SEO plugin. -->","yoast_head_json":{"title":"Dislexia pol\u00edtica: Parlamento da bala e a ridiculariza\u00e7\u00e3o da direita - O Timoneiro Jornal Canoas RS","robots":{"index":"index","follow":"follow","max-snippet":"max-snippet:-1","max-image-preview":"max-image-preview:large","max-video-preview":"max-video-preview:-1"},"canonical":"https:\/\/jornaltimoneiro.com.br\/index.php\/2015\/12\/09\/dislexia-politica-parlamento-da-bala-e-a-ridicularizacao-da-direita\/","og_locale":"pt_BR","og_type":"article","og_title":"Dislexia pol\u00edtica: Parlamento da bala e a ridiculariza\u00e7\u00e3o da direita - O Timoneiro Jornal Canoas RS","og_description":"&nbsp; A C\u00e2mara dos Deputados calou a boca de todos aqueles que dizem que a Casa n\u00e3o representa o seu povo na sess\u00e3o de ontem. N\u00e3o por escolher a chapa que representa a oposi\u00e7\u00e3o, mas pelo fiasco. Temos um parlamento que resolve as discuss\u00f5es pol\u00edticas com dedo na cara, com a quebra de urnas eletr\u00f4nicas [&hellip;]","og_url":"https:\/\/jornaltimoneiro.com.br\/index.php\/2015\/12\/09\/dislexia-politica-parlamento-da-bala-e-a-ridicularizacao-da-direita\/","og_site_name":"O Timoneiro Jornal Canoas RS","article_publisher":"https:\/\/www.facebook.com\/jornaltimoneiro","article_published_time":"2015-12-09T19:18:39+00:00","author":"Reda\u00e7\u00e3o","twitter_card":"summary_large_image","twitter_creator":"@_OTimoneiro","twitter_site":"@_OTimoneiro","twitter_misc":{"Escrito por":"Reda\u00e7\u00e3o","Est. tempo de leitura":"3 minutos"},"schema":{"@context":"https:\/\/schema.org","@graph":[{"@type":"Article","@id":"https:\/\/jornaltimoneiro.com.br\/index.php\/2015\/12\/09\/dislexia-politica-parlamento-da-bala-e-a-ridicularizacao-da-direita\/#article","isPartOf":{"@id":"https:\/\/jornaltimoneiro.com.br\/index.php\/2015\/12\/09\/dislexia-politica-parlamento-da-bala-e-a-ridicularizacao-da-direita\/"},"author":{"name":"Reda\u00e7\u00e3o","@id":"https:\/\/jornaltimoneiro.com.br\/#\/schema\/person\/620efd1d8244466117482be494360b08"},"headline":"Dislexia pol\u00edtica: Parlamento da bala e a ridiculariza\u00e7\u00e3o da direita","datePublished":"2015-12-09T19:18:39+00:00","dateModified":"2015-12-09T19:18:39+00:00","mainEntityOfPage":{"@id":"https:\/\/jornaltimoneiro.com.br\/index.php\/2015\/12\/09\/dislexia-politica-parlamento-da-bala-e-a-ridicularizacao-da-direita\/"},"wordCount":670,"commentCount":0,"publisher":{"@id":"https:\/\/jornaltimoneiro.com.br\/#organization"},"articleSection":["Opini\u00e3o"],"inLanguage":"pt-BR","potentialAction":[{"@type":"CommentAction","name":"Comment","target":["https:\/\/jornaltimoneiro.com.br\/index.php\/2015\/12\/09\/dislexia-politica-parlamento-da-bala-e-a-ridicularizacao-da-direita\/#respond"]}]},{"@type":"WebPage","@id":"https:\/\/jornaltimoneiro.com.br\/index.php\/2015\/12\/09\/dislexia-politica-parlamento-da-bala-e-a-ridicularizacao-da-direita\/","url":"https:\/\/jornaltimoneiro.com.br\/index.php\/2015\/12\/09\/dislexia-politica-parlamento-da-bala-e-a-ridicularizacao-da-direita\/","name":"Dislexia pol\u00edtica: Parlamento da bala e a ridiculariza\u00e7\u00e3o da direita - O Timoneiro Jornal Canoas RS","isPartOf":{"@id":"https:\/\/jornaltimoneiro.com.br\/#website"},"datePublished":"2015-12-09T19:18:39+00:00","dateModified":"2015-12-09T19:18:39+00:00","breadcrumb":{"@id":"https:\/\/jornaltimoneiro.com.br\/index.php\/2015\/12\/09\/dislexia-politica-parlamento-da-bala-e-a-ridicularizacao-da-direita\/#breadcrumb"},"inLanguage":"pt-BR","potentialAction":[{"@type":"ReadAction","target":["https:\/\/jornaltimoneiro.com.br\/index.php\/2015\/12\/09\/dislexia-politica-parlamento-da-bala-e-a-ridicularizacao-da-direita\/"]}]},{"@type":"BreadcrumbList","@id":"https:\/\/jornaltimoneiro.com.br\/index.php\/2015\/12\/09\/dislexia-politica-parlamento-da-bala-e-a-ridicularizacao-da-direita\/#breadcrumb","itemListElement":[{"@type":"ListItem","position":1,"name":"In\u00edcio","item":"https:\/\/jornaltimoneiro.com.br\/"},{"@type":"ListItem","position":2,"name":"Dislexia pol\u00edtica: Parlamento da bala e a ridiculariza\u00e7\u00e3o da direita"}]},{"@type":"WebSite","@id":"https:\/\/jornaltimoneiro.com.br\/#website","url":"https:\/\/jornaltimoneiro.com.br\/","name":"Jornal Timoneiro Canoas RS","description":"Jornal O Timoneiro, o verdadeiro jornal de Canoas","publisher":{"@id":"https:\/\/jornaltimoneiro.com.br\/#organization"},"potentialAction":[{"@type":"SearchAction","target":{"@type":"EntryPoint","urlTemplate":"https:\/\/jornaltimoneiro.com.br\/?s={search_term_string}"},"query-input":"required name=search_term_string"}],"inLanguage":"pt-BR"},{"@type":"Organization","@id":"https:\/\/jornaltimoneiro.com.br\/#organization","name":"Jornal Timoneiro Canoas RS","url":"https:\/\/jornaltimoneiro.com.br\/","logo":{"@type":"ImageObject","inLanguage":"pt-BR","@id":"https:\/\/jornaltimoneiro.com.br\/#\/schema\/logo\/image\/","url":"https:\/\/jornaltimoneiro.com.br\/wp-content\/uploads\/2023\/03\/logonovo.png","contentUrl":"https:\/\/jornaltimoneiro.com.br\/wp-content\/uploads\/2023\/03\/logonovo.png","width":"469","height":"171","caption":"Jornal Timoneiro Canoas RS"},"image":{"@id":"https:\/\/jornaltimoneiro.com.br\/#\/schema\/logo\/image\/"},"sameAs":["https:\/\/www.facebook.com\/jornaltimoneiro","https:\/\/twitter.com\/_OTimoneiro","https:\/\/www.instagram.com\/jornaltimoneirocanoas\/","https:\/\/www.youtube.com\/@jornalotimoneiro7927"]},{"@type":"Person","@id":"https:\/\/jornaltimoneiro.com.br\/#\/schema\/person\/620efd1d8244466117482be494360b08","name":"Reda\u00e7\u00e3o","image":{"@type":"ImageObject","inLanguage":"pt-BR","@id":"https:\/\/jornaltimoneiro.com.br\/#\/schema\/person\/image\/","url":"https:\/\/secure.gravatar.com\/avatar\/2f04e1b304682a8d9db336c7acd77f08?s=96&d=mm&r=g","contentUrl":"https:\/\/secure.gravatar.com\/avatar\/2f04e1b304682a8d9db336c7acd77f08?s=96&d=mm&r=g","caption":"Reda\u00e7\u00e3o"},"url":"https:\/\/jornaltimoneiro.com.br\/index.php\/author\/timoneirocanoas\/"}]}},"_links":{"self":[{"href":"https:\/\/jornaltimoneiro.com.br\/index.php\/wp-json\/wp\/v2\/posts\/1998"}],"collection":[{"href":"https:\/\/jornaltimoneiro.com.br\/index.php\/wp-json\/wp\/v2\/posts"}],"about":[{"href":"https:\/\/jornaltimoneiro.com.br\/index.php\/wp-json\/wp\/v2\/types\/post"}],"author":[{"embeddable":true,"href":"https:\/\/jornaltimoneiro.com.br\/index.php\/wp-json\/wp\/v2\/users\/1"}],"replies":[{"embeddable":true,"href":"https:\/\/jornaltimoneiro.com.br\/index.php\/wp-json\/wp\/v2\/comments?post=1998"}],"version-history":[{"count":0,"href":"https:\/\/jornaltimoneiro.com.br\/index.php\/wp-json\/wp\/v2\/posts\/1998\/revisions"}],"wp:featuredmedia":[{"embeddable":true,"href":"https:\/\/jornaltimoneiro.com.br\/index.php\/wp-json\/"}],"wp:attachment":[{"href":"https:\/\/jornaltimoneiro.com.br\/index.php\/wp-json\/wp\/v2\/media?parent=1998"}],"wp:term":[{"taxonomy":"category","embeddable":true,"href":"https:\/\/jornaltimoneiro.com.br\/index.php\/wp-json\/wp\/v2\/categories?post=1998"},{"taxonomy":"post_tag","embeddable":true,"href":"https:\/\/jornaltimoneiro.com.br\/index.php\/wp-json\/wp\/v2\/tags?post=1998"}],"curies":[{"name":"wp","href":"https:\/\/api.w.org\/{rel}","templated":true}]}}