{"id":19960,"date":"2021-06-07T10:48:26","date_gmt":"2021-06-07T13:48:26","guid":{"rendered":"https:\/\/jornaltimoneiro.com.br\/?p=19960"},"modified":"2021-06-08T12:06:15","modified_gmt":"2021-06-08T15:06:15","slug":"covid-19-pessoas-com-57-anos-podem-se-vacinar-nesta-segunda-feira-7","status":"publish","type":"post","link":"https:\/\/jornaltimoneiro.com.br\/index.php\/2021\/06\/07\/covid-19-pessoas-com-57-anos-podem-se-vacinar-nesta-segunda-feira-7\/","title":{"rendered":"Covid-19: Pessoas com 57 anos podem se vacinar nesta segunda-feira, 7\u00a0"},"content":{"rendered":"<p>Prefeitura de anunciou que a partir desta segunda-feira, 7, a popula\u00e7\u00e3o com 57 anos ou mais sem comorbidades poder\u00e1 se vacinar contra a Covid-19. A aplica\u00e7\u00e3o das doses ocorrer\u00e1 nas 27 unidades b\u00e1sicas de sa\u00fade (UBSs), das 8h \u00e0s 16h30.<\/p>\n<p><strong>O que precisa apresentar<\/strong><\/p>\n<p>Para se vacinar, \u00e9 necess\u00e1rio apresentar documento de identidade com foto e CPF e comprovante de resid\u00eancia em Canoas. No munic\u00edpio, a vacina\u00e7\u00e3o da popula\u00e7\u00e3o em geral se dar\u00e1 por faixa et\u00e1ria, em escala decrescente de idade, conforme a chegada de novos lotes de imunizante.<\/p>\n<p>Pessoas do grupo das comorbidades e o das defici\u00eancias permanentes que ainda n\u00e3o receberam a primeira dose tamb\u00e9m poder\u00e3o procurar uma das 20 unidades de sa\u00fade neste s\u00e1bado. A vacina que ser\u00e1 disponibilizada ser\u00e1 a Oxford\/AstraZeneca, produzida pela Fiocruz. A Secretaria Municipal da Sa\u00fade orienta que \u00e9 necess\u00e1rio respeitar o intervalo m\u00ednimo de 14 dias entre a aplica\u00e7\u00e3o da dose da vacina contra a Covid-19 e a administra\u00e7\u00e3o da vacina da gripe ou outra do calend\u00e1rio nacional.<\/p>\n<p>Para obter informa\u00e7\u00f5es e esclarecer d\u00favidas sobre a Covid-19 e a vacina\u00e7\u00e3o, a popula\u00e7\u00e3o pode entrar em contato com a Secretaria Municipal da Sa\u00fade pelo 0800 647 0156 e o WhatsApp (51) 3425-7623 \u2013 ZAP Sa\u00fade Canoas.<\/p>\n<p><strong>Pontos de vacina\u00e7\u00e3o<\/strong><\/p>\n<ul>\n<li>UBS CAIC\u00a0 \u2013 Rua Vinte e Um de Mar\u00e7o, 100, Setor 4 A, Guajuviras<\/li>\n<li>UBS Guajuviras \u2013 Av. 17 de Abril, 1991, Guajuviras<\/li>\n<li>UBS Igara \u2013 Rua Dr. Alfredo \u00c2ngelo Filho, 68, Igara<\/li>\n<li>UBS Santa Isabel \u2013 Rua Coronel Vicente, 191, Centro<\/li>\n<li>UBS S\u00e3o Jos\u00e9 \u2013 Rua Jo\u00e3o Pessoa s\/n\u00b0, S\u00e3o Jos\u00e9<\/li>\n<li>UBS S\u00e3o Vicente \u2013 Rua Valter de Oliveira Ilha, 90, Est\u00e2ncia Velha<\/li>\n<li>UBS Est\u00e2ncia Velha \u2013 Rua S\u00e3o Mateus s\/n\u00b0, Est\u00e2ncia Velha<\/li>\n<li>UBS Harmonia \u2013 Rua Machado de Assis, 201, Harmonia<\/li>\n<li>UBS Santo Oper\u00e1rio \u2013 Rua da Associa\u00e7\u00e3o, 331, Vila Cerne<\/li>\n<li>UBS S\u00e3o Luis \u2013 Rua Te\u00f3filo Otoni, 268, S\u00e3o Luis<\/li>\n<li>UBS Uni\u00e3o \u2013 Rua S\u00e3o Borja, 395, Mathias Velho<\/li>\n<li>UBS Cerne \u2013 Rua Eng. Kindler, 1460, Vila Cerne<\/li>\n<li>UBS Natal \u2013 Rua Nossa Senhora da Concei\u00e7\u00e3o, 285, Harmonia<\/li>\n<li>UBS Pra\u00e7a Am\u00e9rica \u2013 Av. Rio Grande do Sul, 420, Mathias Velho<\/li>\n<li>UBS Olaria \u2013 Rua Alberto Rodrigues de Oliveira Alves, 25, Olaria<\/li>\n<li>UBS Central Park \u2013 Av. das Canoas, 272, Central Park<\/li>\n<li>UBS Mato Grande \u2013 Rua Rep\u00fablica, 460, Mato Grande<\/li>\n<li>UBS Concoban \u2013 Rua Rodrigues Alves, 769, Niter\u00f3i<\/li>\n<li>UBS Niter\u00f3i \u2013 Rua Marechal Rondon, 132, Niter\u00f3i<\/li>\n<li>UBS Fernandes \u2013 Rua Gomes Freire de Andrade, 1036, Niter\u00f3i<\/li>\n<li>UBS Nova Niter\u00f3i \u2013 Rua Quara\u00ed, s\/n\u00ba, Niter\u00f3i<\/li>\n<li>UBS Primeiro de Maio \u2013 Rua 1\u00ba de Maio, 534, Niter\u00f3i<\/li>\n<li>UBS Boa Sa\u00fade \u2013 Rua Boa Sa\u00fade, 1640, Rio Branco<\/li>\n<li>UBS F\u00e1tima\/Prata \u2013 Rua Buttembender, 244, F\u00e1tima<\/li>\n<li>UBS Pedro Luiz da Silveira \u2013 Rua Mau\u00e1, 1724, Rio Branco<\/li>\n<li>UBS Imaculada \u2013 Rua Jos\u00e9 de Alencar, s\/n\u00ba, Rio Branco<\/li>\n<li>UBS Rio Branco \u2013 Rua Edgar Fritz M\u00fcller, 83, Rio Branco<\/li>\n<\/ul>\n<p>&nbsp;<\/p>\n","protected":false},"excerpt":{"rendered":"<p>Prefeitura de anunciou que a partir desta segunda-feira, 7, a popula\u00e7\u00e3o com 57 anos ou mais sem comorbidades poder\u00e1 se vacinar contra a Covid-19. A aplica\u00e7\u00e3o das doses ocorrer\u00e1 nas 27 unidades b\u00e1sicas de sa\u00fade (UBSs), das 8h \u00e0s 16h30. O que precisa apresentar Para se vacinar, \u00e9 necess\u00e1rio apresentar documento de identidade com foto [&hellip;]<\/p>\n","protected":false},"author":2,"featured_media":19961,"comment_status":"open","ping_status":"open","sticky":false,"template":"","format":"standard","meta":{"amp_status":"","footnotes":""},"categories":[26],"tags":[],"class_list":["post-19960","post","type-post","status-publish","format-standard","has-post-thumbnail","hentry","category-saude"],"yoast_head":"<!-- This site is optimized with the Yoast SEO plugin v20.5 - https:\/\/yoast.com\/wordpress\/plugins\/seo\/ -->\n<title>Covid-19: Pessoas com 57 anos podem se vacinar nesta segunda-feira, 7\u00a0 - O Timoneiro Jornal Canoas RS<\/title>\n<meta name=\"robots\" content=\"index, follow, max-snippet:-1, max-image-preview:large, max-video-preview:-1\" \/>\n<link rel=\"canonical\" href=\"https:\/\/jornaltimoneiro.com.br\/index.php\/2021\/06\/07\/covid-19-pessoas-com-57-anos-podem-se-vacinar-nesta-segunda-feira-7\/\" \/>\n<meta property=\"og:locale\" content=\"pt_BR\" \/>\n<meta property=\"og:type\" content=\"article\" \/>\n<meta property=\"og:title\" content=\"Covid-19: Pessoas com 57 anos podem se vacinar nesta segunda-feira, 7\u00a0 - O Timoneiro Jornal Canoas RS\" \/>\n<meta property=\"og:description\" content=\"Prefeitura de anunciou que a partir desta segunda-feira, 7, a popula\u00e7\u00e3o com 57 anos ou mais sem comorbidades poder\u00e1 se vacinar contra a Covid-19. A aplica\u00e7\u00e3o das doses ocorrer\u00e1 nas 27 unidades b\u00e1sicas de sa\u00fade (UBSs), das 8h \u00e0s 16h30. O que precisa apresentar Para se vacinar, \u00e9 necess\u00e1rio apresentar documento de identidade com foto [&hellip;]\" \/>\n<meta property=\"og:url\" content=\"https:\/\/jornaltimoneiro.com.br\/index.php\/2021\/06\/07\/covid-19-pessoas-com-57-anos-podem-se-vacinar-nesta-segunda-feira-7\/\" \/>\n<meta property=\"og:site_name\" content=\"O Timoneiro Jornal Canoas RS\" \/>\n<meta property=\"article:publisher\" content=\"https:\/\/www.facebook.com\/jornaltimoneiro\" \/>\n<meta property=\"article:published_time\" content=\"2021-06-07T13:48:26+00:00\" \/>\n<meta property=\"article:modified_time\" content=\"2021-06-08T15:06:15+00:00\" \/>\n<meta property=\"og:image\" content=\"https:\/\/jornaltimoneiro.com.br\/wp-content\/uploads\/2021\/06\/Vacina.jpg\" \/>\n\t<meta property=\"og:image:width\" content=\"1080\" \/>\n\t<meta property=\"og:image:height\" content=\"706\" \/>\n\t<meta property=\"og:image:type\" content=\"image\/jpeg\" \/>\n<meta name=\"author\" content=\"Reda\u00e7\u00e3o\" \/>\n<meta name=\"twitter:card\" content=\"summary_large_image\" \/>\n<meta name=\"twitter:creator\" content=\"@_OTimoneiro\" \/>\n<meta name=\"twitter:site\" content=\"@_OTimoneiro\" \/>\n<meta name=\"twitter:label1\" content=\"Escrito por\" \/>\n\t<meta name=\"twitter:data1\" content=\"Reda\u00e7\u00e3o\" \/>\n\t<meta name=\"twitter:label2\" content=\"Est. tempo de leitura\" \/>\n\t<meta name=\"twitter:data2\" content=\"2 minutos\" \/>\n<script type=\"application\/ld+json\" class=\"yoast-schema-graph\">{\"@context\":\"https:\/\/schema.org\",\"@graph\":[{\"@type\":\"Article\",\"@id\":\"https:\/\/jornaltimoneiro.com.br\/index.php\/2021\/06\/07\/covid-19-pessoas-com-57-anos-podem-se-vacinar-nesta-segunda-feira-7\/#article\",\"isPartOf\":{\"@id\":\"https:\/\/jornaltimoneiro.com.br\/index.php\/2021\/06\/07\/covid-19-pessoas-com-57-anos-podem-se-vacinar-nesta-segunda-feira-7\/\"},\"author\":{\"name\":\"Reda\u00e7\u00e3o\",\"@id\":\"https:\/\/jornaltimoneiro.com.br\/#\/schema\/person\/f63482f1a02b1a9592707865e509ab40\"},\"headline\":\"Covid-19: Pessoas com 57 anos podem se vacinar nesta segunda-feira, 7\u00a0\",\"datePublished\":\"2021-06-07T13:48:26+00:00\",\"dateModified\":\"2021-06-08T15:06:15+00:00\",\"mainEntityOfPage\":{\"@id\":\"https:\/\/jornaltimoneiro.com.br\/index.php\/2021\/06\/07\/covid-19-pessoas-com-57-anos-podem-se-vacinar-nesta-segunda-feira-7\/\"},\"wordCount\":485,\"commentCount\":0,\"publisher\":{\"@id\":\"https:\/\/jornaltimoneiro.com.br\/#organization\"},\"articleSection\":[\"Sa\u00fade\"],\"inLanguage\":\"pt-BR\",\"potentialAction\":[{\"@type\":\"CommentAction\",\"name\":\"Comment\",\"target\":[\"https:\/\/jornaltimoneiro.com.br\/index.php\/2021\/06\/07\/covid-19-pessoas-com-57-anos-podem-se-vacinar-nesta-segunda-feira-7\/#respond\"]}]},{\"@type\":\"WebPage\",\"@id\":\"https:\/\/jornaltimoneiro.com.br\/index.php\/2021\/06\/07\/covid-19-pessoas-com-57-anos-podem-se-vacinar-nesta-segunda-feira-7\/\",\"url\":\"https:\/\/jornaltimoneiro.com.br\/index.php\/2021\/06\/07\/covid-19-pessoas-com-57-anos-podem-se-vacinar-nesta-segunda-feira-7\/\",\"name\":\"Covid-19: Pessoas com 57 anos podem se vacinar nesta segunda-feira, 7\u00a0 - O Timoneiro Jornal Canoas RS\",\"isPartOf\":{\"@id\":\"https:\/\/jornaltimoneiro.com.br\/#website\"},\"datePublished\":\"2021-06-07T13:48:26+00:00\",\"dateModified\":\"2021-06-08T15:06:15+00:00\",\"breadcrumb\":{\"@id\":\"https:\/\/jornaltimoneiro.com.br\/index.php\/2021\/06\/07\/covid-19-pessoas-com-57-anos-podem-se-vacinar-nesta-segunda-feira-7\/#breadcrumb\"},\"inLanguage\":\"pt-BR\",\"potentialAction\":[{\"@type\":\"ReadAction\",\"target\":[\"https:\/\/jornaltimoneiro.com.br\/index.php\/2021\/06\/07\/covid-19-pessoas-com-57-anos-podem-se-vacinar-nesta-segunda-feira-7\/\"]}]},{\"@type\":\"BreadcrumbList\",\"@id\":\"https:\/\/jornaltimoneiro.com.br\/index.php\/2021\/06\/07\/covid-19-pessoas-com-57-anos-podem-se-vacinar-nesta-segunda-feira-7\/#breadcrumb\",\"itemListElement\":[{\"@type\":\"ListItem\",\"position\":1,\"name\":\"In\u00edcio\",\"item\":\"https:\/\/jornaltimoneiro.com.br\/\"},{\"@type\":\"ListItem\",\"position\":2,\"name\":\"Covid-19: Pessoas com 57 anos podem se vacinar nesta segunda-feira, 7\u00a0\"}]},{\"@type\":\"WebSite\",\"@id\":\"https:\/\/jornaltimoneiro.com.br\/#website\",\"url\":\"https:\/\/jornaltimoneiro.com.br\/\",\"name\":\"Jornal Timoneiro Canoas RS\",\"description\":\"Jornal O Timoneiro, o verdadeiro jornal de Canoas\",\"publisher\":{\"@id\":\"https:\/\/jornaltimoneiro.com.br\/#organization\"},\"potentialAction\":[{\"@type\":\"SearchAction\",\"target\":{\"@type\":\"EntryPoint\",\"urlTemplate\":\"https:\/\/jornaltimoneiro.com.br\/?s={search_term_string}\"},\"query-input\":\"required name=search_term_string\"}],\"inLanguage\":\"pt-BR\"},{\"@type\":\"Organization\",\"@id\":\"https:\/\/jornaltimoneiro.com.br\/#organization\",\"name\":\"Jornal Timoneiro Canoas RS\",\"url\":\"https:\/\/jornaltimoneiro.com.br\/\",\"logo\":{\"@type\":\"ImageObject\",\"inLanguage\":\"pt-BR\",\"@id\":\"https:\/\/jornaltimoneiro.com.br\/#\/schema\/logo\/image\/\",\"url\":\"https:\/\/jornaltimoneiro.com.br\/wp-content\/uploads\/2023\/03\/logonovo.png\",\"contentUrl\":\"https:\/\/jornaltimoneiro.com.br\/wp-content\/uploads\/2023\/03\/logonovo.png\",\"width\":\"469\",\"height\":\"171\",\"caption\":\"Jornal Timoneiro Canoas RS\"},\"image\":{\"@id\":\"https:\/\/jornaltimoneiro.com.br\/#\/schema\/logo\/image\/\"},\"sameAs\":[\"https:\/\/www.facebook.com\/jornaltimoneiro\",\"https:\/\/twitter.com\/_OTimoneiro\",\"https:\/\/www.instagram.com\/jornaltimoneirocanoas\/\",\"https:\/\/www.youtube.com\/@jornalotimoneiro7927\"]},{\"@type\":\"Person\",\"@id\":\"https:\/\/jornaltimoneiro.com.br\/#\/schema\/person\/f63482f1a02b1a9592707865e509ab40\",\"name\":\"Reda\u00e7\u00e3o\",\"image\":{\"@type\":\"ImageObject\",\"inLanguage\":\"pt-BR\",\"@id\":\"https:\/\/jornaltimoneiro.com.br\/#\/schema\/person\/image\/\",\"url\":\"https:\/\/jornaltimoneiro.com.br\/wp-content\/uploads\/2023\/03\/download.jpeg\",\"contentUrl\":\"https:\/\/jornaltimoneiro.com.br\/wp-content\/uploads\/2023\/03\/download.jpeg\",\"caption\":\"Reda\u00e7\u00e3o\"},\"url\":\"https:\/\/jornaltimoneiro.com.br\/index.php\/author\/simone-dutra\/\"}]}<\/script>\n<!-- \/ Yoast SEO plugin. -->","yoast_head_json":{"title":"Covid-19: Pessoas com 57 anos podem se vacinar nesta segunda-feira, 7\u00a0 - O Timoneiro Jornal Canoas RS","robots":{"index":"index","follow":"follow","max-snippet":"max-snippet:-1","max-image-preview":"max-image-preview:large","max-video-preview":"max-video-preview:-1"},"canonical":"https:\/\/jornaltimoneiro.com.br\/index.php\/2021\/06\/07\/covid-19-pessoas-com-57-anos-podem-se-vacinar-nesta-segunda-feira-7\/","og_locale":"pt_BR","og_type":"article","og_title":"Covid-19: Pessoas com 57 anos podem se vacinar nesta segunda-feira, 7\u00a0 - O Timoneiro Jornal Canoas RS","og_description":"Prefeitura de anunciou que a partir desta segunda-feira, 7, a popula\u00e7\u00e3o com 57 anos ou mais sem comorbidades poder\u00e1 se vacinar contra a Covid-19. A aplica\u00e7\u00e3o das doses ocorrer\u00e1 nas 27 unidades b\u00e1sicas de sa\u00fade (UBSs), das 8h \u00e0s 16h30. O que precisa apresentar Para se vacinar, \u00e9 necess\u00e1rio apresentar documento de identidade com foto [&hellip;]","og_url":"https:\/\/jornaltimoneiro.com.br\/index.php\/2021\/06\/07\/covid-19-pessoas-com-57-anos-podem-se-vacinar-nesta-segunda-feira-7\/","og_site_name":"O Timoneiro Jornal Canoas RS","article_publisher":"https:\/\/www.facebook.com\/jornaltimoneiro","article_published_time":"2021-06-07T13:48:26+00:00","article_modified_time":"2021-06-08T15:06:15+00:00","og_image":[{"width":"1080","height":"706","url":"https:\/\/jornaltimoneiro.com.br\/wp-content\/uploads\/2021\/06\/Vacina.jpg","type":"image\/jpeg"}],"author":"Reda\u00e7\u00e3o","twitter_card":"summary_large_image","twitter_creator":"@_OTimoneiro","twitter_site":"@_OTimoneiro","twitter_misc":{"Escrito por":"Reda\u00e7\u00e3o","Est. tempo de leitura":"2 minutos"},"schema":{"@context":"https:\/\/schema.org","@graph":[{"@type":"Article","@id":"https:\/\/jornaltimoneiro.com.br\/index.php\/2021\/06\/07\/covid-19-pessoas-com-57-anos-podem-se-vacinar-nesta-segunda-feira-7\/#article","isPartOf":{"@id":"https:\/\/jornaltimoneiro.com.br\/index.php\/2021\/06\/07\/covid-19-pessoas-com-57-anos-podem-se-vacinar-nesta-segunda-feira-7\/"},"author":{"name":"Reda\u00e7\u00e3o","@id":"https:\/\/jornaltimoneiro.com.br\/#\/schema\/person\/f63482f1a02b1a9592707865e509ab40"},"headline":"Covid-19: Pessoas com 57 anos podem se vacinar nesta segunda-feira, 7\u00a0","datePublished":"2021-06-07T13:48:26+00:00","dateModified":"2021-06-08T15:06:15+00:00","mainEntityOfPage":{"@id":"https:\/\/jornaltimoneiro.com.br\/index.php\/2021\/06\/07\/covid-19-pessoas-com-57-anos-podem-se-vacinar-nesta-segunda-feira-7\/"},"wordCount":485,"commentCount":0,"publisher":{"@id":"https:\/\/jornaltimoneiro.com.br\/#organization"},"articleSection":["Sa\u00fade"],"inLanguage":"pt-BR","potentialAction":[{"@type":"CommentAction","name":"Comment","target":["https:\/\/jornaltimoneiro.com.br\/index.php\/2021\/06\/07\/covid-19-pessoas-com-57-anos-podem-se-vacinar-nesta-segunda-feira-7\/#respond"]}]},{"@type":"WebPage","@id":"https:\/\/jornaltimoneiro.com.br\/index.php\/2021\/06\/07\/covid-19-pessoas-com-57-anos-podem-se-vacinar-nesta-segunda-feira-7\/","url":"https:\/\/jornaltimoneiro.com.br\/index.php\/2021\/06\/07\/covid-19-pessoas-com-57-anos-podem-se-vacinar-nesta-segunda-feira-7\/","name":"Covid-19: Pessoas com 57 anos podem se vacinar nesta segunda-feira, 7\u00a0 - O Timoneiro Jornal Canoas RS","isPartOf":{"@id":"https:\/\/jornaltimoneiro.com.br\/#website"},"datePublished":"2021-06-07T13:48:26+00:00","dateModified":"2021-06-08T15:06:15+00:00","breadcrumb":{"@id":"https:\/\/jornaltimoneiro.com.br\/index.php\/2021\/06\/07\/covid-19-pessoas-com-57-anos-podem-se-vacinar-nesta-segunda-feira-7\/#breadcrumb"},"inLanguage":"pt-BR","potentialAction":[{"@type":"ReadAction","target":["https:\/\/jornaltimoneiro.com.br\/index.php\/2021\/06\/07\/covid-19-pessoas-com-57-anos-podem-se-vacinar-nesta-segunda-feira-7\/"]}]},{"@type":"BreadcrumbList","@id":"https:\/\/jornaltimoneiro.com.br\/index.php\/2021\/06\/07\/covid-19-pessoas-com-57-anos-podem-se-vacinar-nesta-segunda-feira-7\/#breadcrumb","itemListElement":[{"@type":"ListItem","position":1,"name":"In\u00edcio","item":"https:\/\/jornaltimoneiro.com.br\/"},{"@type":"ListItem","position":2,"name":"Covid-19: Pessoas com 57 anos podem se vacinar nesta segunda-feira, 7\u00a0"}]},{"@type":"WebSite","@id":"https:\/\/jornaltimoneiro.com.br\/#website","url":"https:\/\/jornaltimoneiro.com.br\/","name":"Jornal Timoneiro Canoas RS","description":"Jornal O Timoneiro, o verdadeiro jornal de Canoas","publisher":{"@id":"https:\/\/jornaltimoneiro.com.br\/#organization"},"potentialAction":[{"@type":"SearchAction","target":{"@type":"EntryPoint","urlTemplate":"https:\/\/jornaltimoneiro.com.br\/?s={search_term_string}"},"query-input":"required name=search_term_string"}],"inLanguage":"pt-BR"},{"@type":"Organization","@id":"https:\/\/jornaltimoneiro.com.br\/#organization","name":"Jornal Timoneiro Canoas RS","url":"https:\/\/jornaltimoneiro.com.br\/","logo":{"@type":"ImageObject","inLanguage":"pt-BR","@id":"https:\/\/jornaltimoneiro.com.br\/#\/schema\/logo\/image\/","url":"https:\/\/jornaltimoneiro.com.br\/wp-content\/uploads\/2023\/03\/logonovo.png","contentUrl":"https:\/\/jornaltimoneiro.com.br\/wp-content\/uploads\/2023\/03\/logonovo.png","width":"469","height":"171","caption":"Jornal Timoneiro Canoas RS"},"image":{"@id":"https:\/\/jornaltimoneiro.com.br\/#\/schema\/logo\/image\/"},"sameAs":["https:\/\/www.facebook.com\/jornaltimoneiro","https:\/\/twitter.com\/_OTimoneiro","https:\/\/www.instagram.com\/jornaltimoneirocanoas\/","https:\/\/www.youtube.com\/@jornalotimoneiro7927"]},{"@type":"Person","@id":"https:\/\/jornaltimoneiro.com.br\/#\/schema\/person\/f63482f1a02b1a9592707865e509ab40","name":"Reda\u00e7\u00e3o","image":{"@type":"ImageObject","inLanguage":"pt-BR","@id":"https:\/\/jornaltimoneiro.com.br\/#\/schema\/person\/image\/","url":"https:\/\/jornaltimoneiro.com.br\/wp-content\/uploads\/2023\/03\/download.jpeg","contentUrl":"https:\/\/jornaltimoneiro.com.br\/wp-content\/uploads\/2023\/03\/download.jpeg","caption":"Reda\u00e7\u00e3o"},"url":"https:\/\/jornaltimoneiro.com.br\/index.php\/author\/simone-dutra\/"}]}},"_links":{"self":[{"href":"https:\/\/jornaltimoneiro.com.br\/index.php\/wp-json\/wp\/v2\/posts\/19960"}],"collection":[{"href":"https:\/\/jornaltimoneiro.com.br\/index.php\/wp-json\/wp\/v2\/posts"}],"about":[{"href":"https:\/\/jornaltimoneiro.com.br\/index.php\/wp-json\/wp\/v2\/types\/post"}],"author":[{"embeddable":true,"href":"https:\/\/jornaltimoneiro.com.br\/index.php\/wp-json\/wp\/v2\/users\/2"}],"replies":[{"embeddable":true,"href":"https:\/\/jornaltimoneiro.com.br\/index.php\/wp-json\/wp\/v2\/comments?post=19960"}],"version-history":[{"count":1,"href":"https:\/\/jornaltimoneiro.com.br\/index.php\/wp-json\/wp\/v2\/posts\/19960\/revisions"}],"predecessor-version":[{"id":19962,"href":"https:\/\/jornaltimoneiro.com.br\/index.php\/wp-json\/wp\/v2\/posts\/19960\/revisions\/19962"}],"wp:featuredmedia":[{"embeddable":true,"href":"https:\/\/jornaltimoneiro.com.br\/index.php\/wp-json\/wp\/v2\/media\/19961"}],"wp:attachment":[{"href":"https:\/\/jornaltimoneiro.com.br\/index.php\/wp-json\/wp\/v2\/media?parent=19960"}],"wp:term":[{"taxonomy":"category","embeddable":true,"href":"https:\/\/jornaltimoneiro.com.br\/index.php\/wp-json\/wp\/v2\/categories?post=19960"},{"taxonomy":"post_tag","embeddable":true,"href":"https:\/\/jornaltimoneiro.com.br\/index.php\/wp-json\/wp\/v2\/tags?post=19960"}],"curies":[{"name":"wp","href":"https:\/\/api.w.org\/{rel}","templated":true}]}}