{"id":19935,"date":"2021-06-04T07:00:10","date_gmt":"2021-06-04T10:00:10","guid":{"rendered":"https:\/\/jornaltimoneiro.com.br\/?p=19935"},"modified":"2021-06-14T15:49:27","modified_gmt":"2021-06-14T18:49:27","slug":"promovido-pelo-sesc-canoas-dia-do-desafio-movimenta-160-mil-pessoas-na-regiao","status":"publish","type":"post","link":"https:\/\/jornaltimoneiro.com.br\/index.php\/2021\/06\/04\/promovido-pelo-sesc-canoas-dia-do-desafio-movimenta-160-mil-pessoas-na-regiao\/","title":{"rendered":"Promovido pelo Sesc Canoas, Dia do Desafio movimenta 160 mil pessoas na regi\u00e3o"},"content":{"rendered":"<p>Organizado pelo Sesc Canoas com o apoio de prefeituras, da Universidade La Salle, do Pestalozzi de Canoas, da Trensurb e de academias do munic\u00edpio, o Dia do Desafio mobilizou 161.863 pessoas nos tr\u00eas munic\u00edpios de abrang\u00eancia da unidade. Neste ano, realizado em 26 de maio, o evento teve as a\u00e7\u00f5es esportivas virtuais centralizadas na p\u00e1gina do Sesc Canoas, que ofereceu lives com atividades como o Bom Dia Zen, Caminhada Estacion\u00e1ria e aulas de Pilates, HIIT e gin\u00e1stica localizada. Os v\u00eddeos seguem dispon\u00edveis para visualiza\u00e7\u00e3o no link <a href=\"http:\/\/www.facebook.com\/sesccanoas\/videos\" data-saferedirecturl=\"https:\/\/www.google.com\/url?q=http:\/\/www.facebook.com\/sesccanoas\/videos&amp;source=gmail&amp;ust=1622747400292000&amp;usg=AFQjCNEBtwRcSEHhYJ6lV2N17k4jwYKJbQ\">www.facebook.com\/sesccanoas\/videos<\/a>.<\/p>\n<p>Com o objetivo de incentivar a pr\u00e1tica regular de exerc\u00edcios f\u00edsicos em benef\u00edcio da sa\u00fade, o Dia do Desafio prop\u00f5e que as pessoas interrompam sua rotina e pratiquem qualquer atividade f\u00edsica por pelo menos 15 minutos consecutivos. Segundo o gerente do Sesc Canoas, Cleberli Arruda, apesar das limita\u00e7\u00f5es trazidas pela situa\u00e7\u00e3o atual da pandemia, neste ano o evento tamb\u00e9m levou uma mensagem de supera\u00e7\u00e3o para a comunidade: \u201cN\u00f3s conseguimos, atrav\u00e9s da criatividade e do empenho de parceiros e colegas, levar at\u00e9 a popula\u00e7\u00e3o atividades que refor\u00e7am a import\u00e2ncia da atividade f\u00edsica na qualidade vida e do bem-estar. Agrade\u00e7o muito a todos que nos auxiliaram nessa miss\u00e3o\u201d.<\/p>\n<p>Durante todo o ano de 2020, mesmo em meio \u00e0 pandemia, o Sistema Fecom\u00e9rcio-RS\/Sesc\/Senac esteve como sempre bem pr\u00f3ximo \u00e0 comunidade ga\u00facha. Seguindo as recomenda\u00e7\u00f5es das autoridades e mantendo os cuidados com a sa\u00fade de todos, os servi\u00e7os continuaram sendo entregues e fizeram diferen\u00e7a na vida das pessoas. Para 2021, a entidade deseja que os ga\u00fachos vistam seus melhores sorrisos e tenham esperan\u00e7a no novo ciclo. O portal <a href=\"http:\/\/www.pertodevc.com.br\/\" data-saferedirecturl=\"https:\/\/www.google.com\/url?q=http:\/\/www.pertodevc.com.br\/&amp;source=gmail&amp;ust=1622747400292000&amp;usg=AFQjCNERpaE9FukbYltPwlYly81OQS5JUQ\">www.pertodevc.com.br<\/a> segue com programa\u00e7\u00e3o on-line e gratuita em variadas \u00e1reas como: empreendedorismo, educa\u00e7\u00e3o, esporte, sa\u00fade, cultura, lazer e a\u00e7\u00e3o social.<\/p>\n<div id=\"attachment_19943\" style=\"width: 1090px\" class=\"wp-caption alignnone\"><img decoding=\"async\" aria-describedby=\"caption-attachment-19943\" class=\"size-full wp-image-19943\" src=\"https:\/\/jornaltimoneiro.com.br\/wp-content\/uploads\/2021\/06\/CANOAS-DDD-2021-1.jpg\" alt=\"\" width=\"1080\" height=\"810\" srcset=\"https:\/\/jornaltimoneiro.com.br\/wp-content\/uploads\/2021\/06\/CANOAS-DDD-2021-1.jpg 1080w, https:\/\/jornaltimoneiro.com.br\/wp-content\/uploads\/2021\/06\/CANOAS-DDD-2021-1-300x225.jpg 300w, https:\/\/jornaltimoneiro.com.br\/wp-content\/uploads\/2021\/06\/CANOAS-DDD-2021-1-768x576.jpg 768w, https:\/\/jornaltimoneiro.com.br\/wp-content\/uploads\/2021\/06\/CANOAS-DDD-2021-1-1024x768.jpg 1024w, https:\/\/jornaltimoneiro.com.br\/wp-content\/uploads\/2021\/06\/CANOAS-DDD-2021-1-80x60.jpg 80w, https:\/\/jornaltimoneiro.com.br\/wp-content\/uploads\/2021\/06\/CANOAS-DDD-2021-1-265x198.jpg 265w, https:\/\/jornaltimoneiro.com.br\/wp-content\/uploads\/2021\/06\/CANOAS-DDD-2021-1-696x522.jpg 696w, https:\/\/jornaltimoneiro.com.br\/wp-content\/uploads\/2021\/06\/CANOAS-DDD-2021-1-1068x801.jpg 1068w, https:\/\/jornaltimoneiro.com.br\/wp-content\/uploads\/2021\/06\/CANOAS-DDD-2021-1-560x420.jpg 560w\" sizes=\"(max-width: 1080px) 100vw, 1080px\" \/><p id=\"caption-attachment-19943\" class=\"wp-caption-text\">Foto: Divulga\u00e7\u00e3o<\/p><\/div>\n<div id=\"attachment_19942\" style=\"width: 1090px\" class=\"wp-caption alignnone\"><img decoding=\"async\" aria-describedby=\"caption-attachment-19942\" class=\"size-full wp-image-19942\" src=\"https:\/\/jornaltimoneiro.com.br\/wp-content\/uploads\/2021\/06\/CANOAS-DDD-2021-4.jpg\" alt=\"\" width=\"1080\" height=\"810\" srcset=\"https:\/\/jornaltimoneiro.com.br\/wp-content\/uploads\/2021\/06\/CANOAS-DDD-2021-4.jpg 1080w, https:\/\/jornaltimoneiro.com.br\/wp-content\/uploads\/2021\/06\/CANOAS-DDD-2021-4-300x225.jpg 300w, https:\/\/jornaltimoneiro.com.br\/wp-content\/uploads\/2021\/06\/CANOAS-DDD-2021-4-768x576.jpg 768w, https:\/\/jornaltimoneiro.com.br\/wp-content\/uploads\/2021\/06\/CANOAS-DDD-2021-4-1024x768.jpg 1024w, https:\/\/jornaltimoneiro.com.br\/wp-content\/uploads\/2021\/06\/CANOAS-DDD-2021-4-80x60.jpg 80w, https:\/\/jornaltimoneiro.com.br\/wp-content\/uploads\/2021\/06\/CANOAS-DDD-2021-4-265x198.jpg 265w, https:\/\/jornaltimoneiro.com.br\/wp-content\/uploads\/2021\/06\/CANOAS-DDD-2021-4-696x522.jpg 696w, https:\/\/jornaltimoneiro.com.br\/wp-content\/uploads\/2021\/06\/CANOAS-DDD-2021-4-1068x801.jpg 1068w, https:\/\/jornaltimoneiro.com.br\/wp-content\/uploads\/2021\/06\/CANOAS-DDD-2021-4-560x420.jpg 560w\" sizes=\"(max-width: 1080px) 100vw, 1080px\" \/><p id=\"caption-attachment-19942\" class=\"wp-caption-text\">Foto: Divulga\u00e7\u00e3o<\/p><\/div>\n","protected":false},"excerpt":{"rendered":"<p>Organizado pelo Sesc Canoas com o apoio de prefeituras, da Universidade La Salle, do Pestalozzi de Canoas, da Trensurb e de academias do munic\u00edpio, o Dia do Desafio mobilizou 161.863 pessoas nos tr\u00eas munic\u00edpios de abrang\u00eancia da unidade. Neste ano, realizado em 26 de maio, o evento teve as a\u00e7\u00f5es esportivas virtuais centralizadas na p\u00e1gina [&hellip;]<\/p>\n","protected":false},"author":2,"featured_media":19936,"comment_status":"open","ping_status":"open","sticky":false,"template":"","format":"standard","meta":{"amp_status":"","footnotes":""},"categories":[24],"tags":[],"class_list":["post-19935","post","type-post","status-publish","format-standard","has-post-thumbnail","hentry","category-esporte"],"yoast_head":"<!-- This site is optimized with the Yoast SEO plugin v20.5 - https:\/\/yoast.com\/wordpress\/plugins\/seo\/ -->\n<title>Promovido pelo Sesc Canoas, Dia do Desafio movimenta 160 mil pessoas na regi\u00e3o - O Timoneiro Jornal Canoas RS<\/title>\n<meta name=\"robots\" content=\"index, follow, max-snippet:-1, max-image-preview:large, max-video-preview:-1\" \/>\n<link rel=\"canonical\" href=\"https:\/\/jornaltimoneiro.com.br\/index.php\/2021\/06\/04\/promovido-pelo-sesc-canoas-dia-do-desafio-movimenta-160-mil-pessoas-na-regiao\/\" \/>\n<meta property=\"og:locale\" content=\"pt_BR\" \/>\n<meta property=\"og:type\" content=\"article\" \/>\n<meta property=\"og:title\" content=\"Promovido pelo Sesc Canoas, Dia do Desafio movimenta 160 mil pessoas na regi\u00e3o - O Timoneiro Jornal Canoas RS\" \/>\n<meta property=\"og:description\" content=\"Organizado pelo Sesc Canoas com o apoio de prefeituras, da Universidade La Salle, do Pestalozzi de Canoas, da Trensurb e de academias do munic\u00edpio, o Dia do Desafio mobilizou 161.863 pessoas nos tr\u00eas munic\u00edpios de abrang\u00eancia da unidade. Neste ano, realizado em 26 de maio, o evento teve as a\u00e7\u00f5es esportivas virtuais centralizadas na p\u00e1gina [&hellip;]\" \/>\n<meta property=\"og:url\" content=\"https:\/\/jornaltimoneiro.com.br\/index.php\/2021\/06\/04\/promovido-pelo-sesc-canoas-dia-do-desafio-movimenta-160-mil-pessoas-na-regiao\/\" \/>\n<meta property=\"og:site_name\" content=\"O Timoneiro Jornal Canoas RS\" \/>\n<meta property=\"article:publisher\" content=\"https:\/\/www.facebook.com\/jornaltimoneiro\" \/>\n<meta property=\"article:published_time\" content=\"2021-06-04T10:00:10+00:00\" \/>\n<meta property=\"article:modified_time\" content=\"2021-06-14T18:49:27+00:00\" \/>\n<meta property=\"og:image\" content=\"https:\/\/jornaltimoneiro.com.br\/wp-content\/uploads\/2021\/06\/CANOAS-DDD-2021-3.jpg\" \/>\n\t<meta property=\"og:image:width\" content=\"1080\" \/>\n\t<meta property=\"og:image:height\" content=\"810\" \/>\n\t<meta property=\"og:image:type\" content=\"image\/jpeg\" \/>\n<meta name=\"author\" content=\"Reda\u00e7\u00e3o\" \/>\n<meta name=\"twitter:card\" content=\"summary_large_image\" \/>\n<meta name=\"twitter:creator\" content=\"@_OTimoneiro\" \/>\n<meta name=\"twitter:site\" content=\"@_OTimoneiro\" \/>\n<meta name=\"twitter:label1\" content=\"Escrito por\" \/>\n\t<meta name=\"twitter:data1\" content=\"Reda\u00e7\u00e3o\" \/>\n\t<meta name=\"twitter:label2\" content=\"Est. tempo de leitura\" \/>\n\t<meta name=\"twitter:data2\" content=\"2 minutos\" \/>\n<script type=\"application\/ld+json\" class=\"yoast-schema-graph\">{\"@context\":\"https:\/\/schema.org\",\"@graph\":[{\"@type\":\"Article\",\"@id\":\"https:\/\/jornaltimoneiro.com.br\/index.php\/2021\/06\/04\/promovido-pelo-sesc-canoas-dia-do-desafio-movimenta-160-mil-pessoas-na-regiao\/#article\",\"isPartOf\":{\"@id\":\"https:\/\/jornaltimoneiro.com.br\/index.php\/2021\/06\/04\/promovido-pelo-sesc-canoas-dia-do-desafio-movimenta-160-mil-pessoas-na-regiao\/\"},\"author\":{\"name\":\"Reda\u00e7\u00e3o\",\"@id\":\"https:\/\/jornaltimoneiro.com.br\/#\/schema\/person\/f63482f1a02b1a9592707865e509ab40\"},\"headline\":\"Promovido pelo Sesc Canoas, Dia do Desafio movimenta 160 mil pessoas na regi\u00e3o\",\"datePublished\":\"2021-06-04T10:00:10+00:00\",\"dateModified\":\"2021-06-14T18:49:27+00:00\",\"mainEntityOfPage\":{\"@id\":\"https:\/\/jornaltimoneiro.com.br\/index.php\/2021\/06\/04\/promovido-pelo-sesc-canoas-dia-do-desafio-movimenta-160-mil-pessoas-na-regiao\/\"},\"wordCount\":359,\"commentCount\":0,\"publisher\":{\"@id\":\"https:\/\/jornaltimoneiro.com.br\/#organization\"},\"articleSection\":[\"Esporte\"],\"inLanguage\":\"pt-BR\",\"potentialAction\":[{\"@type\":\"CommentAction\",\"name\":\"Comment\",\"target\":[\"https:\/\/jornaltimoneiro.com.br\/index.php\/2021\/06\/04\/promovido-pelo-sesc-canoas-dia-do-desafio-movimenta-160-mil-pessoas-na-regiao\/#respond\"]}]},{\"@type\":\"WebPage\",\"@id\":\"https:\/\/jornaltimoneiro.com.br\/index.php\/2021\/06\/04\/promovido-pelo-sesc-canoas-dia-do-desafio-movimenta-160-mil-pessoas-na-regiao\/\",\"url\":\"https:\/\/jornaltimoneiro.com.br\/index.php\/2021\/06\/04\/promovido-pelo-sesc-canoas-dia-do-desafio-movimenta-160-mil-pessoas-na-regiao\/\",\"name\":\"Promovido pelo Sesc Canoas, Dia do Desafio movimenta 160 mil pessoas na regi\u00e3o - O Timoneiro Jornal Canoas RS\",\"isPartOf\":{\"@id\":\"https:\/\/jornaltimoneiro.com.br\/#website\"},\"datePublished\":\"2021-06-04T10:00:10+00:00\",\"dateModified\":\"2021-06-14T18:49:27+00:00\",\"breadcrumb\":{\"@id\":\"https:\/\/jornaltimoneiro.com.br\/index.php\/2021\/06\/04\/promovido-pelo-sesc-canoas-dia-do-desafio-movimenta-160-mil-pessoas-na-regiao\/#breadcrumb\"},\"inLanguage\":\"pt-BR\",\"potentialAction\":[{\"@type\":\"ReadAction\",\"target\":[\"https:\/\/jornaltimoneiro.com.br\/index.php\/2021\/06\/04\/promovido-pelo-sesc-canoas-dia-do-desafio-movimenta-160-mil-pessoas-na-regiao\/\"]}]},{\"@type\":\"BreadcrumbList\",\"@id\":\"https:\/\/jornaltimoneiro.com.br\/index.php\/2021\/06\/04\/promovido-pelo-sesc-canoas-dia-do-desafio-movimenta-160-mil-pessoas-na-regiao\/#breadcrumb\",\"itemListElement\":[{\"@type\":\"ListItem\",\"position\":1,\"name\":\"In\u00edcio\",\"item\":\"https:\/\/jornaltimoneiro.com.br\/\"},{\"@type\":\"ListItem\",\"position\":2,\"name\":\"Promovido pelo Sesc Canoas, Dia do Desafio movimenta 160 mil pessoas na regi\u00e3o\"}]},{\"@type\":\"WebSite\",\"@id\":\"https:\/\/jornaltimoneiro.com.br\/#website\",\"url\":\"https:\/\/jornaltimoneiro.com.br\/\",\"name\":\"Jornal Timoneiro Canoas RS\",\"description\":\"Jornal O Timoneiro, o verdadeiro jornal de Canoas\",\"publisher\":{\"@id\":\"https:\/\/jornaltimoneiro.com.br\/#organization\"},\"potentialAction\":[{\"@type\":\"SearchAction\",\"target\":{\"@type\":\"EntryPoint\",\"urlTemplate\":\"https:\/\/jornaltimoneiro.com.br\/?s={search_term_string}\"},\"query-input\":\"required name=search_term_string\"}],\"inLanguage\":\"pt-BR\"},{\"@type\":\"Organization\",\"@id\":\"https:\/\/jornaltimoneiro.com.br\/#organization\",\"name\":\"Jornal Timoneiro Canoas RS\",\"url\":\"https:\/\/jornaltimoneiro.com.br\/\",\"logo\":{\"@type\":\"ImageObject\",\"inLanguage\":\"pt-BR\",\"@id\":\"https:\/\/jornaltimoneiro.com.br\/#\/schema\/logo\/image\/\",\"url\":\"https:\/\/jornaltimoneiro.com.br\/wp-content\/uploads\/2023\/03\/logonovo.png\",\"contentUrl\":\"https:\/\/jornaltimoneiro.com.br\/wp-content\/uploads\/2023\/03\/logonovo.png\",\"width\":\"469\",\"height\":\"171\",\"caption\":\"Jornal Timoneiro Canoas RS\"},\"image\":{\"@id\":\"https:\/\/jornaltimoneiro.com.br\/#\/schema\/logo\/image\/\"},\"sameAs\":[\"https:\/\/www.facebook.com\/jornaltimoneiro\",\"https:\/\/twitter.com\/_OTimoneiro\",\"https:\/\/www.instagram.com\/jornaltimoneirocanoas\/\",\"https:\/\/www.youtube.com\/@jornalotimoneiro7927\"]},{\"@type\":\"Person\",\"@id\":\"https:\/\/jornaltimoneiro.com.br\/#\/schema\/person\/f63482f1a02b1a9592707865e509ab40\",\"name\":\"Reda\u00e7\u00e3o\",\"image\":{\"@type\":\"ImageObject\",\"inLanguage\":\"pt-BR\",\"@id\":\"https:\/\/jornaltimoneiro.com.br\/#\/schema\/person\/image\/\",\"url\":\"https:\/\/jornaltimoneiro.com.br\/wp-content\/uploads\/2023\/03\/download.jpeg\",\"contentUrl\":\"https:\/\/jornaltimoneiro.com.br\/wp-content\/uploads\/2023\/03\/download.jpeg\",\"caption\":\"Reda\u00e7\u00e3o\"},\"url\":\"https:\/\/jornaltimoneiro.com.br\/index.php\/author\/simone-dutra\/\"}]}<\/script>\n<!-- \/ Yoast SEO plugin. -->","yoast_head_json":{"title":"Promovido pelo Sesc Canoas, Dia do Desafio movimenta 160 mil pessoas na regi\u00e3o - O Timoneiro Jornal Canoas RS","robots":{"index":"index","follow":"follow","max-snippet":"max-snippet:-1","max-image-preview":"max-image-preview:large","max-video-preview":"max-video-preview:-1"},"canonical":"https:\/\/jornaltimoneiro.com.br\/index.php\/2021\/06\/04\/promovido-pelo-sesc-canoas-dia-do-desafio-movimenta-160-mil-pessoas-na-regiao\/","og_locale":"pt_BR","og_type":"article","og_title":"Promovido pelo Sesc Canoas, Dia do Desafio movimenta 160 mil pessoas na regi\u00e3o - O Timoneiro Jornal Canoas RS","og_description":"Organizado pelo Sesc Canoas com o apoio de prefeituras, da Universidade La Salle, do Pestalozzi de Canoas, da Trensurb e de academias do munic\u00edpio, o Dia do Desafio mobilizou 161.863 pessoas nos tr\u00eas munic\u00edpios de abrang\u00eancia da unidade. Neste ano, realizado em 26 de maio, o evento teve as a\u00e7\u00f5es esportivas virtuais centralizadas na p\u00e1gina [&hellip;]","og_url":"https:\/\/jornaltimoneiro.com.br\/index.php\/2021\/06\/04\/promovido-pelo-sesc-canoas-dia-do-desafio-movimenta-160-mil-pessoas-na-regiao\/","og_site_name":"O Timoneiro Jornal Canoas RS","article_publisher":"https:\/\/www.facebook.com\/jornaltimoneiro","article_published_time":"2021-06-04T10:00:10+00:00","article_modified_time":"2021-06-14T18:49:27+00:00","og_image":[{"width":"1080","height":"810","url":"https:\/\/jornaltimoneiro.com.br\/wp-content\/uploads\/2021\/06\/CANOAS-DDD-2021-3.jpg","type":"image\/jpeg"}],"author":"Reda\u00e7\u00e3o","twitter_card":"summary_large_image","twitter_creator":"@_OTimoneiro","twitter_site":"@_OTimoneiro","twitter_misc":{"Escrito por":"Reda\u00e7\u00e3o","Est. tempo de leitura":"2 minutos"},"schema":{"@context":"https:\/\/schema.org","@graph":[{"@type":"Article","@id":"https:\/\/jornaltimoneiro.com.br\/index.php\/2021\/06\/04\/promovido-pelo-sesc-canoas-dia-do-desafio-movimenta-160-mil-pessoas-na-regiao\/#article","isPartOf":{"@id":"https:\/\/jornaltimoneiro.com.br\/index.php\/2021\/06\/04\/promovido-pelo-sesc-canoas-dia-do-desafio-movimenta-160-mil-pessoas-na-regiao\/"},"author":{"name":"Reda\u00e7\u00e3o","@id":"https:\/\/jornaltimoneiro.com.br\/#\/schema\/person\/f63482f1a02b1a9592707865e509ab40"},"headline":"Promovido pelo Sesc Canoas, Dia do Desafio movimenta 160 mil pessoas na regi\u00e3o","datePublished":"2021-06-04T10:00:10+00:00","dateModified":"2021-06-14T18:49:27+00:00","mainEntityOfPage":{"@id":"https:\/\/jornaltimoneiro.com.br\/index.php\/2021\/06\/04\/promovido-pelo-sesc-canoas-dia-do-desafio-movimenta-160-mil-pessoas-na-regiao\/"},"wordCount":359,"commentCount":0,"publisher":{"@id":"https:\/\/jornaltimoneiro.com.br\/#organization"},"articleSection":["Esporte"],"inLanguage":"pt-BR","potentialAction":[{"@type":"CommentAction","name":"Comment","target":["https:\/\/jornaltimoneiro.com.br\/index.php\/2021\/06\/04\/promovido-pelo-sesc-canoas-dia-do-desafio-movimenta-160-mil-pessoas-na-regiao\/#respond"]}]},{"@type":"WebPage","@id":"https:\/\/jornaltimoneiro.com.br\/index.php\/2021\/06\/04\/promovido-pelo-sesc-canoas-dia-do-desafio-movimenta-160-mil-pessoas-na-regiao\/","url":"https:\/\/jornaltimoneiro.com.br\/index.php\/2021\/06\/04\/promovido-pelo-sesc-canoas-dia-do-desafio-movimenta-160-mil-pessoas-na-regiao\/","name":"Promovido pelo Sesc Canoas, Dia do Desafio movimenta 160 mil pessoas na regi\u00e3o - O Timoneiro Jornal Canoas RS","isPartOf":{"@id":"https:\/\/jornaltimoneiro.com.br\/#website"},"datePublished":"2021-06-04T10:00:10+00:00","dateModified":"2021-06-14T18:49:27+00:00","breadcrumb":{"@id":"https:\/\/jornaltimoneiro.com.br\/index.php\/2021\/06\/04\/promovido-pelo-sesc-canoas-dia-do-desafio-movimenta-160-mil-pessoas-na-regiao\/#breadcrumb"},"inLanguage":"pt-BR","potentialAction":[{"@type":"ReadAction","target":["https:\/\/jornaltimoneiro.com.br\/index.php\/2021\/06\/04\/promovido-pelo-sesc-canoas-dia-do-desafio-movimenta-160-mil-pessoas-na-regiao\/"]}]},{"@type":"BreadcrumbList","@id":"https:\/\/jornaltimoneiro.com.br\/index.php\/2021\/06\/04\/promovido-pelo-sesc-canoas-dia-do-desafio-movimenta-160-mil-pessoas-na-regiao\/#breadcrumb","itemListElement":[{"@type":"ListItem","position":1,"name":"In\u00edcio","item":"https:\/\/jornaltimoneiro.com.br\/"},{"@type":"ListItem","position":2,"name":"Promovido pelo Sesc Canoas, Dia do Desafio movimenta 160 mil pessoas na regi\u00e3o"}]},{"@type":"WebSite","@id":"https:\/\/jornaltimoneiro.com.br\/#website","url":"https:\/\/jornaltimoneiro.com.br\/","name":"Jornal Timoneiro Canoas RS","description":"Jornal O Timoneiro, o verdadeiro jornal de Canoas","publisher":{"@id":"https:\/\/jornaltimoneiro.com.br\/#organization"},"potentialAction":[{"@type":"SearchAction","target":{"@type":"EntryPoint","urlTemplate":"https:\/\/jornaltimoneiro.com.br\/?s={search_term_string}"},"query-input":"required name=search_term_string"}],"inLanguage":"pt-BR"},{"@type":"Organization","@id":"https:\/\/jornaltimoneiro.com.br\/#organization","name":"Jornal Timoneiro Canoas RS","url":"https:\/\/jornaltimoneiro.com.br\/","logo":{"@type":"ImageObject","inLanguage":"pt-BR","@id":"https:\/\/jornaltimoneiro.com.br\/#\/schema\/logo\/image\/","url":"https:\/\/jornaltimoneiro.com.br\/wp-content\/uploads\/2023\/03\/logonovo.png","contentUrl":"https:\/\/jornaltimoneiro.com.br\/wp-content\/uploads\/2023\/03\/logonovo.png","width":"469","height":"171","caption":"Jornal Timoneiro Canoas RS"},"image":{"@id":"https:\/\/jornaltimoneiro.com.br\/#\/schema\/logo\/image\/"},"sameAs":["https:\/\/www.facebook.com\/jornaltimoneiro","https:\/\/twitter.com\/_OTimoneiro","https:\/\/www.instagram.com\/jornaltimoneirocanoas\/","https:\/\/www.youtube.com\/@jornalotimoneiro7927"]},{"@type":"Person","@id":"https:\/\/jornaltimoneiro.com.br\/#\/schema\/person\/f63482f1a02b1a9592707865e509ab40","name":"Reda\u00e7\u00e3o","image":{"@type":"ImageObject","inLanguage":"pt-BR","@id":"https:\/\/jornaltimoneiro.com.br\/#\/schema\/person\/image\/","url":"https:\/\/jornaltimoneiro.com.br\/wp-content\/uploads\/2023\/03\/download.jpeg","contentUrl":"https:\/\/jornaltimoneiro.com.br\/wp-content\/uploads\/2023\/03\/download.jpeg","caption":"Reda\u00e7\u00e3o"},"url":"https:\/\/jornaltimoneiro.com.br\/index.php\/author\/simone-dutra\/"}]}},"_links":{"self":[{"href":"https:\/\/jornaltimoneiro.com.br\/index.php\/wp-json\/wp\/v2\/posts\/19935"}],"collection":[{"href":"https:\/\/jornaltimoneiro.com.br\/index.php\/wp-json\/wp\/v2\/posts"}],"about":[{"href":"https:\/\/jornaltimoneiro.com.br\/index.php\/wp-json\/wp\/v2\/types\/post"}],"author":[{"embeddable":true,"href":"https:\/\/jornaltimoneiro.com.br\/index.php\/wp-json\/wp\/v2\/users\/2"}],"replies":[{"embeddable":true,"href":"https:\/\/jornaltimoneiro.com.br\/index.php\/wp-json\/wp\/v2\/comments?post=19935"}],"version-history":[{"count":1,"href":"https:\/\/jornaltimoneiro.com.br\/index.php\/wp-json\/wp\/v2\/posts\/19935\/revisions"}],"predecessor-version":[{"id":19944,"href":"https:\/\/jornaltimoneiro.com.br\/index.php\/wp-json\/wp\/v2\/posts\/19935\/revisions\/19944"}],"wp:featuredmedia":[{"embeddable":true,"href":"https:\/\/jornaltimoneiro.com.br\/index.php\/wp-json\/wp\/v2\/media\/19936"}],"wp:attachment":[{"href":"https:\/\/jornaltimoneiro.com.br\/index.php\/wp-json\/wp\/v2\/media?parent=19935"}],"wp:term":[{"taxonomy":"category","embeddable":true,"href":"https:\/\/jornaltimoneiro.com.br\/index.php\/wp-json\/wp\/v2\/categories?post=19935"},{"taxonomy":"post_tag","embeddable":true,"href":"https:\/\/jornaltimoneiro.com.br\/index.php\/wp-json\/wp\/v2\/tags?post=19935"}],"curies":[{"name":"wp","href":"https:\/\/api.w.org\/{rel}","templated":true}]}}