{"id":19604,"date":"2021-04-30T07:00:19","date_gmt":"2021-04-30T10:00:19","guid":{"rendered":"https:\/\/jornaltimoneiro.com.br\/?p=19604"},"modified":"2021-04-29T19:21:06","modified_gmt":"2021-04-29T22:21:06","slug":"com-2-645-casos-positivados-municipio-chega-a-3-462-pessoas-vacinadas","status":"publish","type":"post","link":"https:\/\/jornaltimoneiro.com.br\/index.php\/2021\/04\/30\/com-2-645-casos-positivados-municipio-chega-a-3-462-pessoas-vacinadas\/","title":{"rendered":"Com 2.645 casos positivados, munic\u00edpio chega a 3.462 pessoas vacinadas"},"content":{"rendered":"<p>De 10 a 16 de abril, Nova Santa Rita contabilizou 63 casos positivados para a Covid-19, entre os 210 testes realizados em moradores do munic\u00edpio no per\u00edodo, que somaram 147 pacientes negativados para a doen\u00e7a. O n\u00famero de mortes subiu para 60, desde o in\u00edcio da pandemia, com o registro de 2 novos casos, nesta \u00faltima semana.<\/p>\n<p>Nove mun\u00edcipes encontram-se hospitalizados, de acordo com o relat\u00f3rio semanal, em hospitais da regi\u00e3o.<\/p>\n<p><strong>Vacina\u00e7\u00e3o na cidade<\/strong><\/p>\n<p>De acordo com os dados divulgados pela Prefeitura Municipal, 3.462 pessoas j\u00e1 receberam a primeira dose dentro da campanha de imuniza\u00e7\u00e3o, enquanto 1.045 passaram pela segunda etapa da vacina\u00e7\u00e3o.<\/p>\n<p>A vacina para maiores de 62 anos pode ser agendada pelos telefones (51) 99138-2866 e 99406-2243, atrav\u00e9s de liga\u00e7\u00e3o ou mensagem via WhatsApp, de segunda a sexta-feira, das 8 \u00e0s 17h, e nos s\u00e1bados das 13 at\u00e9 \u00e0s 17h, exceto aos domingos e feriados.<\/p>\n","protected":false},"excerpt":{"rendered":"<p>De 10 a 16 de abril, Nova Santa Rita contabilizou 63 casos positivados para a Covid-19, entre os 210 testes realizados em moradores do munic\u00edpio no per\u00edodo, que somaram 147 pacientes negativados para a doen\u00e7a. O n\u00famero de mortes subiu para 60, desde o in\u00edcio da pandemia, com o registro de 2 novos casos, nesta [&hellip;]<\/p>\n","protected":false},"author":2,"featured_media":19606,"comment_status":"open","ping_status":"open","sticky":false,"template":"","format":"standard","meta":{"amp_status":"","footnotes":""},"categories":[178],"tags":[],"class_list":["post-19604","post","type-post","status-publish","format-standard","has-post-thumbnail","hentry","category-nsr"],"yoast_head":"<!-- This site is optimized with the Yoast SEO plugin v20.5 - https:\/\/yoast.com\/wordpress\/plugins\/seo\/ -->\n<title>Com 2.645 casos positivados, munic\u00edpio chega a 3.462 pessoas vacinadas - O Timoneiro Jornal Canoas RS<\/title>\n<meta name=\"robots\" content=\"index, follow, max-snippet:-1, max-image-preview:large, max-video-preview:-1\" \/>\n<link rel=\"canonical\" href=\"https:\/\/jornaltimoneiro.com.br\/index.php\/2021\/04\/30\/com-2-645-casos-positivados-municipio-chega-a-3-462-pessoas-vacinadas\/\" \/>\n<meta property=\"og:locale\" content=\"pt_BR\" \/>\n<meta property=\"og:type\" content=\"article\" \/>\n<meta property=\"og:title\" content=\"Com 2.645 casos positivados, munic\u00edpio chega a 3.462 pessoas vacinadas - O Timoneiro Jornal Canoas RS\" \/>\n<meta property=\"og:description\" content=\"De 10 a 16 de abril, Nova Santa Rita contabilizou 63 casos positivados para a Covid-19, entre os 210 testes realizados em moradores do munic\u00edpio no per\u00edodo, que somaram 147 pacientes negativados para a doen\u00e7a. O n\u00famero de mortes subiu para 60, desde o in\u00edcio da pandemia, com o registro de 2 novos casos, nesta [&hellip;]\" \/>\n<meta property=\"og:url\" content=\"https:\/\/jornaltimoneiro.com.br\/index.php\/2021\/04\/30\/com-2-645-casos-positivados-municipio-chega-a-3-462-pessoas-vacinadas\/\" \/>\n<meta property=\"og:site_name\" content=\"O Timoneiro Jornal Canoas RS\" \/>\n<meta property=\"article:publisher\" content=\"https:\/\/www.facebook.com\/jornaltimoneiro\" \/>\n<meta property=\"article:published_time\" content=\"2021-04-30T10:00:19+00:00\" \/>\n<meta property=\"article:modified_time\" content=\"2021-04-29T22:21:06+00:00\" \/>\n<meta property=\"og:image\" content=\"https:\/\/jornaltimoneiro.com.br\/wp-content\/uploads\/2021\/04\/2528.png\" \/>\n\t<meta property=\"og:image:width\" content=\"716\" \/>\n\t<meta property=\"og:image:height\" content=\"600\" \/>\n\t<meta property=\"og:image:type\" content=\"image\/png\" \/>\n<meta name=\"author\" content=\"Reda\u00e7\u00e3o\" \/>\n<meta name=\"twitter:card\" content=\"summary_large_image\" \/>\n<meta name=\"twitter:creator\" content=\"@_OTimoneiro\" \/>\n<meta name=\"twitter:site\" content=\"@_OTimoneiro\" \/>\n<meta name=\"twitter:label1\" content=\"Escrito por\" \/>\n\t<meta name=\"twitter:data1\" content=\"Reda\u00e7\u00e3o\" \/>\n\t<meta name=\"twitter:label2\" content=\"Est. tempo de leitura\" \/>\n\t<meta name=\"twitter:data2\" content=\"1 minuto\" \/>\n<script type=\"application\/ld+json\" class=\"yoast-schema-graph\">{\"@context\":\"https:\/\/schema.org\",\"@graph\":[{\"@type\":\"Article\",\"@id\":\"https:\/\/jornaltimoneiro.com.br\/index.php\/2021\/04\/30\/com-2-645-casos-positivados-municipio-chega-a-3-462-pessoas-vacinadas\/#article\",\"isPartOf\":{\"@id\":\"https:\/\/jornaltimoneiro.com.br\/index.php\/2021\/04\/30\/com-2-645-casos-positivados-municipio-chega-a-3-462-pessoas-vacinadas\/\"},\"author\":{\"name\":\"Reda\u00e7\u00e3o\",\"@id\":\"https:\/\/jornaltimoneiro.com.br\/#\/schema\/person\/f63482f1a02b1a9592707865e509ab40\"},\"headline\":\"Com 2.645 casos positivados, munic\u00edpio chega a 3.462 pessoas vacinadas\",\"datePublished\":\"2021-04-30T10:00:19+00:00\",\"dateModified\":\"2021-04-29T22:21:06+00:00\",\"mainEntityOfPage\":{\"@id\":\"https:\/\/jornaltimoneiro.com.br\/index.php\/2021\/04\/30\/com-2-645-casos-positivados-municipio-chega-a-3-462-pessoas-vacinadas\/\"},\"wordCount\":157,\"commentCount\":0,\"publisher\":{\"@id\":\"https:\/\/jornaltimoneiro.com.br\/#organization\"},\"articleSection\":[\"Nova Santa Rita\"],\"inLanguage\":\"pt-BR\",\"potentialAction\":[{\"@type\":\"CommentAction\",\"name\":\"Comment\",\"target\":[\"https:\/\/jornaltimoneiro.com.br\/index.php\/2021\/04\/30\/com-2-645-casos-positivados-municipio-chega-a-3-462-pessoas-vacinadas\/#respond\"]}]},{\"@type\":\"WebPage\",\"@id\":\"https:\/\/jornaltimoneiro.com.br\/index.php\/2021\/04\/30\/com-2-645-casos-positivados-municipio-chega-a-3-462-pessoas-vacinadas\/\",\"url\":\"https:\/\/jornaltimoneiro.com.br\/index.php\/2021\/04\/30\/com-2-645-casos-positivados-municipio-chega-a-3-462-pessoas-vacinadas\/\",\"name\":\"Com 2.645 casos positivados, munic\u00edpio chega a 3.462 pessoas vacinadas - O Timoneiro Jornal Canoas RS\",\"isPartOf\":{\"@id\":\"https:\/\/jornaltimoneiro.com.br\/#website\"},\"datePublished\":\"2021-04-30T10:00:19+00:00\",\"dateModified\":\"2021-04-29T22:21:06+00:00\",\"breadcrumb\":{\"@id\":\"https:\/\/jornaltimoneiro.com.br\/index.php\/2021\/04\/30\/com-2-645-casos-positivados-municipio-chega-a-3-462-pessoas-vacinadas\/#breadcrumb\"},\"inLanguage\":\"pt-BR\",\"potentialAction\":[{\"@type\":\"ReadAction\",\"target\":[\"https:\/\/jornaltimoneiro.com.br\/index.php\/2021\/04\/30\/com-2-645-casos-positivados-municipio-chega-a-3-462-pessoas-vacinadas\/\"]}]},{\"@type\":\"BreadcrumbList\",\"@id\":\"https:\/\/jornaltimoneiro.com.br\/index.php\/2021\/04\/30\/com-2-645-casos-positivados-municipio-chega-a-3-462-pessoas-vacinadas\/#breadcrumb\",\"itemListElement\":[{\"@type\":\"ListItem\",\"position\":1,\"name\":\"In\u00edcio\",\"item\":\"https:\/\/jornaltimoneiro.com.br\/\"},{\"@type\":\"ListItem\",\"position\":2,\"name\":\"Com 2.645 casos positivados, munic\u00edpio chega a 3.462 pessoas vacinadas\"}]},{\"@type\":\"WebSite\",\"@id\":\"https:\/\/jornaltimoneiro.com.br\/#website\",\"url\":\"https:\/\/jornaltimoneiro.com.br\/\",\"name\":\"Jornal Timoneiro Canoas RS\",\"description\":\"Jornal O Timoneiro, o verdadeiro jornal de Canoas\",\"publisher\":{\"@id\":\"https:\/\/jornaltimoneiro.com.br\/#organization\"},\"potentialAction\":[{\"@type\":\"SearchAction\",\"target\":{\"@type\":\"EntryPoint\",\"urlTemplate\":\"https:\/\/jornaltimoneiro.com.br\/?s={search_term_string}\"},\"query-input\":\"required name=search_term_string\"}],\"inLanguage\":\"pt-BR\"},{\"@type\":\"Organization\",\"@id\":\"https:\/\/jornaltimoneiro.com.br\/#organization\",\"name\":\"Jornal Timoneiro Canoas RS\",\"url\":\"https:\/\/jornaltimoneiro.com.br\/\",\"logo\":{\"@type\":\"ImageObject\",\"inLanguage\":\"pt-BR\",\"@id\":\"https:\/\/jornaltimoneiro.com.br\/#\/schema\/logo\/image\/\",\"url\":\"https:\/\/jornaltimoneiro.com.br\/wp-content\/uploads\/2023\/03\/logonovo.png\",\"contentUrl\":\"https:\/\/jornaltimoneiro.com.br\/wp-content\/uploads\/2023\/03\/logonovo.png\",\"width\":\"469\",\"height\":\"171\",\"caption\":\"Jornal Timoneiro Canoas RS\"},\"image\":{\"@id\":\"https:\/\/jornaltimoneiro.com.br\/#\/schema\/logo\/image\/\"},\"sameAs\":[\"https:\/\/www.facebook.com\/jornaltimoneiro\",\"https:\/\/twitter.com\/_OTimoneiro\",\"https:\/\/www.instagram.com\/jornaltimoneirocanoas\/\",\"https:\/\/www.youtube.com\/@jornalotimoneiro7927\"]},{\"@type\":\"Person\",\"@id\":\"https:\/\/jornaltimoneiro.com.br\/#\/schema\/person\/f63482f1a02b1a9592707865e509ab40\",\"name\":\"Reda\u00e7\u00e3o\",\"image\":{\"@type\":\"ImageObject\",\"inLanguage\":\"pt-BR\",\"@id\":\"https:\/\/jornaltimoneiro.com.br\/#\/schema\/person\/image\/\",\"url\":\"https:\/\/jornaltimoneiro.com.br\/wp-content\/uploads\/2023\/03\/download.jpeg\",\"contentUrl\":\"https:\/\/jornaltimoneiro.com.br\/wp-content\/uploads\/2023\/03\/download.jpeg\",\"caption\":\"Reda\u00e7\u00e3o\"},\"url\":\"https:\/\/jornaltimoneiro.com.br\/index.php\/author\/simone-dutra\/\"}]}<\/script>\n<!-- \/ Yoast SEO plugin. -->","yoast_head_json":{"title":"Com 2.645 casos positivados, munic\u00edpio chega a 3.462 pessoas vacinadas - O Timoneiro Jornal Canoas RS","robots":{"index":"index","follow":"follow","max-snippet":"max-snippet:-1","max-image-preview":"max-image-preview:large","max-video-preview":"max-video-preview:-1"},"canonical":"https:\/\/jornaltimoneiro.com.br\/index.php\/2021\/04\/30\/com-2-645-casos-positivados-municipio-chega-a-3-462-pessoas-vacinadas\/","og_locale":"pt_BR","og_type":"article","og_title":"Com 2.645 casos positivados, munic\u00edpio chega a 3.462 pessoas vacinadas - O Timoneiro Jornal Canoas RS","og_description":"De 10 a 16 de abril, Nova Santa Rita contabilizou 63 casos positivados para a Covid-19, entre os 210 testes realizados em moradores do munic\u00edpio no per\u00edodo, que somaram 147 pacientes negativados para a doen\u00e7a. O n\u00famero de mortes subiu para 60, desde o in\u00edcio da pandemia, com o registro de 2 novos casos, nesta [&hellip;]","og_url":"https:\/\/jornaltimoneiro.com.br\/index.php\/2021\/04\/30\/com-2-645-casos-positivados-municipio-chega-a-3-462-pessoas-vacinadas\/","og_site_name":"O Timoneiro Jornal Canoas RS","article_publisher":"https:\/\/www.facebook.com\/jornaltimoneiro","article_published_time":"2021-04-30T10:00:19+00:00","article_modified_time":"2021-04-29T22:21:06+00:00","og_image":[{"width":"716","height":"600","url":"https:\/\/jornaltimoneiro.com.br\/wp-content\/uploads\/2021\/04\/2528.png","type":"image\/png"}],"author":"Reda\u00e7\u00e3o","twitter_card":"summary_large_image","twitter_creator":"@_OTimoneiro","twitter_site":"@_OTimoneiro","twitter_misc":{"Escrito por":"Reda\u00e7\u00e3o","Est. tempo de leitura":"1 minuto"},"schema":{"@context":"https:\/\/schema.org","@graph":[{"@type":"Article","@id":"https:\/\/jornaltimoneiro.com.br\/index.php\/2021\/04\/30\/com-2-645-casos-positivados-municipio-chega-a-3-462-pessoas-vacinadas\/#article","isPartOf":{"@id":"https:\/\/jornaltimoneiro.com.br\/index.php\/2021\/04\/30\/com-2-645-casos-positivados-municipio-chega-a-3-462-pessoas-vacinadas\/"},"author":{"name":"Reda\u00e7\u00e3o","@id":"https:\/\/jornaltimoneiro.com.br\/#\/schema\/person\/f63482f1a02b1a9592707865e509ab40"},"headline":"Com 2.645 casos positivados, munic\u00edpio chega a 3.462 pessoas vacinadas","datePublished":"2021-04-30T10:00:19+00:00","dateModified":"2021-04-29T22:21:06+00:00","mainEntityOfPage":{"@id":"https:\/\/jornaltimoneiro.com.br\/index.php\/2021\/04\/30\/com-2-645-casos-positivados-municipio-chega-a-3-462-pessoas-vacinadas\/"},"wordCount":157,"commentCount":0,"publisher":{"@id":"https:\/\/jornaltimoneiro.com.br\/#organization"},"articleSection":["Nova Santa Rita"],"inLanguage":"pt-BR","potentialAction":[{"@type":"CommentAction","name":"Comment","target":["https:\/\/jornaltimoneiro.com.br\/index.php\/2021\/04\/30\/com-2-645-casos-positivados-municipio-chega-a-3-462-pessoas-vacinadas\/#respond"]}]},{"@type":"WebPage","@id":"https:\/\/jornaltimoneiro.com.br\/index.php\/2021\/04\/30\/com-2-645-casos-positivados-municipio-chega-a-3-462-pessoas-vacinadas\/","url":"https:\/\/jornaltimoneiro.com.br\/index.php\/2021\/04\/30\/com-2-645-casos-positivados-municipio-chega-a-3-462-pessoas-vacinadas\/","name":"Com 2.645 casos positivados, munic\u00edpio chega a 3.462 pessoas vacinadas - O Timoneiro Jornal Canoas RS","isPartOf":{"@id":"https:\/\/jornaltimoneiro.com.br\/#website"},"datePublished":"2021-04-30T10:00:19+00:00","dateModified":"2021-04-29T22:21:06+00:00","breadcrumb":{"@id":"https:\/\/jornaltimoneiro.com.br\/index.php\/2021\/04\/30\/com-2-645-casos-positivados-municipio-chega-a-3-462-pessoas-vacinadas\/#breadcrumb"},"inLanguage":"pt-BR","potentialAction":[{"@type":"ReadAction","target":["https:\/\/jornaltimoneiro.com.br\/index.php\/2021\/04\/30\/com-2-645-casos-positivados-municipio-chega-a-3-462-pessoas-vacinadas\/"]}]},{"@type":"BreadcrumbList","@id":"https:\/\/jornaltimoneiro.com.br\/index.php\/2021\/04\/30\/com-2-645-casos-positivados-municipio-chega-a-3-462-pessoas-vacinadas\/#breadcrumb","itemListElement":[{"@type":"ListItem","position":1,"name":"In\u00edcio","item":"https:\/\/jornaltimoneiro.com.br\/"},{"@type":"ListItem","position":2,"name":"Com 2.645 casos positivados, munic\u00edpio chega a 3.462 pessoas vacinadas"}]},{"@type":"WebSite","@id":"https:\/\/jornaltimoneiro.com.br\/#website","url":"https:\/\/jornaltimoneiro.com.br\/","name":"Jornal Timoneiro Canoas RS","description":"Jornal O Timoneiro, o verdadeiro jornal de Canoas","publisher":{"@id":"https:\/\/jornaltimoneiro.com.br\/#organization"},"potentialAction":[{"@type":"SearchAction","target":{"@type":"EntryPoint","urlTemplate":"https:\/\/jornaltimoneiro.com.br\/?s={search_term_string}"},"query-input":"required name=search_term_string"}],"inLanguage":"pt-BR"},{"@type":"Organization","@id":"https:\/\/jornaltimoneiro.com.br\/#organization","name":"Jornal Timoneiro Canoas RS","url":"https:\/\/jornaltimoneiro.com.br\/","logo":{"@type":"ImageObject","inLanguage":"pt-BR","@id":"https:\/\/jornaltimoneiro.com.br\/#\/schema\/logo\/image\/","url":"https:\/\/jornaltimoneiro.com.br\/wp-content\/uploads\/2023\/03\/logonovo.png","contentUrl":"https:\/\/jornaltimoneiro.com.br\/wp-content\/uploads\/2023\/03\/logonovo.png","width":"469","height":"171","caption":"Jornal Timoneiro Canoas RS"},"image":{"@id":"https:\/\/jornaltimoneiro.com.br\/#\/schema\/logo\/image\/"},"sameAs":["https:\/\/www.facebook.com\/jornaltimoneiro","https:\/\/twitter.com\/_OTimoneiro","https:\/\/www.instagram.com\/jornaltimoneirocanoas\/","https:\/\/www.youtube.com\/@jornalotimoneiro7927"]},{"@type":"Person","@id":"https:\/\/jornaltimoneiro.com.br\/#\/schema\/person\/f63482f1a02b1a9592707865e509ab40","name":"Reda\u00e7\u00e3o","image":{"@type":"ImageObject","inLanguage":"pt-BR","@id":"https:\/\/jornaltimoneiro.com.br\/#\/schema\/person\/image\/","url":"https:\/\/jornaltimoneiro.com.br\/wp-content\/uploads\/2023\/03\/download.jpeg","contentUrl":"https:\/\/jornaltimoneiro.com.br\/wp-content\/uploads\/2023\/03\/download.jpeg","caption":"Reda\u00e7\u00e3o"},"url":"https:\/\/jornaltimoneiro.com.br\/index.php\/author\/simone-dutra\/"}]}},"_links":{"self":[{"href":"https:\/\/jornaltimoneiro.com.br\/index.php\/wp-json\/wp\/v2\/posts\/19604"}],"collection":[{"href":"https:\/\/jornaltimoneiro.com.br\/index.php\/wp-json\/wp\/v2\/posts"}],"about":[{"href":"https:\/\/jornaltimoneiro.com.br\/index.php\/wp-json\/wp\/v2\/types\/post"}],"author":[{"embeddable":true,"href":"https:\/\/jornaltimoneiro.com.br\/index.php\/wp-json\/wp\/v2\/users\/2"}],"replies":[{"embeddable":true,"href":"https:\/\/jornaltimoneiro.com.br\/index.php\/wp-json\/wp\/v2\/comments?post=19604"}],"version-history":[{"count":1,"href":"https:\/\/jornaltimoneiro.com.br\/index.php\/wp-json\/wp\/v2\/posts\/19604\/revisions"}],"predecessor-version":[{"id":19607,"href":"https:\/\/jornaltimoneiro.com.br\/index.php\/wp-json\/wp\/v2\/posts\/19604\/revisions\/19607"}],"wp:featuredmedia":[{"embeddable":true,"href":"https:\/\/jornaltimoneiro.com.br\/index.php\/wp-json\/wp\/v2\/media\/19606"}],"wp:attachment":[{"href":"https:\/\/jornaltimoneiro.com.br\/index.php\/wp-json\/wp\/v2\/media?parent=19604"}],"wp:term":[{"taxonomy":"category","embeddable":true,"href":"https:\/\/jornaltimoneiro.com.br\/index.php\/wp-json\/wp\/v2\/categories?post=19604"},{"taxonomy":"post_tag","embeddable":true,"href":"https:\/\/jornaltimoneiro.com.br\/index.php\/wp-json\/wp\/v2\/tags?post=19604"}],"curies":[{"name":"wp","href":"https:\/\/api.w.org\/{rel}","templated":true}]}}