{"id":19517,"date":"2021-04-23T07:00:51","date_gmt":"2021-04-23T10:00:51","guid":{"rendered":"https:\/\/jornaltimoneiro.com.br\/?p=19517"},"modified":"2021-04-22T16:07:19","modified_gmt":"2021-04-22T19:07:19","slug":"guilherme-lannig-o-que-os-canoenses-precisam-saber-sobre-juros-zero","status":"publish","type":"post","link":"https:\/\/jornaltimoneiro.com.br\/index.php\/2021\/04\/23\/guilherme-lannig-o-que-os-canoenses-precisam-saber-sobre-juros-zero\/","title":{"rendered":"Guilherme Lannig: &#8220;O que os canoenses precisam saber sobre &#8216;Juros Zero'&#8221;"},"content":{"rendered":"<p><i><span style=\"font-weight: 400;\">Por Guilherme Lannig*\u00a0<\/span><\/i><\/p>\n<p><strong>PROGRAMA \u201cCANOAS JURO ZERO\u201d: O QUE OS\u00a0 CANOENSES PRECISAM ENTENDER\u00a0<\/strong><\/p>\n<p><span style=\"font-weight: 400;\">Foi aprovado na C\u00e2mara Municipal de Canoas o Projeto de Lei n\u00ba 25, de iniciativa do\u00a0 Executivo Municipal que cria o programa chamado \u201cCanoas Juro Zero\u201d. A proposta consiste\u00a0 em subs\u00eddio financeiro por parte da Prefeitura de Canoas para cobrir os juros cobrados pelas\u00a0 institui\u00e7\u00f5es que aderirem ao programa e oferecerem cr\u00e9ditos para microempreendedores\u00a0 individuais e microempresas. Pela proposta aprovada, a Prefeitura est\u00e1 autorizada a abrir\u00a0 cr\u00e9dito em seu or\u00e7amento no valor de R$5.220.000,00 (cinco milh\u00f5es e duzentos e vinte mil\u00a0 reais). O programa \u00e9 uma demanda dos setores atingidos pelas restri\u00e7\u00f5es impostas pela\u00a0 pandemia do COVID-19. N\u00e3o tenho nenhum motivo para duvidar sobre a honestidade desse\u00a0 pedido e, tamb\u00e9m, nenhuma raz\u00e3o para questionar a excelente inten\u00e7\u00e3o do Prefeito Jairo\u00a0 Jorge com essa proposi\u00e7\u00e3o. Entretanto, gostaria de chamar aten\u00e7\u00e3o para alguns aspectos que a\u00a0 popula\u00e7\u00e3o canoense precisa ter em mente com essa a\u00e7\u00e3o.\u00a0<\/span><\/p>\n<p><span style=\"font-weight: 400;\">Os microempreendedores e microempres\u00e1rios canoenses tiveram seus neg\u00f3cios\u00a0 afetados pela pandemia &#8211; isso n\u00e3o h\u00e1 nenhuma d\u00favida. Assim j\u00e1 seria pela pr\u00f3pria natureza de\u00a0 uma pandemia muito contagiosa e, em alguns casos, fatal. A atitude da popula\u00e7\u00e3o frente a\u00a0 essa situa\u00e7\u00e3o \u00e9 naturalmente a cautela em se expor aos riscos. Evidentemente a receita dos\u00a0 neg\u00f3cios diminuiria pela simples redu\u00e7\u00e3o na circula\u00e7\u00e3o das pessoas. Receitas essas que\u00a0 possibilitam as pr\u00f3prias subsist\u00eancias, oferecer um conforto maior para suas fam\u00edlias, sal\u00e1rios\u00a0 para empregados e oferta de produtos e servi\u00e7os para a popula\u00e7\u00e3o em geral. Apenas o fator\u00a0 pandemia j\u00e1 seria suficiente para impactos econ\u00f4micos negativos para essas pessoas pela\u00a0 redu\u00e7\u00e3o da demanda. Mas tivemos outro fator que terminou de vez com qualquer\u00a0 possibilidade de receitas para essas fam\u00edlias: a interfer\u00eancia estatal.\u00a0<\/span><\/p>\n<p><span style=\"font-weight: 400;\">O Governo do Estado proibiu diversos setores de sequer tentar abrir suas lojas, prestar\u00a0 seus servi\u00e7os, tomar os devidos cuidados sanit\u00e1rios e procurar alternativas para lidar com a j\u00e1\u00a0 esperada queda em suas receitas. Por meio de Decreto impediu que muitas pessoas pudessem\u00a0 trabalhar, passando por cima do art. 5\u00ba, inciso XIII da Constitui\u00e7\u00e3o Federal que diz \u201c\u00e9 livre o\u00a0 exerc\u00edcio de qualquer trabalho, of\u00edcio ou profiss\u00e3o\u201d. Atrav\u00e9s de seu \u201cmodelo de\u00a0 distanciamento controlado\u201d determinou, de cima para baixo, quais atividades s\u00e3o\u00a0<\/span><\/p>\n<p><span style=\"font-weight: 400;\">consideradas essenciais e quais n\u00e3o s\u00e3o, quais produtos podem ser consumidos e quais n\u00e3o\u00a0 podem. N\u00e3o satisfeito, instituiu uma \u201ccogest\u00e3o\u201d em que os prefeitos municipais n\u00e3o poderiam\u00a0 diminuir as restri\u00e7\u00f5es impostas; apenas aumentar ainda mais as proibi\u00e7\u00f5es. Felizmente, tanto o ex-prefeito Luiz Carlos Busato quanto o prefeito Jairo Jorge n\u00e3o restringiram ainda mais as\u00a0 medidas do Governo do Estado. Mas eles ficaram impossibilitados de permitir que diversas\u00a0 pessoas pudessem trabalhar seguindo rigorosos protocolos sanit\u00e1rios que, diga-se, muitos se\u00a0 prepararam adequadamente em seus estabelecimentos. Os microempreendedores,\u00a0 microempres\u00e1rios e diversas pessoas do setor de eventos em especial sofreram duplamente\u00a0 com essa situa\u00e7\u00e3o que j\u00e1 dura mais de um ano.\u00a0<\/span><\/p>\n<p><span style=\"font-weight: 400;\">E ent\u00e3o chegamos no programa \u201cCanoas Juro Zero\u201d proposto pelo Prefeito Jairo Jorge. Aplaudido por diversos vereadores na C\u00e2mara Municipal como uma esp\u00e9cie de\u00a0 atestado de empatia pela situa\u00e7\u00e3o das fam\u00edlias, demonstra\u00e7\u00e3o de preocupa\u00e7\u00e3o com a\u00a0 manuten\u00e7\u00e3o dos empregos, pela dignidade das pessoas &#8211; o falat\u00f3rio foi grande e rasgados\u00a0 elogios proferidos. Novamente, n\u00e3o questiono em nenhum momento a boa inten\u00e7\u00e3o do\u00a0 Prefeito ao apresentar o projeto, bem como entendo a demanda daqueles que o sa\u00fadam.\u00a0 Gostaria que os canoenses compreendessem por que os microempreendedores e\u00a0 microempres\u00e1rios necessitam desse aporte da Prefeitura para subsidiar os juros: ora,\u00a0 justamente porque foram impossibilitados de trabalhar pelo Estado! Ou seja, um ente estatal\u00a0 primeiro os proibiu de exercerem suas atividades para depois outro ente aparecer com a\u00a0 solu\u00e7\u00e3o. E agora se abre a possibilidade para a Prefeitura Municipal capitalizar junto a\u00a0 sociedade toda a sua virtude, benevol\u00eancia e empatia junto ao p\u00fablico.\u00a0<\/span><\/p>\n<p><span style=\"font-weight: 400;\">Precisamos estar atentos para essas a\u00e7\u00f5es. Lembro que os recursos que ser\u00e3o\u00a0 utilizados pela Prefeitura para subsidiar esse programa sair\u00e1 do \u00fanico local que financia\u00a0 qualquer a\u00e7\u00e3o governamental: do bolso dos pagadores de impostos. E tudo isso s\u00f3 foi\u00a0 necess\u00e1rio por conta de uma interfer\u00eancia do governo nas atividades econ\u00f4micas que hoje\u00a0 suplicam pelo apelo do governo. Nas palavras de Harry Browne: \u201co governo \u00e9 muito bom em\u00a0 quebrar suas pernas para depois lhe dar uma muleta e dizer: \u2018veja, se n\u00e3o fosse pelo governo\u00a0 voc\u00ea n\u00e3o seria capaz de andar\u2019\u201d. N\u00e3o tiro a raz\u00e3o dos que comemoram esse programa. Mas\u00a0 tenham em mente que o ambiente que trouxe essa necessidade foi causado pelo governo; e \u00e9\u00a0 o governo que est\u00e1 usando o seu dinheiro para ganhar a sua simpatia.<\/span><\/p>\n<p>*<i><span style=\"font-weight: 400;\">Psic\u00f3logo, mestrando em psicologia cognitiva experimental, canoense\u00a0<\/span><\/i><\/p>\n","protected":false},"excerpt":{"rendered":"<p>Por Guilherme Lannig*\u00a0 PROGRAMA \u201cCANOAS JURO ZERO\u201d: O QUE OS\u00a0 CANOENSES PRECISAM ENTENDER\u00a0 Foi aprovado na C\u00e2mara Municipal de Canoas o Projeto de Lei n\u00ba 25, de iniciativa do\u00a0 Executivo Municipal que cria o programa chamado \u201cCanoas Juro Zero\u201d. A proposta consiste\u00a0 em subs\u00eddio financeiro por parte da Prefeitura de Canoas para cobrir os juros [&hellip;]<\/p>\n","protected":false},"author":2,"featured_media":19518,"comment_status":"open","ping_status":"open","sticky":false,"template":"","format":"standard","meta":{"amp_status":"","footnotes":""},"categories":[21],"tags":[],"class_list":["post-19517","post","type-post","status-publish","format-standard","has-post-thumbnail","hentry","category-opiniao"],"yoast_head":"<!-- This site is optimized with the Yoast SEO plugin v20.5 - https:\/\/yoast.com\/wordpress\/plugins\/seo\/ -->\n<title>Guilherme Lannig: &quot;O que os canoenses precisam saber sobre &#039;Juros Zero&#039;&quot; - O Timoneiro Jornal Canoas RS<\/title>\n<meta name=\"robots\" content=\"index, follow, max-snippet:-1, max-image-preview:large, max-video-preview:-1\" \/>\n<link rel=\"canonical\" href=\"https:\/\/jornaltimoneiro.com.br\/index.php\/2021\/04\/23\/guilherme-lannig-o-que-os-canoenses-precisam-saber-sobre-juros-zero\/\" \/>\n<meta property=\"og:locale\" content=\"pt_BR\" \/>\n<meta property=\"og:type\" content=\"article\" \/>\n<meta property=\"og:title\" content=\"Guilherme Lannig: &quot;O que os canoenses precisam saber sobre &#039;Juros Zero&#039;&quot; - O Timoneiro Jornal Canoas RS\" \/>\n<meta property=\"og:description\" content=\"Por Guilherme Lannig*\u00a0 PROGRAMA \u201cCANOAS JURO ZERO\u201d: O QUE OS\u00a0 CANOENSES PRECISAM ENTENDER\u00a0 Foi aprovado na C\u00e2mara Municipal de Canoas o Projeto de Lei n\u00ba 25, de iniciativa do\u00a0 Executivo Municipal que cria o programa chamado \u201cCanoas Juro Zero\u201d. A proposta consiste\u00a0 em subs\u00eddio financeiro por parte da Prefeitura de Canoas para cobrir os juros [&hellip;]\" \/>\n<meta property=\"og:url\" content=\"https:\/\/jornaltimoneiro.com.br\/index.php\/2021\/04\/23\/guilherme-lannig-o-que-os-canoenses-precisam-saber-sobre-juros-zero\/\" \/>\n<meta property=\"og:site_name\" content=\"O Timoneiro Jornal Canoas RS\" \/>\n<meta property=\"article:publisher\" content=\"https:\/\/www.facebook.com\/jornaltimoneiro\" \/>\n<meta property=\"article:published_time\" content=\"2021-04-23T10:00:51+00:00\" \/>\n<meta property=\"article:modified_time\" content=\"2021-04-22T19:07:19+00:00\" \/>\n<meta property=\"og:image\" content=\"https:\/\/jornaltimoneiro.com.br\/wp-content\/uploads\/2021\/04\/juro-zero-interna.jpg\" \/>\n\t<meta property=\"og:image:width\" content=\"500\" \/>\n\t<meta property=\"og:image:height\" content=\"306\" \/>\n\t<meta property=\"og:image:type\" content=\"image\/jpeg\" \/>\n<meta name=\"author\" content=\"Reda\u00e7\u00e3o\" \/>\n<meta name=\"twitter:card\" content=\"summary_large_image\" \/>\n<meta name=\"twitter:creator\" content=\"@_OTimoneiro\" \/>\n<meta name=\"twitter:site\" content=\"@_OTimoneiro\" \/>\n<meta name=\"twitter:label1\" content=\"Escrito por\" \/>\n\t<meta name=\"twitter:data1\" content=\"Reda\u00e7\u00e3o\" \/>\n\t<meta name=\"twitter:label2\" content=\"Est. tempo de leitura\" \/>\n\t<meta name=\"twitter:data2\" content=\"4 minutos\" \/>\n<script type=\"application\/ld+json\" class=\"yoast-schema-graph\">{\"@context\":\"https:\/\/schema.org\",\"@graph\":[{\"@type\":\"Article\",\"@id\":\"https:\/\/jornaltimoneiro.com.br\/index.php\/2021\/04\/23\/guilherme-lannig-o-que-os-canoenses-precisam-saber-sobre-juros-zero\/#article\",\"isPartOf\":{\"@id\":\"https:\/\/jornaltimoneiro.com.br\/index.php\/2021\/04\/23\/guilherme-lannig-o-que-os-canoenses-precisam-saber-sobre-juros-zero\/\"},\"author\":{\"name\":\"Reda\u00e7\u00e3o\",\"@id\":\"https:\/\/jornaltimoneiro.com.br\/#\/schema\/person\/f63482f1a02b1a9592707865e509ab40\"},\"headline\":\"Guilherme Lannig: &#8220;O que os canoenses precisam saber sobre &#8216;Juros Zero'&#8221;\",\"datePublished\":\"2021-04-23T10:00:51+00:00\",\"dateModified\":\"2021-04-22T19:07:19+00:00\",\"mainEntityOfPage\":{\"@id\":\"https:\/\/jornaltimoneiro.com.br\/index.php\/2021\/04\/23\/guilherme-lannig-o-que-os-canoenses-precisam-saber-sobre-juros-zero\/\"},\"wordCount\":846,\"commentCount\":0,\"publisher\":{\"@id\":\"https:\/\/jornaltimoneiro.com.br\/#organization\"},\"articleSection\":[\"Opini\u00e3o\"],\"inLanguage\":\"pt-BR\",\"potentialAction\":[{\"@type\":\"CommentAction\",\"name\":\"Comment\",\"target\":[\"https:\/\/jornaltimoneiro.com.br\/index.php\/2021\/04\/23\/guilherme-lannig-o-que-os-canoenses-precisam-saber-sobre-juros-zero\/#respond\"]}]},{\"@type\":\"WebPage\",\"@id\":\"https:\/\/jornaltimoneiro.com.br\/index.php\/2021\/04\/23\/guilherme-lannig-o-que-os-canoenses-precisam-saber-sobre-juros-zero\/\",\"url\":\"https:\/\/jornaltimoneiro.com.br\/index.php\/2021\/04\/23\/guilherme-lannig-o-que-os-canoenses-precisam-saber-sobre-juros-zero\/\",\"name\":\"Guilherme Lannig: \\\"O que os canoenses precisam saber sobre 'Juros Zero'\\\" - O Timoneiro Jornal Canoas RS\",\"isPartOf\":{\"@id\":\"https:\/\/jornaltimoneiro.com.br\/#website\"},\"datePublished\":\"2021-04-23T10:00:51+00:00\",\"dateModified\":\"2021-04-22T19:07:19+00:00\",\"breadcrumb\":{\"@id\":\"https:\/\/jornaltimoneiro.com.br\/index.php\/2021\/04\/23\/guilherme-lannig-o-que-os-canoenses-precisam-saber-sobre-juros-zero\/#breadcrumb\"},\"inLanguage\":\"pt-BR\",\"potentialAction\":[{\"@type\":\"ReadAction\",\"target\":[\"https:\/\/jornaltimoneiro.com.br\/index.php\/2021\/04\/23\/guilherme-lannig-o-que-os-canoenses-precisam-saber-sobre-juros-zero\/\"]}]},{\"@type\":\"BreadcrumbList\",\"@id\":\"https:\/\/jornaltimoneiro.com.br\/index.php\/2021\/04\/23\/guilherme-lannig-o-que-os-canoenses-precisam-saber-sobre-juros-zero\/#breadcrumb\",\"itemListElement\":[{\"@type\":\"ListItem\",\"position\":1,\"name\":\"In\u00edcio\",\"item\":\"https:\/\/jornaltimoneiro.com.br\/\"},{\"@type\":\"ListItem\",\"position\":2,\"name\":\"Guilherme Lannig: &#8220;O que os canoenses precisam saber sobre &#8216;Juros Zero'&#8221;\"}]},{\"@type\":\"WebSite\",\"@id\":\"https:\/\/jornaltimoneiro.com.br\/#website\",\"url\":\"https:\/\/jornaltimoneiro.com.br\/\",\"name\":\"Jornal Timoneiro Canoas RS\",\"description\":\"Jornal O Timoneiro, o verdadeiro jornal de Canoas\",\"publisher\":{\"@id\":\"https:\/\/jornaltimoneiro.com.br\/#organization\"},\"potentialAction\":[{\"@type\":\"SearchAction\",\"target\":{\"@type\":\"EntryPoint\",\"urlTemplate\":\"https:\/\/jornaltimoneiro.com.br\/?s={search_term_string}\"},\"query-input\":\"required name=search_term_string\"}],\"inLanguage\":\"pt-BR\"},{\"@type\":\"Organization\",\"@id\":\"https:\/\/jornaltimoneiro.com.br\/#organization\",\"name\":\"Jornal Timoneiro Canoas RS\",\"url\":\"https:\/\/jornaltimoneiro.com.br\/\",\"logo\":{\"@type\":\"ImageObject\",\"inLanguage\":\"pt-BR\",\"@id\":\"https:\/\/jornaltimoneiro.com.br\/#\/schema\/logo\/image\/\",\"url\":\"https:\/\/jornaltimoneiro.com.br\/wp-content\/uploads\/2023\/03\/logonovo.png\",\"contentUrl\":\"https:\/\/jornaltimoneiro.com.br\/wp-content\/uploads\/2023\/03\/logonovo.png\",\"width\":\"469\",\"height\":\"171\",\"caption\":\"Jornal Timoneiro Canoas RS\"},\"image\":{\"@id\":\"https:\/\/jornaltimoneiro.com.br\/#\/schema\/logo\/image\/\"},\"sameAs\":[\"https:\/\/www.facebook.com\/jornaltimoneiro\",\"https:\/\/twitter.com\/_OTimoneiro\",\"https:\/\/www.instagram.com\/jornaltimoneirocanoas\/\",\"https:\/\/www.youtube.com\/@jornalotimoneiro7927\"]},{\"@type\":\"Person\",\"@id\":\"https:\/\/jornaltimoneiro.com.br\/#\/schema\/person\/f63482f1a02b1a9592707865e509ab40\",\"name\":\"Reda\u00e7\u00e3o\",\"image\":{\"@type\":\"ImageObject\",\"inLanguage\":\"pt-BR\",\"@id\":\"https:\/\/jornaltimoneiro.com.br\/#\/schema\/person\/image\/\",\"url\":\"https:\/\/jornaltimoneiro.com.br\/wp-content\/uploads\/2023\/03\/download.jpeg\",\"contentUrl\":\"https:\/\/jornaltimoneiro.com.br\/wp-content\/uploads\/2023\/03\/download.jpeg\",\"caption\":\"Reda\u00e7\u00e3o\"},\"url\":\"https:\/\/jornaltimoneiro.com.br\/index.php\/author\/simone-dutra\/\"}]}<\/script>\n<!-- \/ Yoast SEO plugin. -->","yoast_head_json":{"title":"Guilherme Lannig: \"O que os canoenses precisam saber sobre 'Juros Zero'\" - O Timoneiro Jornal Canoas RS","robots":{"index":"index","follow":"follow","max-snippet":"max-snippet:-1","max-image-preview":"max-image-preview:large","max-video-preview":"max-video-preview:-1"},"canonical":"https:\/\/jornaltimoneiro.com.br\/index.php\/2021\/04\/23\/guilherme-lannig-o-que-os-canoenses-precisam-saber-sobre-juros-zero\/","og_locale":"pt_BR","og_type":"article","og_title":"Guilherme Lannig: \"O que os canoenses precisam saber sobre 'Juros Zero'\" - O Timoneiro Jornal Canoas RS","og_description":"Por Guilherme Lannig*\u00a0 PROGRAMA \u201cCANOAS JURO ZERO\u201d: O QUE OS\u00a0 CANOENSES PRECISAM ENTENDER\u00a0 Foi aprovado na C\u00e2mara Municipal de Canoas o Projeto de Lei n\u00ba 25, de iniciativa do\u00a0 Executivo Municipal que cria o programa chamado \u201cCanoas Juro Zero\u201d. A proposta consiste\u00a0 em subs\u00eddio financeiro por parte da Prefeitura de Canoas para cobrir os juros [&hellip;]","og_url":"https:\/\/jornaltimoneiro.com.br\/index.php\/2021\/04\/23\/guilherme-lannig-o-que-os-canoenses-precisam-saber-sobre-juros-zero\/","og_site_name":"O Timoneiro Jornal Canoas RS","article_publisher":"https:\/\/www.facebook.com\/jornaltimoneiro","article_published_time":"2021-04-23T10:00:51+00:00","article_modified_time":"2021-04-22T19:07:19+00:00","og_image":[{"width":"500","height":"306","url":"https:\/\/jornaltimoneiro.com.br\/wp-content\/uploads\/2021\/04\/juro-zero-interna.jpg","type":"image\/jpeg"}],"author":"Reda\u00e7\u00e3o","twitter_card":"summary_large_image","twitter_creator":"@_OTimoneiro","twitter_site":"@_OTimoneiro","twitter_misc":{"Escrito por":"Reda\u00e7\u00e3o","Est. tempo de leitura":"4 minutos"},"schema":{"@context":"https:\/\/schema.org","@graph":[{"@type":"Article","@id":"https:\/\/jornaltimoneiro.com.br\/index.php\/2021\/04\/23\/guilherme-lannig-o-que-os-canoenses-precisam-saber-sobre-juros-zero\/#article","isPartOf":{"@id":"https:\/\/jornaltimoneiro.com.br\/index.php\/2021\/04\/23\/guilherme-lannig-o-que-os-canoenses-precisam-saber-sobre-juros-zero\/"},"author":{"name":"Reda\u00e7\u00e3o","@id":"https:\/\/jornaltimoneiro.com.br\/#\/schema\/person\/f63482f1a02b1a9592707865e509ab40"},"headline":"Guilherme Lannig: &#8220;O que os canoenses precisam saber sobre &#8216;Juros Zero'&#8221;","datePublished":"2021-04-23T10:00:51+00:00","dateModified":"2021-04-22T19:07:19+00:00","mainEntityOfPage":{"@id":"https:\/\/jornaltimoneiro.com.br\/index.php\/2021\/04\/23\/guilherme-lannig-o-que-os-canoenses-precisam-saber-sobre-juros-zero\/"},"wordCount":846,"commentCount":0,"publisher":{"@id":"https:\/\/jornaltimoneiro.com.br\/#organization"},"articleSection":["Opini\u00e3o"],"inLanguage":"pt-BR","potentialAction":[{"@type":"CommentAction","name":"Comment","target":["https:\/\/jornaltimoneiro.com.br\/index.php\/2021\/04\/23\/guilherme-lannig-o-que-os-canoenses-precisam-saber-sobre-juros-zero\/#respond"]}]},{"@type":"WebPage","@id":"https:\/\/jornaltimoneiro.com.br\/index.php\/2021\/04\/23\/guilherme-lannig-o-que-os-canoenses-precisam-saber-sobre-juros-zero\/","url":"https:\/\/jornaltimoneiro.com.br\/index.php\/2021\/04\/23\/guilherme-lannig-o-que-os-canoenses-precisam-saber-sobre-juros-zero\/","name":"Guilherme Lannig: \"O que os canoenses precisam saber sobre 'Juros Zero'\" - O Timoneiro Jornal Canoas RS","isPartOf":{"@id":"https:\/\/jornaltimoneiro.com.br\/#website"},"datePublished":"2021-04-23T10:00:51+00:00","dateModified":"2021-04-22T19:07:19+00:00","breadcrumb":{"@id":"https:\/\/jornaltimoneiro.com.br\/index.php\/2021\/04\/23\/guilherme-lannig-o-que-os-canoenses-precisam-saber-sobre-juros-zero\/#breadcrumb"},"inLanguage":"pt-BR","potentialAction":[{"@type":"ReadAction","target":["https:\/\/jornaltimoneiro.com.br\/index.php\/2021\/04\/23\/guilherme-lannig-o-que-os-canoenses-precisam-saber-sobre-juros-zero\/"]}]},{"@type":"BreadcrumbList","@id":"https:\/\/jornaltimoneiro.com.br\/index.php\/2021\/04\/23\/guilherme-lannig-o-que-os-canoenses-precisam-saber-sobre-juros-zero\/#breadcrumb","itemListElement":[{"@type":"ListItem","position":1,"name":"In\u00edcio","item":"https:\/\/jornaltimoneiro.com.br\/"},{"@type":"ListItem","position":2,"name":"Guilherme Lannig: &#8220;O que os canoenses precisam saber sobre &#8216;Juros Zero'&#8221;"}]},{"@type":"WebSite","@id":"https:\/\/jornaltimoneiro.com.br\/#website","url":"https:\/\/jornaltimoneiro.com.br\/","name":"Jornal Timoneiro Canoas RS","description":"Jornal O Timoneiro, o verdadeiro jornal de Canoas","publisher":{"@id":"https:\/\/jornaltimoneiro.com.br\/#organization"},"potentialAction":[{"@type":"SearchAction","target":{"@type":"EntryPoint","urlTemplate":"https:\/\/jornaltimoneiro.com.br\/?s={search_term_string}"},"query-input":"required name=search_term_string"}],"inLanguage":"pt-BR"},{"@type":"Organization","@id":"https:\/\/jornaltimoneiro.com.br\/#organization","name":"Jornal Timoneiro Canoas RS","url":"https:\/\/jornaltimoneiro.com.br\/","logo":{"@type":"ImageObject","inLanguage":"pt-BR","@id":"https:\/\/jornaltimoneiro.com.br\/#\/schema\/logo\/image\/","url":"https:\/\/jornaltimoneiro.com.br\/wp-content\/uploads\/2023\/03\/logonovo.png","contentUrl":"https:\/\/jornaltimoneiro.com.br\/wp-content\/uploads\/2023\/03\/logonovo.png","width":"469","height":"171","caption":"Jornal Timoneiro Canoas RS"},"image":{"@id":"https:\/\/jornaltimoneiro.com.br\/#\/schema\/logo\/image\/"},"sameAs":["https:\/\/www.facebook.com\/jornaltimoneiro","https:\/\/twitter.com\/_OTimoneiro","https:\/\/www.instagram.com\/jornaltimoneirocanoas\/","https:\/\/www.youtube.com\/@jornalotimoneiro7927"]},{"@type":"Person","@id":"https:\/\/jornaltimoneiro.com.br\/#\/schema\/person\/f63482f1a02b1a9592707865e509ab40","name":"Reda\u00e7\u00e3o","image":{"@type":"ImageObject","inLanguage":"pt-BR","@id":"https:\/\/jornaltimoneiro.com.br\/#\/schema\/person\/image\/","url":"https:\/\/jornaltimoneiro.com.br\/wp-content\/uploads\/2023\/03\/download.jpeg","contentUrl":"https:\/\/jornaltimoneiro.com.br\/wp-content\/uploads\/2023\/03\/download.jpeg","caption":"Reda\u00e7\u00e3o"},"url":"https:\/\/jornaltimoneiro.com.br\/index.php\/author\/simone-dutra\/"}]}},"_links":{"self":[{"href":"https:\/\/jornaltimoneiro.com.br\/index.php\/wp-json\/wp\/v2\/posts\/19517"}],"collection":[{"href":"https:\/\/jornaltimoneiro.com.br\/index.php\/wp-json\/wp\/v2\/posts"}],"about":[{"href":"https:\/\/jornaltimoneiro.com.br\/index.php\/wp-json\/wp\/v2\/types\/post"}],"author":[{"embeddable":true,"href":"https:\/\/jornaltimoneiro.com.br\/index.php\/wp-json\/wp\/v2\/users\/2"}],"replies":[{"embeddable":true,"href":"https:\/\/jornaltimoneiro.com.br\/index.php\/wp-json\/wp\/v2\/comments?post=19517"}],"version-history":[{"count":1,"href":"https:\/\/jornaltimoneiro.com.br\/index.php\/wp-json\/wp\/v2\/posts\/19517\/revisions"}],"predecessor-version":[{"id":19519,"href":"https:\/\/jornaltimoneiro.com.br\/index.php\/wp-json\/wp\/v2\/posts\/19517\/revisions\/19519"}],"wp:featuredmedia":[{"embeddable":true,"href":"https:\/\/jornaltimoneiro.com.br\/index.php\/wp-json\/wp\/v2\/media\/19518"}],"wp:attachment":[{"href":"https:\/\/jornaltimoneiro.com.br\/index.php\/wp-json\/wp\/v2\/media?parent=19517"}],"wp:term":[{"taxonomy":"category","embeddable":true,"href":"https:\/\/jornaltimoneiro.com.br\/index.php\/wp-json\/wp\/v2\/categories?post=19517"},{"taxonomy":"post_tag","embeddable":true,"href":"https:\/\/jornaltimoneiro.com.br\/index.php\/wp-json\/wp\/v2\/tags?post=19517"}],"curies":[{"name":"wp","href":"https:\/\/api.w.org\/{rel}","templated":true}]}}