{"id":19320,"date":"2021-04-01T07:00:39","date_gmt":"2021-04-01T10:00:39","guid":{"rendered":"https:\/\/jornaltimoneiro.com.br\/?p=19320"},"modified":"2021-03-31T19:50:07","modified_gmt":"2021-03-31T22:50:07","slug":"tito-guarniere-nao-por-falta-de-aviso-estamos-agora-na-casa-fatidica-de-300-mil","status":"publish","type":"post","link":"https:\/\/jornaltimoneiro.com.br\/index.php\/2021\/04\/01\/tito-guarniere-nao-por-falta-de-aviso-estamos-agora-na-casa-fatidica-de-300-mil\/","title":{"rendered":"Tito Guarniere: &#8220;N\u00e3o por falta de aviso, estamos agora na casa fat\u00eddica de 300 mil&#8221;"},"content":{"rendered":"<p>Tito Guarniere<\/p>\n<p><strong>300 MIL<u><\/u>\u00a0<\/strong><u><\/u><\/p>\n<p>Um pouco por otimismo, nos primeiros meses de 2020, jamais imaginei que poder\u00edamos chegar aos 10 mil mortos pela covid-19. Chegou aos 100, aos 200 e estamos agora na casa fat\u00eddica de 300 mil.<u><\/u>\u00a0<u><\/u><\/p>\n<p>E n\u00e3o foi por falta de aviso. O ex-ministro da Sa\u00fade Luiz Henrique Mandetta, com pouco mais de uma centena de brasileiros mortos de covid-19, perguntou a Bolsonaro se ele estava preparado para ver na televis\u00e3o os caminh\u00f5es do Ex\u00e9rcito transportando corpos das v\u00edtimas pelas ruas. M\u00e9dicos, epidemiologistas, infectologistas, diante dos fatos a que assistiam horrorizados, e diante das proje\u00e7\u00f5es poss\u00edveis da calamidade, gastaram a voz para advertir sobre o impacto da pandemia nas estruturas de sa\u00fade do pa\u00eds, na economia, na vida dos brasileiros.<u><\/u>\u00a0<u><\/u><\/p>\n<p>Na outra ponta, Bolsonaro, que vai levar folgado o t\u00edtulo de pior governante que este pa\u00eds j\u00e1 teve, debochava da doen\u00e7a, e sabotava dia sim e outro tamb\u00e9m qualquer a\u00e7\u00e3o de combate contra a pandemia que n\u00e3o fosse o uso da cloroquina, condenando o distanciamento social e o uso das m\u00e1scaras de prote\u00e7\u00e3o facial. Adiante, voltou as baterias contra a vacina Coronavac, porque tinha origem na China e porque estava sendo desenvolvida pelo Instituto Butant\u00e3, de S\u00e3o Paulo, governado por Jo\u00e3o Doria, um inimigo pol\u00edtico.<u><\/u><\/p>\n<p>Agora, tendo chegado \u00e0 estat\u00edstica macabra de 300 mil mortos, est\u00e1 na defensiva: os aliados do Centr\u00e3o, temerosos do que pode acontecer nos pr\u00f3ximos meses, na voz do presidente da C\u00e2mara Arthur Lira dizem que \u201ctudo tem limite\u201d. Empres\u00e1rios, ex-ministros, economistas de escol, em manifesta\u00e7\u00e3o vigorosa da sociedade civil, desmantelaram a escolha falaciosa de Bolsonaro entre os ditames da sa\u00fade e as necessidades da economia. Acossado, o presidente sai pela via comum do improviso, criando uma comiss\u00e3o para coordenar as a\u00e7\u00f5es contra a doen\u00e7a.<u><\/u><\/p>\n<p>Mais do que isso, agora se entrega com sofreguid\u00e3o ao elogio da vacina, transformada em grande solu\u00e7\u00e3o, e com o tom triunfalista, d\u00e1 a entender que nunca faltou empenho do seu governo para traz\u00ea-la o quanto antes para o Brasil.<u><\/u>\u00a0<u><\/u><\/p>\n<p>O comit\u00ea de coordena\u00e7\u00e3o, um apelo que ecoou em v\u00e1rias inst\u00e2ncias desde o in\u00edcio da pandemia, e que foi sempre desprezado pelo governo central, contou com a presen\u00e7a e participa\u00e7\u00e3o de quem nada tem a fazer ali, como o STF e a Procuradoria Geral da Rep\u00fablica, e com aus\u00eancias injustific\u00e1veis, uma vez que deixou de fora prefeitos, secret\u00e1rios estaduais de sa\u00fade, e governadores importantes, como os do Rio Grande do Sul e S\u00e3o Paulo, que n\u00e3o bebem \u00e1gua na mesma fonte de Bolsonaro.<u><\/u>\u00a0<u><\/u><\/p>\n<p>Trata-se (o comit\u00ea) de uma a\u00e7\u00e3o entre amigos, uma confraria de coleguinhas, uma panelinha de personagens menores, uma a\u00e7\u00e3o oportunista e mal ajambrada, da qual n\u00e3o sair\u00e1 nenhuma solu\u00e7\u00e3o.<u><\/u>\u00a0<u><\/u><\/p>\n<p>Tudo ainda ficou mais rid\u00edculo, mais pat\u00e9tico, quando o governador Jo\u00e3o Doria, de S\u00e3o Paulo, anunciou a fabrica\u00e7\u00e3o de uma vacina brasileira anti-covid pelo Instituto Butant\u00e3. No mesmo dia, o ministro Marcos Pontes, da Ci\u00eancia e Tecnologia \u2013 personagem sem brilho \u2013 foi chamado \u00e0s pressas para anunciar que S\u00e3o Paulo n\u00e3o est\u00e1 sozinho, o governo Bolsonaro est\u00e1 no p\u00e1reo e tamb\u00e9m tem sua vacina. O governo n\u00e3o se cansa de dar vexame.<u><\/u>\u00a0<u><\/u><\/p>\n<p><a href=\"mailto:titoguarniere@outlook.com\" target=\"_blank\" rel=\"noopener\">titoguarniere@outlook.com<\/a><u><\/u><\/p>\n","protected":false},"excerpt":{"rendered":"<p>Tito Guarniere 300 MIL\u00a0 Um pouco por otimismo, nos primeiros meses de 2020, jamais imaginei que poder\u00edamos chegar aos 10 mil mortos pela covid-19. Chegou aos 100, aos 200 e estamos agora na casa fat\u00eddica de 300 mil.\u00a0 E n\u00e3o foi por falta de aviso. O ex-ministro da Sa\u00fade Luiz Henrique Mandetta, com pouco mais [&hellip;]<\/p>\n","protected":false},"author":2,"featured_media":19321,"comment_status":"open","ping_status":"open","sticky":false,"template":"","format":"standard","meta":{"amp_status":"","footnotes":""},"categories":[21],"tags":[],"class_list":["post-19320","post","type-post","status-publish","format-standard","has-post-thumbnail","hentry","category-opiniao"],"yoast_head":"<!-- This site is optimized with the Yoast SEO plugin v20.5 - https:\/\/yoast.com\/wordpress\/plugins\/seo\/ -->\n<title>Tito Guarniere: &quot;N\u00e3o por falta de aviso, estamos agora na casa fat\u00eddica de 300 mil&quot; - O Timoneiro Jornal Canoas RS<\/title>\n<meta name=\"robots\" content=\"index, follow, max-snippet:-1, max-image-preview:large, max-video-preview:-1\" \/>\n<link rel=\"canonical\" href=\"https:\/\/jornaltimoneiro.com.br\/index.php\/2021\/04\/01\/tito-guarniere-nao-por-falta-de-aviso-estamos-agora-na-casa-fatidica-de-300-mil\/\" \/>\n<meta property=\"og:locale\" content=\"pt_BR\" \/>\n<meta property=\"og:type\" content=\"article\" \/>\n<meta property=\"og:title\" content=\"Tito Guarniere: &quot;N\u00e3o por falta de aviso, estamos agora na casa fat\u00eddica de 300 mil&quot; - O Timoneiro Jornal Canoas RS\" \/>\n<meta property=\"og:description\" content=\"Tito Guarniere 300 MIL\u00a0 Um pouco por otimismo, nos primeiros meses de 2020, jamais imaginei que poder\u00edamos chegar aos 10 mil mortos pela covid-19. Chegou aos 100, aos 200 e estamos agora na casa fat\u00eddica de 300 mil.\u00a0 E n\u00e3o foi por falta de aviso. O ex-ministro da Sa\u00fade Luiz Henrique Mandetta, com pouco mais [&hellip;]\" \/>\n<meta property=\"og:url\" content=\"https:\/\/jornaltimoneiro.com.br\/index.php\/2021\/04\/01\/tito-guarniere-nao-por-falta-de-aviso-estamos-agora-na-casa-fatidica-de-300-mil\/\" \/>\n<meta property=\"og:site_name\" content=\"O Timoneiro Jornal Canoas RS\" \/>\n<meta property=\"article:publisher\" content=\"https:\/\/www.facebook.com\/jornaltimoneiro\" \/>\n<meta property=\"article:published_time\" content=\"2021-04-01T10:00:39+00:00\" \/>\n<meta property=\"article:modified_time\" content=\"2021-03-31T22:50:07+00:00\" \/>\n<meta property=\"og:image\" content=\"https:\/\/jornaltimoneiro.com.br\/wp-content\/uploads\/2021\/03\/131d4d_6f2c259727b74f4d803cca365553155c_mv2.jpg\" \/>\n\t<meta property=\"og:image:width\" content=\"500\" \/>\n\t<meta property=\"og:image:height\" content=\"344\" \/>\n\t<meta property=\"og:image:type\" content=\"image\/jpeg\" \/>\n<meta name=\"author\" content=\"Reda\u00e7\u00e3o\" \/>\n<meta name=\"twitter:card\" content=\"summary_large_image\" \/>\n<meta name=\"twitter:creator\" content=\"@_OTimoneiro\" \/>\n<meta name=\"twitter:site\" content=\"@_OTimoneiro\" \/>\n<meta name=\"twitter:label1\" content=\"Escrito por\" \/>\n\t<meta name=\"twitter:data1\" content=\"Reda\u00e7\u00e3o\" \/>\n\t<meta name=\"twitter:label2\" content=\"Est. tempo de leitura\" \/>\n\t<meta name=\"twitter:data2\" content=\"3 minutos\" \/>\n<script type=\"application\/ld+json\" class=\"yoast-schema-graph\">{\"@context\":\"https:\/\/schema.org\",\"@graph\":[{\"@type\":\"Article\",\"@id\":\"https:\/\/jornaltimoneiro.com.br\/index.php\/2021\/04\/01\/tito-guarniere-nao-por-falta-de-aviso-estamos-agora-na-casa-fatidica-de-300-mil\/#article\",\"isPartOf\":{\"@id\":\"https:\/\/jornaltimoneiro.com.br\/index.php\/2021\/04\/01\/tito-guarniere-nao-por-falta-de-aviso-estamos-agora-na-casa-fatidica-de-300-mil\/\"},\"author\":{\"name\":\"Reda\u00e7\u00e3o\",\"@id\":\"https:\/\/jornaltimoneiro.com.br\/#\/schema\/person\/f63482f1a02b1a9592707865e509ab40\"},\"headline\":\"Tito Guarniere: &#8220;N\u00e3o por falta de aviso, estamos agora na casa fat\u00eddica de 300 mil&#8221;\",\"datePublished\":\"2021-04-01T10:00:39+00:00\",\"dateModified\":\"2021-03-31T22:50:07+00:00\",\"mainEntityOfPage\":{\"@id\":\"https:\/\/jornaltimoneiro.com.br\/index.php\/2021\/04\/01\/tito-guarniere-nao-por-falta-de-aviso-estamos-agora-na-casa-fatidica-de-300-mil\/\"},\"wordCount\":591,\"commentCount\":0,\"publisher\":{\"@id\":\"https:\/\/jornaltimoneiro.com.br\/#organization\"},\"articleSection\":[\"Opini\u00e3o\"],\"inLanguage\":\"pt-BR\",\"potentialAction\":[{\"@type\":\"CommentAction\",\"name\":\"Comment\",\"target\":[\"https:\/\/jornaltimoneiro.com.br\/index.php\/2021\/04\/01\/tito-guarniere-nao-por-falta-de-aviso-estamos-agora-na-casa-fatidica-de-300-mil\/#respond\"]}]},{\"@type\":\"WebPage\",\"@id\":\"https:\/\/jornaltimoneiro.com.br\/index.php\/2021\/04\/01\/tito-guarniere-nao-por-falta-de-aviso-estamos-agora-na-casa-fatidica-de-300-mil\/\",\"url\":\"https:\/\/jornaltimoneiro.com.br\/index.php\/2021\/04\/01\/tito-guarniere-nao-por-falta-de-aviso-estamos-agora-na-casa-fatidica-de-300-mil\/\",\"name\":\"Tito Guarniere: \\\"N\u00e3o por falta de aviso, estamos agora na casa fat\u00eddica de 300 mil\\\" - O Timoneiro Jornal Canoas RS\",\"isPartOf\":{\"@id\":\"https:\/\/jornaltimoneiro.com.br\/#website\"},\"datePublished\":\"2021-04-01T10:00:39+00:00\",\"dateModified\":\"2021-03-31T22:50:07+00:00\",\"breadcrumb\":{\"@id\":\"https:\/\/jornaltimoneiro.com.br\/index.php\/2021\/04\/01\/tito-guarniere-nao-por-falta-de-aviso-estamos-agora-na-casa-fatidica-de-300-mil\/#breadcrumb\"},\"inLanguage\":\"pt-BR\",\"potentialAction\":[{\"@type\":\"ReadAction\",\"target\":[\"https:\/\/jornaltimoneiro.com.br\/index.php\/2021\/04\/01\/tito-guarniere-nao-por-falta-de-aviso-estamos-agora-na-casa-fatidica-de-300-mil\/\"]}]},{\"@type\":\"BreadcrumbList\",\"@id\":\"https:\/\/jornaltimoneiro.com.br\/index.php\/2021\/04\/01\/tito-guarniere-nao-por-falta-de-aviso-estamos-agora-na-casa-fatidica-de-300-mil\/#breadcrumb\",\"itemListElement\":[{\"@type\":\"ListItem\",\"position\":1,\"name\":\"In\u00edcio\",\"item\":\"https:\/\/jornaltimoneiro.com.br\/\"},{\"@type\":\"ListItem\",\"position\":2,\"name\":\"Tito Guarniere: &#8220;N\u00e3o por falta de aviso, estamos agora na casa fat\u00eddica de 300 mil&#8221;\"}]},{\"@type\":\"WebSite\",\"@id\":\"https:\/\/jornaltimoneiro.com.br\/#website\",\"url\":\"https:\/\/jornaltimoneiro.com.br\/\",\"name\":\"Jornal Timoneiro Canoas RS\",\"description\":\"Jornal O Timoneiro, o verdadeiro jornal de Canoas\",\"publisher\":{\"@id\":\"https:\/\/jornaltimoneiro.com.br\/#organization\"},\"potentialAction\":[{\"@type\":\"SearchAction\",\"target\":{\"@type\":\"EntryPoint\",\"urlTemplate\":\"https:\/\/jornaltimoneiro.com.br\/?s={search_term_string}\"},\"query-input\":\"required name=search_term_string\"}],\"inLanguage\":\"pt-BR\"},{\"@type\":\"Organization\",\"@id\":\"https:\/\/jornaltimoneiro.com.br\/#organization\",\"name\":\"Jornal Timoneiro Canoas RS\",\"url\":\"https:\/\/jornaltimoneiro.com.br\/\",\"logo\":{\"@type\":\"ImageObject\",\"inLanguage\":\"pt-BR\",\"@id\":\"https:\/\/jornaltimoneiro.com.br\/#\/schema\/logo\/image\/\",\"url\":\"https:\/\/jornaltimoneiro.com.br\/wp-content\/uploads\/2023\/03\/logonovo.png\",\"contentUrl\":\"https:\/\/jornaltimoneiro.com.br\/wp-content\/uploads\/2023\/03\/logonovo.png\",\"width\":\"469\",\"height\":\"171\",\"caption\":\"Jornal Timoneiro Canoas RS\"},\"image\":{\"@id\":\"https:\/\/jornaltimoneiro.com.br\/#\/schema\/logo\/image\/\"},\"sameAs\":[\"https:\/\/www.facebook.com\/jornaltimoneiro\",\"https:\/\/twitter.com\/_OTimoneiro\",\"https:\/\/www.instagram.com\/jornaltimoneirocanoas\/\",\"https:\/\/www.youtube.com\/@jornalotimoneiro7927\"]},{\"@type\":\"Person\",\"@id\":\"https:\/\/jornaltimoneiro.com.br\/#\/schema\/person\/f63482f1a02b1a9592707865e509ab40\",\"name\":\"Reda\u00e7\u00e3o\",\"image\":{\"@type\":\"ImageObject\",\"inLanguage\":\"pt-BR\",\"@id\":\"https:\/\/jornaltimoneiro.com.br\/#\/schema\/person\/image\/\",\"url\":\"https:\/\/jornaltimoneiro.com.br\/wp-content\/uploads\/2023\/03\/download.jpeg\",\"contentUrl\":\"https:\/\/jornaltimoneiro.com.br\/wp-content\/uploads\/2023\/03\/download.jpeg\",\"caption\":\"Reda\u00e7\u00e3o\"},\"url\":\"https:\/\/jornaltimoneiro.com.br\/index.php\/author\/simone-dutra\/\"}]}<\/script>\n<!-- \/ Yoast SEO plugin. -->","yoast_head_json":{"title":"Tito Guarniere: \"N\u00e3o por falta de aviso, estamos agora na casa fat\u00eddica de 300 mil\" - O Timoneiro Jornal Canoas RS","robots":{"index":"index","follow":"follow","max-snippet":"max-snippet:-1","max-image-preview":"max-image-preview:large","max-video-preview":"max-video-preview:-1"},"canonical":"https:\/\/jornaltimoneiro.com.br\/index.php\/2021\/04\/01\/tito-guarniere-nao-por-falta-de-aviso-estamos-agora-na-casa-fatidica-de-300-mil\/","og_locale":"pt_BR","og_type":"article","og_title":"Tito Guarniere: \"N\u00e3o por falta de aviso, estamos agora na casa fat\u00eddica de 300 mil\" - O Timoneiro Jornal Canoas RS","og_description":"Tito Guarniere 300 MIL\u00a0 Um pouco por otimismo, nos primeiros meses de 2020, jamais imaginei que poder\u00edamos chegar aos 10 mil mortos pela covid-19. Chegou aos 100, aos 200 e estamos agora na casa fat\u00eddica de 300 mil.\u00a0 E n\u00e3o foi por falta de aviso. O ex-ministro da Sa\u00fade Luiz Henrique Mandetta, com pouco mais [&hellip;]","og_url":"https:\/\/jornaltimoneiro.com.br\/index.php\/2021\/04\/01\/tito-guarniere-nao-por-falta-de-aviso-estamos-agora-na-casa-fatidica-de-300-mil\/","og_site_name":"O Timoneiro Jornal Canoas RS","article_publisher":"https:\/\/www.facebook.com\/jornaltimoneiro","article_published_time":"2021-04-01T10:00:39+00:00","article_modified_time":"2021-03-31T22:50:07+00:00","og_image":[{"width":"500","height":"344","url":"https:\/\/jornaltimoneiro.com.br\/wp-content\/uploads\/2021\/03\/131d4d_6f2c259727b74f4d803cca365553155c_mv2.jpg","type":"image\/jpeg"}],"author":"Reda\u00e7\u00e3o","twitter_card":"summary_large_image","twitter_creator":"@_OTimoneiro","twitter_site":"@_OTimoneiro","twitter_misc":{"Escrito por":"Reda\u00e7\u00e3o","Est. tempo de leitura":"3 minutos"},"schema":{"@context":"https:\/\/schema.org","@graph":[{"@type":"Article","@id":"https:\/\/jornaltimoneiro.com.br\/index.php\/2021\/04\/01\/tito-guarniere-nao-por-falta-de-aviso-estamos-agora-na-casa-fatidica-de-300-mil\/#article","isPartOf":{"@id":"https:\/\/jornaltimoneiro.com.br\/index.php\/2021\/04\/01\/tito-guarniere-nao-por-falta-de-aviso-estamos-agora-na-casa-fatidica-de-300-mil\/"},"author":{"name":"Reda\u00e7\u00e3o","@id":"https:\/\/jornaltimoneiro.com.br\/#\/schema\/person\/f63482f1a02b1a9592707865e509ab40"},"headline":"Tito Guarniere: &#8220;N\u00e3o por falta de aviso, estamos agora na casa fat\u00eddica de 300 mil&#8221;","datePublished":"2021-04-01T10:00:39+00:00","dateModified":"2021-03-31T22:50:07+00:00","mainEntityOfPage":{"@id":"https:\/\/jornaltimoneiro.com.br\/index.php\/2021\/04\/01\/tito-guarniere-nao-por-falta-de-aviso-estamos-agora-na-casa-fatidica-de-300-mil\/"},"wordCount":591,"commentCount":0,"publisher":{"@id":"https:\/\/jornaltimoneiro.com.br\/#organization"},"articleSection":["Opini\u00e3o"],"inLanguage":"pt-BR","potentialAction":[{"@type":"CommentAction","name":"Comment","target":["https:\/\/jornaltimoneiro.com.br\/index.php\/2021\/04\/01\/tito-guarniere-nao-por-falta-de-aviso-estamos-agora-na-casa-fatidica-de-300-mil\/#respond"]}]},{"@type":"WebPage","@id":"https:\/\/jornaltimoneiro.com.br\/index.php\/2021\/04\/01\/tito-guarniere-nao-por-falta-de-aviso-estamos-agora-na-casa-fatidica-de-300-mil\/","url":"https:\/\/jornaltimoneiro.com.br\/index.php\/2021\/04\/01\/tito-guarniere-nao-por-falta-de-aviso-estamos-agora-na-casa-fatidica-de-300-mil\/","name":"Tito Guarniere: \"N\u00e3o por falta de aviso, estamos agora na casa fat\u00eddica de 300 mil\" - O Timoneiro Jornal Canoas RS","isPartOf":{"@id":"https:\/\/jornaltimoneiro.com.br\/#website"},"datePublished":"2021-04-01T10:00:39+00:00","dateModified":"2021-03-31T22:50:07+00:00","breadcrumb":{"@id":"https:\/\/jornaltimoneiro.com.br\/index.php\/2021\/04\/01\/tito-guarniere-nao-por-falta-de-aviso-estamos-agora-na-casa-fatidica-de-300-mil\/#breadcrumb"},"inLanguage":"pt-BR","potentialAction":[{"@type":"ReadAction","target":["https:\/\/jornaltimoneiro.com.br\/index.php\/2021\/04\/01\/tito-guarniere-nao-por-falta-de-aviso-estamos-agora-na-casa-fatidica-de-300-mil\/"]}]},{"@type":"BreadcrumbList","@id":"https:\/\/jornaltimoneiro.com.br\/index.php\/2021\/04\/01\/tito-guarniere-nao-por-falta-de-aviso-estamos-agora-na-casa-fatidica-de-300-mil\/#breadcrumb","itemListElement":[{"@type":"ListItem","position":1,"name":"In\u00edcio","item":"https:\/\/jornaltimoneiro.com.br\/"},{"@type":"ListItem","position":2,"name":"Tito Guarniere: &#8220;N\u00e3o por falta de aviso, estamos agora na casa fat\u00eddica de 300 mil&#8221;"}]},{"@type":"WebSite","@id":"https:\/\/jornaltimoneiro.com.br\/#website","url":"https:\/\/jornaltimoneiro.com.br\/","name":"Jornal Timoneiro Canoas RS","description":"Jornal O Timoneiro, o verdadeiro jornal de Canoas","publisher":{"@id":"https:\/\/jornaltimoneiro.com.br\/#organization"},"potentialAction":[{"@type":"SearchAction","target":{"@type":"EntryPoint","urlTemplate":"https:\/\/jornaltimoneiro.com.br\/?s={search_term_string}"},"query-input":"required name=search_term_string"}],"inLanguage":"pt-BR"},{"@type":"Organization","@id":"https:\/\/jornaltimoneiro.com.br\/#organization","name":"Jornal Timoneiro Canoas RS","url":"https:\/\/jornaltimoneiro.com.br\/","logo":{"@type":"ImageObject","inLanguage":"pt-BR","@id":"https:\/\/jornaltimoneiro.com.br\/#\/schema\/logo\/image\/","url":"https:\/\/jornaltimoneiro.com.br\/wp-content\/uploads\/2023\/03\/logonovo.png","contentUrl":"https:\/\/jornaltimoneiro.com.br\/wp-content\/uploads\/2023\/03\/logonovo.png","width":"469","height":"171","caption":"Jornal Timoneiro Canoas RS"},"image":{"@id":"https:\/\/jornaltimoneiro.com.br\/#\/schema\/logo\/image\/"},"sameAs":["https:\/\/www.facebook.com\/jornaltimoneiro","https:\/\/twitter.com\/_OTimoneiro","https:\/\/www.instagram.com\/jornaltimoneirocanoas\/","https:\/\/www.youtube.com\/@jornalotimoneiro7927"]},{"@type":"Person","@id":"https:\/\/jornaltimoneiro.com.br\/#\/schema\/person\/f63482f1a02b1a9592707865e509ab40","name":"Reda\u00e7\u00e3o","image":{"@type":"ImageObject","inLanguage":"pt-BR","@id":"https:\/\/jornaltimoneiro.com.br\/#\/schema\/person\/image\/","url":"https:\/\/jornaltimoneiro.com.br\/wp-content\/uploads\/2023\/03\/download.jpeg","contentUrl":"https:\/\/jornaltimoneiro.com.br\/wp-content\/uploads\/2023\/03\/download.jpeg","caption":"Reda\u00e7\u00e3o"},"url":"https:\/\/jornaltimoneiro.com.br\/index.php\/author\/simone-dutra\/"}]}},"_links":{"self":[{"href":"https:\/\/jornaltimoneiro.com.br\/index.php\/wp-json\/wp\/v2\/posts\/19320"}],"collection":[{"href":"https:\/\/jornaltimoneiro.com.br\/index.php\/wp-json\/wp\/v2\/posts"}],"about":[{"href":"https:\/\/jornaltimoneiro.com.br\/index.php\/wp-json\/wp\/v2\/types\/post"}],"author":[{"embeddable":true,"href":"https:\/\/jornaltimoneiro.com.br\/index.php\/wp-json\/wp\/v2\/users\/2"}],"replies":[{"embeddable":true,"href":"https:\/\/jornaltimoneiro.com.br\/index.php\/wp-json\/wp\/v2\/comments?post=19320"}],"version-history":[{"count":1,"href":"https:\/\/jornaltimoneiro.com.br\/index.php\/wp-json\/wp\/v2\/posts\/19320\/revisions"}],"predecessor-version":[{"id":19322,"href":"https:\/\/jornaltimoneiro.com.br\/index.php\/wp-json\/wp\/v2\/posts\/19320\/revisions\/19322"}],"wp:featuredmedia":[{"embeddable":true,"href":"https:\/\/jornaltimoneiro.com.br\/index.php\/wp-json\/wp\/v2\/media\/19321"}],"wp:attachment":[{"href":"https:\/\/jornaltimoneiro.com.br\/index.php\/wp-json\/wp\/v2\/media?parent=19320"}],"wp:term":[{"taxonomy":"category","embeddable":true,"href":"https:\/\/jornaltimoneiro.com.br\/index.php\/wp-json\/wp\/v2\/categories?post=19320"},{"taxonomy":"post_tag","embeddable":true,"href":"https:\/\/jornaltimoneiro.com.br\/index.php\/wp-json\/wp\/v2\/tags?post=19320"}],"curies":[{"name":"wp","href":"https:\/\/api.w.org\/{rel}","templated":true}]}}