{"id":19302,"date":"2021-03-31T17:48:51","date_gmt":"2021-03-31T20:48:51","guid":{"rendered":"https:\/\/jornaltimoneiro.com.br\/?p=19302"},"modified":"2021-03-31T17:54:14","modified_gmt":"2021-03-31T20:54:14","slug":"idosos-a-partir-de-67-anos-comecam-a-se-vacinar-nesta-quarta-feira-31","status":"publish","type":"post","link":"https:\/\/jornaltimoneiro.com.br\/index.php\/2021\/03\/31\/idosos-a-partir-de-67-anos-comecam-a-se-vacinar-nesta-quarta-feira-31\/","title":{"rendered":"Idosos a partir de 67 anos come\u00e7am a se vacinar nesta quarta-feira, 31"},"content":{"rendered":"<p>Nesta quarta-feira, 31, a Prefeitura de Canoas ampliou a vacina\u00e7\u00e3o para idosos a partir de 67 anos. A aplica\u00e7\u00e3o das primeiras doses aconteceu nas 27 unidades b\u00e1sicas de sa\u00fade do munic\u00edpio.<\/p>\n<p>Em nota divulgada nesta quarta, a administra\u00e7\u00e3o comunicou que as unidades b\u00e1sicas de sa\u00fade (UBSs) funcionar\u00e3o normalmente nesta quinta-feira, 1\u00ba de abril. &#8220;Mesmo com ponto facultativo decretado no munic\u00edpio em fun\u00e7\u00e3o do feriado, os 27 locais estar\u00e3o abertos para atendimentos de rotina e vacina\u00e7\u00e3o da popula\u00e7\u00e3o acima de 67 anos&#8221;, disse a nota.<\/p>\n<p>A vacina\u00e7\u00e3o ocorre das 8h \u00e0s 15h ou enquanto durarem as doses. Na sexta-feira, 2, n\u00e3o haver\u00e1 atendimento.<\/p>\n<p><strong>Plant\u00e3o Covid<\/strong><\/p>\n<p>No s\u00e1bado, 3, e domingo, 4, estar\u00e3o abertas, das 8h \u00e0s 20h, as quatro UBSs onde funciona o Plant\u00e3o Covid. Os locais atendem pacientes com sintomas respirat\u00f3rios ou suspeita de Covid-19 e realizam testes r\u00e1pidos e o RT-PCR (com requisi\u00e7\u00e3o m\u00e9dica):<\/p>\n<ul>\n<li>UBS Guajuviras (Av. 17 de Abril, 1991, bairro Guajuviras)<\/li>\n<li>UBS Uni\u00e3o dos Oper\u00e1rios (Rua S\u00e3o Borja, 395, bairro Mathias Velho)<\/li>\n<li>UBS Primeiro de Maio (Rua Primeiro de Maio, 534, bairro Niter\u00f3i)<\/li>\n<li>UBS Imaculada (Rua Jos\u00e9 de Alencar s\/n\u00b0, bairro Rio Branco)<\/li>\n<\/ul>\n<p><strong>Documentos<\/strong><\/p>\n<p>Para se vacinar, \u00e9 preciso apresentar documento de identidade com foto, CPF e comprovante de resid\u00eancia em Canoas. O atendimento acontece por ordem de chegada, com distribui\u00e7\u00e3o de senhas.<\/p>\n<p><strong>Devem levar atestado m\u00e9dico para receber a vacina, os idosos:<\/strong><\/p>\n<p>\u2013 Portadores de doen\u00e7as reum\u00e1ticas imunomediadas<\/p>\n<p>\u2013 Pacientes oncol\u00f3gicos, transplantados e demais casos imunossuprimidos<\/p>\n<p><strong><\/p>\n<p><\/strong><\/p>\n","protected":false},"excerpt":{"rendered":"<p>Nesta quarta-feira, 31, a Prefeitura de Canoas ampliou a vacina\u00e7\u00e3o para idosos a partir de 67 anos. A aplica\u00e7\u00e3o das primeiras doses aconteceu nas 27 unidades b\u00e1sicas de sa\u00fade do munic\u00edpio. Em nota divulgada nesta quarta, a administra\u00e7\u00e3o comunicou que as unidades b\u00e1sicas de sa\u00fade (UBSs) funcionar\u00e3o normalmente nesta quinta-feira, 1\u00ba de abril. &#8220;Mesmo com [&hellip;]<\/p>\n","protected":false},"author":2,"featured_media":19303,"comment_status":"open","ping_status":"open","sticky":false,"template":"","format":"standard","meta":{"amp_status":"","footnotes":""},"categories":[26],"tags":[],"class_list":["post-19302","post","type-post","status-publish","format-standard","has-post-thumbnail","hentry","category-saude"],"yoast_head":"<!-- This site is optimized with the Yoast SEO plugin v20.5 - https:\/\/yoast.com\/wordpress\/plugins\/seo\/ -->\n<title>Idosos a partir de 67 anos come\u00e7am a se vacinar nesta quarta-feira, 31 - O Timoneiro Jornal Canoas RS<\/title>\n<meta name=\"robots\" content=\"index, follow, max-snippet:-1, max-image-preview:large, max-video-preview:-1\" \/>\n<link rel=\"canonical\" href=\"https:\/\/jornaltimoneiro.com.br\/index.php\/2021\/03\/31\/idosos-a-partir-de-67-anos-comecam-a-se-vacinar-nesta-quarta-feira-31\/\" \/>\n<meta property=\"og:locale\" content=\"pt_BR\" \/>\n<meta property=\"og:type\" content=\"article\" \/>\n<meta property=\"og:title\" content=\"Idosos a partir de 67 anos come\u00e7am a se vacinar nesta quarta-feira, 31 - O Timoneiro Jornal Canoas RS\" \/>\n<meta property=\"og:description\" content=\"Nesta quarta-feira, 31, a Prefeitura de Canoas ampliou a vacina\u00e7\u00e3o para idosos a partir de 67 anos. A aplica\u00e7\u00e3o das primeiras doses aconteceu nas 27 unidades b\u00e1sicas de sa\u00fade do munic\u00edpio. Em nota divulgada nesta quarta, a administra\u00e7\u00e3o comunicou que as unidades b\u00e1sicas de sa\u00fade (UBSs) funcionar\u00e3o normalmente nesta quinta-feira, 1\u00ba de abril. &#8220;Mesmo com [&hellip;]\" \/>\n<meta property=\"og:url\" content=\"https:\/\/jornaltimoneiro.com.br\/index.php\/2021\/03\/31\/idosos-a-partir-de-67-anos-comecam-a-se-vacinar-nesta-quarta-feira-31\/\" \/>\n<meta property=\"og:site_name\" content=\"O Timoneiro Jornal Canoas RS\" \/>\n<meta property=\"article:publisher\" content=\"https:\/\/www.facebook.com\/jornaltimoneiro\" \/>\n<meta property=\"article:published_time\" content=\"2021-03-31T20:48:51+00:00\" \/>\n<meta property=\"article:modified_time\" content=\"2021-03-31T20:54:14+00:00\" \/>\n<meta property=\"og:image\" content=\"https:\/\/jornaltimoneiro.com.br\/wp-content\/uploads\/2021\/03\/167335197_3491898860914772_1539655289317870798_n.jpg\" \/>\n\t<meta property=\"og:image:width\" content=\"1080\" \/>\n\t<meta property=\"og:image:height\" content=\"637\" \/>\n\t<meta property=\"og:image:type\" content=\"image\/jpeg\" \/>\n<meta name=\"author\" content=\"Reda\u00e7\u00e3o\" \/>\n<meta name=\"twitter:card\" content=\"summary_large_image\" \/>\n<meta name=\"twitter:creator\" content=\"@_OTimoneiro\" \/>\n<meta name=\"twitter:site\" content=\"@_OTimoneiro\" \/>\n<meta name=\"twitter:label1\" content=\"Escrito por\" \/>\n\t<meta name=\"twitter:data1\" content=\"Reda\u00e7\u00e3o\" \/>\n\t<meta name=\"twitter:label2\" content=\"Est. tempo de leitura\" \/>\n\t<meta name=\"twitter:data2\" content=\"1 minuto\" \/>\n<script type=\"application\/ld+json\" class=\"yoast-schema-graph\">{\"@context\":\"https:\/\/schema.org\",\"@graph\":[{\"@type\":\"Article\",\"@id\":\"https:\/\/jornaltimoneiro.com.br\/index.php\/2021\/03\/31\/idosos-a-partir-de-67-anos-comecam-a-se-vacinar-nesta-quarta-feira-31\/#article\",\"isPartOf\":{\"@id\":\"https:\/\/jornaltimoneiro.com.br\/index.php\/2021\/03\/31\/idosos-a-partir-de-67-anos-comecam-a-se-vacinar-nesta-quarta-feira-31\/\"},\"author\":{\"name\":\"Reda\u00e7\u00e3o\",\"@id\":\"https:\/\/jornaltimoneiro.com.br\/#\/schema\/person\/f63482f1a02b1a9592707865e509ab40\"},\"headline\":\"Idosos a partir de 67 anos come\u00e7am a se vacinar nesta quarta-feira, 31\",\"datePublished\":\"2021-03-31T20:48:51+00:00\",\"dateModified\":\"2021-03-31T20:54:14+00:00\",\"mainEntityOfPage\":{\"@id\":\"https:\/\/jornaltimoneiro.com.br\/index.php\/2021\/03\/31\/idosos-a-partir-de-67-anos-comecam-a-se-vacinar-nesta-quarta-feira-31\/\"},\"wordCount\":271,\"commentCount\":0,\"publisher\":{\"@id\":\"https:\/\/jornaltimoneiro.com.br\/#organization\"},\"articleSection\":[\"Sa\u00fade\"],\"inLanguage\":\"pt-BR\",\"potentialAction\":[{\"@type\":\"CommentAction\",\"name\":\"Comment\",\"target\":[\"https:\/\/jornaltimoneiro.com.br\/index.php\/2021\/03\/31\/idosos-a-partir-de-67-anos-comecam-a-se-vacinar-nesta-quarta-feira-31\/#respond\"]}]},{\"@type\":\"WebPage\",\"@id\":\"https:\/\/jornaltimoneiro.com.br\/index.php\/2021\/03\/31\/idosos-a-partir-de-67-anos-comecam-a-se-vacinar-nesta-quarta-feira-31\/\",\"url\":\"https:\/\/jornaltimoneiro.com.br\/index.php\/2021\/03\/31\/idosos-a-partir-de-67-anos-comecam-a-se-vacinar-nesta-quarta-feira-31\/\",\"name\":\"Idosos a partir de 67 anos come\u00e7am a se vacinar nesta quarta-feira, 31 - O Timoneiro Jornal Canoas RS\",\"isPartOf\":{\"@id\":\"https:\/\/jornaltimoneiro.com.br\/#website\"},\"datePublished\":\"2021-03-31T20:48:51+00:00\",\"dateModified\":\"2021-03-31T20:54:14+00:00\",\"breadcrumb\":{\"@id\":\"https:\/\/jornaltimoneiro.com.br\/index.php\/2021\/03\/31\/idosos-a-partir-de-67-anos-comecam-a-se-vacinar-nesta-quarta-feira-31\/#breadcrumb\"},\"inLanguage\":\"pt-BR\",\"potentialAction\":[{\"@type\":\"ReadAction\",\"target\":[\"https:\/\/jornaltimoneiro.com.br\/index.php\/2021\/03\/31\/idosos-a-partir-de-67-anos-comecam-a-se-vacinar-nesta-quarta-feira-31\/\"]}]},{\"@type\":\"BreadcrumbList\",\"@id\":\"https:\/\/jornaltimoneiro.com.br\/index.php\/2021\/03\/31\/idosos-a-partir-de-67-anos-comecam-a-se-vacinar-nesta-quarta-feira-31\/#breadcrumb\",\"itemListElement\":[{\"@type\":\"ListItem\",\"position\":1,\"name\":\"In\u00edcio\",\"item\":\"https:\/\/jornaltimoneiro.com.br\/\"},{\"@type\":\"ListItem\",\"position\":2,\"name\":\"Idosos a partir de 67 anos come\u00e7am a se vacinar nesta quarta-feira, 31\"}]},{\"@type\":\"WebSite\",\"@id\":\"https:\/\/jornaltimoneiro.com.br\/#website\",\"url\":\"https:\/\/jornaltimoneiro.com.br\/\",\"name\":\"Jornal Timoneiro Canoas RS\",\"description\":\"Jornal O Timoneiro, o verdadeiro jornal de Canoas\",\"publisher\":{\"@id\":\"https:\/\/jornaltimoneiro.com.br\/#organization\"},\"potentialAction\":[{\"@type\":\"SearchAction\",\"target\":{\"@type\":\"EntryPoint\",\"urlTemplate\":\"https:\/\/jornaltimoneiro.com.br\/?s={search_term_string}\"},\"query-input\":\"required name=search_term_string\"}],\"inLanguage\":\"pt-BR\"},{\"@type\":\"Organization\",\"@id\":\"https:\/\/jornaltimoneiro.com.br\/#organization\",\"name\":\"Jornal Timoneiro Canoas RS\",\"url\":\"https:\/\/jornaltimoneiro.com.br\/\",\"logo\":{\"@type\":\"ImageObject\",\"inLanguage\":\"pt-BR\",\"@id\":\"https:\/\/jornaltimoneiro.com.br\/#\/schema\/logo\/image\/\",\"url\":\"https:\/\/jornaltimoneiro.com.br\/wp-content\/uploads\/2023\/03\/logonovo.png\",\"contentUrl\":\"https:\/\/jornaltimoneiro.com.br\/wp-content\/uploads\/2023\/03\/logonovo.png\",\"width\":\"469\",\"height\":\"171\",\"caption\":\"Jornal Timoneiro Canoas RS\"},\"image\":{\"@id\":\"https:\/\/jornaltimoneiro.com.br\/#\/schema\/logo\/image\/\"},\"sameAs\":[\"https:\/\/www.facebook.com\/jornaltimoneiro\",\"https:\/\/twitter.com\/_OTimoneiro\",\"https:\/\/www.instagram.com\/jornaltimoneirocanoas\/\",\"https:\/\/www.youtube.com\/@jornalotimoneiro7927\"]},{\"@type\":\"Person\",\"@id\":\"https:\/\/jornaltimoneiro.com.br\/#\/schema\/person\/f63482f1a02b1a9592707865e509ab40\",\"name\":\"Reda\u00e7\u00e3o\",\"image\":{\"@type\":\"ImageObject\",\"inLanguage\":\"pt-BR\",\"@id\":\"https:\/\/jornaltimoneiro.com.br\/#\/schema\/person\/image\/\",\"url\":\"https:\/\/jornaltimoneiro.com.br\/wp-content\/uploads\/2023\/03\/download.jpeg\",\"contentUrl\":\"https:\/\/jornaltimoneiro.com.br\/wp-content\/uploads\/2023\/03\/download.jpeg\",\"caption\":\"Reda\u00e7\u00e3o\"},\"url\":\"https:\/\/jornaltimoneiro.com.br\/index.php\/author\/simone-dutra\/\"}]}<\/script>\n<!-- \/ Yoast SEO plugin. -->","yoast_head_json":{"title":"Idosos a partir de 67 anos come\u00e7am a se vacinar nesta quarta-feira, 31 - O Timoneiro Jornal Canoas RS","robots":{"index":"index","follow":"follow","max-snippet":"max-snippet:-1","max-image-preview":"max-image-preview:large","max-video-preview":"max-video-preview:-1"},"canonical":"https:\/\/jornaltimoneiro.com.br\/index.php\/2021\/03\/31\/idosos-a-partir-de-67-anos-comecam-a-se-vacinar-nesta-quarta-feira-31\/","og_locale":"pt_BR","og_type":"article","og_title":"Idosos a partir de 67 anos come\u00e7am a se vacinar nesta quarta-feira, 31 - O Timoneiro Jornal Canoas RS","og_description":"Nesta quarta-feira, 31, a Prefeitura de Canoas ampliou a vacina\u00e7\u00e3o para idosos a partir de 67 anos. A aplica\u00e7\u00e3o das primeiras doses aconteceu nas 27 unidades b\u00e1sicas de sa\u00fade do munic\u00edpio. Em nota divulgada nesta quarta, a administra\u00e7\u00e3o comunicou que as unidades b\u00e1sicas de sa\u00fade (UBSs) funcionar\u00e3o normalmente nesta quinta-feira, 1\u00ba de abril. &#8220;Mesmo com [&hellip;]","og_url":"https:\/\/jornaltimoneiro.com.br\/index.php\/2021\/03\/31\/idosos-a-partir-de-67-anos-comecam-a-se-vacinar-nesta-quarta-feira-31\/","og_site_name":"O Timoneiro Jornal Canoas RS","article_publisher":"https:\/\/www.facebook.com\/jornaltimoneiro","article_published_time":"2021-03-31T20:48:51+00:00","article_modified_time":"2021-03-31T20:54:14+00:00","og_image":[{"width":"1080","height":"637","url":"https:\/\/jornaltimoneiro.com.br\/wp-content\/uploads\/2021\/03\/167335197_3491898860914772_1539655289317870798_n.jpg","type":"image\/jpeg"}],"author":"Reda\u00e7\u00e3o","twitter_card":"summary_large_image","twitter_creator":"@_OTimoneiro","twitter_site":"@_OTimoneiro","twitter_misc":{"Escrito por":"Reda\u00e7\u00e3o","Est. tempo de leitura":"1 minuto"},"schema":{"@context":"https:\/\/schema.org","@graph":[{"@type":"Article","@id":"https:\/\/jornaltimoneiro.com.br\/index.php\/2021\/03\/31\/idosos-a-partir-de-67-anos-comecam-a-se-vacinar-nesta-quarta-feira-31\/#article","isPartOf":{"@id":"https:\/\/jornaltimoneiro.com.br\/index.php\/2021\/03\/31\/idosos-a-partir-de-67-anos-comecam-a-se-vacinar-nesta-quarta-feira-31\/"},"author":{"name":"Reda\u00e7\u00e3o","@id":"https:\/\/jornaltimoneiro.com.br\/#\/schema\/person\/f63482f1a02b1a9592707865e509ab40"},"headline":"Idosos a partir de 67 anos come\u00e7am a se vacinar nesta quarta-feira, 31","datePublished":"2021-03-31T20:48:51+00:00","dateModified":"2021-03-31T20:54:14+00:00","mainEntityOfPage":{"@id":"https:\/\/jornaltimoneiro.com.br\/index.php\/2021\/03\/31\/idosos-a-partir-de-67-anos-comecam-a-se-vacinar-nesta-quarta-feira-31\/"},"wordCount":271,"commentCount":0,"publisher":{"@id":"https:\/\/jornaltimoneiro.com.br\/#organization"},"articleSection":["Sa\u00fade"],"inLanguage":"pt-BR","potentialAction":[{"@type":"CommentAction","name":"Comment","target":["https:\/\/jornaltimoneiro.com.br\/index.php\/2021\/03\/31\/idosos-a-partir-de-67-anos-comecam-a-se-vacinar-nesta-quarta-feira-31\/#respond"]}]},{"@type":"WebPage","@id":"https:\/\/jornaltimoneiro.com.br\/index.php\/2021\/03\/31\/idosos-a-partir-de-67-anos-comecam-a-se-vacinar-nesta-quarta-feira-31\/","url":"https:\/\/jornaltimoneiro.com.br\/index.php\/2021\/03\/31\/idosos-a-partir-de-67-anos-comecam-a-se-vacinar-nesta-quarta-feira-31\/","name":"Idosos a partir de 67 anos come\u00e7am a se vacinar nesta quarta-feira, 31 - O Timoneiro Jornal Canoas RS","isPartOf":{"@id":"https:\/\/jornaltimoneiro.com.br\/#website"},"datePublished":"2021-03-31T20:48:51+00:00","dateModified":"2021-03-31T20:54:14+00:00","breadcrumb":{"@id":"https:\/\/jornaltimoneiro.com.br\/index.php\/2021\/03\/31\/idosos-a-partir-de-67-anos-comecam-a-se-vacinar-nesta-quarta-feira-31\/#breadcrumb"},"inLanguage":"pt-BR","potentialAction":[{"@type":"ReadAction","target":["https:\/\/jornaltimoneiro.com.br\/index.php\/2021\/03\/31\/idosos-a-partir-de-67-anos-comecam-a-se-vacinar-nesta-quarta-feira-31\/"]}]},{"@type":"BreadcrumbList","@id":"https:\/\/jornaltimoneiro.com.br\/index.php\/2021\/03\/31\/idosos-a-partir-de-67-anos-comecam-a-se-vacinar-nesta-quarta-feira-31\/#breadcrumb","itemListElement":[{"@type":"ListItem","position":1,"name":"In\u00edcio","item":"https:\/\/jornaltimoneiro.com.br\/"},{"@type":"ListItem","position":2,"name":"Idosos a partir de 67 anos come\u00e7am a se vacinar nesta quarta-feira, 31"}]},{"@type":"WebSite","@id":"https:\/\/jornaltimoneiro.com.br\/#website","url":"https:\/\/jornaltimoneiro.com.br\/","name":"Jornal Timoneiro Canoas RS","description":"Jornal O Timoneiro, o verdadeiro jornal de Canoas","publisher":{"@id":"https:\/\/jornaltimoneiro.com.br\/#organization"},"potentialAction":[{"@type":"SearchAction","target":{"@type":"EntryPoint","urlTemplate":"https:\/\/jornaltimoneiro.com.br\/?s={search_term_string}"},"query-input":"required name=search_term_string"}],"inLanguage":"pt-BR"},{"@type":"Organization","@id":"https:\/\/jornaltimoneiro.com.br\/#organization","name":"Jornal Timoneiro Canoas RS","url":"https:\/\/jornaltimoneiro.com.br\/","logo":{"@type":"ImageObject","inLanguage":"pt-BR","@id":"https:\/\/jornaltimoneiro.com.br\/#\/schema\/logo\/image\/","url":"https:\/\/jornaltimoneiro.com.br\/wp-content\/uploads\/2023\/03\/logonovo.png","contentUrl":"https:\/\/jornaltimoneiro.com.br\/wp-content\/uploads\/2023\/03\/logonovo.png","width":"469","height":"171","caption":"Jornal Timoneiro Canoas RS"},"image":{"@id":"https:\/\/jornaltimoneiro.com.br\/#\/schema\/logo\/image\/"},"sameAs":["https:\/\/www.facebook.com\/jornaltimoneiro","https:\/\/twitter.com\/_OTimoneiro","https:\/\/www.instagram.com\/jornaltimoneirocanoas\/","https:\/\/www.youtube.com\/@jornalotimoneiro7927"]},{"@type":"Person","@id":"https:\/\/jornaltimoneiro.com.br\/#\/schema\/person\/f63482f1a02b1a9592707865e509ab40","name":"Reda\u00e7\u00e3o","image":{"@type":"ImageObject","inLanguage":"pt-BR","@id":"https:\/\/jornaltimoneiro.com.br\/#\/schema\/person\/image\/","url":"https:\/\/jornaltimoneiro.com.br\/wp-content\/uploads\/2023\/03\/download.jpeg","contentUrl":"https:\/\/jornaltimoneiro.com.br\/wp-content\/uploads\/2023\/03\/download.jpeg","caption":"Reda\u00e7\u00e3o"},"url":"https:\/\/jornaltimoneiro.com.br\/index.php\/author\/simone-dutra\/"}]}},"_links":{"self":[{"href":"https:\/\/jornaltimoneiro.com.br\/index.php\/wp-json\/wp\/v2\/posts\/19302"}],"collection":[{"href":"https:\/\/jornaltimoneiro.com.br\/index.php\/wp-json\/wp\/v2\/posts"}],"about":[{"href":"https:\/\/jornaltimoneiro.com.br\/index.php\/wp-json\/wp\/v2\/types\/post"}],"author":[{"embeddable":true,"href":"https:\/\/jornaltimoneiro.com.br\/index.php\/wp-json\/wp\/v2\/users\/2"}],"replies":[{"embeddable":true,"href":"https:\/\/jornaltimoneiro.com.br\/index.php\/wp-json\/wp\/v2\/comments?post=19302"}],"version-history":[{"count":1,"href":"https:\/\/jornaltimoneiro.com.br\/index.php\/wp-json\/wp\/v2\/posts\/19302\/revisions"}],"predecessor-version":[{"id":19304,"href":"https:\/\/jornaltimoneiro.com.br\/index.php\/wp-json\/wp\/v2\/posts\/19302\/revisions\/19304"}],"wp:featuredmedia":[{"embeddable":true,"href":"https:\/\/jornaltimoneiro.com.br\/index.php\/wp-json\/wp\/v2\/media\/19303"}],"wp:attachment":[{"href":"https:\/\/jornaltimoneiro.com.br\/index.php\/wp-json\/wp\/v2\/media?parent=19302"}],"wp:term":[{"taxonomy":"category","embeddable":true,"href":"https:\/\/jornaltimoneiro.com.br\/index.php\/wp-json\/wp\/v2\/categories?post=19302"},{"taxonomy":"post_tag","embeddable":true,"href":"https:\/\/jornaltimoneiro.com.br\/index.php\/wp-json\/wp\/v2\/tags?post=19302"}],"curies":[{"name":"wp","href":"https:\/\/api.w.org\/{rel}","templated":true}]}}