{"id":19269,"date":"2021-03-30T12:10:47","date_gmt":"2021-03-30T15:10:47","guid":{"rendered":"https:\/\/jornaltimoneiro.com.br\/?p=19269"},"modified":"2021-03-30T12:14:27","modified_gmt":"2021-03-30T15:14:27","slug":"covid-19-boletim-atualizado-mostra-mais-dez-obitos-em-24hs","status":"publish","type":"post","link":"https:\/\/jornaltimoneiro.com.br\/index.php\/2021\/03\/30\/covid-19-boletim-atualizado-mostra-mais-dez-obitos-em-24hs\/","title":{"rendered":"Covid-19: Boletim atualizado mostra mais dez \u00f3bitos em 24hs"},"content":{"rendered":"<p>O \u00faltimo boletim, atualizado pela Prefeitura de Canoas, e divulgado na noite desta segunda-feira, 30, mostra um aumento de dez \u00f3bitos em rela\u00e7\u00e3o ao \u00faltimo, do \u00faltimo domingo, 28.<\/p>\n<p>O total de v\u00edtimas registradas at\u00e9 o momento, de acordo com a Secretaria de Sa\u00fade, \u00e9 de 1.013 em Canoas.<\/p>\n<div id=\"attachment_19271\" style=\"width: 1014px\" class=\"wp-caption alignnone\"><img decoding=\"async\" aria-describedby=\"caption-attachment-19271\" class=\"size-full wp-image-19271\" src=\"https:\/\/jornaltimoneiro.com.br\/wp-content\/uploads\/2021\/03\/167044714_3488557751248883_6676584828088098173_n.jpg\" alt=\"\" width=\"1004\" height=\"906\" srcset=\"https:\/\/jornaltimoneiro.com.br\/wp-content\/uploads\/2021\/03\/167044714_3488557751248883_6676584828088098173_n.jpg 1004w, https:\/\/jornaltimoneiro.com.br\/wp-content\/uploads\/2021\/03\/167044714_3488557751248883_6676584828088098173_n-300x271.jpg 300w, https:\/\/jornaltimoneiro.com.br\/wp-content\/uploads\/2021\/03\/167044714_3488557751248883_6676584828088098173_n-768x693.jpg 768w, https:\/\/jornaltimoneiro.com.br\/wp-content\/uploads\/2021\/03\/167044714_3488557751248883_6676584828088098173_n-696x628.jpg 696w, https:\/\/jornaltimoneiro.com.br\/wp-content\/uploads\/2021\/03\/167044714_3488557751248883_6676584828088098173_n-465x420.jpg 465w\" sizes=\"(max-width: 1004px) 100vw, 1004px\" \/><p id=\"caption-attachment-19271\" class=\"wp-caption-text\">Foto: Divulga\u00e7\u00e3o Prefeitura de Canoas<\/p><\/div>\n<p><strong>Confira os dados completos no quadro abaixo:<\/strong><\/p>\n<div id=\"attachment_19270\" style=\"width: 1012px\" class=\"wp-caption alignnone\"><img decoding=\"async\" aria-describedby=\"caption-attachment-19270\" class=\"size-full wp-image-19270\" src=\"https:\/\/jornaltimoneiro.com.br\/wp-content\/uploads\/2021\/03\/167169877_3488557764582215_1455986008959866827_n.jpg\" alt=\"\" width=\"1002\" height=\"780\" srcset=\"https:\/\/jornaltimoneiro.com.br\/wp-content\/uploads\/2021\/03\/167169877_3488557764582215_1455986008959866827_n.jpg 1002w, https:\/\/jornaltimoneiro.com.br\/wp-content\/uploads\/2021\/03\/167169877_3488557764582215_1455986008959866827_n-300x234.jpg 300w, https:\/\/jornaltimoneiro.com.br\/wp-content\/uploads\/2021\/03\/167169877_3488557764582215_1455986008959866827_n-768x598.jpg 768w, https:\/\/jornaltimoneiro.com.br\/wp-content\/uploads\/2021\/03\/167169877_3488557764582215_1455986008959866827_n-696x542.jpg 696w, https:\/\/jornaltimoneiro.com.br\/wp-content\/uploads\/2021\/03\/167169877_3488557764582215_1455986008959866827_n-540x420.jpg 540w\" sizes=\"(max-width: 1002px) 100vw, 1002px\" \/><p id=\"caption-attachment-19270\" class=\"wp-caption-text\">Foto: Divulga\u00e7\u00e3o Prefeitura de Canoas<\/p><\/div>\n","protected":false},"excerpt":{"rendered":"<p>O \u00faltimo boletim, atualizado pela Prefeitura de Canoas, e divulgado na noite desta segunda-feira, 30, mostra um aumento de dez \u00f3bitos em rela\u00e7\u00e3o ao \u00faltimo, do \u00faltimo domingo, 28. O total de v\u00edtimas registradas at\u00e9 o momento, de acordo com a Secretaria de Sa\u00fade, \u00e9 de 1.013 em Canoas. Confira os dados completos no quadro [&hellip;]<\/p>\n","protected":false},"author":2,"featured_media":17312,"comment_status":"open","ping_status":"open","sticky":false,"template":"","format":"standard","meta":{"amp_status":"","footnotes":""},"categories":[26],"tags":[],"class_list":["post-19269","post","type-post","status-publish","format-standard","has-post-thumbnail","hentry","category-saude"],"yoast_head":"<!-- This site is optimized with the Yoast SEO plugin v20.5 - https:\/\/yoast.com\/wordpress\/plugins\/seo\/ -->\n<title>Covid-19: Boletim atualizado mostra mais dez \u00f3bitos em 24hs - O Timoneiro Jornal Canoas RS<\/title>\n<meta name=\"robots\" content=\"index, follow, max-snippet:-1, max-image-preview:large, max-video-preview:-1\" \/>\n<link rel=\"canonical\" href=\"https:\/\/jornaltimoneiro.com.br\/index.php\/2021\/03\/30\/covid-19-boletim-atualizado-mostra-mais-dez-obitos-em-24hs\/\" \/>\n<meta property=\"og:locale\" content=\"pt_BR\" \/>\n<meta property=\"og:type\" content=\"article\" \/>\n<meta property=\"og:title\" content=\"Covid-19: Boletim atualizado mostra mais dez \u00f3bitos em 24hs - O Timoneiro Jornal Canoas RS\" \/>\n<meta property=\"og:description\" content=\"O \u00faltimo boletim, atualizado pela Prefeitura de Canoas, e divulgado na noite desta segunda-feira, 30, mostra um aumento de dez \u00f3bitos em rela\u00e7\u00e3o ao \u00faltimo, do \u00faltimo domingo, 28. O total de v\u00edtimas registradas at\u00e9 o momento, de acordo com a Secretaria de Sa\u00fade, \u00e9 de 1.013 em Canoas. Confira os dados completos no quadro [&hellip;]\" \/>\n<meta property=\"og:url\" content=\"https:\/\/jornaltimoneiro.com.br\/index.php\/2021\/03\/30\/covid-19-boletim-atualizado-mostra-mais-dez-obitos-em-24hs\/\" \/>\n<meta property=\"og:site_name\" content=\"O Timoneiro Jornal Canoas RS\" \/>\n<meta property=\"article:publisher\" content=\"https:\/\/www.facebook.com\/jornaltimoneiro\" \/>\n<meta property=\"article:published_time\" content=\"2021-03-30T15:10:47+00:00\" \/>\n<meta property=\"article:modified_time\" content=\"2021-03-30T15:14:27+00:00\" \/>\n<meta property=\"og:image\" content=\"https:\/\/jornaltimoneiro.com.br\/wp-content\/uploads\/2020\/07\/WhatsApp-Image-2020-07-28-at-13.59.01.jpeg\" \/>\n\t<meta property=\"og:image:width\" content=\"1080\" \/>\n\t<meta property=\"og:image:height\" content=\"809\" \/>\n\t<meta property=\"og:image:type\" content=\"image\/jpeg\" \/>\n<meta name=\"author\" content=\"Reda\u00e7\u00e3o\" \/>\n<meta name=\"twitter:card\" content=\"summary_large_image\" \/>\n<meta name=\"twitter:creator\" content=\"@_OTimoneiro\" \/>\n<meta name=\"twitter:site\" content=\"@_OTimoneiro\" \/>\n<meta name=\"twitter:label1\" content=\"Escrito por\" \/>\n\t<meta name=\"twitter:data1\" content=\"Reda\u00e7\u00e3o\" \/>\n<script type=\"application\/ld+json\" class=\"yoast-schema-graph\">{\"@context\":\"https:\/\/schema.org\",\"@graph\":[{\"@type\":\"Article\",\"@id\":\"https:\/\/jornaltimoneiro.com.br\/index.php\/2021\/03\/30\/covid-19-boletim-atualizado-mostra-mais-dez-obitos-em-24hs\/#article\",\"isPartOf\":{\"@id\":\"https:\/\/jornaltimoneiro.com.br\/index.php\/2021\/03\/30\/covid-19-boletim-atualizado-mostra-mais-dez-obitos-em-24hs\/\"},\"author\":{\"name\":\"Reda\u00e7\u00e3o\",\"@id\":\"https:\/\/jornaltimoneiro.com.br\/#\/schema\/person\/f63482f1a02b1a9592707865e509ab40\"},\"headline\":\"Covid-19: Boletim atualizado mostra mais dez \u00f3bitos em 24hs\",\"datePublished\":\"2021-03-30T15:10:47+00:00\",\"dateModified\":\"2021-03-30T15:14:27+00:00\",\"mainEntityOfPage\":{\"@id\":\"https:\/\/jornaltimoneiro.com.br\/index.php\/2021\/03\/30\/covid-19-boletim-atualizado-mostra-mais-dez-obitos-em-24hs\/\"},\"wordCount\":90,\"commentCount\":0,\"publisher\":{\"@id\":\"https:\/\/jornaltimoneiro.com.br\/#organization\"},\"articleSection\":[\"Sa\u00fade\"],\"inLanguage\":\"pt-BR\",\"potentialAction\":[{\"@type\":\"CommentAction\",\"name\":\"Comment\",\"target\":[\"https:\/\/jornaltimoneiro.com.br\/index.php\/2021\/03\/30\/covid-19-boletim-atualizado-mostra-mais-dez-obitos-em-24hs\/#respond\"]}]},{\"@type\":\"WebPage\",\"@id\":\"https:\/\/jornaltimoneiro.com.br\/index.php\/2021\/03\/30\/covid-19-boletim-atualizado-mostra-mais-dez-obitos-em-24hs\/\",\"url\":\"https:\/\/jornaltimoneiro.com.br\/index.php\/2021\/03\/30\/covid-19-boletim-atualizado-mostra-mais-dez-obitos-em-24hs\/\",\"name\":\"Covid-19: Boletim atualizado mostra mais dez \u00f3bitos em 24hs - O Timoneiro Jornal Canoas RS\",\"isPartOf\":{\"@id\":\"https:\/\/jornaltimoneiro.com.br\/#website\"},\"datePublished\":\"2021-03-30T15:10:47+00:00\",\"dateModified\":\"2021-03-30T15:14:27+00:00\",\"breadcrumb\":{\"@id\":\"https:\/\/jornaltimoneiro.com.br\/index.php\/2021\/03\/30\/covid-19-boletim-atualizado-mostra-mais-dez-obitos-em-24hs\/#breadcrumb\"},\"inLanguage\":\"pt-BR\",\"potentialAction\":[{\"@type\":\"ReadAction\",\"target\":[\"https:\/\/jornaltimoneiro.com.br\/index.php\/2021\/03\/30\/covid-19-boletim-atualizado-mostra-mais-dez-obitos-em-24hs\/\"]}]},{\"@type\":\"BreadcrumbList\",\"@id\":\"https:\/\/jornaltimoneiro.com.br\/index.php\/2021\/03\/30\/covid-19-boletim-atualizado-mostra-mais-dez-obitos-em-24hs\/#breadcrumb\",\"itemListElement\":[{\"@type\":\"ListItem\",\"position\":1,\"name\":\"In\u00edcio\",\"item\":\"https:\/\/jornaltimoneiro.com.br\/\"},{\"@type\":\"ListItem\",\"position\":2,\"name\":\"Covid-19: Boletim atualizado mostra mais dez \u00f3bitos em 24hs\"}]},{\"@type\":\"WebSite\",\"@id\":\"https:\/\/jornaltimoneiro.com.br\/#website\",\"url\":\"https:\/\/jornaltimoneiro.com.br\/\",\"name\":\"Jornal Timoneiro Canoas RS\",\"description\":\"Jornal O Timoneiro, o verdadeiro jornal de Canoas\",\"publisher\":{\"@id\":\"https:\/\/jornaltimoneiro.com.br\/#organization\"},\"potentialAction\":[{\"@type\":\"SearchAction\",\"target\":{\"@type\":\"EntryPoint\",\"urlTemplate\":\"https:\/\/jornaltimoneiro.com.br\/?s={search_term_string}\"},\"query-input\":\"required name=search_term_string\"}],\"inLanguage\":\"pt-BR\"},{\"@type\":\"Organization\",\"@id\":\"https:\/\/jornaltimoneiro.com.br\/#organization\",\"name\":\"Jornal Timoneiro Canoas RS\",\"url\":\"https:\/\/jornaltimoneiro.com.br\/\",\"logo\":{\"@type\":\"ImageObject\",\"inLanguage\":\"pt-BR\",\"@id\":\"https:\/\/jornaltimoneiro.com.br\/#\/schema\/logo\/image\/\",\"url\":\"https:\/\/jornaltimoneiro.com.br\/wp-content\/uploads\/2023\/03\/logonovo.png\",\"contentUrl\":\"https:\/\/jornaltimoneiro.com.br\/wp-content\/uploads\/2023\/03\/logonovo.png\",\"width\":\"469\",\"height\":\"171\",\"caption\":\"Jornal Timoneiro Canoas RS\"},\"image\":{\"@id\":\"https:\/\/jornaltimoneiro.com.br\/#\/schema\/logo\/image\/\"},\"sameAs\":[\"https:\/\/www.facebook.com\/jornaltimoneiro\",\"https:\/\/twitter.com\/_OTimoneiro\",\"https:\/\/www.instagram.com\/jornaltimoneirocanoas\/\",\"https:\/\/www.youtube.com\/@jornalotimoneiro7927\"]},{\"@type\":\"Person\",\"@id\":\"https:\/\/jornaltimoneiro.com.br\/#\/schema\/person\/f63482f1a02b1a9592707865e509ab40\",\"name\":\"Reda\u00e7\u00e3o\",\"image\":{\"@type\":\"ImageObject\",\"inLanguage\":\"pt-BR\",\"@id\":\"https:\/\/jornaltimoneiro.com.br\/#\/schema\/person\/image\/\",\"url\":\"https:\/\/jornaltimoneiro.com.br\/wp-content\/uploads\/2023\/03\/download.jpeg\",\"contentUrl\":\"https:\/\/jornaltimoneiro.com.br\/wp-content\/uploads\/2023\/03\/download.jpeg\",\"caption\":\"Reda\u00e7\u00e3o\"},\"url\":\"https:\/\/jornaltimoneiro.com.br\/index.php\/author\/simone-dutra\/\"}]}<\/script>\n<!-- \/ Yoast SEO plugin. -->","yoast_head_json":{"title":"Covid-19: Boletim atualizado mostra mais dez \u00f3bitos em 24hs - O Timoneiro Jornal Canoas RS","robots":{"index":"index","follow":"follow","max-snippet":"max-snippet:-1","max-image-preview":"max-image-preview:large","max-video-preview":"max-video-preview:-1"},"canonical":"https:\/\/jornaltimoneiro.com.br\/index.php\/2021\/03\/30\/covid-19-boletim-atualizado-mostra-mais-dez-obitos-em-24hs\/","og_locale":"pt_BR","og_type":"article","og_title":"Covid-19: Boletim atualizado mostra mais dez \u00f3bitos em 24hs - O Timoneiro Jornal Canoas RS","og_description":"O \u00faltimo boletim, atualizado pela Prefeitura de Canoas, e divulgado na noite desta segunda-feira, 30, mostra um aumento de dez \u00f3bitos em rela\u00e7\u00e3o ao \u00faltimo, do \u00faltimo domingo, 28. O total de v\u00edtimas registradas at\u00e9 o momento, de acordo com a Secretaria de Sa\u00fade, \u00e9 de 1.013 em Canoas. Confira os dados completos no quadro [&hellip;]","og_url":"https:\/\/jornaltimoneiro.com.br\/index.php\/2021\/03\/30\/covid-19-boletim-atualizado-mostra-mais-dez-obitos-em-24hs\/","og_site_name":"O Timoneiro Jornal Canoas RS","article_publisher":"https:\/\/www.facebook.com\/jornaltimoneiro","article_published_time":"2021-03-30T15:10:47+00:00","article_modified_time":"2021-03-30T15:14:27+00:00","og_image":[{"width":"1080","height":"809","url":"https:\/\/jornaltimoneiro.com.br\/wp-content\/uploads\/2020\/07\/WhatsApp-Image-2020-07-28-at-13.59.01.jpeg","type":"image\/jpeg"}],"author":"Reda\u00e7\u00e3o","twitter_card":"summary_large_image","twitter_creator":"@_OTimoneiro","twitter_site":"@_OTimoneiro","twitter_misc":{"Escrito por":"Reda\u00e7\u00e3o"},"schema":{"@context":"https:\/\/schema.org","@graph":[{"@type":"Article","@id":"https:\/\/jornaltimoneiro.com.br\/index.php\/2021\/03\/30\/covid-19-boletim-atualizado-mostra-mais-dez-obitos-em-24hs\/#article","isPartOf":{"@id":"https:\/\/jornaltimoneiro.com.br\/index.php\/2021\/03\/30\/covid-19-boletim-atualizado-mostra-mais-dez-obitos-em-24hs\/"},"author":{"name":"Reda\u00e7\u00e3o","@id":"https:\/\/jornaltimoneiro.com.br\/#\/schema\/person\/f63482f1a02b1a9592707865e509ab40"},"headline":"Covid-19: Boletim atualizado mostra mais dez \u00f3bitos em 24hs","datePublished":"2021-03-30T15:10:47+00:00","dateModified":"2021-03-30T15:14:27+00:00","mainEntityOfPage":{"@id":"https:\/\/jornaltimoneiro.com.br\/index.php\/2021\/03\/30\/covid-19-boletim-atualizado-mostra-mais-dez-obitos-em-24hs\/"},"wordCount":90,"commentCount":0,"publisher":{"@id":"https:\/\/jornaltimoneiro.com.br\/#organization"},"articleSection":["Sa\u00fade"],"inLanguage":"pt-BR","potentialAction":[{"@type":"CommentAction","name":"Comment","target":["https:\/\/jornaltimoneiro.com.br\/index.php\/2021\/03\/30\/covid-19-boletim-atualizado-mostra-mais-dez-obitos-em-24hs\/#respond"]}]},{"@type":"WebPage","@id":"https:\/\/jornaltimoneiro.com.br\/index.php\/2021\/03\/30\/covid-19-boletim-atualizado-mostra-mais-dez-obitos-em-24hs\/","url":"https:\/\/jornaltimoneiro.com.br\/index.php\/2021\/03\/30\/covid-19-boletim-atualizado-mostra-mais-dez-obitos-em-24hs\/","name":"Covid-19: Boletim atualizado mostra mais dez \u00f3bitos em 24hs - O Timoneiro Jornal Canoas RS","isPartOf":{"@id":"https:\/\/jornaltimoneiro.com.br\/#website"},"datePublished":"2021-03-30T15:10:47+00:00","dateModified":"2021-03-30T15:14:27+00:00","breadcrumb":{"@id":"https:\/\/jornaltimoneiro.com.br\/index.php\/2021\/03\/30\/covid-19-boletim-atualizado-mostra-mais-dez-obitos-em-24hs\/#breadcrumb"},"inLanguage":"pt-BR","potentialAction":[{"@type":"ReadAction","target":["https:\/\/jornaltimoneiro.com.br\/index.php\/2021\/03\/30\/covid-19-boletim-atualizado-mostra-mais-dez-obitos-em-24hs\/"]}]},{"@type":"BreadcrumbList","@id":"https:\/\/jornaltimoneiro.com.br\/index.php\/2021\/03\/30\/covid-19-boletim-atualizado-mostra-mais-dez-obitos-em-24hs\/#breadcrumb","itemListElement":[{"@type":"ListItem","position":1,"name":"In\u00edcio","item":"https:\/\/jornaltimoneiro.com.br\/"},{"@type":"ListItem","position":2,"name":"Covid-19: Boletim atualizado mostra mais dez \u00f3bitos em 24hs"}]},{"@type":"WebSite","@id":"https:\/\/jornaltimoneiro.com.br\/#website","url":"https:\/\/jornaltimoneiro.com.br\/","name":"Jornal Timoneiro Canoas RS","description":"Jornal O Timoneiro, o verdadeiro jornal de Canoas","publisher":{"@id":"https:\/\/jornaltimoneiro.com.br\/#organization"},"potentialAction":[{"@type":"SearchAction","target":{"@type":"EntryPoint","urlTemplate":"https:\/\/jornaltimoneiro.com.br\/?s={search_term_string}"},"query-input":"required name=search_term_string"}],"inLanguage":"pt-BR"},{"@type":"Organization","@id":"https:\/\/jornaltimoneiro.com.br\/#organization","name":"Jornal Timoneiro Canoas RS","url":"https:\/\/jornaltimoneiro.com.br\/","logo":{"@type":"ImageObject","inLanguage":"pt-BR","@id":"https:\/\/jornaltimoneiro.com.br\/#\/schema\/logo\/image\/","url":"https:\/\/jornaltimoneiro.com.br\/wp-content\/uploads\/2023\/03\/logonovo.png","contentUrl":"https:\/\/jornaltimoneiro.com.br\/wp-content\/uploads\/2023\/03\/logonovo.png","width":"469","height":"171","caption":"Jornal Timoneiro Canoas RS"},"image":{"@id":"https:\/\/jornaltimoneiro.com.br\/#\/schema\/logo\/image\/"},"sameAs":["https:\/\/www.facebook.com\/jornaltimoneiro","https:\/\/twitter.com\/_OTimoneiro","https:\/\/www.instagram.com\/jornaltimoneirocanoas\/","https:\/\/www.youtube.com\/@jornalotimoneiro7927"]},{"@type":"Person","@id":"https:\/\/jornaltimoneiro.com.br\/#\/schema\/person\/f63482f1a02b1a9592707865e509ab40","name":"Reda\u00e7\u00e3o","image":{"@type":"ImageObject","inLanguage":"pt-BR","@id":"https:\/\/jornaltimoneiro.com.br\/#\/schema\/person\/image\/","url":"https:\/\/jornaltimoneiro.com.br\/wp-content\/uploads\/2023\/03\/download.jpeg","contentUrl":"https:\/\/jornaltimoneiro.com.br\/wp-content\/uploads\/2023\/03\/download.jpeg","caption":"Reda\u00e7\u00e3o"},"url":"https:\/\/jornaltimoneiro.com.br\/index.php\/author\/simone-dutra\/"}]}},"_links":{"self":[{"href":"https:\/\/jornaltimoneiro.com.br\/index.php\/wp-json\/wp\/v2\/posts\/19269"}],"collection":[{"href":"https:\/\/jornaltimoneiro.com.br\/index.php\/wp-json\/wp\/v2\/posts"}],"about":[{"href":"https:\/\/jornaltimoneiro.com.br\/index.php\/wp-json\/wp\/v2\/types\/post"}],"author":[{"embeddable":true,"href":"https:\/\/jornaltimoneiro.com.br\/index.php\/wp-json\/wp\/v2\/users\/2"}],"replies":[{"embeddable":true,"href":"https:\/\/jornaltimoneiro.com.br\/index.php\/wp-json\/wp\/v2\/comments?post=19269"}],"version-history":[{"count":3,"href":"https:\/\/jornaltimoneiro.com.br\/index.php\/wp-json\/wp\/v2\/posts\/19269\/revisions"}],"predecessor-version":[{"id":19274,"href":"https:\/\/jornaltimoneiro.com.br\/index.php\/wp-json\/wp\/v2\/posts\/19269\/revisions\/19274"}],"wp:featuredmedia":[{"embeddable":true,"href":"https:\/\/jornaltimoneiro.com.br\/index.php\/wp-json\/wp\/v2\/media\/17312"}],"wp:attachment":[{"href":"https:\/\/jornaltimoneiro.com.br\/index.php\/wp-json\/wp\/v2\/media?parent=19269"}],"wp:term":[{"taxonomy":"category","embeddable":true,"href":"https:\/\/jornaltimoneiro.com.br\/index.php\/wp-json\/wp\/v2\/categories?post=19269"},{"taxonomy":"post_tag","embeddable":true,"href":"https:\/\/jornaltimoneiro.com.br\/index.php\/wp-json\/wp\/v2\/tags?post=19269"}],"curies":[{"name":"wp","href":"https:\/\/api.w.org\/{rel}","templated":true}]}}