{"id":1921,"date":"2015-12-04T12:23:57","date_gmt":"2015-12-04T14:23:57","guid":{"rendered":"http:\/\/otimoneiro.com.br\/?p=1921"},"modified":"2015-12-04T12:23:57","modified_gmt":"2015-12-04T14:23:57","slug":"novos-cargos-para-a-administracao-indireta-aprovados-na-camara","status":"publish","type":"post","link":"https:\/\/jornaltimoneiro.com.br\/index.php\/2015\/12\/04\/novos-cargos-para-a-administracao-indireta-aprovados-na-camara\/","title":{"rendered":"Novos \u00a0cargos \u00a0para \u00a0a \u00a0administra\u00e7\u00e3o indireta aprovados na C\u00e2mara"},"content":{"rendered":"<p>Foi aprovado pela C\u00e2mara, nesta quinta-feira, \u00a026, o projeto de lei n\u00ba 37\/2015, de autoria do Executivo, \u00a0que \u00a0estabelece \u00a0o \u00a0quadro \u00a0com \u00a0novos \u00a0cargos \u00a0para \u00a0a \u00a0administra\u00e7\u00e3o \u00a0indireta.<!--more--><\/p>\n<div id=\"attachment_1930\" style=\"width: 594px\" class=\"wp-caption aligncenter\"><a href=\"http:\/\/otimoneiro.com.br\/wp-content\/uploads\/2015\/12\/IMG_0108.jpg\"><img decoding=\"async\" aria-describedby=\"caption-attachment-1930\" class=\" wp-image-1930\" src=\"http:\/\/otimoneiro.com.br\/wp-content\/uploads\/2015\/12\/IMG_0108-1024x683.jpg\" alt=\"Foto: C\u00e2mara dos vereadores\" width=\"584\" height=\"391\" \/><\/a><p id=\"caption-attachment-1930\" class=\"wp-caption-text\">Foto: C\u00e2mara dos vereadores<\/p><\/div>\n<p>&nbsp;<\/p>\n<p>A proposta \u00a0abrange \u00a0o \u00a0Instituto \u00a0Canoas \u00a0XXI \u00a0e \u00a0o \u00a0Canoasprev. \u00a0A \u00a0inclus\u00e3o \u00a0do \u00a0PL \u00a0na \u00a0Ordem \u00a0do \u00a0Dia atendeu ao requerimento do l\u00edder do governo, vereador Ivo Fiorotti (PT). Segundo \u00a0a \u00a0administra\u00e7\u00e3o \u00a0municipal, \u00a0os \u00a0cargos \u00a0propostos \u00a0para \u00a0o \u00a0Canoasprev buscam \u00a0criar melhores condi\u00e7\u00f5es para a gest\u00e3o do sistema de benef\u00edcios previdenci\u00e1rios e dos servi\u00e7os de assist\u00eancia \u00e0 sa\u00fade. J\u00e1 no Instituto Canoas XXI, o projeto constitui o quadro de servidores pr\u00f3prios, o que ainda n\u00e3o existia na institui\u00e7\u00e3o.Os cargos contemplados na proposta ter\u00e3o o mesmo sistema remunerat\u00f3rio por subs\u00eddio em parcela \u00a0\u00fanica, \u00a0mesmo \u00a0n\u00edveis \u00a0remunerat\u00f3rios \u00a0e \u00a0mesmo \u00a0plano \u00a0de \u00a0carreira. \u00a0&#8220;A \u00a0padroniza\u00e7\u00e3o facilitar\u00e1 a gest\u00e3o de recursos humanos pela identidade do tratamento a todos os servidores municipais, \u00a0independentemente \u00a0de \u00a0estarem \u00a0na \u00a0administra\u00e7\u00e3o \u00a0direta \u00a0ou \u00a0indireta&#8221;, \u00a0diz \u00a0a justificativa do projeto. O texto \u00a0tamb\u00e9m destaca que &#8220;a institui\u00e7\u00e3o desses quadros permitir\u00e1 que \u00a0 as \u00a0referidas \u00a0autarquias \u00a0possam \u00a0imediatamente \u00a0 realizar \u00a0concursos \u00a0 p\u00fablicos, \u00a0n\u00e3o \u00a0s\u00f3 evitando \u00a0as \u00a0eventuais \u00a0limita\u00e7\u00f5es \u00a0de \u00a0gest\u00e3o \u00a0fiscal \u00a0e \u00a0eleitorais, \u00a0mas \u00a0tamb\u00e9m \u00a0se \u00a0servindo \u00a0da continuidade dos processos seletivos que o munic\u00edpio vem desenvolvendo ao longo de 2015&#8221;.<\/p>\n","protected":false},"excerpt":{"rendered":"<p>Foi aprovado pela C\u00e2mara, nesta quinta-feira, \u00a026, o projeto de lei n\u00ba 37\/2015, de autoria do Executivo, \u00a0que \u00a0estabelece \u00a0o \u00a0quadro \u00a0com \u00a0novos \u00a0cargos \u00a0para \u00a0a \u00a0administra\u00e7\u00e3o \u00a0indireta.<\/p>\n","protected":false},"author":1,"featured_media":1930,"comment_status":"open","ping_status":"open","sticky":false,"template":"","format":"standard","meta":{"amp_status":"","footnotes":""},"categories":[19],"tags":[],"class_list":["post-1921","post","type-post","status-publish","format-standard","has-post-thumbnail","hentry","category-destaques"],"yoast_head":"<!-- This site is optimized with the Yoast SEO plugin v20.5 - https:\/\/yoast.com\/wordpress\/plugins\/seo\/ -->\n<title>Novos \u00a0cargos \u00a0para \u00a0a \u00a0administra\u00e7\u00e3o indireta aprovados na C\u00e2mara - O Timoneiro Jornal Canoas RS<\/title>\n<meta name=\"robots\" content=\"index, follow, max-snippet:-1, max-image-preview:large, max-video-preview:-1\" \/>\n<link rel=\"canonical\" href=\"https:\/\/jornaltimoneiro.com.br\/index.php\/2015\/12\/04\/novos-cargos-para-a-administracao-indireta-aprovados-na-camara\/\" \/>\n<meta property=\"og:locale\" content=\"pt_BR\" \/>\n<meta property=\"og:type\" content=\"article\" \/>\n<meta property=\"og:title\" content=\"Novos \u00a0cargos \u00a0para \u00a0a \u00a0administra\u00e7\u00e3o indireta aprovados na C\u00e2mara - O Timoneiro Jornal Canoas RS\" \/>\n<meta property=\"og:description\" content=\"Foi aprovado pela C\u00e2mara, nesta quinta-feira, \u00a026, o projeto de lei n\u00ba 37\/2015, de autoria do Executivo, \u00a0que \u00a0estabelece \u00a0o \u00a0quadro \u00a0com \u00a0novos \u00a0cargos \u00a0para \u00a0a \u00a0administra\u00e7\u00e3o \u00a0indireta.\" \/>\n<meta property=\"og:url\" content=\"https:\/\/jornaltimoneiro.com.br\/index.php\/2015\/12\/04\/novos-cargos-para-a-administracao-indireta-aprovados-na-camara\/\" \/>\n<meta property=\"og:site_name\" content=\"O Timoneiro Jornal Canoas RS\" \/>\n<meta property=\"article:publisher\" content=\"https:\/\/www.facebook.com\/jornaltimoneiro\" \/>\n<meta property=\"article:published_time\" content=\"2015-12-04T14:23:57+00:00\" \/>\n<meta name=\"author\" content=\"Reda\u00e7\u00e3o\" \/>\n<meta name=\"twitter:card\" content=\"summary_large_image\" \/>\n<meta name=\"twitter:creator\" content=\"@_OTimoneiro\" \/>\n<meta name=\"twitter:site\" content=\"@_OTimoneiro\" \/>\n<meta name=\"twitter:label1\" content=\"Escrito por\" \/>\n\t<meta name=\"twitter:data1\" content=\"Reda\u00e7\u00e3o\" \/>\n\t<meta name=\"twitter:label2\" content=\"Est. tempo de leitura\" \/>\n\t<meta name=\"twitter:data2\" content=\"1 minuto\" \/>\n<script type=\"application\/ld+json\" class=\"yoast-schema-graph\">{\"@context\":\"https:\/\/schema.org\",\"@graph\":[{\"@type\":\"Article\",\"@id\":\"https:\/\/jornaltimoneiro.com.br\/index.php\/2015\/12\/04\/novos-cargos-para-a-administracao-indireta-aprovados-na-camara\/#article\",\"isPartOf\":{\"@id\":\"https:\/\/jornaltimoneiro.com.br\/index.php\/2015\/12\/04\/novos-cargos-para-a-administracao-indireta-aprovados-na-camara\/\"},\"author\":{\"name\":\"Reda\u00e7\u00e3o\",\"@id\":\"https:\/\/jornaltimoneiro.com.br\/#\/schema\/person\/620efd1d8244466117482be494360b08\"},\"headline\":\"Novos \u00a0cargos \u00a0para \u00a0a \u00a0administra\u00e7\u00e3o indireta aprovados na C\u00e2mara\",\"datePublished\":\"2015-12-04T14:23:57+00:00\",\"dateModified\":\"2015-12-04T14:23:57+00:00\",\"mainEntityOfPage\":{\"@id\":\"https:\/\/jornaltimoneiro.com.br\/index.php\/2015\/12\/04\/novos-cargos-para-a-administracao-indireta-aprovados-na-camara\/\"},\"wordCount\":258,\"commentCount\":0,\"publisher\":{\"@id\":\"https:\/\/jornaltimoneiro.com.br\/#organization\"},\"articleSection\":[\"Destaques\"],\"inLanguage\":\"pt-BR\",\"potentialAction\":[{\"@type\":\"CommentAction\",\"name\":\"Comment\",\"target\":[\"https:\/\/jornaltimoneiro.com.br\/index.php\/2015\/12\/04\/novos-cargos-para-a-administracao-indireta-aprovados-na-camara\/#respond\"]}]},{\"@type\":\"WebPage\",\"@id\":\"https:\/\/jornaltimoneiro.com.br\/index.php\/2015\/12\/04\/novos-cargos-para-a-administracao-indireta-aprovados-na-camara\/\",\"url\":\"https:\/\/jornaltimoneiro.com.br\/index.php\/2015\/12\/04\/novos-cargos-para-a-administracao-indireta-aprovados-na-camara\/\",\"name\":\"Novos \u00a0cargos \u00a0para \u00a0a \u00a0administra\u00e7\u00e3o indireta aprovados na C\u00e2mara - O Timoneiro Jornal Canoas RS\",\"isPartOf\":{\"@id\":\"https:\/\/jornaltimoneiro.com.br\/#website\"},\"datePublished\":\"2015-12-04T14:23:57+00:00\",\"dateModified\":\"2015-12-04T14:23:57+00:00\",\"breadcrumb\":{\"@id\":\"https:\/\/jornaltimoneiro.com.br\/index.php\/2015\/12\/04\/novos-cargos-para-a-administracao-indireta-aprovados-na-camara\/#breadcrumb\"},\"inLanguage\":\"pt-BR\",\"potentialAction\":[{\"@type\":\"ReadAction\",\"target\":[\"https:\/\/jornaltimoneiro.com.br\/index.php\/2015\/12\/04\/novos-cargos-para-a-administracao-indireta-aprovados-na-camara\/\"]}]},{\"@type\":\"BreadcrumbList\",\"@id\":\"https:\/\/jornaltimoneiro.com.br\/index.php\/2015\/12\/04\/novos-cargos-para-a-administracao-indireta-aprovados-na-camara\/#breadcrumb\",\"itemListElement\":[{\"@type\":\"ListItem\",\"position\":1,\"name\":\"In\u00edcio\",\"item\":\"https:\/\/jornaltimoneiro.com.br\/\"},{\"@type\":\"ListItem\",\"position\":2,\"name\":\"Novos \u00a0cargos \u00a0para \u00a0a \u00a0administra\u00e7\u00e3o indireta aprovados na C\u00e2mara\"}]},{\"@type\":\"WebSite\",\"@id\":\"https:\/\/jornaltimoneiro.com.br\/#website\",\"url\":\"https:\/\/jornaltimoneiro.com.br\/\",\"name\":\"Jornal Timoneiro Canoas RS\",\"description\":\"Jornal O Timoneiro, o verdadeiro jornal de Canoas\",\"publisher\":{\"@id\":\"https:\/\/jornaltimoneiro.com.br\/#organization\"},\"potentialAction\":[{\"@type\":\"SearchAction\",\"target\":{\"@type\":\"EntryPoint\",\"urlTemplate\":\"https:\/\/jornaltimoneiro.com.br\/?s={search_term_string}\"},\"query-input\":\"required name=search_term_string\"}],\"inLanguage\":\"pt-BR\"},{\"@type\":\"Organization\",\"@id\":\"https:\/\/jornaltimoneiro.com.br\/#organization\",\"name\":\"Jornal Timoneiro Canoas RS\",\"url\":\"https:\/\/jornaltimoneiro.com.br\/\",\"logo\":{\"@type\":\"ImageObject\",\"inLanguage\":\"pt-BR\",\"@id\":\"https:\/\/jornaltimoneiro.com.br\/#\/schema\/logo\/image\/\",\"url\":\"https:\/\/jornaltimoneiro.com.br\/wp-content\/uploads\/2023\/03\/logonovo.png\",\"contentUrl\":\"https:\/\/jornaltimoneiro.com.br\/wp-content\/uploads\/2023\/03\/logonovo.png\",\"width\":\"469\",\"height\":\"171\",\"caption\":\"Jornal Timoneiro Canoas RS\"},\"image\":{\"@id\":\"https:\/\/jornaltimoneiro.com.br\/#\/schema\/logo\/image\/\"},\"sameAs\":[\"https:\/\/www.facebook.com\/jornaltimoneiro\",\"https:\/\/twitter.com\/_OTimoneiro\",\"https:\/\/www.instagram.com\/jornaltimoneirocanoas\/\",\"https:\/\/www.youtube.com\/@jornalotimoneiro7927\"]},{\"@type\":\"Person\",\"@id\":\"https:\/\/jornaltimoneiro.com.br\/#\/schema\/person\/620efd1d8244466117482be494360b08\",\"name\":\"Reda\u00e7\u00e3o\",\"image\":{\"@type\":\"ImageObject\",\"inLanguage\":\"pt-BR\",\"@id\":\"https:\/\/jornaltimoneiro.com.br\/#\/schema\/person\/image\/\",\"url\":\"https:\/\/secure.gravatar.com\/avatar\/2f04e1b304682a8d9db336c7acd77f08?s=96&d=mm&r=g\",\"contentUrl\":\"https:\/\/secure.gravatar.com\/avatar\/2f04e1b304682a8d9db336c7acd77f08?s=96&d=mm&r=g\",\"caption\":\"Reda\u00e7\u00e3o\"},\"url\":\"https:\/\/jornaltimoneiro.com.br\/index.php\/author\/timoneirocanoas\/\"}]}<\/script>\n<!-- \/ Yoast SEO plugin. -->","yoast_head_json":{"title":"Novos \u00a0cargos \u00a0para \u00a0a \u00a0administra\u00e7\u00e3o indireta aprovados na C\u00e2mara - O Timoneiro Jornal Canoas RS","robots":{"index":"index","follow":"follow","max-snippet":"max-snippet:-1","max-image-preview":"max-image-preview:large","max-video-preview":"max-video-preview:-1"},"canonical":"https:\/\/jornaltimoneiro.com.br\/index.php\/2015\/12\/04\/novos-cargos-para-a-administracao-indireta-aprovados-na-camara\/","og_locale":"pt_BR","og_type":"article","og_title":"Novos \u00a0cargos \u00a0para \u00a0a \u00a0administra\u00e7\u00e3o indireta aprovados na C\u00e2mara - O Timoneiro Jornal Canoas RS","og_description":"Foi aprovado pela C\u00e2mara, nesta quinta-feira, \u00a026, o projeto de lei n\u00ba 37\/2015, de autoria do Executivo, \u00a0que \u00a0estabelece \u00a0o \u00a0quadro \u00a0com \u00a0novos \u00a0cargos \u00a0para \u00a0a \u00a0administra\u00e7\u00e3o \u00a0indireta.","og_url":"https:\/\/jornaltimoneiro.com.br\/index.php\/2015\/12\/04\/novos-cargos-para-a-administracao-indireta-aprovados-na-camara\/","og_site_name":"O Timoneiro Jornal Canoas RS","article_publisher":"https:\/\/www.facebook.com\/jornaltimoneiro","article_published_time":"2015-12-04T14:23:57+00:00","author":"Reda\u00e7\u00e3o","twitter_card":"summary_large_image","twitter_creator":"@_OTimoneiro","twitter_site":"@_OTimoneiro","twitter_misc":{"Escrito por":"Reda\u00e7\u00e3o","Est. tempo de leitura":"1 minuto"},"schema":{"@context":"https:\/\/schema.org","@graph":[{"@type":"Article","@id":"https:\/\/jornaltimoneiro.com.br\/index.php\/2015\/12\/04\/novos-cargos-para-a-administracao-indireta-aprovados-na-camara\/#article","isPartOf":{"@id":"https:\/\/jornaltimoneiro.com.br\/index.php\/2015\/12\/04\/novos-cargos-para-a-administracao-indireta-aprovados-na-camara\/"},"author":{"name":"Reda\u00e7\u00e3o","@id":"https:\/\/jornaltimoneiro.com.br\/#\/schema\/person\/620efd1d8244466117482be494360b08"},"headline":"Novos \u00a0cargos \u00a0para \u00a0a \u00a0administra\u00e7\u00e3o indireta aprovados na C\u00e2mara","datePublished":"2015-12-04T14:23:57+00:00","dateModified":"2015-12-04T14:23:57+00:00","mainEntityOfPage":{"@id":"https:\/\/jornaltimoneiro.com.br\/index.php\/2015\/12\/04\/novos-cargos-para-a-administracao-indireta-aprovados-na-camara\/"},"wordCount":258,"commentCount":0,"publisher":{"@id":"https:\/\/jornaltimoneiro.com.br\/#organization"},"articleSection":["Destaques"],"inLanguage":"pt-BR","potentialAction":[{"@type":"CommentAction","name":"Comment","target":["https:\/\/jornaltimoneiro.com.br\/index.php\/2015\/12\/04\/novos-cargos-para-a-administracao-indireta-aprovados-na-camara\/#respond"]}]},{"@type":"WebPage","@id":"https:\/\/jornaltimoneiro.com.br\/index.php\/2015\/12\/04\/novos-cargos-para-a-administracao-indireta-aprovados-na-camara\/","url":"https:\/\/jornaltimoneiro.com.br\/index.php\/2015\/12\/04\/novos-cargos-para-a-administracao-indireta-aprovados-na-camara\/","name":"Novos \u00a0cargos \u00a0para \u00a0a \u00a0administra\u00e7\u00e3o indireta aprovados na C\u00e2mara - O Timoneiro Jornal Canoas RS","isPartOf":{"@id":"https:\/\/jornaltimoneiro.com.br\/#website"},"datePublished":"2015-12-04T14:23:57+00:00","dateModified":"2015-12-04T14:23:57+00:00","breadcrumb":{"@id":"https:\/\/jornaltimoneiro.com.br\/index.php\/2015\/12\/04\/novos-cargos-para-a-administracao-indireta-aprovados-na-camara\/#breadcrumb"},"inLanguage":"pt-BR","potentialAction":[{"@type":"ReadAction","target":["https:\/\/jornaltimoneiro.com.br\/index.php\/2015\/12\/04\/novos-cargos-para-a-administracao-indireta-aprovados-na-camara\/"]}]},{"@type":"BreadcrumbList","@id":"https:\/\/jornaltimoneiro.com.br\/index.php\/2015\/12\/04\/novos-cargos-para-a-administracao-indireta-aprovados-na-camara\/#breadcrumb","itemListElement":[{"@type":"ListItem","position":1,"name":"In\u00edcio","item":"https:\/\/jornaltimoneiro.com.br\/"},{"@type":"ListItem","position":2,"name":"Novos \u00a0cargos \u00a0para \u00a0a \u00a0administra\u00e7\u00e3o indireta aprovados na C\u00e2mara"}]},{"@type":"WebSite","@id":"https:\/\/jornaltimoneiro.com.br\/#website","url":"https:\/\/jornaltimoneiro.com.br\/","name":"Jornal Timoneiro Canoas RS","description":"Jornal O Timoneiro, o verdadeiro jornal de Canoas","publisher":{"@id":"https:\/\/jornaltimoneiro.com.br\/#organization"},"potentialAction":[{"@type":"SearchAction","target":{"@type":"EntryPoint","urlTemplate":"https:\/\/jornaltimoneiro.com.br\/?s={search_term_string}"},"query-input":"required name=search_term_string"}],"inLanguage":"pt-BR"},{"@type":"Organization","@id":"https:\/\/jornaltimoneiro.com.br\/#organization","name":"Jornal Timoneiro Canoas RS","url":"https:\/\/jornaltimoneiro.com.br\/","logo":{"@type":"ImageObject","inLanguage":"pt-BR","@id":"https:\/\/jornaltimoneiro.com.br\/#\/schema\/logo\/image\/","url":"https:\/\/jornaltimoneiro.com.br\/wp-content\/uploads\/2023\/03\/logonovo.png","contentUrl":"https:\/\/jornaltimoneiro.com.br\/wp-content\/uploads\/2023\/03\/logonovo.png","width":"469","height":"171","caption":"Jornal Timoneiro Canoas RS"},"image":{"@id":"https:\/\/jornaltimoneiro.com.br\/#\/schema\/logo\/image\/"},"sameAs":["https:\/\/www.facebook.com\/jornaltimoneiro","https:\/\/twitter.com\/_OTimoneiro","https:\/\/www.instagram.com\/jornaltimoneirocanoas\/","https:\/\/www.youtube.com\/@jornalotimoneiro7927"]},{"@type":"Person","@id":"https:\/\/jornaltimoneiro.com.br\/#\/schema\/person\/620efd1d8244466117482be494360b08","name":"Reda\u00e7\u00e3o","image":{"@type":"ImageObject","inLanguage":"pt-BR","@id":"https:\/\/jornaltimoneiro.com.br\/#\/schema\/person\/image\/","url":"https:\/\/secure.gravatar.com\/avatar\/2f04e1b304682a8d9db336c7acd77f08?s=96&d=mm&r=g","contentUrl":"https:\/\/secure.gravatar.com\/avatar\/2f04e1b304682a8d9db336c7acd77f08?s=96&d=mm&r=g","caption":"Reda\u00e7\u00e3o"},"url":"https:\/\/jornaltimoneiro.com.br\/index.php\/author\/timoneirocanoas\/"}]}},"_links":{"self":[{"href":"https:\/\/jornaltimoneiro.com.br\/index.php\/wp-json\/wp\/v2\/posts\/1921"}],"collection":[{"href":"https:\/\/jornaltimoneiro.com.br\/index.php\/wp-json\/wp\/v2\/posts"}],"about":[{"href":"https:\/\/jornaltimoneiro.com.br\/index.php\/wp-json\/wp\/v2\/types\/post"}],"author":[{"embeddable":true,"href":"https:\/\/jornaltimoneiro.com.br\/index.php\/wp-json\/wp\/v2\/users\/1"}],"replies":[{"embeddable":true,"href":"https:\/\/jornaltimoneiro.com.br\/index.php\/wp-json\/wp\/v2\/comments?post=1921"}],"version-history":[{"count":0,"href":"https:\/\/jornaltimoneiro.com.br\/index.php\/wp-json\/wp\/v2\/posts\/1921\/revisions"}],"wp:featuredmedia":[{"embeddable":true,"href":"https:\/\/jornaltimoneiro.com.br\/index.php\/wp-json\/"}],"wp:attachment":[{"href":"https:\/\/jornaltimoneiro.com.br\/index.php\/wp-json\/wp\/v2\/media?parent=1921"}],"wp:term":[{"taxonomy":"category","embeddable":true,"href":"https:\/\/jornaltimoneiro.com.br\/index.php\/wp-json\/wp\/v2\/categories?post=1921"},{"taxonomy":"post_tag","embeddable":true,"href":"https:\/\/jornaltimoneiro.com.br\/index.php\/wp-json\/wp\/v2\/tags?post=1921"}],"curies":[{"name":"wp","href":"https:\/\/api.w.org\/{rel}","templated":true}]}}