{"id":191,"date":"2015-05-22T09:30:20","date_gmt":"2015-05-22T12:30:20","guid":{"rendered":"http:\/\/otimoneiro.com.br\/?p=191"},"modified":"2015-05-22T09:30:20","modified_gmt":"2015-05-22T12:30:20","slug":"governo-jairo-jorge-gasta-r-16-milhoes-em-propaganda","status":"publish","type":"post","link":"https:\/\/jornaltimoneiro.com.br\/index.php\/2015\/05\/22\/governo-jairo-jorge-gasta-r-16-milhoes-em-propaganda\/","title":{"rendered":"Governo Jairo Jorge gasta R$ 16 milh\u00f5es em propaganda"},"content":{"rendered":"<div id=\"attachment_206\" style=\"width: 478px\" class=\"wp-caption aligncenter\"><a href=\"http:\/\/otimoneiro.com.br\/wp-content\/uploads\/2015\/05\/Jornal-da-Prefeitura-003.jpg\"><img decoding=\"async\" aria-describedby=\"caption-attachment-206\" class=\"wp-image-206\" src=\"http:\/\/otimoneiro.com.br\/wp-content\/uploads\/2015\/05\/Jornal-da-Prefeitura-003-300x200.jpg\" alt=\"Jornal da Prefeitura de Canoas\/Foto: Bruno Lara\/OT\" width=\"468\" height=\"312\" \/><\/a><p id=\"caption-attachment-206\" class=\"wp-caption-text\">Jornal da Prefeitura<\/p><\/div>\n<p style=\"text-align: justify;\">Dos R$ 12 milh\u00f5es pretendidos pelo governo em publicidade (an\u00fancios em jornais, r\u00e1dios e TVs) em 2015, cerca de R$ 3 milh\u00f5es j\u00e1 est\u00e1 comprometido. O levantamento de nossa equipe apontou que o Executivo paga as ag\u00eancias de publicidade como a Escala Comunica\u00e7\u00f5es e Marketing e a Competence Comunica\u00e7\u00e3o e Marketing que, em cinco meses, empenhou R$ 2.360.000,00 do tesouro e as grandes emissoras do pa\u00eds n\u00e3o aparecem como grandes receptoras deste dinheiro. Tamb\u00e9m nesta mat\u00e9ria, os cinco \u00f3rg\u00e3os que mais receber\u00e3o recursos em 2015.<br \/>\nO edital de n\u00famero 109\/2015, publicado na segunda-feira, 11, pela Prefeitura Municipal de Canoas ser\u00e1 aberto \u00e0s 10 horas do dia 25 de junho. Este busca uma empresa especializada para a presta\u00e7\u00e3o de servi\u00e7os de publicidade e propaganda por interm\u00e9dio de ag\u00eancia de propaganda para intermediar a\u00e7\u00f5es de publicidade para a PMC.<br \/>\nO tema j\u00e1 foi assunto em mat\u00e9rias de O Timoneiro. Em junho de 2013, noticiamos que a Prefeitura gastou R$ 7 milh\u00f5es em marketing. \u201cA reportagem de OT fez ampla pesquisa no Portal e n\u00e3o encontrou empenhos relacionados a nenhuma publica\u00e7\u00e3o publicit\u00e1ria feitas diretamente aos jornais, r\u00e1dios e TVs. Segundo dados obtidos atrav\u00e9s do site da Prefeitura, nos cinco primeiros meses de 2013 o valor total empenhado pela Secretaria de Comunica\u00e7\u00e3o da administra\u00e7\u00e3o municipal \u00e9 de R$ 7.070.887,90. Deste total, R$ 5.458.291,93 foram para as ag\u00eancias de publicidade Escala e Competence, R$ 163.800,00 para a sua r\u00e1dio web e R$ 478.499,40 para a Zero Hora (sendo quase a totalidade deste \u00faltimo valor para impress\u00e3o do Jornal de Canoas, que \u00e9 produzido semanalmente pela Prefeitura com tiragem de 100.000 exemplares)\u201d, dizia a den\u00fancia.<br \/>\nEm apenas cinco meses, o comprometimento do Tesouro Livre para publicidade j\u00e1 ultrapassou os R$ 3 milh\u00f5es, conta que provavelmente ficar\u00e1 para o sucessor do prefeito Jairo Jorge (PT) em 2017. Jairo Jorge da Silva \u00e9 formado em jornalismo e atuando na profiss\u00e3o durante sete anos, de 1993 a 2000.<\/p>\n<p style=\"text-align: justify;\"><strong>Ve\u00edculos e valores<\/strong><br \/>\nSegundo apurado pela equipe de O Timoneiro, a Escala Comunica\u00e7\u00f5es e Marketing ficou com a maior fatia, aproximadamente R$ 2.360.000,00 empenhados, mais os Liquidado: R$ 411.824,47 liquidados de contas anteriores. A Ag\u00eancia Radioweb, citada j\u00e1 em 2013, respons\u00e1vel pela web r\u00e1dio da cidade, neste ano, recebeu R$ 50.800,02 e empenhou R$ 258.840,02.<br \/>\nA Zero Hora, do grupo RBS, ficou com R$ 538.169,00 do montante. A Caldas J\u00fanior, raz\u00e3o social do Correio do Povo, recebeu R$ 456,00 em 6 de fevereiro deste ano. O grupo Sinos empenhou R$ 56.561,20 e recebeu R$ 15.559,75. O total, at\u00e9 maio, \u00e9 de aproximadamente R$ 3.157.009,00. Destes e de d\u00edvidas contra\u00eddas anteriormente, R$ 463.283,35 j\u00e1 sa\u00edram dos cofres p\u00fablicos segundo o portal da transpar\u00eancia.<br \/>\nO Jornal da Prefeitura de Canoas, ve\u00edculo institucional do Governo Municipal, circula semanalmente, com 90 mil exemplares e impress\u00e3o na gr\u00e1fica de Zero Hora, do grupo RBS. Segundo dados levantados pela reda\u00e7\u00e3o, a empresa respons\u00e1vel pela distribui\u00e7\u00e3o do impresso, Ludstar LTDA-ME, empenhou, at\u00e9 o m\u00eas vigente, R$ 483.840,88.<\/p>\n<p style=\"text-align: justify;\"><strong>Perspectivas<\/strong><br \/>\nMas os gastos n\u00e3o param por a\u00ed. Segundo o Quadro de Detalhamento da Despesa (QDD), do or\u00e7amento anual do exerc\u00edcio de 2015, o a Secretaria de Comunica\u00e7\u00e3o planeja, para publicidade de eventos e a\u00e7\u00f5es do governo, o montante de R$ 12.910.000,00. Para a manuten\u00e7\u00e3o do \u00f3rg\u00e3o e coordena\u00e7\u00f5es das atividades da Secretaria de Comunica\u00e7\u00e3o (Secom), o custo chegar\u00e1 a R$ 3.377.200,00. A soma das import\u00e2ncias chega ao custo de R$ 16.287.200,00 com o \u00f3rg\u00e3o respons\u00e1vel por fazer a cobertura de toda Prefeitura, por meio de a\u00e7\u00f5es de divulga\u00e7\u00e3o, elabora\u00e7\u00e3o de eventos e assessoria de imprensa. A pasta \u00e9 respons\u00e1vel pela cria\u00e7\u00e3o da identidade da Administra\u00e7\u00e3o Municipal e pelos ve\u00edculos de comunica\u00e7\u00e3o do Governo Municipal, entre eles o site, Jornal de Canoas e Boletim do Servidor.<br \/>\nA Secom, que tem como titular Lurdes Nascimento e Luciano do Monte Ribas como adjunto, recebe mais recursos que a Procuradoria Geral do Munic\u00edpio (PGM), que a Controladoria Geral do Munic\u00edpio (CGM), que a Secretaria Municipal de Projetos Especiais, Capita\u00e7\u00e3o e Inova\u00e7\u00e3o (SMPECI), Secretaria Municipal de Rela\u00e7\u00f5es Institucionais (SMRI), Instituto Canoas XXI, entre outras. A Secretaria de Sa\u00fade, chefiada por Marcelo B\u00f3sio (PT), \u00e9 a que mais receber\u00e1 recursos, somando, ao final do ano, R$ 443.251.153,00. Seguida por R$ 236.906.945,00 da Secretaria Municipal de Educa\u00e7\u00e3o (SME), chefiada por Eliezer Pacheco (PT), marido da deputada federal Maria do Ros\u00e1rio (PT)<br \/>\nDando sequ\u00eancia \u00e0 lista o Canoas Prev deve ficar com o montante de R$ 153.244.000,00, a Secretaria Municipal de Obras (SMO), R$ 118.387.671,00, \u00f3rg\u00e3o chefiado por Alcy Paulo de Oliveira (PDT), conhecido na cidade por Cica. Em 2013, em uma mat\u00e9ria veiculada no portal G1, Cica aparece como l\u00edder na lista dos condenados por ac\u00famulo il\u00edcito de dinheiro nos \u00faltimos dez anos. De acordo com o Tribunal de Contas do Estado (TCE), Alcy deve aos cofres p\u00fablicos o montante de R$ R$ 3.657.790,43. Para fechar os cinco primeiros que mais receber\u00e3o dinheiro neste ano a Secretaria de Transportes e Mobilidade (SMTM), que receber\u00e1 R$ 93.419.100,00. A pasta \u00e9 chefiada por Oswaldo Steffen (PTB), que era titular no governo Ronchetti (PSDB) e voltou a assumi-la no governo Jairo Jorge (PT).<\/p>\n<p style=\"text-align: justify;\"><strong>O que diz a Prefeitura<\/strong><br \/>\nEm nota, a Prefeitura Municipal de Canoas informou que seus atos est\u00e3o embasados na Constitui\u00e7\u00e3o Federal, em seu artigo 37, determina que a administra\u00e7\u00e3o p\u00fablica direta e indireta de qualquer dos Poderes da Uni\u00e3o, dos Estados, do Distrito Federal e dos Munic\u00edpios obede\u00e7a aos princ\u00edpios de legalidade, impessoalidade, moralidade, publicidade e efici\u00eancia.<\/p>\n<p style=\"text-align: justify;\"><strong>Materiais de consumo<\/strong><br \/>\nMaterial de consumo \u00e9 todo o material utilizado para execu\u00e7\u00e3o das atividades da Administra\u00e7\u00e3o Municipal que n\u00e3o s\u00e3o considerados bens permanentes. Ex.: Folhas, canetas, papel higi\u00eanico, sabonete&#8230;<\/p>\n<p style=\"text-align: justify;\"><strong>Terceiros \u2013 Pessoas Jur\u00eddicas<\/strong><br \/>\nDota\u00e7\u00e3o or\u00e7ament\u00e1ria destinada a pagamento de despesas decorrentes de servi\u00e7os prestados por empresas PJ. Atualmente, temos os seguintes contratos vigentes na SECOM: 148\/2010 \u2013 Competence; 149\/2010 \u2013 Escala; 14\/2013 \u2013 Radioweb; 146\/2011 &#8211; Zero Hora (parque gr\u00e1fico)<br \/>\nPor fim, a resposta da Secretaria de Comunica\u00e7\u00e3o afirma que \u201ceste governo trabalha com a pol\u00edtica de comunica\u00e7\u00e3o centralizada e n\u00e3o &#8220;proibitiva&#8221;. Ou seja, os secret\u00e1rios concedem entrevistas sempre que demandados, mas a interlocu\u00e7\u00e3o passa pela Secom\u201d.<\/p>\n<p style=\"text-align: justify;\"><strong>Quadro de detalhamento da despesa da Secretaria de Comunica\u00e7\u00e3o em 2015<\/strong><\/p>\n<p style=\"text-align: justify;\">Manuten\u00e7\u00e3o e coordena\u00e7\u00e3o das atividades da Secretaria de Comunica\u00e7\u00e3o<br \/>\nVENCIMENTOS E VANTAGENS FIXAS-PESSOAL CIVIL R$ 2.150.600,00<br \/>\nOUTRAS DESPESAS VIARI\u00c1VEIS-PESSOAL CIVIL R$ 19.700,00<br \/>\nDI\u00c1RIAS-PESSOAL CIVIL R$ 5.000,00<br \/>\nMATERIAL DE CONSUMO R$ 87.000,00<br \/>\nPASSAGENS E DESPESAS COM LOCOMO\u00c7\u00c3O R$ 30.000,00<br \/>\nOUTROS SERVI\u00c7OS DE TERCEIROS-PESSOA F\u00cdSICA R$ 5.000,00<br \/>\nOUTROS SERVI\u00c7OS DE TERCEIROS-PESSOA JUR\u00cdDICA R$ 905.000,00<br \/>\nAUX\u00cdLIOTRANSPORTE R$ 9.900,00<br \/>\nDESPESAS DE EXERC\u00cdCIOS ANTERIORES R$ 100.00,00<br \/>\nLOCA\u00c7\u00c3O DE M\u00c3O-DE-OBRAS R$ 5.000,00<br \/>\nOUTROS SERVI\u00c7OS DE TERCEIROS-PESSOA JUR\u00cdDICA R$ 5.000,00<br \/>\nEQUIPAMENTOS E MATERIAL PERMANENTE R$ 55.000,00<\/p>\n<p style=\"text-align: justify;\"><strong>Publicidade de eventos e a\u00e7\u00f5es do governo<\/strong><br \/>\nMATERIAL DE CONSUMO R$ 500.000,00<br \/>\nOUTROS SERVI\u00c7OS DE TERCEIROS-PESSOA F\u00cdSICA R$ 5.000,00<br \/>\nOUTROS SERVI\u00c7OS DE TERCEIROS-PESSOA JUR\u00cdDICA R$ 12.000.000,00<br \/>\nOBRIGA\u00c7\u00d5ES TRIBUT\u00c1RIAS E CONTRIBUTIVAS R$ 5.000,00<br \/>\nDESPESAS DE ECERC\u00cdCIOS ANTEROIRES R$ 400.000,00<\/p>\n<p style=\"text-align: justify;\">TOTAL R$ 16.287.200,00<\/p>\n<p style=\"text-align: justify;\"><strong>Previs\u00e3o or\u00e7ament\u00e1ria de Canoas em 2015<\/strong><\/p>\n<p style=\"text-align: justify;\">\u00d3RG\u00c3OS TOTAL (R$)<br \/>\nCM 35.500.00,00<br \/>\nGabinete do Prefeito (GP) 34.262.200,00<br \/>\nProcuradoria Geral do Munic\u00edpio (PGM) 10.602.705,00<br \/>\nControladoria Geral do Munic\u00edpio (CGM) 2.221.900,00<br \/>\nSecretaria de Comunica\u00e7\u00e3o (Secom) 16.287.200,00<br \/>\nSec. Mun. de Projetos Especiais, Capita\u00e7\u00e3o e Inova\u00e7\u00e3o (SMPECI) 7.545.500,00<br \/>\nSec. Mun. Planejamento e Gest\u00e3o (SMPG) 40.258.500,00<br \/>\nSec. Mun. da Fazenda (SMF) 86.738.630,00<br \/>\nSec. Mun. Rela\u00e7\u00f5es Institucionais (SMRI) 4.396.000,00<br \/>\nSec. Mun. de Educa\u00e7\u00e3o (SME) 236.906.945,00<br \/>\nSec. Mun. de Esporte e Lazer (SMEL) 22.784.018,00<br \/>\nSec. Mun. de Meio Ambiente (SMMA) 45.454.551,00<br \/>\nSec. Mun. Desenvolvimento Social (SMDS) 22.093.860,00<br \/>\nSec. Mun. de Sa\u00fade (SMS) 443.251.153,00<br \/>\nSec. Mun. Desenvolvimento Econ\u00f4mico (SMDE) 23.676.200,00<br \/>\nSec. Mun. de Desenvolvimento Urbano e Habita\u00e7\u00e3o (SMDUH) 17.248.446,00<br \/>\nSec. Mun. de Obras (SMO) 118.387.671,00<br \/>\nSec. Mun. de Transporte e Mobilidade (SMTM) 93.419.100,00<br \/>\nSec. Mun. de Servi\u00e7os Urbanos (SMSU) 59.344.600,00<br \/>\nSec. Mun. de Cultura (SMC) 21.162.600,00<br \/>\nSec. Mun. de Seguran\u00e7a P\u00fablica e Cidadania (SMSPC) 52.507.482,00<br \/>\nEEA 2.884.490,00<br \/>\nInstituto Canoas XXI 889.300,00<br \/>\nRC 16.000.000,00<br \/>\nCanoasPrev 153.244.000,00<br \/>\nTOTAL 1.167.067.051,00<\/p>\n","protected":false},"excerpt":{"rendered":"<p>Dos R$ 12 milh\u00f5es pretendidos pelo governo em publicidade (an\u00fancios em jornais, r\u00e1dios e TVs) em 2015, cerca de R$ 3 milh\u00f5es j\u00e1 est\u00e1 comprometido. O levantamento de nossa equipe apontou que o Executivo paga as ag\u00eancias de publicidade como a Escala Comunica\u00e7\u00f5es e Marketing e a Competence Comunica\u00e7\u00e3o e Marketing que, em cinco meses, [&hellip;]<\/p>\n","protected":false},"author":1,"featured_media":207,"comment_status":"open","ping_status":"open","sticky":false,"template":"","format":"standard","meta":{"amp_status":"","footnotes":""},"categories":[19,20],"tags":[],"class_list":["post-191","post","type-post","status-publish","format-standard","has-post-thumbnail","hentry","category-destaques","category-politica-noticias"],"yoast_head":"<!-- This site is optimized with the Yoast SEO plugin v20.5 - https:\/\/yoast.com\/wordpress\/plugins\/seo\/ -->\n<title>Governo Jairo Jorge gasta R$ 16 milh\u00f5es em propaganda - O Timoneiro Jornal Canoas RS<\/title>\n<meta name=\"robots\" content=\"index, follow, max-snippet:-1, max-image-preview:large, max-video-preview:-1\" \/>\n<link rel=\"canonical\" href=\"https:\/\/jornaltimoneiro.com.br\/index.php\/2015\/05\/22\/governo-jairo-jorge-gasta-r-16-milhoes-em-propaganda\/\" \/>\n<meta property=\"og:locale\" content=\"pt_BR\" \/>\n<meta property=\"og:type\" content=\"article\" \/>\n<meta property=\"og:title\" content=\"Governo Jairo Jorge gasta R$ 16 milh\u00f5es em propaganda - O Timoneiro Jornal Canoas RS\" \/>\n<meta property=\"og:description\" content=\"Dos R$ 12 milh\u00f5es pretendidos pelo governo em publicidade (an\u00fancios em jornais, r\u00e1dios e TVs) em 2015, cerca de R$ 3 milh\u00f5es j\u00e1 est\u00e1 comprometido. O levantamento de nossa equipe apontou que o Executivo paga as ag\u00eancias de publicidade como a Escala Comunica\u00e7\u00f5es e Marketing e a Competence Comunica\u00e7\u00e3o e Marketing que, em cinco meses, [&hellip;]\" \/>\n<meta property=\"og:url\" content=\"https:\/\/jornaltimoneiro.com.br\/index.php\/2015\/05\/22\/governo-jairo-jorge-gasta-r-16-milhoes-em-propaganda\/\" \/>\n<meta property=\"og:site_name\" content=\"O Timoneiro Jornal Canoas RS\" \/>\n<meta property=\"article:publisher\" content=\"https:\/\/www.facebook.com\/jornaltimoneiro\" \/>\n<meta property=\"article:published_time\" content=\"2015-05-22T12:30:20+00:00\" \/>\n<meta name=\"author\" content=\"Reda\u00e7\u00e3o\" \/>\n<meta name=\"twitter:card\" content=\"summary_large_image\" \/>\n<meta name=\"twitter:creator\" content=\"@_OTimoneiro\" \/>\n<meta name=\"twitter:site\" content=\"@_OTimoneiro\" \/>\n<meta name=\"twitter:label1\" content=\"Escrito por\" \/>\n\t<meta name=\"twitter:data1\" content=\"Reda\u00e7\u00e3o\" \/>\n\t<meta name=\"twitter:label2\" content=\"Est. tempo de leitura\" \/>\n\t<meta name=\"twitter:data2\" content=\"7 minutos\" \/>\n<script type=\"application\/ld+json\" class=\"yoast-schema-graph\">{\"@context\":\"https:\/\/schema.org\",\"@graph\":[{\"@type\":\"Article\",\"@id\":\"https:\/\/jornaltimoneiro.com.br\/index.php\/2015\/05\/22\/governo-jairo-jorge-gasta-r-16-milhoes-em-propaganda\/#article\",\"isPartOf\":{\"@id\":\"https:\/\/jornaltimoneiro.com.br\/index.php\/2015\/05\/22\/governo-jairo-jorge-gasta-r-16-milhoes-em-propaganda\/\"},\"author\":{\"name\":\"Reda\u00e7\u00e3o\",\"@id\":\"https:\/\/jornaltimoneiro.com.br\/#\/schema\/person\/620efd1d8244466117482be494360b08\"},\"headline\":\"Governo Jairo Jorge gasta R$ 16 milh\u00f5es em propaganda\",\"datePublished\":\"2015-05-22T12:30:20+00:00\",\"dateModified\":\"2015-05-22T12:30:20+00:00\",\"mainEntityOfPage\":{\"@id\":\"https:\/\/jornaltimoneiro.com.br\/index.php\/2015\/05\/22\/governo-jairo-jorge-gasta-r-16-milhoes-em-propaganda\/\"},\"wordCount\":1365,\"commentCount\":0,\"publisher\":{\"@id\":\"https:\/\/jornaltimoneiro.com.br\/#organization\"},\"articleSection\":[\"Destaques\",\"Pol\u00edtica\"],\"inLanguage\":\"pt-BR\",\"potentialAction\":[{\"@type\":\"CommentAction\",\"name\":\"Comment\",\"target\":[\"https:\/\/jornaltimoneiro.com.br\/index.php\/2015\/05\/22\/governo-jairo-jorge-gasta-r-16-milhoes-em-propaganda\/#respond\"]}]},{\"@type\":\"WebPage\",\"@id\":\"https:\/\/jornaltimoneiro.com.br\/index.php\/2015\/05\/22\/governo-jairo-jorge-gasta-r-16-milhoes-em-propaganda\/\",\"url\":\"https:\/\/jornaltimoneiro.com.br\/index.php\/2015\/05\/22\/governo-jairo-jorge-gasta-r-16-milhoes-em-propaganda\/\",\"name\":\"Governo Jairo Jorge gasta R$ 16 milh\u00f5es em propaganda - O Timoneiro Jornal Canoas RS\",\"isPartOf\":{\"@id\":\"https:\/\/jornaltimoneiro.com.br\/#website\"},\"datePublished\":\"2015-05-22T12:30:20+00:00\",\"dateModified\":\"2015-05-22T12:30:20+00:00\",\"breadcrumb\":{\"@id\":\"https:\/\/jornaltimoneiro.com.br\/index.php\/2015\/05\/22\/governo-jairo-jorge-gasta-r-16-milhoes-em-propaganda\/#breadcrumb\"},\"inLanguage\":\"pt-BR\",\"potentialAction\":[{\"@type\":\"ReadAction\",\"target\":[\"https:\/\/jornaltimoneiro.com.br\/index.php\/2015\/05\/22\/governo-jairo-jorge-gasta-r-16-milhoes-em-propaganda\/\"]}]},{\"@type\":\"BreadcrumbList\",\"@id\":\"https:\/\/jornaltimoneiro.com.br\/index.php\/2015\/05\/22\/governo-jairo-jorge-gasta-r-16-milhoes-em-propaganda\/#breadcrumb\",\"itemListElement\":[{\"@type\":\"ListItem\",\"position\":1,\"name\":\"In\u00edcio\",\"item\":\"https:\/\/jornaltimoneiro.com.br\/\"},{\"@type\":\"ListItem\",\"position\":2,\"name\":\"Governo Jairo Jorge gasta R$ 16 milh\u00f5es em propaganda\"}]},{\"@type\":\"WebSite\",\"@id\":\"https:\/\/jornaltimoneiro.com.br\/#website\",\"url\":\"https:\/\/jornaltimoneiro.com.br\/\",\"name\":\"Jornal Timoneiro Canoas RS\",\"description\":\"Jornal O Timoneiro, o verdadeiro jornal de Canoas\",\"publisher\":{\"@id\":\"https:\/\/jornaltimoneiro.com.br\/#organization\"},\"potentialAction\":[{\"@type\":\"SearchAction\",\"target\":{\"@type\":\"EntryPoint\",\"urlTemplate\":\"https:\/\/jornaltimoneiro.com.br\/?s={search_term_string}\"},\"query-input\":\"required name=search_term_string\"}],\"inLanguage\":\"pt-BR\"},{\"@type\":\"Organization\",\"@id\":\"https:\/\/jornaltimoneiro.com.br\/#organization\",\"name\":\"Jornal Timoneiro Canoas RS\",\"url\":\"https:\/\/jornaltimoneiro.com.br\/\",\"logo\":{\"@type\":\"ImageObject\",\"inLanguage\":\"pt-BR\",\"@id\":\"https:\/\/jornaltimoneiro.com.br\/#\/schema\/logo\/image\/\",\"url\":\"https:\/\/jornaltimoneiro.com.br\/wp-content\/uploads\/2023\/03\/logonovo.png\",\"contentUrl\":\"https:\/\/jornaltimoneiro.com.br\/wp-content\/uploads\/2023\/03\/logonovo.png\",\"width\":\"469\",\"height\":\"171\",\"caption\":\"Jornal Timoneiro Canoas RS\"},\"image\":{\"@id\":\"https:\/\/jornaltimoneiro.com.br\/#\/schema\/logo\/image\/\"},\"sameAs\":[\"https:\/\/www.facebook.com\/jornaltimoneiro\",\"https:\/\/twitter.com\/_OTimoneiro\",\"https:\/\/www.instagram.com\/jornaltimoneirocanoas\/\",\"https:\/\/www.youtube.com\/@jornalotimoneiro7927\"]},{\"@type\":\"Person\",\"@id\":\"https:\/\/jornaltimoneiro.com.br\/#\/schema\/person\/620efd1d8244466117482be494360b08\",\"name\":\"Reda\u00e7\u00e3o\",\"image\":{\"@type\":\"ImageObject\",\"inLanguage\":\"pt-BR\",\"@id\":\"https:\/\/jornaltimoneiro.com.br\/#\/schema\/person\/image\/\",\"url\":\"https:\/\/secure.gravatar.com\/avatar\/2f04e1b304682a8d9db336c7acd77f08?s=96&d=mm&r=g\",\"contentUrl\":\"https:\/\/secure.gravatar.com\/avatar\/2f04e1b304682a8d9db336c7acd77f08?s=96&d=mm&r=g\",\"caption\":\"Reda\u00e7\u00e3o\"},\"url\":\"https:\/\/jornaltimoneiro.com.br\/index.php\/author\/timoneirocanoas\/\"}]}<\/script>\n<!-- \/ Yoast SEO plugin. -->","yoast_head_json":{"title":"Governo Jairo Jorge gasta R$ 16 milh\u00f5es em propaganda - O Timoneiro Jornal Canoas RS","robots":{"index":"index","follow":"follow","max-snippet":"max-snippet:-1","max-image-preview":"max-image-preview:large","max-video-preview":"max-video-preview:-1"},"canonical":"https:\/\/jornaltimoneiro.com.br\/index.php\/2015\/05\/22\/governo-jairo-jorge-gasta-r-16-milhoes-em-propaganda\/","og_locale":"pt_BR","og_type":"article","og_title":"Governo Jairo Jorge gasta R$ 16 milh\u00f5es em propaganda - O Timoneiro Jornal Canoas RS","og_description":"Dos R$ 12 milh\u00f5es pretendidos pelo governo em publicidade (an\u00fancios em jornais, r\u00e1dios e TVs) em 2015, cerca de R$ 3 milh\u00f5es j\u00e1 est\u00e1 comprometido. O levantamento de nossa equipe apontou que o Executivo paga as ag\u00eancias de publicidade como a Escala Comunica\u00e7\u00f5es e Marketing e a Competence Comunica\u00e7\u00e3o e Marketing que, em cinco meses, [&hellip;]","og_url":"https:\/\/jornaltimoneiro.com.br\/index.php\/2015\/05\/22\/governo-jairo-jorge-gasta-r-16-milhoes-em-propaganda\/","og_site_name":"O Timoneiro Jornal Canoas RS","article_publisher":"https:\/\/www.facebook.com\/jornaltimoneiro","article_published_time":"2015-05-22T12:30:20+00:00","author":"Reda\u00e7\u00e3o","twitter_card":"summary_large_image","twitter_creator":"@_OTimoneiro","twitter_site":"@_OTimoneiro","twitter_misc":{"Escrito por":"Reda\u00e7\u00e3o","Est. tempo de leitura":"7 minutos"},"schema":{"@context":"https:\/\/schema.org","@graph":[{"@type":"Article","@id":"https:\/\/jornaltimoneiro.com.br\/index.php\/2015\/05\/22\/governo-jairo-jorge-gasta-r-16-milhoes-em-propaganda\/#article","isPartOf":{"@id":"https:\/\/jornaltimoneiro.com.br\/index.php\/2015\/05\/22\/governo-jairo-jorge-gasta-r-16-milhoes-em-propaganda\/"},"author":{"name":"Reda\u00e7\u00e3o","@id":"https:\/\/jornaltimoneiro.com.br\/#\/schema\/person\/620efd1d8244466117482be494360b08"},"headline":"Governo Jairo Jorge gasta R$ 16 milh\u00f5es em propaganda","datePublished":"2015-05-22T12:30:20+00:00","dateModified":"2015-05-22T12:30:20+00:00","mainEntityOfPage":{"@id":"https:\/\/jornaltimoneiro.com.br\/index.php\/2015\/05\/22\/governo-jairo-jorge-gasta-r-16-milhoes-em-propaganda\/"},"wordCount":1365,"commentCount":0,"publisher":{"@id":"https:\/\/jornaltimoneiro.com.br\/#organization"},"articleSection":["Destaques","Pol\u00edtica"],"inLanguage":"pt-BR","potentialAction":[{"@type":"CommentAction","name":"Comment","target":["https:\/\/jornaltimoneiro.com.br\/index.php\/2015\/05\/22\/governo-jairo-jorge-gasta-r-16-milhoes-em-propaganda\/#respond"]}]},{"@type":"WebPage","@id":"https:\/\/jornaltimoneiro.com.br\/index.php\/2015\/05\/22\/governo-jairo-jorge-gasta-r-16-milhoes-em-propaganda\/","url":"https:\/\/jornaltimoneiro.com.br\/index.php\/2015\/05\/22\/governo-jairo-jorge-gasta-r-16-milhoes-em-propaganda\/","name":"Governo Jairo Jorge gasta R$ 16 milh\u00f5es em propaganda - O Timoneiro Jornal Canoas RS","isPartOf":{"@id":"https:\/\/jornaltimoneiro.com.br\/#website"},"datePublished":"2015-05-22T12:30:20+00:00","dateModified":"2015-05-22T12:30:20+00:00","breadcrumb":{"@id":"https:\/\/jornaltimoneiro.com.br\/index.php\/2015\/05\/22\/governo-jairo-jorge-gasta-r-16-milhoes-em-propaganda\/#breadcrumb"},"inLanguage":"pt-BR","potentialAction":[{"@type":"ReadAction","target":["https:\/\/jornaltimoneiro.com.br\/index.php\/2015\/05\/22\/governo-jairo-jorge-gasta-r-16-milhoes-em-propaganda\/"]}]},{"@type":"BreadcrumbList","@id":"https:\/\/jornaltimoneiro.com.br\/index.php\/2015\/05\/22\/governo-jairo-jorge-gasta-r-16-milhoes-em-propaganda\/#breadcrumb","itemListElement":[{"@type":"ListItem","position":1,"name":"In\u00edcio","item":"https:\/\/jornaltimoneiro.com.br\/"},{"@type":"ListItem","position":2,"name":"Governo Jairo Jorge gasta R$ 16 milh\u00f5es em propaganda"}]},{"@type":"WebSite","@id":"https:\/\/jornaltimoneiro.com.br\/#website","url":"https:\/\/jornaltimoneiro.com.br\/","name":"Jornal Timoneiro Canoas RS","description":"Jornal O Timoneiro, o verdadeiro jornal de Canoas","publisher":{"@id":"https:\/\/jornaltimoneiro.com.br\/#organization"},"potentialAction":[{"@type":"SearchAction","target":{"@type":"EntryPoint","urlTemplate":"https:\/\/jornaltimoneiro.com.br\/?s={search_term_string}"},"query-input":"required name=search_term_string"}],"inLanguage":"pt-BR"},{"@type":"Organization","@id":"https:\/\/jornaltimoneiro.com.br\/#organization","name":"Jornal Timoneiro Canoas RS","url":"https:\/\/jornaltimoneiro.com.br\/","logo":{"@type":"ImageObject","inLanguage":"pt-BR","@id":"https:\/\/jornaltimoneiro.com.br\/#\/schema\/logo\/image\/","url":"https:\/\/jornaltimoneiro.com.br\/wp-content\/uploads\/2023\/03\/logonovo.png","contentUrl":"https:\/\/jornaltimoneiro.com.br\/wp-content\/uploads\/2023\/03\/logonovo.png","width":"469","height":"171","caption":"Jornal Timoneiro Canoas RS"},"image":{"@id":"https:\/\/jornaltimoneiro.com.br\/#\/schema\/logo\/image\/"},"sameAs":["https:\/\/www.facebook.com\/jornaltimoneiro","https:\/\/twitter.com\/_OTimoneiro","https:\/\/www.instagram.com\/jornaltimoneirocanoas\/","https:\/\/www.youtube.com\/@jornalotimoneiro7927"]},{"@type":"Person","@id":"https:\/\/jornaltimoneiro.com.br\/#\/schema\/person\/620efd1d8244466117482be494360b08","name":"Reda\u00e7\u00e3o","image":{"@type":"ImageObject","inLanguage":"pt-BR","@id":"https:\/\/jornaltimoneiro.com.br\/#\/schema\/person\/image\/","url":"https:\/\/secure.gravatar.com\/avatar\/2f04e1b304682a8d9db336c7acd77f08?s=96&d=mm&r=g","contentUrl":"https:\/\/secure.gravatar.com\/avatar\/2f04e1b304682a8d9db336c7acd77f08?s=96&d=mm&r=g","caption":"Reda\u00e7\u00e3o"},"url":"https:\/\/jornaltimoneiro.com.br\/index.php\/author\/timoneirocanoas\/"}]}},"_links":{"self":[{"href":"https:\/\/jornaltimoneiro.com.br\/index.php\/wp-json\/wp\/v2\/posts\/191"}],"collection":[{"href":"https:\/\/jornaltimoneiro.com.br\/index.php\/wp-json\/wp\/v2\/posts"}],"about":[{"href":"https:\/\/jornaltimoneiro.com.br\/index.php\/wp-json\/wp\/v2\/types\/post"}],"author":[{"embeddable":true,"href":"https:\/\/jornaltimoneiro.com.br\/index.php\/wp-json\/wp\/v2\/users\/1"}],"replies":[{"embeddable":true,"href":"https:\/\/jornaltimoneiro.com.br\/index.php\/wp-json\/wp\/v2\/comments?post=191"}],"version-history":[{"count":0,"href":"https:\/\/jornaltimoneiro.com.br\/index.php\/wp-json\/wp\/v2\/posts\/191\/revisions"}],"wp:featuredmedia":[{"embeddable":true,"href":"https:\/\/jornaltimoneiro.com.br\/index.php\/wp-json\/"}],"wp:attachment":[{"href":"https:\/\/jornaltimoneiro.com.br\/index.php\/wp-json\/wp\/v2\/media?parent=191"}],"wp:term":[{"taxonomy":"category","embeddable":true,"href":"https:\/\/jornaltimoneiro.com.br\/index.php\/wp-json\/wp\/v2\/categories?post=191"},{"taxonomy":"post_tag","embeddable":true,"href":"https:\/\/jornaltimoneiro.com.br\/index.php\/wp-json\/wp\/v2\/tags?post=191"}],"curies":[{"name":"wp","href":"https:\/\/api.w.org\/{rel}","templated":true}]}}