{"id":19050,"date":"2021-03-10T14:27:23","date_gmt":"2021-03-10T17:27:23","guid":{"rendered":"https:\/\/jornaltimoneiro.com.br\/?p=19050"},"modified":"2021-03-12T10:58:21","modified_gmt":"2021-03-12T13:58:21","slug":"rio-grande-do-sul-recebe-mais-1878-mil-doses-de-coronavac","status":"publish","type":"post","link":"https:\/\/jornaltimoneiro.com.br\/index.php\/2021\/03\/10\/rio-grande-do-sul-recebe-mais-1878-mil-doses-de-coronavac\/","title":{"rendered":"Rio Grande do Sul recebe mais 187,8 mil doses de CoronaVac"},"content":{"rendered":"<p>Chegou ao Estado na noite desta ter\u00e7a-feira, 9, a oitava remessa de vacinas contra a Covid-19. Um avi\u00e3o de linha comercial trouxe 187,8 mil doses da Coronavac, do Instituto Butantan.<\/p>\n<p>As doses ser\u00e3o destinadas aos profissionais de sa\u00fade e para dar continuidade \u00e0 vacina\u00e7\u00e3o de idosos. At\u00e9 o momento, o Rio Grande do Sul j\u00e1 recebeu do Minist\u00e9rio da Sa\u00fade 1,09 milh\u00e3o de vacinas, entre Coronavac e Oxford\/AstraZeneca.<\/p>\n<p>Os imunizantes foram distribu\u00eddos aos munic\u00edpios de forma igualit\u00e1ria, seguindo a popula\u00e7\u00e3o dos grupos priorit\u00e1rios.<\/p>\n<p>At\u00e9 o in\u00edcio da tarde da ter\u00e7a-feira, 9, o\u00a0painel de acompanhamento da vacina\u00e7\u00e3o no Estado\u00a0registrava 558 mil doses aplicadas na primeira vacina\u00e7\u00e3o, e 143,9 mil pessoas que j\u00e1 receberam a segunda aplica\u00e7\u00e3o.<\/p>\n<p><strong>Profissionais de Canoas<\/strong><\/p>\n<p>Segue a aplica\u00e7\u00e3o da segunda dose para os profissionais de sa\u00fade vacinados no mutir\u00e3o realizado pela Secretaria Municipal da Sa\u00fade no dia 13 de fevereiro, no Hospital Universit\u00e1rio. O refor\u00e7o para esse p\u00fablico est\u00e1 dispon\u00edvel na Sala de Imuniza\u00e7\u00e3o do HU (Av. Farroupilha, 8001, Bairro S\u00e3o Jos\u00e9), mediante agendamento dispon\u00edvel pelo formul\u00e1rio<a href=\"https:\/\/forms.gle\/VcarrpZfoum4yYqw7\">\u00a0https:\/\/forms.gle\/VcarrpZfoum4yYqw7<\/a>.<\/p>\n","protected":false},"excerpt":{"rendered":"<p>Chegou ao Estado na noite desta ter\u00e7a-feira, 9, a oitava remessa de vacinas contra a Covid-19. Um avi\u00e3o de linha comercial trouxe 187,8 mil doses da Coronavac, do Instituto Butantan. As doses ser\u00e3o destinadas aos profissionais de sa\u00fade e para dar continuidade \u00e0 vacina\u00e7\u00e3o de idosos. At\u00e9 o momento, o Rio Grande do Sul j\u00e1 [&hellip;]<\/p>\n","protected":false},"author":2,"featured_media":19051,"comment_status":"open","ping_status":"open","sticky":false,"template":"","format":"standard","meta":{"amp_status":"","footnotes":""},"categories":[26],"tags":[],"class_list":["post-19050","post","type-post","status-publish","format-standard","has-post-thumbnail","hentry","category-saude"],"yoast_head":"<!-- This site is optimized with the Yoast SEO plugin v20.5 - https:\/\/yoast.com\/wordpress\/plugins\/seo\/ -->\n<title>Rio Grande do Sul recebe mais 187,8 mil doses de CoronaVac - O Timoneiro Jornal Canoas RS<\/title>\n<meta name=\"robots\" content=\"index, follow, max-snippet:-1, max-image-preview:large, max-video-preview:-1\" \/>\n<link rel=\"canonical\" href=\"https:\/\/jornaltimoneiro.com.br\/index.php\/2021\/03\/10\/rio-grande-do-sul-recebe-mais-1878-mil-doses-de-coronavac\/\" \/>\n<meta property=\"og:locale\" content=\"pt_BR\" \/>\n<meta property=\"og:type\" content=\"article\" \/>\n<meta property=\"og:title\" content=\"Rio Grande do Sul recebe mais 187,8 mil doses de CoronaVac - O Timoneiro Jornal Canoas RS\" \/>\n<meta property=\"og:description\" content=\"Chegou ao Estado na noite desta ter\u00e7a-feira, 9, a oitava remessa de vacinas contra a Covid-19. Um avi\u00e3o de linha comercial trouxe 187,8 mil doses da Coronavac, do Instituto Butantan. As doses ser\u00e3o destinadas aos profissionais de sa\u00fade e para dar continuidade \u00e0 vacina\u00e7\u00e3o de idosos. At\u00e9 o momento, o Rio Grande do Sul j\u00e1 [&hellip;]\" \/>\n<meta property=\"og:url\" content=\"https:\/\/jornaltimoneiro.com.br\/index.php\/2021\/03\/10\/rio-grande-do-sul-recebe-mais-1878-mil-doses-de-coronavac\/\" \/>\n<meta property=\"og:site_name\" content=\"O Timoneiro Jornal Canoas RS\" \/>\n<meta property=\"article:publisher\" content=\"https:\/\/www.facebook.com\/jornaltimoneiro\" \/>\n<meta property=\"article:published_time\" content=\"2021-03-10T17:27:23+00:00\" \/>\n<meta property=\"article:modified_time\" content=\"2021-03-12T13:58:21+00:00\" \/>\n<meta property=\"og:image\" content=\"https:\/\/jornaltimoneiro.com.br\/wp-content\/uploads\/2021\/03\/unnamed-1.jpg\" \/>\n\t<meta property=\"og:image:width\" content=\"900\" \/>\n\t<meta property=\"og:image:height\" content=\"506\" \/>\n\t<meta property=\"og:image:type\" content=\"image\/jpeg\" \/>\n<meta name=\"author\" content=\"Reda\u00e7\u00e3o\" \/>\n<meta name=\"twitter:card\" content=\"summary_large_image\" \/>\n<meta name=\"twitter:creator\" content=\"@_OTimoneiro\" \/>\n<meta name=\"twitter:site\" content=\"@_OTimoneiro\" \/>\n<meta name=\"twitter:label1\" content=\"Escrito por\" \/>\n\t<meta name=\"twitter:data1\" content=\"Reda\u00e7\u00e3o\" \/>\n\t<meta name=\"twitter:label2\" content=\"Est. tempo de leitura\" \/>\n\t<meta name=\"twitter:data2\" content=\"1 minuto\" \/>\n<script type=\"application\/ld+json\" class=\"yoast-schema-graph\">{\"@context\":\"https:\/\/schema.org\",\"@graph\":[{\"@type\":\"Article\",\"@id\":\"https:\/\/jornaltimoneiro.com.br\/index.php\/2021\/03\/10\/rio-grande-do-sul-recebe-mais-1878-mil-doses-de-coronavac\/#article\",\"isPartOf\":{\"@id\":\"https:\/\/jornaltimoneiro.com.br\/index.php\/2021\/03\/10\/rio-grande-do-sul-recebe-mais-1878-mil-doses-de-coronavac\/\"},\"author\":{\"name\":\"Reda\u00e7\u00e3o\",\"@id\":\"https:\/\/jornaltimoneiro.com.br\/#\/schema\/person\/f63482f1a02b1a9592707865e509ab40\"},\"headline\":\"Rio Grande do Sul recebe mais 187,8 mil doses de CoronaVac\",\"datePublished\":\"2021-03-10T17:27:23+00:00\",\"dateModified\":\"2021-03-12T13:58:21+00:00\",\"mainEntityOfPage\":{\"@id\":\"https:\/\/jornaltimoneiro.com.br\/index.php\/2021\/03\/10\/rio-grande-do-sul-recebe-mais-1878-mil-doses-de-coronavac\/\"},\"wordCount\":209,\"commentCount\":0,\"publisher\":{\"@id\":\"https:\/\/jornaltimoneiro.com.br\/#organization\"},\"articleSection\":[\"Sa\u00fade\"],\"inLanguage\":\"pt-BR\",\"potentialAction\":[{\"@type\":\"CommentAction\",\"name\":\"Comment\",\"target\":[\"https:\/\/jornaltimoneiro.com.br\/index.php\/2021\/03\/10\/rio-grande-do-sul-recebe-mais-1878-mil-doses-de-coronavac\/#respond\"]}]},{\"@type\":\"WebPage\",\"@id\":\"https:\/\/jornaltimoneiro.com.br\/index.php\/2021\/03\/10\/rio-grande-do-sul-recebe-mais-1878-mil-doses-de-coronavac\/\",\"url\":\"https:\/\/jornaltimoneiro.com.br\/index.php\/2021\/03\/10\/rio-grande-do-sul-recebe-mais-1878-mil-doses-de-coronavac\/\",\"name\":\"Rio Grande do Sul recebe mais 187,8 mil doses de CoronaVac - O Timoneiro Jornal Canoas RS\",\"isPartOf\":{\"@id\":\"https:\/\/jornaltimoneiro.com.br\/#website\"},\"datePublished\":\"2021-03-10T17:27:23+00:00\",\"dateModified\":\"2021-03-12T13:58:21+00:00\",\"breadcrumb\":{\"@id\":\"https:\/\/jornaltimoneiro.com.br\/index.php\/2021\/03\/10\/rio-grande-do-sul-recebe-mais-1878-mil-doses-de-coronavac\/#breadcrumb\"},\"inLanguage\":\"pt-BR\",\"potentialAction\":[{\"@type\":\"ReadAction\",\"target\":[\"https:\/\/jornaltimoneiro.com.br\/index.php\/2021\/03\/10\/rio-grande-do-sul-recebe-mais-1878-mil-doses-de-coronavac\/\"]}]},{\"@type\":\"BreadcrumbList\",\"@id\":\"https:\/\/jornaltimoneiro.com.br\/index.php\/2021\/03\/10\/rio-grande-do-sul-recebe-mais-1878-mil-doses-de-coronavac\/#breadcrumb\",\"itemListElement\":[{\"@type\":\"ListItem\",\"position\":1,\"name\":\"In\u00edcio\",\"item\":\"https:\/\/jornaltimoneiro.com.br\/\"},{\"@type\":\"ListItem\",\"position\":2,\"name\":\"Rio Grande do Sul recebe mais 187,8 mil doses de CoronaVac\"}]},{\"@type\":\"WebSite\",\"@id\":\"https:\/\/jornaltimoneiro.com.br\/#website\",\"url\":\"https:\/\/jornaltimoneiro.com.br\/\",\"name\":\"Jornal Timoneiro Canoas RS\",\"description\":\"Jornal O Timoneiro, o verdadeiro jornal de Canoas\",\"publisher\":{\"@id\":\"https:\/\/jornaltimoneiro.com.br\/#organization\"},\"potentialAction\":[{\"@type\":\"SearchAction\",\"target\":{\"@type\":\"EntryPoint\",\"urlTemplate\":\"https:\/\/jornaltimoneiro.com.br\/?s={search_term_string}\"},\"query-input\":\"required name=search_term_string\"}],\"inLanguage\":\"pt-BR\"},{\"@type\":\"Organization\",\"@id\":\"https:\/\/jornaltimoneiro.com.br\/#organization\",\"name\":\"Jornal Timoneiro Canoas RS\",\"url\":\"https:\/\/jornaltimoneiro.com.br\/\",\"logo\":{\"@type\":\"ImageObject\",\"inLanguage\":\"pt-BR\",\"@id\":\"https:\/\/jornaltimoneiro.com.br\/#\/schema\/logo\/image\/\",\"url\":\"https:\/\/jornaltimoneiro.com.br\/wp-content\/uploads\/2023\/03\/logonovo.png\",\"contentUrl\":\"https:\/\/jornaltimoneiro.com.br\/wp-content\/uploads\/2023\/03\/logonovo.png\",\"width\":\"469\",\"height\":\"171\",\"caption\":\"Jornal Timoneiro Canoas RS\"},\"image\":{\"@id\":\"https:\/\/jornaltimoneiro.com.br\/#\/schema\/logo\/image\/\"},\"sameAs\":[\"https:\/\/www.facebook.com\/jornaltimoneiro\",\"https:\/\/twitter.com\/_OTimoneiro\",\"https:\/\/www.instagram.com\/jornaltimoneirocanoas\/\",\"https:\/\/www.youtube.com\/@jornalotimoneiro7927\"]},{\"@type\":\"Person\",\"@id\":\"https:\/\/jornaltimoneiro.com.br\/#\/schema\/person\/f63482f1a02b1a9592707865e509ab40\",\"name\":\"Reda\u00e7\u00e3o\",\"image\":{\"@type\":\"ImageObject\",\"inLanguage\":\"pt-BR\",\"@id\":\"https:\/\/jornaltimoneiro.com.br\/#\/schema\/person\/image\/\",\"url\":\"https:\/\/jornaltimoneiro.com.br\/wp-content\/uploads\/2023\/03\/download.jpeg\",\"contentUrl\":\"https:\/\/jornaltimoneiro.com.br\/wp-content\/uploads\/2023\/03\/download.jpeg\",\"caption\":\"Reda\u00e7\u00e3o\"},\"url\":\"https:\/\/jornaltimoneiro.com.br\/index.php\/author\/simone-dutra\/\"}]}<\/script>\n<!-- \/ Yoast SEO plugin. -->","yoast_head_json":{"title":"Rio Grande do Sul recebe mais 187,8 mil doses de CoronaVac - O Timoneiro Jornal Canoas RS","robots":{"index":"index","follow":"follow","max-snippet":"max-snippet:-1","max-image-preview":"max-image-preview:large","max-video-preview":"max-video-preview:-1"},"canonical":"https:\/\/jornaltimoneiro.com.br\/index.php\/2021\/03\/10\/rio-grande-do-sul-recebe-mais-1878-mil-doses-de-coronavac\/","og_locale":"pt_BR","og_type":"article","og_title":"Rio Grande do Sul recebe mais 187,8 mil doses de CoronaVac - O Timoneiro Jornal Canoas RS","og_description":"Chegou ao Estado na noite desta ter\u00e7a-feira, 9, a oitava remessa de vacinas contra a Covid-19. Um avi\u00e3o de linha comercial trouxe 187,8 mil doses da Coronavac, do Instituto Butantan. As doses ser\u00e3o destinadas aos profissionais de sa\u00fade e para dar continuidade \u00e0 vacina\u00e7\u00e3o de idosos. At\u00e9 o momento, o Rio Grande do Sul j\u00e1 [&hellip;]","og_url":"https:\/\/jornaltimoneiro.com.br\/index.php\/2021\/03\/10\/rio-grande-do-sul-recebe-mais-1878-mil-doses-de-coronavac\/","og_site_name":"O Timoneiro Jornal Canoas RS","article_publisher":"https:\/\/www.facebook.com\/jornaltimoneiro","article_published_time":"2021-03-10T17:27:23+00:00","article_modified_time":"2021-03-12T13:58:21+00:00","og_image":[{"width":"900","height":"506","url":"https:\/\/jornaltimoneiro.com.br\/wp-content\/uploads\/2021\/03\/unnamed-1.jpg","type":"image\/jpeg"}],"author":"Reda\u00e7\u00e3o","twitter_card":"summary_large_image","twitter_creator":"@_OTimoneiro","twitter_site":"@_OTimoneiro","twitter_misc":{"Escrito por":"Reda\u00e7\u00e3o","Est. tempo de leitura":"1 minuto"},"schema":{"@context":"https:\/\/schema.org","@graph":[{"@type":"Article","@id":"https:\/\/jornaltimoneiro.com.br\/index.php\/2021\/03\/10\/rio-grande-do-sul-recebe-mais-1878-mil-doses-de-coronavac\/#article","isPartOf":{"@id":"https:\/\/jornaltimoneiro.com.br\/index.php\/2021\/03\/10\/rio-grande-do-sul-recebe-mais-1878-mil-doses-de-coronavac\/"},"author":{"name":"Reda\u00e7\u00e3o","@id":"https:\/\/jornaltimoneiro.com.br\/#\/schema\/person\/f63482f1a02b1a9592707865e509ab40"},"headline":"Rio Grande do Sul recebe mais 187,8 mil doses de CoronaVac","datePublished":"2021-03-10T17:27:23+00:00","dateModified":"2021-03-12T13:58:21+00:00","mainEntityOfPage":{"@id":"https:\/\/jornaltimoneiro.com.br\/index.php\/2021\/03\/10\/rio-grande-do-sul-recebe-mais-1878-mil-doses-de-coronavac\/"},"wordCount":209,"commentCount":0,"publisher":{"@id":"https:\/\/jornaltimoneiro.com.br\/#organization"},"articleSection":["Sa\u00fade"],"inLanguage":"pt-BR","potentialAction":[{"@type":"CommentAction","name":"Comment","target":["https:\/\/jornaltimoneiro.com.br\/index.php\/2021\/03\/10\/rio-grande-do-sul-recebe-mais-1878-mil-doses-de-coronavac\/#respond"]}]},{"@type":"WebPage","@id":"https:\/\/jornaltimoneiro.com.br\/index.php\/2021\/03\/10\/rio-grande-do-sul-recebe-mais-1878-mil-doses-de-coronavac\/","url":"https:\/\/jornaltimoneiro.com.br\/index.php\/2021\/03\/10\/rio-grande-do-sul-recebe-mais-1878-mil-doses-de-coronavac\/","name":"Rio Grande do Sul recebe mais 187,8 mil doses de CoronaVac - O Timoneiro Jornal Canoas RS","isPartOf":{"@id":"https:\/\/jornaltimoneiro.com.br\/#website"},"datePublished":"2021-03-10T17:27:23+00:00","dateModified":"2021-03-12T13:58:21+00:00","breadcrumb":{"@id":"https:\/\/jornaltimoneiro.com.br\/index.php\/2021\/03\/10\/rio-grande-do-sul-recebe-mais-1878-mil-doses-de-coronavac\/#breadcrumb"},"inLanguage":"pt-BR","potentialAction":[{"@type":"ReadAction","target":["https:\/\/jornaltimoneiro.com.br\/index.php\/2021\/03\/10\/rio-grande-do-sul-recebe-mais-1878-mil-doses-de-coronavac\/"]}]},{"@type":"BreadcrumbList","@id":"https:\/\/jornaltimoneiro.com.br\/index.php\/2021\/03\/10\/rio-grande-do-sul-recebe-mais-1878-mil-doses-de-coronavac\/#breadcrumb","itemListElement":[{"@type":"ListItem","position":1,"name":"In\u00edcio","item":"https:\/\/jornaltimoneiro.com.br\/"},{"@type":"ListItem","position":2,"name":"Rio Grande do Sul recebe mais 187,8 mil doses de CoronaVac"}]},{"@type":"WebSite","@id":"https:\/\/jornaltimoneiro.com.br\/#website","url":"https:\/\/jornaltimoneiro.com.br\/","name":"Jornal Timoneiro Canoas RS","description":"Jornal O Timoneiro, o verdadeiro jornal de Canoas","publisher":{"@id":"https:\/\/jornaltimoneiro.com.br\/#organization"},"potentialAction":[{"@type":"SearchAction","target":{"@type":"EntryPoint","urlTemplate":"https:\/\/jornaltimoneiro.com.br\/?s={search_term_string}"},"query-input":"required name=search_term_string"}],"inLanguage":"pt-BR"},{"@type":"Organization","@id":"https:\/\/jornaltimoneiro.com.br\/#organization","name":"Jornal Timoneiro Canoas RS","url":"https:\/\/jornaltimoneiro.com.br\/","logo":{"@type":"ImageObject","inLanguage":"pt-BR","@id":"https:\/\/jornaltimoneiro.com.br\/#\/schema\/logo\/image\/","url":"https:\/\/jornaltimoneiro.com.br\/wp-content\/uploads\/2023\/03\/logonovo.png","contentUrl":"https:\/\/jornaltimoneiro.com.br\/wp-content\/uploads\/2023\/03\/logonovo.png","width":"469","height":"171","caption":"Jornal Timoneiro Canoas RS"},"image":{"@id":"https:\/\/jornaltimoneiro.com.br\/#\/schema\/logo\/image\/"},"sameAs":["https:\/\/www.facebook.com\/jornaltimoneiro","https:\/\/twitter.com\/_OTimoneiro","https:\/\/www.instagram.com\/jornaltimoneirocanoas\/","https:\/\/www.youtube.com\/@jornalotimoneiro7927"]},{"@type":"Person","@id":"https:\/\/jornaltimoneiro.com.br\/#\/schema\/person\/f63482f1a02b1a9592707865e509ab40","name":"Reda\u00e7\u00e3o","image":{"@type":"ImageObject","inLanguage":"pt-BR","@id":"https:\/\/jornaltimoneiro.com.br\/#\/schema\/person\/image\/","url":"https:\/\/jornaltimoneiro.com.br\/wp-content\/uploads\/2023\/03\/download.jpeg","contentUrl":"https:\/\/jornaltimoneiro.com.br\/wp-content\/uploads\/2023\/03\/download.jpeg","caption":"Reda\u00e7\u00e3o"},"url":"https:\/\/jornaltimoneiro.com.br\/index.php\/author\/simone-dutra\/"}]}},"_links":{"self":[{"href":"https:\/\/jornaltimoneiro.com.br\/index.php\/wp-json\/wp\/v2\/posts\/19050"}],"collection":[{"href":"https:\/\/jornaltimoneiro.com.br\/index.php\/wp-json\/wp\/v2\/posts"}],"about":[{"href":"https:\/\/jornaltimoneiro.com.br\/index.php\/wp-json\/wp\/v2\/types\/post"}],"author":[{"embeddable":true,"href":"https:\/\/jornaltimoneiro.com.br\/index.php\/wp-json\/wp\/v2\/users\/2"}],"replies":[{"embeddable":true,"href":"https:\/\/jornaltimoneiro.com.br\/index.php\/wp-json\/wp\/v2\/comments?post=19050"}],"version-history":[{"count":2,"href":"https:\/\/jornaltimoneiro.com.br\/index.php\/wp-json\/wp\/v2\/posts\/19050\/revisions"}],"predecessor-version":[{"id":19053,"href":"https:\/\/jornaltimoneiro.com.br\/index.php\/wp-json\/wp\/v2\/posts\/19050\/revisions\/19053"}],"wp:featuredmedia":[{"embeddable":true,"href":"https:\/\/jornaltimoneiro.com.br\/index.php\/wp-json\/wp\/v2\/media\/19051"}],"wp:attachment":[{"href":"https:\/\/jornaltimoneiro.com.br\/index.php\/wp-json\/wp\/v2\/media?parent=19050"}],"wp:term":[{"taxonomy":"category","embeddable":true,"href":"https:\/\/jornaltimoneiro.com.br\/index.php\/wp-json\/wp\/v2\/categories?post=19050"},{"taxonomy":"post_tag","embeddable":true,"href":"https:\/\/jornaltimoneiro.com.br\/index.php\/wp-json\/wp\/v2\/tags?post=19050"}],"curies":[{"name":"wp","href":"https:\/\/api.w.org\/{rel}","templated":true}]}}