{"id":189,"date":"2015-05-22T09:29:08","date_gmt":"2015-05-22T12:29:08","guid":{"rendered":"http:\/\/otimoneiro.com.br\/?p=189"},"modified":"2015-05-22T09:29:08","modified_gmt":"2015-05-22T12:29:08","slug":"canoas-tenis-clube-dribla-incertezas-e-se-renova-aos-55-anos","status":"publish","type":"post","link":"https:\/\/jornaltimoneiro.com.br\/index.php\/2015\/05\/22\/canoas-tenis-clube-dribla-incertezas-e-se-renova-aos-55-anos\/","title":{"rendered":"Canoas T\u00eanis Clube dribla incertezas e se renova aos 55 anos"},"content":{"rendered":"<div id=\"attachment_210\" style=\"width: 474px\" class=\"wp-caption aligncenter\"><a href=\"http:\/\/otimoneiro.com.br\/wp-content\/uploads\/2015\/05\/DSC6961.jpg\"><img decoding=\"async\" aria-describedby=\"caption-attachment-210\" class=\"wp-image-210\" src=\"http:\/\/otimoneiro.com.br\/wp-content\/uploads\/2015\/05\/DSC6961-300x200.jpg\" alt=\"Canoas T\u00eanis Clube\/Foto:Bruno Lara\/OT\" width=\"464\" height=\"309\" \/><\/a><p id=\"caption-attachment-210\" class=\"wp-caption-text\">Canoas T\u00eanis Clube\/Foto:Bruno Lara\/OT<\/p><\/div>\n<p style=\"text-align: center;\"><strong>Marcelo Griza<\/strong><\/p>\n<p style=\"text-align: justify;\">O Canoas T\u00eanis Clube completou, nesta semana, 55 anos de vida. A entidade foi criada em 20 de maio de 1960, por Wilson Dantur. Ele, al\u00e9m de contribuir com a cria\u00e7\u00e3o do clube, entre outros feitos para a cidade, tamb\u00e9m criou, cinco anos mais tarde, o hino canoense. Em sua primeira reuni\u00e3o, foi escolhido o hoje falecido ex-prefeito Hugo Sim\u00f5es Lagranha, entre os 56 participantes.<br \/>\nAt\u00e9 o final dos anos 1990, o movimento cresceu. Foram constru\u00eddas as piscinas ol\u00edmpicas, na d\u00e9cada de 1970, e o gin\u00e1sio, por volta de 1980. Paralelamente a isso, somaram-se outros sal\u00f5es \u2013 um deles recentemente transformado em academia &#8211; e duas quadras de t\u00eanis.<br \/>\nAs mudan\u00e7as dos \u00faltimos anos, tais como a terceiriza\u00e7\u00e3o de diversos dos servi\u00e7os do clube, acompanham a realidade do setor. O n\u00famero de estabelecimentos do tipo vem diminuindo no pa\u00eds, e segundo o ex-presidente Jos\u00e9 Chagas Veloso, a nova presid\u00eancia, comandada por Gercino Ferreira dos Santos, acerta ao continuar nesse processo. \u201cE a gente vem procurando manter a estrutura para que outros neg\u00f3cios prosperem: a academia mal come\u00e7ou, mas j\u00e1 tem um bom movimento.\u201d<br \/>\nSegundo o dirigente, h\u00e1 hoje um forte descr\u00e9dito dos clubes ante a sociedade. \u201cAntigamente, a quest\u00e3o \u00e9 que era mais barato usufruir de facilidades nos clubes do que comprar equipamentos como ar condicionado, piscina&#8230; At\u00e9 o ventilador, no come\u00e7o, l\u00e1 na d\u00e9cada de 60. Hoje em dia n\u00e3o tem mais atrativos para isso, todo mundo usa carro, etc. A sa\u00edda \u00e9 diversificar, oferecer o espa\u00e7o\u201d, explica.<br \/>\nVeloso \u00e9 um dos dirigentes mais importantes da hist\u00f3ria da institui\u00e7\u00e3o, tendo sido presidente por dez mandatos (de 1988 a 1994, e de 1998 a 2013), totalizando 20 anos no comando do Clube.<br \/>\n<a href=\"http:\/\/otimoneiro.com.br\/wp-content\/uploads\/2015\/05\/DSCN3722.jpg\"><img decoding=\"async\" class=\"  wp-image-211 alignleft\" src=\"http:\/\/otimoneiro.com.br\/wp-content\/uploads\/2015\/05\/DSCN3722-300x225.jpg\" alt=\"Quadra de T\u00eanis\" width=\"264\" height=\"198\" \/><\/a>Al\u00e9m da academia Planet Club, outros setores envolvem a cad\u00eancia de \u00e1reas para empresas ou indiv\u00edduos. Al\u00e9m disso, h\u00e1 o usual aluguel do sal\u00e3o nobre, com capacidade para 350, ou do panor\u00e2mico, para 120 pessoas, e da quadra poliesportiva, que pode ser adquirida em di\u00e1rias ou planos mensais (ver box).<br \/>\nAs quadras de t\u00eanis oferecem aulas e torneios organizados pela Triska Santos Tennis (TS Tennis). Os propriet\u00e1rios, os ex-tenistas Matheus Triska e Roger Santos, sentiam falta de um local em Canoas no qual atletas pudessem ser formados, treinar e competir de forma regular. Ambos, enquanto competiam ativamente, sempre treinaram em clubes de Porto Alegre. \u201cE n\u00f3s dois sempre moramos em Canoas\u201d, aponta Santos. \u201cA necessidade a gente v\u00ea com o \u00eaxito que temos com pouco mais de um ano de atividade\u201d, comenta, ao lembrar das conquistas at\u00e9 aqui.<br \/>\nAs atividades da TS no Canoas T\u00eanis Clube come\u00e7aram em abril de 2014. Hoje, al\u00e9m dos 115 alunos de diferentes categorias, h\u00e1 tr\u00eas torneios anuais (dois de simples, em maio e novembro, e outro de duplas, em agosto). Os amistosos aos finais de semana entre eles s\u00e3o tamb\u00e9m incentivados, atrav\u00e9s de um ranking interno. Todo o apoio da equipe levou dois atletas a coloca\u00e7\u00f5es entre os dez melhores do ranking estadual na categoria simples masculino 16 anos (Lucca Baptista e Jo\u00e3o Ceolin, que inclusive finalizaram a temporada 2014 em 1\u00ba e 2\u00ba lugares, respectivamente). Ainda h\u00e1 um projeto social, em parceria com uma ONG, tamb\u00e9m incentivada por Matheus e Roger, com o apoio da Prefeitura e do col\u00e9gio Santos Dumont, onde 64 crian\u00e7as aprendem o esporte. \u201cE ainda temos fila de espera no col\u00e9gio e aqui no clube\u201d, frisa Santos.<\/p>\n<p style=\"text-align: justify;\">H\u00e1 tamb\u00e9m bailes costumeiros no sal\u00e3o nobre. Nas ter\u00e7as, h\u00e1 o chamado Baile dos Quarent\u00f5es, com m\u00fasicas de d\u00e9cadas passadas, das 20 a 1 hora da manh\u00e3. Nas quartas-feiras, \u00e9 a vez do Baile da Maturidade, que ocorre das 15 \u00e0s 19 horas. O p\u00fablico, assim como os organizadores, o casal Nadir e Almin Ant\u00f4nio de Souza, \u00e9 composto de idosos que vem dan\u00e7ar e se divertir. \u201cEu tenho 73, e meu marido, 75\u201d, mostra Nadir. \u201cEstamos h\u00e1 11 anos organizando esse encontro semanal. A pessoa paga s\u00f3 dez reais e se diverte. \u00c9 bom para nos reunirmos, dan\u00e7ar e espairecer\u201d. O mesmo sal\u00e3o nobre tamb\u00e9m \u00e9 usado por algumas empresas para a realiza\u00e7\u00e3o de reuni\u00f5es e confraterniza\u00e7\u00f5es entre diretores e\/ou funcion\u00e1rios com regularidade.<br \/>\nNo passado, ficaram as festas mais jovens, como a boate Catapimba, muito lembrada por Chagas Veloso. \u201cAquela era uma boate da gurizada, uma galera unida, que reunia at\u00e9 poucos anos atr\u00e1s por aqui, uma vez por ano\u201d, lembrou. Segundo ele, a <a href=\"http:\/\/otimoneiro.com.br\/wp-content\/uploads\/2015\/05\/DSCN3691.jpg\"><img decoding=\"async\" class=\" size-medium wp-image-212 alignright\" src=\"http:\/\/otimoneiro.com.br\/wp-content\/uploads\/2015\/05\/DSCN3691-300x225.jpg\" alt=\"DSCN3691\" width=\"300\" height=\"225\" \/><\/a>atra\u00e7\u00e3o era uma das mais populares do clube, at\u00e9 a chegada dos primeiros traficantes de drogas \u00e0 cidade. \u201cA\u00ed a coisa descambou. Hoje voc\u00ea v\u00ea, nem adianta ter essas coisas porque o nosso Centro \u00e9 deserto \u00e0 noite. Fica perigoso\u201d, ressaltou.<br \/>\nEssa diversifica\u00e7\u00e3o dos servi\u00e7os e parcerias com empresas e entidades permitem ao Canoas T\u00eanis Clube continuar se renovando, principalmente em termos de estrutura. Al\u00e9m da reforma geral das quadras de t\u00eanis do local, ainda h\u00e1 a revis\u00e3o do sistema el\u00e9trico de dos itens de seguran\u00e7a, com a renova\u00e7\u00e3o do alvar\u00e1 junto ao corpo de Bombeiros \u2013 uma verifica\u00e7\u00e3o minuciosa e, por isso mesmo, demorada, devido \u00e0s altera\u00e7\u00f5es na legisla\u00e7\u00e3o que sucederam o inc\u00eandio na boate Kiss, em Santa Maria, em janeiro de 2013.<br \/>\nAlgumas entidades mant\u00eam conv\u00eanios com o Canoas T\u00eanis Clube, o que permite vantagens aos seus associados na utiliza\u00e7\u00e3o das piscinas no ver\u00e3o, bem como os sal\u00f5es. Entre elas, o Sindicato dos Profissionais em Educa\u00e7\u00e3o Municipal de Canoas (Sinprocan) e o Clube de Advogados de Canoas (CAC).<\/p>\n\n","protected":false},"excerpt":{"rendered":"<p>Marcelo Griza O Canoas T\u00eanis Clube completou, nesta semana, 55 anos de vida. A entidade foi criada em 20 de maio de 1960, por Wilson Dantur. Ele, al\u00e9m de contribuir com a cria\u00e7\u00e3o do clube, entre outros feitos para a cidade, tamb\u00e9m criou, cinco anos mais tarde, o hino canoense. Em sua primeira reuni\u00e3o, foi [&hellip;]<\/p>\n","protected":false},"author":1,"featured_media":217,"comment_status":"open","ping_status":"open","sticky":false,"template":"","format":"standard","meta":{"amp_status":"","footnotes":""},"categories":[25,19],"tags":[],"class_list":["post-189","post","type-post","status-publish","format-standard","has-post-thumbnail","hentry","category-comunidade","category-destaques"],"yoast_head":"<!-- This site is optimized with the Yoast SEO plugin v20.5 - https:\/\/yoast.com\/wordpress\/plugins\/seo\/ -->\n<title>Canoas T\u00eanis Clube dribla incertezas e se renova aos 55 anos - O Timoneiro Jornal Canoas RS<\/title>\n<meta name=\"robots\" content=\"index, follow, max-snippet:-1, max-image-preview:large, max-video-preview:-1\" \/>\n<link rel=\"canonical\" href=\"https:\/\/jornaltimoneiro.com.br\/index.php\/2015\/05\/22\/canoas-tenis-clube-dribla-incertezas-e-se-renova-aos-55-anos\/\" \/>\n<meta property=\"og:locale\" content=\"pt_BR\" \/>\n<meta property=\"og:type\" content=\"article\" \/>\n<meta property=\"og:title\" content=\"Canoas T\u00eanis Clube dribla incertezas e se renova aos 55 anos - O Timoneiro Jornal Canoas RS\" \/>\n<meta property=\"og:description\" content=\"Marcelo Griza O Canoas T\u00eanis Clube completou, nesta semana, 55 anos de vida. A entidade foi criada em 20 de maio de 1960, por Wilson Dantur. Ele, al\u00e9m de contribuir com a cria\u00e7\u00e3o do clube, entre outros feitos para a cidade, tamb\u00e9m criou, cinco anos mais tarde, o hino canoense. Em sua primeira reuni\u00e3o, foi [&hellip;]\" \/>\n<meta property=\"og:url\" content=\"https:\/\/jornaltimoneiro.com.br\/index.php\/2015\/05\/22\/canoas-tenis-clube-dribla-incertezas-e-se-renova-aos-55-anos\/\" \/>\n<meta property=\"og:site_name\" content=\"O Timoneiro Jornal Canoas RS\" \/>\n<meta property=\"article:publisher\" content=\"https:\/\/www.facebook.com\/jornaltimoneiro\" \/>\n<meta property=\"article:published_time\" content=\"2015-05-22T12:29:08+00:00\" \/>\n<meta name=\"author\" content=\"Reda\u00e7\u00e3o\" \/>\n<meta name=\"twitter:card\" content=\"summary_large_image\" \/>\n<meta name=\"twitter:creator\" content=\"@_OTimoneiro\" \/>\n<meta name=\"twitter:site\" content=\"@_OTimoneiro\" \/>\n<meta name=\"twitter:label1\" content=\"Escrito por\" \/>\n\t<meta name=\"twitter:data1\" content=\"Reda\u00e7\u00e3o\" \/>\n\t<meta name=\"twitter:label2\" content=\"Est. tempo de leitura\" \/>\n\t<meta name=\"twitter:data2\" content=\"5 minutos\" \/>\n<script type=\"application\/ld+json\" class=\"yoast-schema-graph\">{\"@context\":\"https:\/\/schema.org\",\"@graph\":[{\"@type\":\"Article\",\"@id\":\"https:\/\/jornaltimoneiro.com.br\/index.php\/2015\/05\/22\/canoas-tenis-clube-dribla-incertezas-e-se-renova-aos-55-anos\/#article\",\"isPartOf\":{\"@id\":\"https:\/\/jornaltimoneiro.com.br\/index.php\/2015\/05\/22\/canoas-tenis-clube-dribla-incertezas-e-se-renova-aos-55-anos\/\"},\"author\":{\"name\":\"Reda\u00e7\u00e3o\",\"@id\":\"https:\/\/jornaltimoneiro.com.br\/#\/schema\/person\/620efd1d8244466117482be494360b08\"},\"headline\":\"Canoas T\u00eanis Clube dribla incertezas e se renova aos 55 anos\",\"datePublished\":\"2015-05-22T12:29:08+00:00\",\"dateModified\":\"2015-05-22T12:29:08+00:00\",\"mainEntityOfPage\":{\"@id\":\"https:\/\/jornaltimoneiro.com.br\/index.php\/2015\/05\/22\/canoas-tenis-clube-dribla-incertezas-e-se-renova-aos-55-anos\/\"},\"wordCount\":974,\"commentCount\":0,\"publisher\":{\"@id\":\"https:\/\/jornaltimoneiro.com.br\/#organization\"},\"articleSection\":[\"Comunidade\",\"Destaques\"],\"inLanguage\":\"pt-BR\",\"potentialAction\":[{\"@type\":\"CommentAction\",\"name\":\"Comment\",\"target\":[\"https:\/\/jornaltimoneiro.com.br\/index.php\/2015\/05\/22\/canoas-tenis-clube-dribla-incertezas-e-se-renova-aos-55-anos\/#respond\"]}]},{\"@type\":\"WebPage\",\"@id\":\"https:\/\/jornaltimoneiro.com.br\/index.php\/2015\/05\/22\/canoas-tenis-clube-dribla-incertezas-e-se-renova-aos-55-anos\/\",\"url\":\"https:\/\/jornaltimoneiro.com.br\/index.php\/2015\/05\/22\/canoas-tenis-clube-dribla-incertezas-e-se-renova-aos-55-anos\/\",\"name\":\"Canoas T\u00eanis Clube dribla incertezas e se renova aos 55 anos - O Timoneiro Jornal Canoas RS\",\"isPartOf\":{\"@id\":\"https:\/\/jornaltimoneiro.com.br\/#website\"},\"datePublished\":\"2015-05-22T12:29:08+00:00\",\"dateModified\":\"2015-05-22T12:29:08+00:00\",\"breadcrumb\":{\"@id\":\"https:\/\/jornaltimoneiro.com.br\/index.php\/2015\/05\/22\/canoas-tenis-clube-dribla-incertezas-e-se-renova-aos-55-anos\/#breadcrumb\"},\"inLanguage\":\"pt-BR\",\"potentialAction\":[{\"@type\":\"ReadAction\",\"target\":[\"https:\/\/jornaltimoneiro.com.br\/index.php\/2015\/05\/22\/canoas-tenis-clube-dribla-incertezas-e-se-renova-aos-55-anos\/\"]}]},{\"@type\":\"BreadcrumbList\",\"@id\":\"https:\/\/jornaltimoneiro.com.br\/index.php\/2015\/05\/22\/canoas-tenis-clube-dribla-incertezas-e-se-renova-aos-55-anos\/#breadcrumb\",\"itemListElement\":[{\"@type\":\"ListItem\",\"position\":1,\"name\":\"In\u00edcio\",\"item\":\"https:\/\/jornaltimoneiro.com.br\/\"},{\"@type\":\"ListItem\",\"position\":2,\"name\":\"Canoas T\u00eanis Clube dribla incertezas e se renova aos 55 anos\"}]},{\"@type\":\"WebSite\",\"@id\":\"https:\/\/jornaltimoneiro.com.br\/#website\",\"url\":\"https:\/\/jornaltimoneiro.com.br\/\",\"name\":\"Jornal Timoneiro Canoas RS\",\"description\":\"Jornal O Timoneiro, o verdadeiro jornal de Canoas\",\"publisher\":{\"@id\":\"https:\/\/jornaltimoneiro.com.br\/#organization\"},\"potentialAction\":[{\"@type\":\"SearchAction\",\"target\":{\"@type\":\"EntryPoint\",\"urlTemplate\":\"https:\/\/jornaltimoneiro.com.br\/?s={search_term_string}\"},\"query-input\":\"required name=search_term_string\"}],\"inLanguage\":\"pt-BR\"},{\"@type\":\"Organization\",\"@id\":\"https:\/\/jornaltimoneiro.com.br\/#organization\",\"name\":\"Jornal Timoneiro Canoas RS\",\"url\":\"https:\/\/jornaltimoneiro.com.br\/\",\"logo\":{\"@type\":\"ImageObject\",\"inLanguage\":\"pt-BR\",\"@id\":\"https:\/\/jornaltimoneiro.com.br\/#\/schema\/logo\/image\/\",\"url\":\"https:\/\/jornaltimoneiro.com.br\/wp-content\/uploads\/2023\/03\/logonovo.png\",\"contentUrl\":\"https:\/\/jornaltimoneiro.com.br\/wp-content\/uploads\/2023\/03\/logonovo.png\",\"width\":\"469\",\"height\":\"171\",\"caption\":\"Jornal Timoneiro Canoas RS\"},\"image\":{\"@id\":\"https:\/\/jornaltimoneiro.com.br\/#\/schema\/logo\/image\/\"},\"sameAs\":[\"https:\/\/www.facebook.com\/jornaltimoneiro\",\"https:\/\/twitter.com\/_OTimoneiro\",\"https:\/\/www.instagram.com\/jornaltimoneirocanoas\/\",\"https:\/\/www.youtube.com\/@jornalotimoneiro7927\"]},{\"@type\":\"Person\",\"@id\":\"https:\/\/jornaltimoneiro.com.br\/#\/schema\/person\/620efd1d8244466117482be494360b08\",\"name\":\"Reda\u00e7\u00e3o\",\"image\":{\"@type\":\"ImageObject\",\"inLanguage\":\"pt-BR\",\"@id\":\"https:\/\/jornaltimoneiro.com.br\/#\/schema\/person\/image\/\",\"url\":\"https:\/\/secure.gravatar.com\/avatar\/2f04e1b304682a8d9db336c7acd77f08?s=96&d=mm&r=g\",\"contentUrl\":\"https:\/\/secure.gravatar.com\/avatar\/2f04e1b304682a8d9db336c7acd77f08?s=96&d=mm&r=g\",\"caption\":\"Reda\u00e7\u00e3o\"},\"url\":\"https:\/\/jornaltimoneiro.com.br\/index.php\/author\/timoneirocanoas\/\"}]}<\/script>\n<!-- \/ Yoast SEO plugin. -->","yoast_head_json":{"title":"Canoas T\u00eanis Clube dribla incertezas e se renova aos 55 anos - O Timoneiro Jornal Canoas RS","robots":{"index":"index","follow":"follow","max-snippet":"max-snippet:-1","max-image-preview":"max-image-preview:large","max-video-preview":"max-video-preview:-1"},"canonical":"https:\/\/jornaltimoneiro.com.br\/index.php\/2015\/05\/22\/canoas-tenis-clube-dribla-incertezas-e-se-renova-aos-55-anos\/","og_locale":"pt_BR","og_type":"article","og_title":"Canoas T\u00eanis Clube dribla incertezas e se renova aos 55 anos - O Timoneiro Jornal Canoas RS","og_description":"Marcelo Griza O Canoas T\u00eanis Clube completou, nesta semana, 55 anos de vida. A entidade foi criada em 20 de maio de 1960, por Wilson Dantur. Ele, al\u00e9m de contribuir com a cria\u00e7\u00e3o do clube, entre outros feitos para a cidade, tamb\u00e9m criou, cinco anos mais tarde, o hino canoense. Em sua primeira reuni\u00e3o, foi [&hellip;]","og_url":"https:\/\/jornaltimoneiro.com.br\/index.php\/2015\/05\/22\/canoas-tenis-clube-dribla-incertezas-e-se-renova-aos-55-anos\/","og_site_name":"O Timoneiro Jornal Canoas RS","article_publisher":"https:\/\/www.facebook.com\/jornaltimoneiro","article_published_time":"2015-05-22T12:29:08+00:00","author":"Reda\u00e7\u00e3o","twitter_card":"summary_large_image","twitter_creator":"@_OTimoneiro","twitter_site":"@_OTimoneiro","twitter_misc":{"Escrito por":"Reda\u00e7\u00e3o","Est. tempo de leitura":"5 minutos"},"schema":{"@context":"https:\/\/schema.org","@graph":[{"@type":"Article","@id":"https:\/\/jornaltimoneiro.com.br\/index.php\/2015\/05\/22\/canoas-tenis-clube-dribla-incertezas-e-se-renova-aos-55-anos\/#article","isPartOf":{"@id":"https:\/\/jornaltimoneiro.com.br\/index.php\/2015\/05\/22\/canoas-tenis-clube-dribla-incertezas-e-se-renova-aos-55-anos\/"},"author":{"name":"Reda\u00e7\u00e3o","@id":"https:\/\/jornaltimoneiro.com.br\/#\/schema\/person\/620efd1d8244466117482be494360b08"},"headline":"Canoas T\u00eanis Clube dribla incertezas e se renova aos 55 anos","datePublished":"2015-05-22T12:29:08+00:00","dateModified":"2015-05-22T12:29:08+00:00","mainEntityOfPage":{"@id":"https:\/\/jornaltimoneiro.com.br\/index.php\/2015\/05\/22\/canoas-tenis-clube-dribla-incertezas-e-se-renova-aos-55-anos\/"},"wordCount":974,"commentCount":0,"publisher":{"@id":"https:\/\/jornaltimoneiro.com.br\/#organization"},"articleSection":["Comunidade","Destaques"],"inLanguage":"pt-BR","potentialAction":[{"@type":"CommentAction","name":"Comment","target":["https:\/\/jornaltimoneiro.com.br\/index.php\/2015\/05\/22\/canoas-tenis-clube-dribla-incertezas-e-se-renova-aos-55-anos\/#respond"]}]},{"@type":"WebPage","@id":"https:\/\/jornaltimoneiro.com.br\/index.php\/2015\/05\/22\/canoas-tenis-clube-dribla-incertezas-e-se-renova-aos-55-anos\/","url":"https:\/\/jornaltimoneiro.com.br\/index.php\/2015\/05\/22\/canoas-tenis-clube-dribla-incertezas-e-se-renova-aos-55-anos\/","name":"Canoas T\u00eanis Clube dribla incertezas e se renova aos 55 anos - O Timoneiro Jornal Canoas RS","isPartOf":{"@id":"https:\/\/jornaltimoneiro.com.br\/#website"},"datePublished":"2015-05-22T12:29:08+00:00","dateModified":"2015-05-22T12:29:08+00:00","breadcrumb":{"@id":"https:\/\/jornaltimoneiro.com.br\/index.php\/2015\/05\/22\/canoas-tenis-clube-dribla-incertezas-e-se-renova-aos-55-anos\/#breadcrumb"},"inLanguage":"pt-BR","potentialAction":[{"@type":"ReadAction","target":["https:\/\/jornaltimoneiro.com.br\/index.php\/2015\/05\/22\/canoas-tenis-clube-dribla-incertezas-e-se-renova-aos-55-anos\/"]}]},{"@type":"BreadcrumbList","@id":"https:\/\/jornaltimoneiro.com.br\/index.php\/2015\/05\/22\/canoas-tenis-clube-dribla-incertezas-e-se-renova-aos-55-anos\/#breadcrumb","itemListElement":[{"@type":"ListItem","position":1,"name":"In\u00edcio","item":"https:\/\/jornaltimoneiro.com.br\/"},{"@type":"ListItem","position":2,"name":"Canoas T\u00eanis Clube dribla incertezas e se renova aos 55 anos"}]},{"@type":"WebSite","@id":"https:\/\/jornaltimoneiro.com.br\/#website","url":"https:\/\/jornaltimoneiro.com.br\/","name":"Jornal Timoneiro Canoas RS","description":"Jornal O Timoneiro, o verdadeiro jornal de Canoas","publisher":{"@id":"https:\/\/jornaltimoneiro.com.br\/#organization"},"potentialAction":[{"@type":"SearchAction","target":{"@type":"EntryPoint","urlTemplate":"https:\/\/jornaltimoneiro.com.br\/?s={search_term_string}"},"query-input":"required name=search_term_string"}],"inLanguage":"pt-BR"},{"@type":"Organization","@id":"https:\/\/jornaltimoneiro.com.br\/#organization","name":"Jornal Timoneiro Canoas RS","url":"https:\/\/jornaltimoneiro.com.br\/","logo":{"@type":"ImageObject","inLanguage":"pt-BR","@id":"https:\/\/jornaltimoneiro.com.br\/#\/schema\/logo\/image\/","url":"https:\/\/jornaltimoneiro.com.br\/wp-content\/uploads\/2023\/03\/logonovo.png","contentUrl":"https:\/\/jornaltimoneiro.com.br\/wp-content\/uploads\/2023\/03\/logonovo.png","width":"469","height":"171","caption":"Jornal Timoneiro Canoas RS"},"image":{"@id":"https:\/\/jornaltimoneiro.com.br\/#\/schema\/logo\/image\/"},"sameAs":["https:\/\/www.facebook.com\/jornaltimoneiro","https:\/\/twitter.com\/_OTimoneiro","https:\/\/www.instagram.com\/jornaltimoneirocanoas\/","https:\/\/www.youtube.com\/@jornalotimoneiro7927"]},{"@type":"Person","@id":"https:\/\/jornaltimoneiro.com.br\/#\/schema\/person\/620efd1d8244466117482be494360b08","name":"Reda\u00e7\u00e3o","image":{"@type":"ImageObject","inLanguage":"pt-BR","@id":"https:\/\/jornaltimoneiro.com.br\/#\/schema\/person\/image\/","url":"https:\/\/secure.gravatar.com\/avatar\/2f04e1b304682a8d9db336c7acd77f08?s=96&d=mm&r=g","contentUrl":"https:\/\/secure.gravatar.com\/avatar\/2f04e1b304682a8d9db336c7acd77f08?s=96&d=mm&r=g","caption":"Reda\u00e7\u00e3o"},"url":"https:\/\/jornaltimoneiro.com.br\/index.php\/author\/timoneirocanoas\/"}]}},"_links":{"self":[{"href":"https:\/\/jornaltimoneiro.com.br\/index.php\/wp-json\/wp\/v2\/posts\/189"}],"collection":[{"href":"https:\/\/jornaltimoneiro.com.br\/index.php\/wp-json\/wp\/v2\/posts"}],"about":[{"href":"https:\/\/jornaltimoneiro.com.br\/index.php\/wp-json\/wp\/v2\/types\/post"}],"author":[{"embeddable":true,"href":"https:\/\/jornaltimoneiro.com.br\/index.php\/wp-json\/wp\/v2\/users\/1"}],"replies":[{"embeddable":true,"href":"https:\/\/jornaltimoneiro.com.br\/index.php\/wp-json\/wp\/v2\/comments?post=189"}],"version-history":[{"count":0,"href":"https:\/\/jornaltimoneiro.com.br\/index.php\/wp-json\/wp\/v2\/posts\/189\/revisions"}],"wp:featuredmedia":[{"embeddable":true,"href":"https:\/\/jornaltimoneiro.com.br\/index.php\/wp-json\/"}],"wp:attachment":[{"href":"https:\/\/jornaltimoneiro.com.br\/index.php\/wp-json\/wp\/v2\/media?parent=189"}],"wp:term":[{"taxonomy":"category","embeddable":true,"href":"https:\/\/jornaltimoneiro.com.br\/index.php\/wp-json\/wp\/v2\/categories?post=189"},{"taxonomy":"post_tag","embeddable":true,"href":"https:\/\/jornaltimoneiro.com.br\/index.php\/wp-json\/wp\/v2\/tags?post=189"}],"curies":[{"name":"wp","href":"https:\/\/api.w.org\/{rel}","templated":true}]}}