{"id":18790,"date":"2021-02-12T07:00:00","date_gmt":"2021-02-12T09:00:00","guid":{"rendered":"https:\/\/jornaltimoneiro.com.br\/?p=18790"},"modified":"2021-02-12T20:29:10","modified_gmt":"2021-02-12T22:29:10","slug":"valter-nagelstein-presidente-do-canoasprev-e-indiciado-por-racismo","status":"publish","type":"post","link":"https:\/\/jornaltimoneiro.com.br\/index.php\/2021\/02\/12\/valter-nagelstein-presidente-do-canoasprev-e-indiciado-por-racismo\/","title":{"rendered":"Valter Nagelstein, presidente do CanoasPrev, \u00e9 indiciado por racismo\u00a0"},"content":{"rendered":"<p>O ex-vereador e ex-candidato \u00e0 prefeitura de Porto Alegre, e atualmente presidente do CanoasPrev, da Prefeitura de Canoas, Valter Nagelstein (PSD), foi indiciado pela Pol\u00edcia Civil, na \u00faltima ter\u00e7a-feira, 9, por crime de racismo.<\/p>\n<p>O inqu\u00e9rito foi aberto ap\u00f3s a divulga\u00e7\u00e3o de um \u00e1udio no qual afirma que os vereadores eleitos pelo Psol, para o Legislativo de Porto Alegre no \u00faltimo pleito, \u201cs\u00e3o jovens, negros, sem nenhuma tradi\u00e7\u00e3o pol\u00edtica, sem nenhuma experi\u00eancia, sem nenhum trabalho e com pouqu\u00edssima qualifica\u00e7\u00e3o formal&#8221;.<\/p>\n<p>A mensagem, enviada pelo celular em conversa com amigos foi vazada logo ap\u00f3s o final das elei\u00e7\u00f5es municipais, na qual Nagelstein teve inexpressivo n\u00famero de votos para majorit\u00e1ria.<\/p>\n<p><strong>A\u00e7\u00e3o judicial<\/strong><\/p>\n<p>O Minist\u00e9rio P\u00fablico RS enviou o \u00e1udio \u00e0 Delegacia de Combate \u00e0 Intoler\u00e2ncia para investiga\u00e7\u00e3o. O requerimento teve como base uma representa\u00e7\u00e3o do Movimento Negro Unificado, com a assinatura de cerca de 40 entidades e organiza\u00e7\u00f5es civis.<\/p>\n<p>De acordo com a delegada respons\u00e1vel pelo caso, Andreia Mattos, a pol\u00edcia concluiu que Nagelstein cometeu duas das tr\u00eas condutas descritas no artigo 20 da lei 7.726, que considera crime &#8220;praticar, induzir ou incitar a discrimina\u00e7\u00e3o ou preconceito de ra\u00e7a, cor, etnia, religi\u00e3o ou proced\u00eancia nacional&#8221;.<\/p>\n<p><strong>Defesa nega<\/strong><\/p>\n<p>O presidente do CanoasPrev disse que n\u00e3o houve discrimina\u00e7\u00e3o em sua fala. O advogado de Valter, Gustavo Nagelstein, afirma que o cliente apenas expressou sua opini\u00e3o e que n\u00e3o \u00e9 racista, e ainda que a delegada estaria &#8220;fazendo milit\u00e2ncia pol\u00edtica&#8221;.<\/p>\n<p><strong>Leia o conte\u00fado da mensagem<\/strong><\/p>\n<p><em>\u201cEm primeiro lugar, muito obrigada, \u00e9 o Valter que est\u00e1 falando, pelo apoio que tive. E rapidamente queria fazer duas ou tr\u00eas reflex\u00f5es com voc\u00eas. A primeira delas, fica cada vez mais evidente que a ocupa\u00e7\u00e3o que a esquerda promoveu, nos \u00faltimos 40 anos, da universidade, das escolas, do jornalismo e da cultura, produzem os seus resultados. Basta a gente ver a composi\u00e7\u00e3o da C\u00e2mara, cinco vereadores do PSOL. Muitos deles, jovens, negros. Quer dizer, o eco aquele discurso que o PSOL fica incutindo na cabe\u00e7a das pessoas. Pessoas, vereadores esses sem nenhuma tradi\u00e7\u00e3o pol\u00edtica, sem nenhuma experi\u00ea<\/em><em>ncia, sem nenhum trabalho e com pouqu\u00edssima qualifica\u00e7\u00e3o formal\u201d.<\/em><\/p>\n","protected":false},"excerpt":{"rendered":"<p>O ex-vereador e ex-candidato \u00e0 prefeitura de Porto Alegre, e atualmente presidente do CanoasPrev, da Prefeitura de Canoas, Valter Nagelstein (PSD), foi indiciado pela Pol\u00edcia Civil, na \u00faltima ter\u00e7a-feira, 9, por crime de racismo. O inqu\u00e9rito foi aberto ap\u00f3s a divulga\u00e7\u00e3o de um \u00e1udio no qual afirma que os vereadores eleitos pelo Psol, para o [&hellip;]<\/p>\n","protected":false},"author":2,"featured_media":18796,"comment_status":"open","ping_status":"open","sticky":false,"template":"","format":"standard","meta":{"amp_status":"","footnotes":""},"categories":[20],"tags":[],"class_list":["post-18790","post","type-post","status-publish","format-standard","has-post-thumbnail","hentry","category-politica-noticias"],"yoast_head":"<!-- This site is optimized with the Yoast SEO plugin v20.5 - https:\/\/yoast.com\/wordpress\/plugins\/seo\/ -->\n<title>Valter Nagelstein, presidente do CanoasPrev, \u00e9 indiciado por racismo\u00a0 - O Timoneiro Jornal Canoas RS<\/title>\n<meta name=\"robots\" content=\"index, follow, max-snippet:-1, max-image-preview:large, max-video-preview:-1\" \/>\n<link rel=\"canonical\" href=\"https:\/\/jornaltimoneiro.com.br\/index.php\/2021\/02\/12\/valter-nagelstein-presidente-do-canoasprev-e-indiciado-por-racismo\/\" \/>\n<meta property=\"og:locale\" content=\"pt_BR\" \/>\n<meta property=\"og:type\" content=\"article\" \/>\n<meta property=\"og:title\" content=\"Valter Nagelstein, presidente do CanoasPrev, \u00e9 indiciado por racismo\u00a0 - O Timoneiro Jornal Canoas RS\" \/>\n<meta property=\"og:description\" content=\"O ex-vereador e ex-candidato \u00e0 prefeitura de Porto Alegre, e atualmente presidente do CanoasPrev, da Prefeitura de Canoas, Valter Nagelstein (PSD), foi indiciado pela Pol\u00edcia Civil, na \u00faltima ter\u00e7a-feira, 9, por crime de racismo. O inqu\u00e9rito foi aberto ap\u00f3s a divulga\u00e7\u00e3o de um \u00e1udio no qual afirma que os vereadores eleitos pelo Psol, para o [&hellip;]\" \/>\n<meta property=\"og:url\" content=\"https:\/\/jornaltimoneiro.com.br\/index.php\/2021\/02\/12\/valter-nagelstein-presidente-do-canoasprev-e-indiciado-por-racismo\/\" \/>\n<meta property=\"og:site_name\" content=\"O Timoneiro Jornal Canoas RS\" \/>\n<meta property=\"article:publisher\" content=\"https:\/\/www.facebook.com\/jornaltimoneiro\" \/>\n<meta property=\"article:published_time\" content=\"2021-02-12T09:00:00+00:00\" \/>\n<meta property=\"article:modified_time\" content=\"2021-02-12T22:29:10+00:00\" \/>\n<meta property=\"og:image\" content=\"https:\/\/jornaltimoneiro.com.br\/wp-content\/uploads\/2021\/02\/TON_8013.jpg\" \/>\n\t<meta property=\"og:image:width\" content=\"800\" \/>\n\t<meta property=\"og:image:height\" content=\"532\" \/>\n\t<meta property=\"og:image:type\" content=\"image\/jpeg\" \/>\n<meta name=\"author\" content=\"Reda\u00e7\u00e3o\" \/>\n<meta name=\"twitter:card\" content=\"summary_large_image\" \/>\n<meta name=\"twitter:creator\" content=\"@_OTimoneiro\" \/>\n<meta name=\"twitter:site\" content=\"@_OTimoneiro\" \/>\n<meta name=\"twitter:label1\" content=\"Escrito por\" \/>\n\t<meta name=\"twitter:data1\" content=\"Reda\u00e7\u00e3o\" \/>\n\t<meta name=\"twitter:label2\" content=\"Est. tempo de leitura\" \/>\n\t<meta name=\"twitter:data2\" content=\"2 minutos\" \/>\n<script type=\"application\/ld+json\" class=\"yoast-schema-graph\">{\"@context\":\"https:\/\/schema.org\",\"@graph\":[{\"@type\":\"Article\",\"@id\":\"https:\/\/jornaltimoneiro.com.br\/index.php\/2021\/02\/12\/valter-nagelstein-presidente-do-canoasprev-e-indiciado-por-racismo\/#article\",\"isPartOf\":{\"@id\":\"https:\/\/jornaltimoneiro.com.br\/index.php\/2021\/02\/12\/valter-nagelstein-presidente-do-canoasprev-e-indiciado-por-racismo\/\"},\"author\":{\"name\":\"Reda\u00e7\u00e3o\",\"@id\":\"https:\/\/jornaltimoneiro.com.br\/#\/schema\/person\/f63482f1a02b1a9592707865e509ab40\"},\"headline\":\"Valter Nagelstein, presidente do CanoasPrev, \u00e9 indiciado por racismo\u00a0\",\"datePublished\":\"2021-02-12T09:00:00+00:00\",\"dateModified\":\"2021-02-12T22:29:10+00:00\",\"mainEntityOfPage\":{\"@id\":\"https:\/\/jornaltimoneiro.com.br\/index.php\/2021\/02\/12\/valter-nagelstein-presidente-do-canoasprev-e-indiciado-por-racismo\/\"},\"wordCount\":392,\"commentCount\":0,\"publisher\":{\"@id\":\"https:\/\/jornaltimoneiro.com.br\/#organization\"},\"articleSection\":[\"Pol\u00edtica\"],\"inLanguage\":\"pt-BR\",\"potentialAction\":[{\"@type\":\"CommentAction\",\"name\":\"Comment\",\"target\":[\"https:\/\/jornaltimoneiro.com.br\/index.php\/2021\/02\/12\/valter-nagelstein-presidente-do-canoasprev-e-indiciado-por-racismo\/#respond\"]}]},{\"@type\":\"WebPage\",\"@id\":\"https:\/\/jornaltimoneiro.com.br\/index.php\/2021\/02\/12\/valter-nagelstein-presidente-do-canoasprev-e-indiciado-por-racismo\/\",\"url\":\"https:\/\/jornaltimoneiro.com.br\/index.php\/2021\/02\/12\/valter-nagelstein-presidente-do-canoasprev-e-indiciado-por-racismo\/\",\"name\":\"Valter Nagelstein, presidente do CanoasPrev, \u00e9 indiciado por racismo\u00a0 - O Timoneiro Jornal Canoas RS\",\"isPartOf\":{\"@id\":\"https:\/\/jornaltimoneiro.com.br\/#website\"},\"datePublished\":\"2021-02-12T09:00:00+00:00\",\"dateModified\":\"2021-02-12T22:29:10+00:00\",\"breadcrumb\":{\"@id\":\"https:\/\/jornaltimoneiro.com.br\/index.php\/2021\/02\/12\/valter-nagelstein-presidente-do-canoasprev-e-indiciado-por-racismo\/#breadcrumb\"},\"inLanguage\":\"pt-BR\",\"potentialAction\":[{\"@type\":\"ReadAction\",\"target\":[\"https:\/\/jornaltimoneiro.com.br\/index.php\/2021\/02\/12\/valter-nagelstein-presidente-do-canoasprev-e-indiciado-por-racismo\/\"]}]},{\"@type\":\"BreadcrumbList\",\"@id\":\"https:\/\/jornaltimoneiro.com.br\/index.php\/2021\/02\/12\/valter-nagelstein-presidente-do-canoasprev-e-indiciado-por-racismo\/#breadcrumb\",\"itemListElement\":[{\"@type\":\"ListItem\",\"position\":1,\"name\":\"In\u00edcio\",\"item\":\"https:\/\/jornaltimoneiro.com.br\/\"},{\"@type\":\"ListItem\",\"position\":2,\"name\":\"Valter Nagelstein, presidente do CanoasPrev, \u00e9 indiciado por racismo\u00a0\"}]},{\"@type\":\"WebSite\",\"@id\":\"https:\/\/jornaltimoneiro.com.br\/#website\",\"url\":\"https:\/\/jornaltimoneiro.com.br\/\",\"name\":\"Jornal Timoneiro Canoas RS\",\"description\":\"Jornal O Timoneiro, o verdadeiro jornal de Canoas\",\"publisher\":{\"@id\":\"https:\/\/jornaltimoneiro.com.br\/#organization\"},\"potentialAction\":[{\"@type\":\"SearchAction\",\"target\":{\"@type\":\"EntryPoint\",\"urlTemplate\":\"https:\/\/jornaltimoneiro.com.br\/?s={search_term_string}\"},\"query-input\":\"required name=search_term_string\"}],\"inLanguage\":\"pt-BR\"},{\"@type\":\"Organization\",\"@id\":\"https:\/\/jornaltimoneiro.com.br\/#organization\",\"name\":\"Jornal Timoneiro Canoas RS\",\"url\":\"https:\/\/jornaltimoneiro.com.br\/\",\"logo\":{\"@type\":\"ImageObject\",\"inLanguage\":\"pt-BR\",\"@id\":\"https:\/\/jornaltimoneiro.com.br\/#\/schema\/logo\/image\/\",\"url\":\"https:\/\/jornaltimoneiro.com.br\/wp-content\/uploads\/2023\/03\/logonovo.png\",\"contentUrl\":\"https:\/\/jornaltimoneiro.com.br\/wp-content\/uploads\/2023\/03\/logonovo.png\",\"width\":\"469\",\"height\":\"171\",\"caption\":\"Jornal Timoneiro Canoas RS\"},\"image\":{\"@id\":\"https:\/\/jornaltimoneiro.com.br\/#\/schema\/logo\/image\/\"},\"sameAs\":[\"https:\/\/www.facebook.com\/jornaltimoneiro\",\"https:\/\/twitter.com\/_OTimoneiro\",\"https:\/\/www.instagram.com\/jornaltimoneirocanoas\/\",\"https:\/\/www.youtube.com\/@jornalotimoneiro7927\"]},{\"@type\":\"Person\",\"@id\":\"https:\/\/jornaltimoneiro.com.br\/#\/schema\/person\/f63482f1a02b1a9592707865e509ab40\",\"name\":\"Reda\u00e7\u00e3o\",\"image\":{\"@type\":\"ImageObject\",\"inLanguage\":\"pt-BR\",\"@id\":\"https:\/\/jornaltimoneiro.com.br\/#\/schema\/person\/image\/\",\"url\":\"https:\/\/jornaltimoneiro.com.br\/wp-content\/uploads\/2023\/03\/download.jpeg\",\"contentUrl\":\"https:\/\/jornaltimoneiro.com.br\/wp-content\/uploads\/2023\/03\/download.jpeg\",\"caption\":\"Reda\u00e7\u00e3o\"},\"url\":\"https:\/\/jornaltimoneiro.com.br\/index.php\/author\/simone-dutra\/\"}]}<\/script>\n<!-- \/ Yoast SEO plugin. -->","yoast_head_json":{"title":"Valter Nagelstein, presidente do CanoasPrev, \u00e9 indiciado por racismo\u00a0 - O Timoneiro Jornal Canoas RS","robots":{"index":"index","follow":"follow","max-snippet":"max-snippet:-1","max-image-preview":"max-image-preview:large","max-video-preview":"max-video-preview:-1"},"canonical":"https:\/\/jornaltimoneiro.com.br\/index.php\/2021\/02\/12\/valter-nagelstein-presidente-do-canoasprev-e-indiciado-por-racismo\/","og_locale":"pt_BR","og_type":"article","og_title":"Valter Nagelstein, presidente do CanoasPrev, \u00e9 indiciado por racismo\u00a0 - O Timoneiro Jornal Canoas RS","og_description":"O ex-vereador e ex-candidato \u00e0 prefeitura de Porto Alegre, e atualmente presidente do CanoasPrev, da Prefeitura de Canoas, Valter Nagelstein (PSD), foi indiciado pela Pol\u00edcia Civil, na \u00faltima ter\u00e7a-feira, 9, por crime de racismo. O inqu\u00e9rito foi aberto ap\u00f3s a divulga\u00e7\u00e3o de um \u00e1udio no qual afirma que os vereadores eleitos pelo Psol, para o [&hellip;]","og_url":"https:\/\/jornaltimoneiro.com.br\/index.php\/2021\/02\/12\/valter-nagelstein-presidente-do-canoasprev-e-indiciado-por-racismo\/","og_site_name":"O Timoneiro Jornal Canoas RS","article_publisher":"https:\/\/www.facebook.com\/jornaltimoneiro","article_published_time":"2021-02-12T09:00:00+00:00","article_modified_time":"2021-02-12T22:29:10+00:00","og_image":[{"width":800,"height":532,"url":"https:\/\/jornaltimoneiro.com.br\/wp-content\/uploads\/2021\/02\/TON_8013.jpg","type":"image\/jpeg"}],"author":"Reda\u00e7\u00e3o","twitter_card":"summary_large_image","twitter_creator":"@_OTimoneiro","twitter_site":"@_OTimoneiro","twitter_misc":{"Escrito por":"Reda\u00e7\u00e3o","Est. tempo de leitura":"2 minutos"},"schema":{"@context":"https:\/\/schema.org","@graph":[{"@type":"Article","@id":"https:\/\/jornaltimoneiro.com.br\/index.php\/2021\/02\/12\/valter-nagelstein-presidente-do-canoasprev-e-indiciado-por-racismo\/#article","isPartOf":{"@id":"https:\/\/jornaltimoneiro.com.br\/index.php\/2021\/02\/12\/valter-nagelstein-presidente-do-canoasprev-e-indiciado-por-racismo\/"},"author":{"name":"Reda\u00e7\u00e3o","@id":"https:\/\/jornaltimoneiro.com.br\/#\/schema\/person\/f63482f1a02b1a9592707865e509ab40"},"headline":"Valter Nagelstein, presidente do CanoasPrev, \u00e9 indiciado por racismo\u00a0","datePublished":"2021-02-12T09:00:00+00:00","dateModified":"2021-02-12T22:29:10+00:00","mainEntityOfPage":{"@id":"https:\/\/jornaltimoneiro.com.br\/index.php\/2021\/02\/12\/valter-nagelstein-presidente-do-canoasprev-e-indiciado-por-racismo\/"},"wordCount":392,"commentCount":0,"publisher":{"@id":"https:\/\/jornaltimoneiro.com.br\/#organization"},"articleSection":["Pol\u00edtica"],"inLanguage":"pt-BR","potentialAction":[{"@type":"CommentAction","name":"Comment","target":["https:\/\/jornaltimoneiro.com.br\/index.php\/2021\/02\/12\/valter-nagelstein-presidente-do-canoasprev-e-indiciado-por-racismo\/#respond"]}]},{"@type":"WebPage","@id":"https:\/\/jornaltimoneiro.com.br\/index.php\/2021\/02\/12\/valter-nagelstein-presidente-do-canoasprev-e-indiciado-por-racismo\/","url":"https:\/\/jornaltimoneiro.com.br\/index.php\/2021\/02\/12\/valter-nagelstein-presidente-do-canoasprev-e-indiciado-por-racismo\/","name":"Valter Nagelstein, presidente do CanoasPrev, \u00e9 indiciado por racismo\u00a0 - O Timoneiro Jornal Canoas RS","isPartOf":{"@id":"https:\/\/jornaltimoneiro.com.br\/#website"},"datePublished":"2021-02-12T09:00:00+00:00","dateModified":"2021-02-12T22:29:10+00:00","breadcrumb":{"@id":"https:\/\/jornaltimoneiro.com.br\/index.php\/2021\/02\/12\/valter-nagelstein-presidente-do-canoasprev-e-indiciado-por-racismo\/#breadcrumb"},"inLanguage":"pt-BR","potentialAction":[{"@type":"ReadAction","target":["https:\/\/jornaltimoneiro.com.br\/index.php\/2021\/02\/12\/valter-nagelstein-presidente-do-canoasprev-e-indiciado-por-racismo\/"]}]},{"@type":"BreadcrumbList","@id":"https:\/\/jornaltimoneiro.com.br\/index.php\/2021\/02\/12\/valter-nagelstein-presidente-do-canoasprev-e-indiciado-por-racismo\/#breadcrumb","itemListElement":[{"@type":"ListItem","position":1,"name":"In\u00edcio","item":"https:\/\/jornaltimoneiro.com.br\/"},{"@type":"ListItem","position":2,"name":"Valter Nagelstein, presidente do CanoasPrev, \u00e9 indiciado por racismo\u00a0"}]},{"@type":"WebSite","@id":"https:\/\/jornaltimoneiro.com.br\/#website","url":"https:\/\/jornaltimoneiro.com.br\/","name":"Jornal Timoneiro Canoas RS","description":"Jornal O Timoneiro, o verdadeiro jornal de Canoas","publisher":{"@id":"https:\/\/jornaltimoneiro.com.br\/#organization"},"potentialAction":[{"@type":"SearchAction","target":{"@type":"EntryPoint","urlTemplate":"https:\/\/jornaltimoneiro.com.br\/?s={search_term_string}"},"query-input":"required name=search_term_string"}],"inLanguage":"pt-BR"},{"@type":"Organization","@id":"https:\/\/jornaltimoneiro.com.br\/#organization","name":"Jornal Timoneiro Canoas RS","url":"https:\/\/jornaltimoneiro.com.br\/","logo":{"@type":"ImageObject","inLanguage":"pt-BR","@id":"https:\/\/jornaltimoneiro.com.br\/#\/schema\/logo\/image\/","url":"https:\/\/jornaltimoneiro.com.br\/wp-content\/uploads\/2023\/03\/logonovo.png","contentUrl":"https:\/\/jornaltimoneiro.com.br\/wp-content\/uploads\/2023\/03\/logonovo.png","width":"469","height":"171","caption":"Jornal Timoneiro Canoas RS"},"image":{"@id":"https:\/\/jornaltimoneiro.com.br\/#\/schema\/logo\/image\/"},"sameAs":["https:\/\/www.facebook.com\/jornaltimoneiro","https:\/\/twitter.com\/_OTimoneiro","https:\/\/www.instagram.com\/jornaltimoneirocanoas\/","https:\/\/www.youtube.com\/@jornalotimoneiro7927"]},{"@type":"Person","@id":"https:\/\/jornaltimoneiro.com.br\/#\/schema\/person\/f63482f1a02b1a9592707865e509ab40","name":"Reda\u00e7\u00e3o","image":{"@type":"ImageObject","inLanguage":"pt-BR","@id":"https:\/\/jornaltimoneiro.com.br\/#\/schema\/person\/image\/","url":"https:\/\/jornaltimoneiro.com.br\/wp-content\/uploads\/2023\/03\/download.jpeg","contentUrl":"https:\/\/jornaltimoneiro.com.br\/wp-content\/uploads\/2023\/03\/download.jpeg","caption":"Reda\u00e7\u00e3o"},"url":"https:\/\/jornaltimoneiro.com.br\/index.php\/author\/simone-dutra\/"}]}},"_links":{"self":[{"href":"https:\/\/jornaltimoneiro.com.br\/index.php\/wp-json\/wp\/v2\/posts\/18790"}],"collection":[{"href":"https:\/\/jornaltimoneiro.com.br\/index.php\/wp-json\/wp\/v2\/posts"}],"about":[{"href":"https:\/\/jornaltimoneiro.com.br\/index.php\/wp-json\/wp\/v2\/types\/post"}],"author":[{"embeddable":true,"href":"https:\/\/jornaltimoneiro.com.br\/index.php\/wp-json\/wp\/v2\/users\/2"}],"replies":[{"embeddable":true,"href":"https:\/\/jornaltimoneiro.com.br\/index.php\/wp-json\/wp\/v2\/comments?post=18790"}],"version-history":[{"count":1,"href":"https:\/\/jornaltimoneiro.com.br\/index.php\/wp-json\/wp\/v2\/posts\/18790\/revisions"}],"predecessor-version":[{"id":18797,"href":"https:\/\/jornaltimoneiro.com.br\/index.php\/wp-json\/wp\/v2\/posts\/18790\/revisions\/18797"}],"wp:featuredmedia":[{"embeddable":true,"href":"https:\/\/jornaltimoneiro.com.br\/index.php\/wp-json\/wp\/v2\/media\/18796"}],"wp:attachment":[{"href":"https:\/\/jornaltimoneiro.com.br\/index.php\/wp-json\/wp\/v2\/media?parent=18790"}],"wp:term":[{"taxonomy":"category","embeddable":true,"href":"https:\/\/jornaltimoneiro.com.br\/index.php\/wp-json\/wp\/v2\/categories?post=18790"},{"taxonomy":"post_tag","embeddable":true,"href":"https:\/\/jornaltimoneiro.com.br\/index.php\/wp-json\/wp\/v2\/tags?post=18790"}],"curies":[{"name":"wp","href":"https:\/\/api.w.org\/{rel}","templated":true}]}}