{"id":18449,"date":"2020-12-24T07:00:14","date_gmt":"2020-12-24T09:00:14","guid":{"rendered":"https:\/\/jornaltimoneiro.com.br\/?p=18449"},"modified":"2020-12-23T18:58:13","modified_gmt":"2020-12-23T20:58:13","slug":"prefeitura-reinaugura-a-clinica-de-saude-da-familia-nova-niteroi","status":"publish","type":"post","link":"https:\/\/jornaltimoneiro.com.br\/index.php\/2020\/12\/24\/prefeitura-reinaugura-a-clinica-de-saude-da-familia-nova-niteroi\/","title":{"rendered":"Prefeitura reinaugura a Cl\u00ednica de Sa\u00fade da Fam\u00edlia Nova Niter\u00f3i"},"content":{"rendered":"<p>Na quinta-feira, 17, a Prefeitura de Canoas realizou a entrega da obra da Cl\u00ednica de Sa\u00fade da Fam\u00edlia (CSF) Nova Niter\u00f3i, que representou a concretiza\u00e7\u00e3o de um sonho da comunidade local, que acompanhou de perto a transforma\u00e7\u00e3o da unidade de sa\u00fade. A nova estrutura, localizada na Rua Quara\u00ed, completamente reformada e ampliada em 97 m\u00b2, entrar\u00e1 em funcionamento nas pr\u00f3ximas semanas.<\/p>\n<p>Com o investimento de R$ 437 mil, a reforma na antiga Unidade B\u00e1sica de Sa\u00fade propiciou que a Secretaria Municipal da Sa\u00fade (SMS) ampliasse o n\u00famero de consult\u00f3rios para quatro, gerando mais atendimentos em turno estendido. Na CSF Nova Niter\u00f3i, ser\u00e1 poss\u00edvel consultar com m\u00e9dico e dentista, agendar atendimentos e realizar procedimentos ambulatoriais. Al\u00e9m disso, ser\u00e3o oferecidos exames cl\u00ednicos, testes r\u00e1pidos, vacinas, tratamento para doen\u00e7as cr\u00f4nicas, consultas com nutricionista, psic\u00f3logo e assistente social.<\/p>\n<p>Ao todo, munic\u00edpio conta com oito Cl\u00ednicas de Sa\u00fade da Fam\u00edlia.<\/p>\n<p><strong>Nova Cl\u00ednica de Sa\u00fade Santa Isabel deve ser inaugurada no in\u00edcio de 2021<\/strong><\/p>\n<p>As obras da nova Cl\u00ednica de Sa\u00fade da Fam\u00edlia (CSF) Santa Isabel chegaram \u00e0 marca de 80% do total para conclus\u00e3o. Com isso, o novo espa\u00e7o na Rua Frei Orlando deve entrar em funcionamento no in\u00edcio de 2021.<\/p>\n<p>A nova CSF Santa Isabel passar\u00e1 a atender na Rua Frei Orlando, em um ambiente mais amplo, com climatiza\u00e7\u00e3o e acessibilidade. A unidade tamb\u00e9m ter\u00e1 atendimento em hor\u00e1rio estendido e funcionar\u00e1 em um pr\u00e9dio que pertence \u00e0 Prefeitura. Deste modo, a despesa com o aluguel do antigo poder\u00e1 ser destinada a outros investimentos na \u00e1rea de sa\u00fade.<\/p>\n<p>Entenda as Cl\u00ednicas de Sa\u00fade da Fam\u00edlia<\/p>\n<p>Espa\u00e7os maiores e reformados, com funcionamento em hor\u00e1rio estendido e mais servi\u00e7os, essas s\u00e3o as Cl\u00ednicas de Sa\u00fade da Fam\u00edlia. O modelo, implementado na sa\u00fade canoense com a abertura da CSF Guajuviras em 2019, \u00e9 mais que uma Unidade B\u00e1sica da Sa\u00fade, a medida que integra pronto atendimento e aten\u00e7\u00e3o prim\u00e1ria. Atualmente, a cidade possui oito Cl\u00ednicas. Elas funcionam em hor\u00e1rio estendido e foram abertas ap\u00f3s as estruturas serem completamente reformadas.<\/p>\n<p>&nbsp;<\/p>\n","protected":false},"excerpt":{"rendered":"<p>Na quinta-feira, 17, a Prefeitura de Canoas realizou a entrega da obra da Cl\u00ednica de Sa\u00fade da Fam\u00edlia (CSF) Nova Niter\u00f3i, que representou a concretiza\u00e7\u00e3o de um sonho da comunidade local, que acompanhou de perto a transforma\u00e7\u00e3o da unidade de sa\u00fade. A nova estrutura, localizada na Rua Quara\u00ed, completamente reformada e ampliada em 97 m\u00b2, [&hellip;]<\/p>\n","protected":false},"author":2,"featured_media":18450,"comment_status":"open","ping_status":"open","sticky":false,"template":"","format":"standard","meta":{"amp_status":"","footnotes":""},"categories":[19],"tags":[],"class_list":["post-18449","post","type-post","status-publish","format-standard","has-post-thumbnail","hentry","category-destaques"],"yoast_head":"<!-- This site is optimized with the Yoast SEO plugin v20.5 - https:\/\/yoast.com\/wordpress\/plugins\/seo\/ -->\n<title>Prefeitura reinaugura a Cl\u00ednica de Sa\u00fade da Fam\u00edlia Nova Niter\u00f3i - O Timoneiro Jornal Canoas RS<\/title>\n<meta name=\"robots\" content=\"index, follow, max-snippet:-1, max-image-preview:large, max-video-preview:-1\" \/>\n<link rel=\"canonical\" href=\"https:\/\/jornaltimoneiro.com.br\/index.php\/2020\/12\/24\/prefeitura-reinaugura-a-clinica-de-saude-da-familia-nova-niteroi\/\" \/>\n<meta property=\"og:locale\" content=\"pt_BR\" \/>\n<meta property=\"og:type\" content=\"article\" \/>\n<meta property=\"og:title\" content=\"Prefeitura reinaugura a Cl\u00ednica de Sa\u00fade da Fam\u00edlia Nova Niter\u00f3i - O Timoneiro Jornal Canoas RS\" \/>\n<meta property=\"og:description\" content=\"Na quinta-feira, 17, a Prefeitura de Canoas realizou a entrega da obra da Cl\u00ednica de Sa\u00fade da Fam\u00edlia (CSF) Nova Niter\u00f3i, que representou a concretiza\u00e7\u00e3o de um sonho da comunidade local, que acompanhou de perto a transforma\u00e7\u00e3o da unidade de sa\u00fade. A nova estrutura, localizada na Rua Quara\u00ed, completamente reformada e ampliada em 97 m\u00b2, [&hellip;]\" \/>\n<meta property=\"og:url\" content=\"https:\/\/jornaltimoneiro.com.br\/index.php\/2020\/12\/24\/prefeitura-reinaugura-a-clinica-de-saude-da-familia-nova-niteroi\/\" \/>\n<meta property=\"og:site_name\" content=\"O Timoneiro Jornal Canoas RS\" \/>\n<meta property=\"article:publisher\" content=\"https:\/\/www.facebook.com\/jornaltimoneiro\" \/>\n<meta property=\"article:published_time\" content=\"2020-12-24T09:00:14+00:00\" \/>\n<meta property=\"article:modified_time\" content=\"2020-12-23T20:58:13+00:00\" \/>\n<meta property=\"og:image\" content=\"https:\/\/jornaltimoneiro.com.br\/wp-content\/uploads\/2020\/12\/GP-UBS-Nova-Niteroi-inauguracao-3-de-6.jpg\" \/>\n\t<meta property=\"og:image:width\" content=\"1080\" \/>\n\t<meta property=\"og:image:height\" content=\"720\" \/>\n\t<meta property=\"og:image:type\" content=\"image\/jpeg\" \/>\n<meta name=\"author\" content=\"Reda\u00e7\u00e3o\" \/>\n<meta name=\"twitter:card\" content=\"summary_large_image\" \/>\n<meta name=\"twitter:creator\" content=\"@_OTimoneiro\" \/>\n<meta name=\"twitter:site\" content=\"@_OTimoneiro\" \/>\n<meta name=\"twitter:label1\" content=\"Escrito por\" \/>\n\t<meta name=\"twitter:data1\" content=\"Reda\u00e7\u00e3o\" \/>\n\t<meta name=\"twitter:label2\" content=\"Est. tempo de leitura\" \/>\n\t<meta name=\"twitter:data2\" content=\"2 minutos\" \/>\n<script type=\"application\/ld+json\" class=\"yoast-schema-graph\">{\"@context\":\"https:\/\/schema.org\",\"@graph\":[{\"@type\":\"Article\",\"@id\":\"https:\/\/jornaltimoneiro.com.br\/index.php\/2020\/12\/24\/prefeitura-reinaugura-a-clinica-de-saude-da-familia-nova-niteroi\/#article\",\"isPartOf\":{\"@id\":\"https:\/\/jornaltimoneiro.com.br\/index.php\/2020\/12\/24\/prefeitura-reinaugura-a-clinica-de-saude-da-familia-nova-niteroi\/\"},\"author\":{\"name\":\"Reda\u00e7\u00e3o\",\"@id\":\"https:\/\/jornaltimoneiro.com.br\/#\/schema\/person\/f63482f1a02b1a9592707865e509ab40\"},\"headline\":\"Prefeitura reinaugura a Cl\u00ednica de Sa\u00fade da Fam\u00edlia Nova Niter\u00f3i\",\"datePublished\":\"2020-12-24T09:00:14+00:00\",\"dateModified\":\"2020-12-23T20:58:13+00:00\",\"mainEntityOfPage\":{\"@id\":\"https:\/\/jornaltimoneiro.com.br\/index.php\/2020\/12\/24\/prefeitura-reinaugura-a-clinica-de-saude-da-familia-nova-niteroi\/\"},\"wordCount\":395,\"commentCount\":0,\"publisher\":{\"@id\":\"https:\/\/jornaltimoneiro.com.br\/#organization\"},\"articleSection\":[\"Destaques\"],\"inLanguage\":\"pt-BR\",\"potentialAction\":[{\"@type\":\"CommentAction\",\"name\":\"Comment\",\"target\":[\"https:\/\/jornaltimoneiro.com.br\/index.php\/2020\/12\/24\/prefeitura-reinaugura-a-clinica-de-saude-da-familia-nova-niteroi\/#respond\"]}]},{\"@type\":\"WebPage\",\"@id\":\"https:\/\/jornaltimoneiro.com.br\/index.php\/2020\/12\/24\/prefeitura-reinaugura-a-clinica-de-saude-da-familia-nova-niteroi\/\",\"url\":\"https:\/\/jornaltimoneiro.com.br\/index.php\/2020\/12\/24\/prefeitura-reinaugura-a-clinica-de-saude-da-familia-nova-niteroi\/\",\"name\":\"Prefeitura reinaugura a Cl\u00ednica de Sa\u00fade da Fam\u00edlia Nova Niter\u00f3i - O Timoneiro Jornal Canoas RS\",\"isPartOf\":{\"@id\":\"https:\/\/jornaltimoneiro.com.br\/#website\"},\"datePublished\":\"2020-12-24T09:00:14+00:00\",\"dateModified\":\"2020-12-23T20:58:13+00:00\",\"breadcrumb\":{\"@id\":\"https:\/\/jornaltimoneiro.com.br\/index.php\/2020\/12\/24\/prefeitura-reinaugura-a-clinica-de-saude-da-familia-nova-niteroi\/#breadcrumb\"},\"inLanguage\":\"pt-BR\",\"potentialAction\":[{\"@type\":\"ReadAction\",\"target\":[\"https:\/\/jornaltimoneiro.com.br\/index.php\/2020\/12\/24\/prefeitura-reinaugura-a-clinica-de-saude-da-familia-nova-niteroi\/\"]}]},{\"@type\":\"BreadcrumbList\",\"@id\":\"https:\/\/jornaltimoneiro.com.br\/index.php\/2020\/12\/24\/prefeitura-reinaugura-a-clinica-de-saude-da-familia-nova-niteroi\/#breadcrumb\",\"itemListElement\":[{\"@type\":\"ListItem\",\"position\":1,\"name\":\"In\u00edcio\",\"item\":\"https:\/\/jornaltimoneiro.com.br\/\"},{\"@type\":\"ListItem\",\"position\":2,\"name\":\"Prefeitura reinaugura a Cl\u00ednica de Sa\u00fade da Fam\u00edlia Nova Niter\u00f3i\"}]},{\"@type\":\"WebSite\",\"@id\":\"https:\/\/jornaltimoneiro.com.br\/#website\",\"url\":\"https:\/\/jornaltimoneiro.com.br\/\",\"name\":\"Jornal Timoneiro Canoas RS\",\"description\":\"Jornal O Timoneiro, o verdadeiro jornal de Canoas\",\"publisher\":{\"@id\":\"https:\/\/jornaltimoneiro.com.br\/#organization\"},\"potentialAction\":[{\"@type\":\"SearchAction\",\"target\":{\"@type\":\"EntryPoint\",\"urlTemplate\":\"https:\/\/jornaltimoneiro.com.br\/?s={search_term_string}\"},\"query-input\":\"required name=search_term_string\"}],\"inLanguage\":\"pt-BR\"},{\"@type\":\"Organization\",\"@id\":\"https:\/\/jornaltimoneiro.com.br\/#organization\",\"name\":\"Jornal Timoneiro Canoas RS\",\"url\":\"https:\/\/jornaltimoneiro.com.br\/\",\"logo\":{\"@type\":\"ImageObject\",\"inLanguage\":\"pt-BR\",\"@id\":\"https:\/\/jornaltimoneiro.com.br\/#\/schema\/logo\/image\/\",\"url\":\"https:\/\/jornaltimoneiro.com.br\/wp-content\/uploads\/2023\/03\/logonovo.png\",\"contentUrl\":\"https:\/\/jornaltimoneiro.com.br\/wp-content\/uploads\/2023\/03\/logonovo.png\",\"width\":\"469\",\"height\":\"171\",\"caption\":\"Jornal Timoneiro Canoas RS\"},\"image\":{\"@id\":\"https:\/\/jornaltimoneiro.com.br\/#\/schema\/logo\/image\/\"},\"sameAs\":[\"https:\/\/www.facebook.com\/jornaltimoneiro\",\"https:\/\/twitter.com\/_OTimoneiro\",\"https:\/\/www.instagram.com\/jornaltimoneirocanoas\/\",\"https:\/\/www.youtube.com\/@jornalotimoneiro7927\"]},{\"@type\":\"Person\",\"@id\":\"https:\/\/jornaltimoneiro.com.br\/#\/schema\/person\/f63482f1a02b1a9592707865e509ab40\",\"name\":\"Reda\u00e7\u00e3o\",\"image\":{\"@type\":\"ImageObject\",\"inLanguage\":\"pt-BR\",\"@id\":\"https:\/\/jornaltimoneiro.com.br\/#\/schema\/person\/image\/\",\"url\":\"https:\/\/jornaltimoneiro.com.br\/wp-content\/uploads\/2023\/03\/download.jpeg\",\"contentUrl\":\"https:\/\/jornaltimoneiro.com.br\/wp-content\/uploads\/2023\/03\/download.jpeg\",\"caption\":\"Reda\u00e7\u00e3o\"},\"url\":\"https:\/\/jornaltimoneiro.com.br\/index.php\/author\/simone-dutra\/\"}]}<\/script>\n<!-- \/ Yoast SEO plugin. -->","yoast_head_json":{"title":"Prefeitura reinaugura a Cl\u00ednica de Sa\u00fade da Fam\u00edlia Nova Niter\u00f3i - O Timoneiro Jornal Canoas RS","robots":{"index":"index","follow":"follow","max-snippet":"max-snippet:-1","max-image-preview":"max-image-preview:large","max-video-preview":"max-video-preview:-1"},"canonical":"https:\/\/jornaltimoneiro.com.br\/index.php\/2020\/12\/24\/prefeitura-reinaugura-a-clinica-de-saude-da-familia-nova-niteroi\/","og_locale":"pt_BR","og_type":"article","og_title":"Prefeitura reinaugura a Cl\u00ednica de Sa\u00fade da Fam\u00edlia Nova Niter\u00f3i - O Timoneiro Jornal Canoas RS","og_description":"Na quinta-feira, 17, a Prefeitura de Canoas realizou a entrega da obra da Cl\u00ednica de Sa\u00fade da Fam\u00edlia (CSF) Nova Niter\u00f3i, que representou a concretiza\u00e7\u00e3o de um sonho da comunidade local, que acompanhou de perto a transforma\u00e7\u00e3o da unidade de sa\u00fade. A nova estrutura, localizada na Rua Quara\u00ed, completamente reformada e ampliada em 97 m\u00b2, [&hellip;]","og_url":"https:\/\/jornaltimoneiro.com.br\/index.php\/2020\/12\/24\/prefeitura-reinaugura-a-clinica-de-saude-da-familia-nova-niteroi\/","og_site_name":"O Timoneiro Jornal Canoas RS","article_publisher":"https:\/\/www.facebook.com\/jornaltimoneiro","article_published_time":"2020-12-24T09:00:14+00:00","article_modified_time":"2020-12-23T20:58:13+00:00","og_image":[{"width":"1080","height":"720","url":"https:\/\/jornaltimoneiro.com.br\/wp-content\/uploads\/2020\/12\/GP-UBS-Nova-Niteroi-inauguracao-3-de-6.jpg","type":"image\/jpeg"}],"author":"Reda\u00e7\u00e3o","twitter_card":"summary_large_image","twitter_creator":"@_OTimoneiro","twitter_site":"@_OTimoneiro","twitter_misc":{"Escrito por":"Reda\u00e7\u00e3o","Est. tempo de leitura":"2 minutos"},"schema":{"@context":"https:\/\/schema.org","@graph":[{"@type":"Article","@id":"https:\/\/jornaltimoneiro.com.br\/index.php\/2020\/12\/24\/prefeitura-reinaugura-a-clinica-de-saude-da-familia-nova-niteroi\/#article","isPartOf":{"@id":"https:\/\/jornaltimoneiro.com.br\/index.php\/2020\/12\/24\/prefeitura-reinaugura-a-clinica-de-saude-da-familia-nova-niteroi\/"},"author":{"name":"Reda\u00e7\u00e3o","@id":"https:\/\/jornaltimoneiro.com.br\/#\/schema\/person\/f63482f1a02b1a9592707865e509ab40"},"headline":"Prefeitura reinaugura a Cl\u00ednica de Sa\u00fade da Fam\u00edlia Nova Niter\u00f3i","datePublished":"2020-12-24T09:00:14+00:00","dateModified":"2020-12-23T20:58:13+00:00","mainEntityOfPage":{"@id":"https:\/\/jornaltimoneiro.com.br\/index.php\/2020\/12\/24\/prefeitura-reinaugura-a-clinica-de-saude-da-familia-nova-niteroi\/"},"wordCount":395,"commentCount":0,"publisher":{"@id":"https:\/\/jornaltimoneiro.com.br\/#organization"},"articleSection":["Destaques"],"inLanguage":"pt-BR","potentialAction":[{"@type":"CommentAction","name":"Comment","target":["https:\/\/jornaltimoneiro.com.br\/index.php\/2020\/12\/24\/prefeitura-reinaugura-a-clinica-de-saude-da-familia-nova-niteroi\/#respond"]}]},{"@type":"WebPage","@id":"https:\/\/jornaltimoneiro.com.br\/index.php\/2020\/12\/24\/prefeitura-reinaugura-a-clinica-de-saude-da-familia-nova-niteroi\/","url":"https:\/\/jornaltimoneiro.com.br\/index.php\/2020\/12\/24\/prefeitura-reinaugura-a-clinica-de-saude-da-familia-nova-niteroi\/","name":"Prefeitura reinaugura a Cl\u00ednica de Sa\u00fade da Fam\u00edlia Nova Niter\u00f3i - O Timoneiro Jornal Canoas RS","isPartOf":{"@id":"https:\/\/jornaltimoneiro.com.br\/#website"},"datePublished":"2020-12-24T09:00:14+00:00","dateModified":"2020-12-23T20:58:13+00:00","breadcrumb":{"@id":"https:\/\/jornaltimoneiro.com.br\/index.php\/2020\/12\/24\/prefeitura-reinaugura-a-clinica-de-saude-da-familia-nova-niteroi\/#breadcrumb"},"inLanguage":"pt-BR","potentialAction":[{"@type":"ReadAction","target":["https:\/\/jornaltimoneiro.com.br\/index.php\/2020\/12\/24\/prefeitura-reinaugura-a-clinica-de-saude-da-familia-nova-niteroi\/"]}]},{"@type":"BreadcrumbList","@id":"https:\/\/jornaltimoneiro.com.br\/index.php\/2020\/12\/24\/prefeitura-reinaugura-a-clinica-de-saude-da-familia-nova-niteroi\/#breadcrumb","itemListElement":[{"@type":"ListItem","position":1,"name":"In\u00edcio","item":"https:\/\/jornaltimoneiro.com.br\/"},{"@type":"ListItem","position":2,"name":"Prefeitura reinaugura a Cl\u00ednica de Sa\u00fade da Fam\u00edlia Nova Niter\u00f3i"}]},{"@type":"WebSite","@id":"https:\/\/jornaltimoneiro.com.br\/#website","url":"https:\/\/jornaltimoneiro.com.br\/","name":"Jornal Timoneiro Canoas RS","description":"Jornal O Timoneiro, o verdadeiro jornal de Canoas","publisher":{"@id":"https:\/\/jornaltimoneiro.com.br\/#organization"},"potentialAction":[{"@type":"SearchAction","target":{"@type":"EntryPoint","urlTemplate":"https:\/\/jornaltimoneiro.com.br\/?s={search_term_string}"},"query-input":"required name=search_term_string"}],"inLanguage":"pt-BR"},{"@type":"Organization","@id":"https:\/\/jornaltimoneiro.com.br\/#organization","name":"Jornal Timoneiro Canoas RS","url":"https:\/\/jornaltimoneiro.com.br\/","logo":{"@type":"ImageObject","inLanguage":"pt-BR","@id":"https:\/\/jornaltimoneiro.com.br\/#\/schema\/logo\/image\/","url":"https:\/\/jornaltimoneiro.com.br\/wp-content\/uploads\/2023\/03\/logonovo.png","contentUrl":"https:\/\/jornaltimoneiro.com.br\/wp-content\/uploads\/2023\/03\/logonovo.png","width":"469","height":"171","caption":"Jornal Timoneiro Canoas RS"},"image":{"@id":"https:\/\/jornaltimoneiro.com.br\/#\/schema\/logo\/image\/"},"sameAs":["https:\/\/www.facebook.com\/jornaltimoneiro","https:\/\/twitter.com\/_OTimoneiro","https:\/\/www.instagram.com\/jornaltimoneirocanoas\/","https:\/\/www.youtube.com\/@jornalotimoneiro7927"]},{"@type":"Person","@id":"https:\/\/jornaltimoneiro.com.br\/#\/schema\/person\/f63482f1a02b1a9592707865e509ab40","name":"Reda\u00e7\u00e3o","image":{"@type":"ImageObject","inLanguage":"pt-BR","@id":"https:\/\/jornaltimoneiro.com.br\/#\/schema\/person\/image\/","url":"https:\/\/jornaltimoneiro.com.br\/wp-content\/uploads\/2023\/03\/download.jpeg","contentUrl":"https:\/\/jornaltimoneiro.com.br\/wp-content\/uploads\/2023\/03\/download.jpeg","caption":"Reda\u00e7\u00e3o"},"url":"https:\/\/jornaltimoneiro.com.br\/index.php\/author\/simone-dutra\/"}]}},"_links":{"self":[{"href":"https:\/\/jornaltimoneiro.com.br\/index.php\/wp-json\/wp\/v2\/posts\/18449"}],"collection":[{"href":"https:\/\/jornaltimoneiro.com.br\/index.php\/wp-json\/wp\/v2\/posts"}],"about":[{"href":"https:\/\/jornaltimoneiro.com.br\/index.php\/wp-json\/wp\/v2\/types\/post"}],"author":[{"embeddable":true,"href":"https:\/\/jornaltimoneiro.com.br\/index.php\/wp-json\/wp\/v2\/users\/2"}],"replies":[{"embeddable":true,"href":"https:\/\/jornaltimoneiro.com.br\/index.php\/wp-json\/wp\/v2\/comments?post=18449"}],"version-history":[{"count":1,"href":"https:\/\/jornaltimoneiro.com.br\/index.php\/wp-json\/wp\/v2\/posts\/18449\/revisions"}],"predecessor-version":[{"id":18451,"href":"https:\/\/jornaltimoneiro.com.br\/index.php\/wp-json\/wp\/v2\/posts\/18449\/revisions\/18451"}],"wp:featuredmedia":[{"embeddable":true,"href":"https:\/\/jornaltimoneiro.com.br\/index.php\/wp-json\/wp\/v2\/media\/18450"}],"wp:attachment":[{"href":"https:\/\/jornaltimoneiro.com.br\/index.php\/wp-json\/wp\/v2\/media?parent=18449"}],"wp:term":[{"taxonomy":"category","embeddable":true,"href":"https:\/\/jornaltimoneiro.com.br\/index.php\/wp-json\/wp\/v2\/categories?post=18449"},{"taxonomy":"post_tag","embeddable":true,"href":"https:\/\/jornaltimoneiro.com.br\/index.php\/wp-json\/wp\/v2\/tags?post=18449"}],"curies":[{"name":"wp","href":"https:\/\/api.w.org\/{rel}","templated":true}]}}