{"id":18230,"date":"2020-11-20T07:00:08","date_gmt":"2020-11-20T09:00:08","guid":{"rendered":"https:\/\/jornaltimoneiro.com.br\/?p=18230"},"modified":"2020-11-19T22:59:52","modified_gmt":"2020-11-20T00:59:52","slug":"tito-guarniere-bolsonaro-surtou","status":"publish","type":"post","link":"https:\/\/jornaltimoneiro.com.br\/index.php\/2020\/11\/20\/tito-guarniere-bolsonaro-surtou\/","title":{"rendered":"Tito Guarniere: &#8220;Bolsonaro surtou&#8221;"},"content":{"rendered":"<p>Tito Guarniere<\/p>\n<p><strong>O CAPIT\u00c3O VAI \u00c0 GUERRA<u><\/u>\u00a0<\/strong><u><\/u><\/p>\n<p>Era certo que Jair Bolsonaro ficaria chateado com a derrota de Donald Daqui-N\u00e3o-Saio-Daqui-Ningu\u00e9m-M<wbr \/>e-Tira Trump. Ele tem por h\u00e1bito dizer uma bobagem, mentira ou grosseria a cada 24 horas. H\u00e1 dias que ele est\u00e1 inspirado e ataca em cada uma dessas categorias de interven\u00e7\u00e3o. Quando ficou claro que o amig\u00e3o de inf\u00e2ncia Trump tinha ido para o vinagre na elei\u00e7\u00e3o americana, simplesmente surtou.<u><\/u>\u00a0<u><\/u><\/p>\n<p>Numa s\u00f3 jornada, Bolsonaro comemorou a interrup\u00e7\u00e3o no Brasil da pesquisa cl\u00ednica da vacina chinesa Coronavac, disse que o Brasil \u00e9 um pa\u00eds de maricas e amea\u00e7ou declarar guerra contra os Estados Unidos. O homem estava possu\u00eddo.<u><\/u>\u00a0<u><\/u><\/p>\n<p>A declara\u00e7\u00e3o de guerra deu frio na espinha. N\u00e3o foi uma amea\u00e7a contra a Bol\u00edvia, o Peru, Trinidad-Tobago. Se uma guerra \u00e9 necess\u00e1ria, que seja contra a Argentina \u2013 temos diferen\u00e7as hist\u00f3ricas com los \u201chermanos\u201d, e ao menos seria mais perto. Mas n\u00e3o \u2013 o homem tinha de escolher a maior pot\u00eancia armada do planeta como inimiga.<u><\/u>\u00a0<u><\/u><\/p>\n<p>Lembra a velha anedota da republiqueta de banana, em frangalhos, infla\u00e7\u00e3o a mil, o povo protestando nas ruas contra a corrup\u00e7\u00e3o, pedindo o fim da ditadura. No desespero da situa\u00e7\u00e3o, os generais da intelig\u00eancia militar \u2013 que, segundo Marx, Groucho, \u00e9 uma contradi\u00e7\u00e3o em termos \u2013 apresentam um plano: \u201cN\u00f3s declaramos guerra aos Estados Unidos, eles vencem, ocupam o pa\u00eds e ter\u00e3o de dar conta do estrago. Vir\u00e1 dinheiro, recursos, investimentos&#8230;\u201d. O tirano foi at\u00e9 as amplas janelas do pal\u00e1cio, olhou para fora algum tempo, e se voltou para os coleguinhas: \u201cO plano \u00e9 bom. Mas e se a gente ganhar a guerra?\u201d.<u><\/u>\u00a0<u><\/u><\/p>\n<p>Se houver guerra, quero antecipar minha posi\u00e7\u00e3o. Com a licen\u00e7a do meu amigo doutor Rolf, adotarei o lema: ou mato ou morro. Ou me escondo no mato ou fujo para o morro. S\u00f3 irei para o front levado \u00e0 for\u00e7a, mais ou menos como o Trump ter\u00e1 de sair da Casa Branca. N\u00e3o faz sentido sair da quarentena da Covid-19 para entrar na guerra, que \u00e9 muito mais perigosa.<u><\/u>\u00a0<u><\/u><\/p>\n<p>Bolsonaro, se declarar guerra a Biden, que pe\u00e7a socorro a Trump \u2013 ele conhece os c\u00f3digos e segredos do Pent\u00e1gono, e pode ser muito \u00fatil para o nosso lado. Mais: poder\u00e1 trazer refor\u00e7os importantes para as nossas tropas \u2013 caminhoneiros (a maioria deles votou em Trump nas duas elei\u00e7\u00f5es), policiais violentos, supremacistas brancos, uma brigada da Ku-Klux-Klan, marines desempregados, e gente assim. Porque se depender dos nossos soldados, no pa\u00eds de maricas, ser\u00e1 um novo 7&#215;1.<u><\/u>\u00a0<u><\/u><\/p>\n<p>Se o caso \u00e9 de mostrar lealdade, que Bolsonaro ofere\u00e7a asilo pol\u00edtico a Trump. Afinal foi amor \u00e0 primeira vista. Dizem que Trump tem umas contas a ajustar com a Justi\u00e7a americana \u2013\u00a0\u00a0o que vem a calhar. Trump poderia viver sob a prote\u00e7\u00e3o de nossa bandeira e Bolsonaro, numa reforma ministerial, poderia nome\u00e1-lo conselheiro especial. \u00c9 uma vantagem enorme imitar o modelo de perto, em carne e osso.<u><\/u>\u00a0<u><\/u><\/p>\n<p>\u00c9 boa hora tamb\u00e9m de trazer Olavo de Carvalho para uma antessala do Pal\u00e1cio. Poderia vir no mesmo voo de Trump. Al\u00e9m da economia na passagem, Trump viria batendo um papo cabe\u00e7a com o fil\u00f3sofo mais influente do regime, e de quebra chegaria ao Brasil familiarizado com os nossos palavr\u00f5es mais cabeludos.<u><\/u><\/p>\n<p><a href=\"mailto:titoguarniere@hotmail.com\" target=\"_blank\" rel=\"noopener\">titoguarniere@hotmail.com<\/a><u><\/u><\/p>\n","protected":false},"excerpt":{"rendered":"<p>Tito Guarniere O CAPIT\u00c3O VAI \u00c0 GUERRA\u00a0 Era certo que Jair Bolsonaro ficaria chateado com a derrota de Donald Daqui-N\u00e3o-Saio-Daqui-Ningu\u00e9m-Me-Tira Trump. Ele tem por h\u00e1bito dizer uma bobagem, mentira ou grosseria a cada 24 horas. H\u00e1 dias que ele est\u00e1 inspirado e ataca em cada uma dessas categorias de interven\u00e7\u00e3o. Quando ficou claro que o [&hellip;]<\/p>\n","protected":false},"author":2,"featured_media":18232,"comment_status":"open","ping_status":"open","sticky":false,"template":"","format":"standard","meta":{"amp_status":"","footnotes":""},"categories":[21],"tags":[],"class_list":["post-18230","post","type-post","status-publish","format-standard","has-post-thumbnail","hentry","category-opiniao"],"yoast_head":"<!-- This site is optimized with the Yoast SEO plugin v20.5 - https:\/\/yoast.com\/wordpress\/plugins\/seo\/ -->\n<title>Tito Guarniere: &quot;Bolsonaro surtou&quot; - O Timoneiro Jornal Canoas RS<\/title>\n<meta name=\"robots\" content=\"index, follow, max-snippet:-1, max-image-preview:large, max-video-preview:-1\" \/>\n<link rel=\"canonical\" href=\"https:\/\/jornaltimoneiro.com.br\/index.php\/2020\/11\/20\/tito-guarniere-bolsonaro-surtou\/\" \/>\n<meta property=\"og:locale\" content=\"pt_BR\" \/>\n<meta property=\"og:type\" content=\"article\" \/>\n<meta property=\"og:title\" content=\"Tito Guarniere: &quot;Bolsonaro surtou&quot; - O Timoneiro Jornal Canoas RS\" \/>\n<meta property=\"og:description\" content=\"Tito Guarniere O CAPIT\u00c3O VAI \u00c0 GUERRA\u00a0 Era certo que Jair Bolsonaro ficaria chateado com a derrota de Donald Daqui-N\u00e3o-Saio-Daqui-Ningu\u00e9m-Me-Tira Trump. Ele tem por h\u00e1bito dizer uma bobagem, mentira ou grosseria a cada 24 horas. H\u00e1 dias que ele est\u00e1 inspirado e ataca em cada uma dessas categorias de interven\u00e7\u00e3o. Quando ficou claro que o [&hellip;]\" \/>\n<meta property=\"og:url\" content=\"https:\/\/jornaltimoneiro.com.br\/index.php\/2020\/11\/20\/tito-guarniere-bolsonaro-surtou\/\" \/>\n<meta property=\"og:site_name\" content=\"O Timoneiro Jornal Canoas RS\" \/>\n<meta property=\"article:publisher\" content=\"https:\/\/www.facebook.com\/jornaltimoneiro\" \/>\n<meta property=\"article:published_time\" content=\"2020-11-20T09:00:08+00:00\" \/>\n<meta property=\"article:modified_time\" content=\"2020-11-20T00:59:52+00:00\" \/>\n<meta property=\"og:image\" content=\"https:\/\/jornaltimoneiro.com.br\/wp-content\/uploads\/2020\/11\/hqdefault.jpg\" \/>\n\t<meta property=\"og:image:width\" content=\"480\" \/>\n\t<meta property=\"og:image:height\" content=\"360\" \/>\n\t<meta property=\"og:image:type\" content=\"image\/jpeg\" \/>\n<meta name=\"author\" content=\"Reda\u00e7\u00e3o\" \/>\n<meta name=\"twitter:card\" content=\"summary_large_image\" \/>\n<meta name=\"twitter:creator\" content=\"@_OTimoneiro\" \/>\n<meta name=\"twitter:site\" content=\"@_OTimoneiro\" \/>\n<meta name=\"twitter:label1\" content=\"Escrito por\" \/>\n\t<meta name=\"twitter:data1\" content=\"Reda\u00e7\u00e3o\" \/>\n\t<meta name=\"twitter:label2\" content=\"Est. tempo de leitura\" \/>\n\t<meta name=\"twitter:data2\" content=\"3 minutos\" \/>\n<script type=\"application\/ld+json\" class=\"yoast-schema-graph\">{\"@context\":\"https:\/\/schema.org\",\"@graph\":[{\"@type\":\"Article\",\"@id\":\"https:\/\/jornaltimoneiro.com.br\/index.php\/2020\/11\/20\/tito-guarniere-bolsonaro-surtou\/#article\",\"isPartOf\":{\"@id\":\"https:\/\/jornaltimoneiro.com.br\/index.php\/2020\/11\/20\/tito-guarniere-bolsonaro-surtou\/\"},\"author\":{\"name\":\"Reda\u00e7\u00e3o\",\"@id\":\"https:\/\/jornaltimoneiro.com.br\/#\/schema\/person\/f63482f1a02b1a9592707865e509ab40\"},\"headline\":\"Tito Guarniere: &#8220;Bolsonaro surtou&#8221;\",\"datePublished\":\"2020-11-20T09:00:08+00:00\",\"dateModified\":\"2020-11-20T00:59:52+00:00\",\"mainEntityOfPage\":{\"@id\":\"https:\/\/jornaltimoneiro.com.br\/index.php\/2020\/11\/20\/tito-guarniere-bolsonaro-surtou\/\"},\"wordCount\":572,\"commentCount\":0,\"publisher\":{\"@id\":\"https:\/\/jornaltimoneiro.com.br\/#organization\"},\"articleSection\":[\"Opini\u00e3o\"],\"inLanguage\":\"pt-BR\",\"potentialAction\":[{\"@type\":\"CommentAction\",\"name\":\"Comment\",\"target\":[\"https:\/\/jornaltimoneiro.com.br\/index.php\/2020\/11\/20\/tito-guarniere-bolsonaro-surtou\/#respond\"]}]},{\"@type\":\"WebPage\",\"@id\":\"https:\/\/jornaltimoneiro.com.br\/index.php\/2020\/11\/20\/tito-guarniere-bolsonaro-surtou\/\",\"url\":\"https:\/\/jornaltimoneiro.com.br\/index.php\/2020\/11\/20\/tito-guarniere-bolsonaro-surtou\/\",\"name\":\"Tito Guarniere: \\\"Bolsonaro surtou\\\" - O Timoneiro Jornal Canoas RS\",\"isPartOf\":{\"@id\":\"https:\/\/jornaltimoneiro.com.br\/#website\"},\"datePublished\":\"2020-11-20T09:00:08+00:00\",\"dateModified\":\"2020-11-20T00:59:52+00:00\",\"breadcrumb\":{\"@id\":\"https:\/\/jornaltimoneiro.com.br\/index.php\/2020\/11\/20\/tito-guarniere-bolsonaro-surtou\/#breadcrumb\"},\"inLanguage\":\"pt-BR\",\"potentialAction\":[{\"@type\":\"ReadAction\",\"target\":[\"https:\/\/jornaltimoneiro.com.br\/index.php\/2020\/11\/20\/tito-guarniere-bolsonaro-surtou\/\"]}]},{\"@type\":\"BreadcrumbList\",\"@id\":\"https:\/\/jornaltimoneiro.com.br\/index.php\/2020\/11\/20\/tito-guarniere-bolsonaro-surtou\/#breadcrumb\",\"itemListElement\":[{\"@type\":\"ListItem\",\"position\":1,\"name\":\"In\u00edcio\",\"item\":\"https:\/\/jornaltimoneiro.com.br\/\"},{\"@type\":\"ListItem\",\"position\":2,\"name\":\"Tito Guarniere: &#8220;Bolsonaro surtou&#8221;\"}]},{\"@type\":\"WebSite\",\"@id\":\"https:\/\/jornaltimoneiro.com.br\/#website\",\"url\":\"https:\/\/jornaltimoneiro.com.br\/\",\"name\":\"Jornal Timoneiro Canoas RS\",\"description\":\"Jornal O Timoneiro, o verdadeiro jornal de Canoas\",\"publisher\":{\"@id\":\"https:\/\/jornaltimoneiro.com.br\/#organization\"},\"potentialAction\":[{\"@type\":\"SearchAction\",\"target\":{\"@type\":\"EntryPoint\",\"urlTemplate\":\"https:\/\/jornaltimoneiro.com.br\/?s={search_term_string}\"},\"query-input\":\"required name=search_term_string\"}],\"inLanguage\":\"pt-BR\"},{\"@type\":\"Organization\",\"@id\":\"https:\/\/jornaltimoneiro.com.br\/#organization\",\"name\":\"Jornal Timoneiro Canoas RS\",\"url\":\"https:\/\/jornaltimoneiro.com.br\/\",\"logo\":{\"@type\":\"ImageObject\",\"inLanguage\":\"pt-BR\",\"@id\":\"https:\/\/jornaltimoneiro.com.br\/#\/schema\/logo\/image\/\",\"url\":\"https:\/\/jornaltimoneiro.com.br\/wp-content\/uploads\/2023\/03\/logonovo.png\",\"contentUrl\":\"https:\/\/jornaltimoneiro.com.br\/wp-content\/uploads\/2023\/03\/logonovo.png\",\"width\":\"469\",\"height\":\"171\",\"caption\":\"Jornal Timoneiro Canoas RS\"},\"image\":{\"@id\":\"https:\/\/jornaltimoneiro.com.br\/#\/schema\/logo\/image\/\"},\"sameAs\":[\"https:\/\/www.facebook.com\/jornaltimoneiro\",\"https:\/\/twitter.com\/_OTimoneiro\",\"https:\/\/www.instagram.com\/jornaltimoneirocanoas\/\",\"https:\/\/www.youtube.com\/@jornalotimoneiro7927\"]},{\"@type\":\"Person\",\"@id\":\"https:\/\/jornaltimoneiro.com.br\/#\/schema\/person\/f63482f1a02b1a9592707865e509ab40\",\"name\":\"Reda\u00e7\u00e3o\",\"image\":{\"@type\":\"ImageObject\",\"inLanguage\":\"pt-BR\",\"@id\":\"https:\/\/jornaltimoneiro.com.br\/#\/schema\/person\/image\/\",\"url\":\"https:\/\/jornaltimoneiro.com.br\/wp-content\/uploads\/2023\/03\/download.jpeg\",\"contentUrl\":\"https:\/\/jornaltimoneiro.com.br\/wp-content\/uploads\/2023\/03\/download.jpeg\",\"caption\":\"Reda\u00e7\u00e3o\"},\"url\":\"https:\/\/jornaltimoneiro.com.br\/index.php\/author\/simone-dutra\/\"}]}<\/script>\n<!-- \/ Yoast SEO plugin. -->","yoast_head_json":{"title":"Tito Guarniere: \"Bolsonaro surtou\" - O Timoneiro Jornal Canoas RS","robots":{"index":"index","follow":"follow","max-snippet":"max-snippet:-1","max-image-preview":"max-image-preview:large","max-video-preview":"max-video-preview:-1"},"canonical":"https:\/\/jornaltimoneiro.com.br\/index.php\/2020\/11\/20\/tito-guarniere-bolsonaro-surtou\/","og_locale":"pt_BR","og_type":"article","og_title":"Tito Guarniere: \"Bolsonaro surtou\" - O Timoneiro Jornal Canoas RS","og_description":"Tito Guarniere O CAPIT\u00c3O VAI \u00c0 GUERRA\u00a0 Era certo que Jair Bolsonaro ficaria chateado com a derrota de Donald Daqui-N\u00e3o-Saio-Daqui-Ningu\u00e9m-Me-Tira Trump. Ele tem por h\u00e1bito dizer uma bobagem, mentira ou grosseria a cada 24 horas. H\u00e1 dias que ele est\u00e1 inspirado e ataca em cada uma dessas categorias de interven\u00e7\u00e3o. Quando ficou claro que o [&hellip;]","og_url":"https:\/\/jornaltimoneiro.com.br\/index.php\/2020\/11\/20\/tito-guarniere-bolsonaro-surtou\/","og_site_name":"O Timoneiro Jornal Canoas RS","article_publisher":"https:\/\/www.facebook.com\/jornaltimoneiro","article_published_time":"2020-11-20T09:00:08+00:00","article_modified_time":"2020-11-20T00:59:52+00:00","og_image":[{"width":"480","height":"360","url":"https:\/\/jornaltimoneiro.com.br\/wp-content\/uploads\/2020\/11\/hqdefault.jpg","type":"image\/jpeg"}],"author":"Reda\u00e7\u00e3o","twitter_card":"summary_large_image","twitter_creator":"@_OTimoneiro","twitter_site":"@_OTimoneiro","twitter_misc":{"Escrito por":"Reda\u00e7\u00e3o","Est. tempo de leitura":"3 minutos"},"schema":{"@context":"https:\/\/schema.org","@graph":[{"@type":"Article","@id":"https:\/\/jornaltimoneiro.com.br\/index.php\/2020\/11\/20\/tito-guarniere-bolsonaro-surtou\/#article","isPartOf":{"@id":"https:\/\/jornaltimoneiro.com.br\/index.php\/2020\/11\/20\/tito-guarniere-bolsonaro-surtou\/"},"author":{"name":"Reda\u00e7\u00e3o","@id":"https:\/\/jornaltimoneiro.com.br\/#\/schema\/person\/f63482f1a02b1a9592707865e509ab40"},"headline":"Tito Guarniere: &#8220;Bolsonaro surtou&#8221;","datePublished":"2020-11-20T09:00:08+00:00","dateModified":"2020-11-20T00:59:52+00:00","mainEntityOfPage":{"@id":"https:\/\/jornaltimoneiro.com.br\/index.php\/2020\/11\/20\/tito-guarniere-bolsonaro-surtou\/"},"wordCount":572,"commentCount":0,"publisher":{"@id":"https:\/\/jornaltimoneiro.com.br\/#organization"},"articleSection":["Opini\u00e3o"],"inLanguage":"pt-BR","potentialAction":[{"@type":"CommentAction","name":"Comment","target":["https:\/\/jornaltimoneiro.com.br\/index.php\/2020\/11\/20\/tito-guarniere-bolsonaro-surtou\/#respond"]}]},{"@type":"WebPage","@id":"https:\/\/jornaltimoneiro.com.br\/index.php\/2020\/11\/20\/tito-guarniere-bolsonaro-surtou\/","url":"https:\/\/jornaltimoneiro.com.br\/index.php\/2020\/11\/20\/tito-guarniere-bolsonaro-surtou\/","name":"Tito Guarniere: \"Bolsonaro surtou\" - O Timoneiro Jornal Canoas RS","isPartOf":{"@id":"https:\/\/jornaltimoneiro.com.br\/#website"},"datePublished":"2020-11-20T09:00:08+00:00","dateModified":"2020-11-20T00:59:52+00:00","breadcrumb":{"@id":"https:\/\/jornaltimoneiro.com.br\/index.php\/2020\/11\/20\/tito-guarniere-bolsonaro-surtou\/#breadcrumb"},"inLanguage":"pt-BR","potentialAction":[{"@type":"ReadAction","target":["https:\/\/jornaltimoneiro.com.br\/index.php\/2020\/11\/20\/tito-guarniere-bolsonaro-surtou\/"]}]},{"@type":"BreadcrumbList","@id":"https:\/\/jornaltimoneiro.com.br\/index.php\/2020\/11\/20\/tito-guarniere-bolsonaro-surtou\/#breadcrumb","itemListElement":[{"@type":"ListItem","position":1,"name":"In\u00edcio","item":"https:\/\/jornaltimoneiro.com.br\/"},{"@type":"ListItem","position":2,"name":"Tito Guarniere: &#8220;Bolsonaro surtou&#8221;"}]},{"@type":"WebSite","@id":"https:\/\/jornaltimoneiro.com.br\/#website","url":"https:\/\/jornaltimoneiro.com.br\/","name":"Jornal Timoneiro Canoas RS","description":"Jornal O Timoneiro, o verdadeiro jornal de Canoas","publisher":{"@id":"https:\/\/jornaltimoneiro.com.br\/#organization"},"potentialAction":[{"@type":"SearchAction","target":{"@type":"EntryPoint","urlTemplate":"https:\/\/jornaltimoneiro.com.br\/?s={search_term_string}"},"query-input":"required name=search_term_string"}],"inLanguage":"pt-BR"},{"@type":"Organization","@id":"https:\/\/jornaltimoneiro.com.br\/#organization","name":"Jornal Timoneiro Canoas RS","url":"https:\/\/jornaltimoneiro.com.br\/","logo":{"@type":"ImageObject","inLanguage":"pt-BR","@id":"https:\/\/jornaltimoneiro.com.br\/#\/schema\/logo\/image\/","url":"https:\/\/jornaltimoneiro.com.br\/wp-content\/uploads\/2023\/03\/logonovo.png","contentUrl":"https:\/\/jornaltimoneiro.com.br\/wp-content\/uploads\/2023\/03\/logonovo.png","width":"469","height":"171","caption":"Jornal Timoneiro Canoas RS"},"image":{"@id":"https:\/\/jornaltimoneiro.com.br\/#\/schema\/logo\/image\/"},"sameAs":["https:\/\/www.facebook.com\/jornaltimoneiro","https:\/\/twitter.com\/_OTimoneiro","https:\/\/www.instagram.com\/jornaltimoneirocanoas\/","https:\/\/www.youtube.com\/@jornalotimoneiro7927"]},{"@type":"Person","@id":"https:\/\/jornaltimoneiro.com.br\/#\/schema\/person\/f63482f1a02b1a9592707865e509ab40","name":"Reda\u00e7\u00e3o","image":{"@type":"ImageObject","inLanguage":"pt-BR","@id":"https:\/\/jornaltimoneiro.com.br\/#\/schema\/person\/image\/","url":"https:\/\/jornaltimoneiro.com.br\/wp-content\/uploads\/2023\/03\/download.jpeg","contentUrl":"https:\/\/jornaltimoneiro.com.br\/wp-content\/uploads\/2023\/03\/download.jpeg","caption":"Reda\u00e7\u00e3o"},"url":"https:\/\/jornaltimoneiro.com.br\/index.php\/author\/simone-dutra\/"}]}},"_links":{"self":[{"href":"https:\/\/jornaltimoneiro.com.br\/index.php\/wp-json\/wp\/v2\/posts\/18230"}],"collection":[{"href":"https:\/\/jornaltimoneiro.com.br\/index.php\/wp-json\/wp\/v2\/posts"}],"about":[{"href":"https:\/\/jornaltimoneiro.com.br\/index.php\/wp-json\/wp\/v2\/types\/post"}],"author":[{"embeddable":true,"href":"https:\/\/jornaltimoneiro.com.br\/index.php\/wp-json\/wp\/v2\/users\/2"}],"replies":[{"embeddable":true,"href":"https:\/\/jornaltimoneiro.com.br\/index.php\/wp-json\/wp\/v2\/comments?post=18230"}],"version-history":[{"count":1,"href":"https:\/\/jornaltimoneiro.com.br\/index.php\/wp-json\/wp\/v2\/posts\/18230\/revisions"}],"predecessor-version":[{"id":18233,"href":"https:\/\/jornaltimoneiro.com.br\/index.php\/wp-json\/wp\/v2\/posts\/18230\/revisions\/18233"}],"wp:featuredmedia":[{"embeddable":true,"href":"https:\/\/jornaltimoneiro.com.br\/index.php\/wp-json\/wp\/v2\/media\/18232"}],"wp:attachment":[{"href":"https:\/\/jornaltimoneiro.com.br\/index.php\/wp-json\/wp\/v2\/media?parent=18230"}],"wp:term":[{"taxonomy":"category","embeddable":true,"href":"https:\/\/jornaltimoneiro.com.br\/index.php\/wp-json\/wp\/v2\/categories?post=18230"},{"taxonomy":"post_tag","embeddable":true,"href":"https:\/\/jornaltimoneiro.com.br\/index.php\/wp-json\/wp\/v2\/tags?post=18230"}],"curies":[{"name":"wp","href":"https:\/\/api.w.org\/{rel}","templated":true}]}}