{"id":18059,"date":"2020-10-30T07:00:44","date_gmt":"2020-10-30T10:00:44","guid":{"rendered":"https:\/\/jornaltimoneiro.com.br\/?p=18059"},"modified":"2020-10-29T19:29:17","modified_gmt":"2020-10-29T22:29:17","slug":"jorge-uequed-ha-17-dias-do-pleito-candidatos-precisam-organizar-suas-forcas","status":"publish","type":"post","link":"https:\/\/jornaltimoneiro.com.br\/index.php\/2020\/10\/30\/jorge-uequed-ha-17-dias-do-pleito-candidatos-precisam-organizar-suas-forcas\/","title":{"rendered":"Jorge Uequed: &#8220;H\u00e1 17 dias do pleito, candidatos precisam organizar suas for\u00e7as&#8221;"},"content":{"rendered":"<p>Jorge Uequed &#8211; Momento Pol\u00edtica<\/p>\n<p><strong>Saudades<\/strong><\/p>\n<p>Momento de dor pela aus\u00eancia de meu amigo, parceiro e instrutor Tonito. Ant\u00f4nio Canabarro Tr\u00f3is filho me fez lembrar nesta semana as longas conversas com as quais aprendi nos meus 20 anos. Era estudante de Direito, e ao final da tarde, na casa do mestre e amigo Dr. Sezefredo Azambuja Vieira, sempre tinha um bate papo agrad\u00e1vel e educador, com a presen\u00e7a de pessoas como o Tonito, F\u00e1bio Koff e Darci Jos\u00e9 Amorim. Estas conversas ficaram gravadas em minha mente e me produziram grandes ensinamentos para minhas atividades na pol\u00edtica, judiciais e jornal\u00edsticas. O Tonito tem uma marca profunda na minha vida, sou muito grato por tudo que aprendi e \u00e0s longas conversas que tivemos.<\/p>\n<p><strong>Pesquisas<\/strong><\/p>\n<p>Nesse momento, final de campanha, come\u00e7am a surgir as pesquisas e enquetes sobre as inten\u00e7\u00f5es do povo para o pr\u00f3ximo pleito. J\u00e1 examinei v\u00e1rias e pude constatar em todas o seguinte:<\/p>\n<p>1 &#8211; 59% das pessoas declaram que ainda n\u00e3o decidiram se v\u00e3o votar.<\/p>\n<p>2 &#8211; dos que decidiram que v\u00e3o votar, apenas 15% declaram que j\u00e1 escolheram o seu candidato a prefeito.<\/p>\n<p>3 &#8211; apenas 10% falam que j\u00e1 escolheram um (a) candidato (a) a vereador (a).<\/p>\n<p>4 &#8211; um percentual grande dos que decidiram que v\u00e3o votar e que ainda n\u00e3o escolheram os seus candidatos manifestam a inten\u00e7\u00e3o de anular o voto ou votar em branco.<\/p>\n<p>Portanto, faltando apenas 17 dias para a elei\u00e7\u00e3o, nada est\u00e1 definido e os candidatos e seus seguidores precisam organizar as for\u00e7as para o novo momento.<\/p>\n<p>\u00c9 importante salientar que das pessoas que j\u00e1 decidiram que v\u00e3o votar, que j\u00e1 t\u00eam candidatos, 50% delas dizem que ainda podem mudar a sua decis\u00e3o.<\/p>\n<p><strong>Pergunta<\/strong><\/p>\n<p>Tenho recebido muitas perguntas, pessoalmente, por telefone, pelo Whatsapp e por e-mail, sobre:<\/p>\n<p>\u201cComo posso saber o passado dos candidatos, se eles est\u00e3o respondendo processos ou n\u00e3o, se foram condenados pela Justi\u00e7a ou n\u00e3o?\u201d<\/p>\n<p>Hoje \u00e9 muito simples, basta o seguinte:<\/p>\n<p>Voc\u00ea acessa a ferramenta do Google, coloca o nome do seu candidato e voc\u00ea ter\u00e1 muitas informa\u00e7\u00f5es sobre ele, e ver\u00e1 os processos judiciais que ele est\u00e1 sofrendo e o registro dos trabalhos que ele j\u00e1 fez.<\/p>\n<p>\u00c9 poss\u00edvel consultar os processos eleitorais referentes a candidatos e partidos pol\u00edticos que ir\u00e3o concorrer nestas elei\u00e7\u00f5es no\u00a0<a href=\"https:\/\/pje.tse.jus.br:8443\/pje-web\/ConsultaPublica\/listView.seam\">site do Tribunal Superior Eleitoral<\/a>\u00a0(TSE) ou dos Tribunais Regionais Eleitorais (TREs). \u00c9 aconselh\u00e1vel pesquisar sobre a parte ou processo no TRE referente \u00e0 regi\u00e3o e na inst\u00e2ncia de cujas informa\u00e7\u00f5es se est\u00e1 buscando.<\/p>\n","protected":false},"excerpt":{"rendered":"<p>Jorge Uequed &#8211; Momento Pol\u00edtica Saudades Momento de dor pela aus\u00eancia de meu amigo, parceiro e instrutor Tonito. Ant\u00f4nio Canabarro Tr\u00f3is filho me fez lembrar nesta semana as longas conversas com as quais aprendi nos meus 20 anos. Era estudante de Direito, e ao final da tarde, na casa do mestre e amigo Dr. Sezefredo [&hellip;]<\/p>\n","protected":false},"author":2,"featured_media":11940,"comment_status":"open","ping_status":"open","sticky":false,"template":"","format":"standard","meta":{"amp_status":"","footnotes":""},"categories":[21],"tags":[],"class_list":["post-18059","post","type-post","status-publish","format-standard","has-post-thumbnail","hentry","category-opiniao"],"yoast_head":"<!-- This site is optimized with the Yoast SEO plugin v20.5 - https:\/\/yoast.com\/wordpress\/plugins\/seo\/ -->\n<title>Jorge Uequed: &quot;H\u00e1 17 dias do pleito, candidatos precisam organizar suas for\u00e7as&quot; - O Timoneiro Jornal Canoas RS<\/title>\n<meta name=\"robots\" content=\"index, follow, max-snippet:-1, max-image-preview:large, max-video-preview:-1\" \/>\n<link rel=\"canonical\" href=\"https:\/\/jornaltimoneiro.com.br\/index.php\/2020\/10\/30\/jorge-uequed-ha-17-dias-do-pleito-candidatos-precisam-organizar-suas-forcas\/\" \/>\n<meta property=\"og:locale\" content=\"pt_BR\" \/>\n<meta property=\"og:type\" content=\"article\" \/>\n<meta property=\"og:title\" content=\"Jorge Uequed: &quot;H\u00e1 17 dias do pleito, candidatos precisam organizar suas for\u00e7as&quot; - O Timoneiro Jornal Canoas RS\" \/>\n<meta property=\"og:description\" content=\"Jorge Uequed &#8211; Momento Pol\u00edtica Saudades Momento de dor pela aus\u00eancia de meu amigo, parceiro e instrutor Tonito. Ant\u00f4nio Canabarro Tr\u00f3is filho me fez lembrar nesta semana as longas conversas com as quais aprendi nos meus 20 anos. Era estudante de Direito, e ao final da tarde, na casa do mestre e amigo Dr. Sezefredo [&hellip;]\" \/>\n<meta property=\"og:url\" content=\"https:\/\/jornaltimoneiro.com.br\/index.php\/2020\/10\/30\/jorge-uequed-ha-17-dias-do-pleito-candidatos-precisam-organizar-suas-forcas\/\" \/>\n<meta property=\"og:site_name\" content=\"O Timoneiro Jornal Canoas RS\" \/>\n<meta property=\"article:publisher\" content=\"https:\/\/www.facebook.com\/jornaltimoneiro\" \/>\n<meta property=\"article:published_time\" content=\"2020-10-30T10:00:44+00:00\" \/>\n<meta property=\"article:modified_time\" content=\"2020-10-29T22:29:17+00:00\" \/>\n<meta property=\"og:image\" content=\"https:\/\/jornaltimoneiro.com.br\/wp-content\/uploads\/2019\/01\/jorge-uequed.jpg\" \/>\n\t<meta property=\"og:image:width\" content=\"400\" \/>\n\t<meta property=\"og:image:height\" content=\"266\" \/>\n\t<meta property=\"og:image:type\" content=\"image\/jpeg\" \/>\n<meta name=\"author\" content=\"Reda\u00e7\u00e3o\" \/>\n<meta name=\"twitter:card\" content=\"summary_large_image\" \/>\n<meta name=\"twitter:creator\" content=\"@_OTimoneiro\" \/>\n<meta name=\"twitter:site\" content=\"@_OTimoneiro\" \/>\n<meta name=\"twitter:label1\" content=\"Escrito por\" \/>\n\t<meta name=\"twitter:data1\" content=\"Reda\u00e7\u00e3o\" \/>\n\t<meta name=\"twitter:label2\" content=\"Est. tempo de leitura\" \/>\n\t<meta name=\"twitter:data2\" content=\"2 minutos\" \/>\n<script type=\"application\/ld+json\" class=\"yoast-schema-graph\">{\"@context\":\"https:\/\/schema.org\",\"@graph\":[{\"@type\":\"Article\",\"@id\":\"https:\/\/jornaltimoneiro.com.br\/index.php\/2020\/10\/30\/jorge-uequed-ha-17-dias-do-pleito-candidatos-precisam-organizar-suas-forcas\/#article\",\"isPartOf\":{\"@id\":\"https:\/\/jornaltimoneiro.com.br\/index.php\/2020\/10\/30\/jorge-uequed-ha-17-dias-do-pleito-candidatos-precisam-organizar-suas-forcas\/\"},\"author\":{\"name\":\"Reda\u00e7\u00e3o\",\"@id\":\"https:\/\/jornaltimoneiro.com.br\/#\/schema\/person\/f63482f1a02b1a9592707865e509ab40\"},\"headline\":\"Jorge Uequed: &#8220;H\u00e1 17 dias do pleito, candidatos precisam organizar suas for\u00e7as&#8221;\",\"datePublished\":\"2020-10-30T10:00:44+00:00\",\"dateModified\":\"2020-10-29T22:29:17+00:00\",\"mainEntityOfPage\":{\"@id\":\"https:\/\/jornaltimoneiro.com.br\/index.php\/2020\/10\/30\/jorge-uequed-ha-17-dias-do-pleito-candidatos-precisam-organizar-suas-forcas\/\"},\"wordCount\":446,\"commentCount\":0,\"publisher\":{\"@id\":\"https:\/\/jornaltimoneiro.com.br\/#organization\"},\"articleSection\":[\"Opini\u00e3o\"],\"inLanguage\":\"pt-BR\",\"potentialAction\":[{\"@type\":\"CommentAction\",\"name\":\"Comment\",\"target\":[\"https:\/\/jornaltimoneiro.com.br\/index.php\/2020\/10\/30\/jorge-uequed-ha-17-dias-do-pleito-candidatos-precisam-organizar-suas-forcas\/#respond\"]}]},{\"@type\":\"WebPage\",\"@id\":\"https:\/\/jornaltimoneiro.com.br\/index.php\/2020\/10\/30\/jorge-uequed-ha-17-dias-do-pleito-candidatos-precisam-organizar-suas-forcas\/\",\"url\":\"https:\/\/jornaltimoneiro.com.br\/index.php\/2020\/10\/30\/jorge-uequed-ha-17-dias-do-pleito-candidatos-precisam-organizar-suas-forcas\/\",\"name\":\"Jorge Uequed: \\\"H\u00e1 17 dias do pleito, candidatos precisam organizar suas for\u00e7as\\\" - O Timoneiro Jornal Canoas RS\",\"isPartOf\":{\"@id\":\"https:\/\/jornaltimoneiro.com.br\/#website\"},\"datePublished\":\"2020-10-30T10:00:44+00:00\",\"dateModified\":\"2020-10-29T22:29:17+00:00\",\"breadcrumb\":{\"@id\":\"https:\/\/jornaltimoneiro.com.br\/index.php\/2020\/10\/30\/jorge-uequed-ha-17-dias-do-pleito-candidatos-precisam-organizar-suas-forcas\/#breadcrumb\"},\"inLanguage\":\"pt-BR\",\"potentialAction\":[{\"@type\":\"ReadAction\",\"target\":[\"https:\/\/jornaltimoneiro.com.br\/index.php\/2020\/10\/30\/jorge-uequed-ha-17-dias-do-pleito-candidatos-precisam-organizar-suas-forcas\/\"]}]},{\"@type\":\"BreadcrumbList\",\"@id\":\"https:\/\/jornaltimoneiro.com.br\/index.php\/2020\/10\/30\/jorge-uequed-ha-17-dias-do-pleito-candidatos-precisam-organizar-suas-forcas\/#breadcrumb\",\"itemListElement\":[{\"@type\":\"ListItem\",\"position\":1,\"name\":\"In\u00edcio\",\"item\":\"https:\/\/jornaltimoneiro.com.br\/\"},{\"@type\":\"ListItem\",\"position\":2,\"name\":\"Jorge Uequed: &#8220;H\u00e1 17 dias do pleito, candidatos precisam organizar suas for\u00e7as&#8221;\"}]},{\"@type\":\"WebSite\",\"@id\":\"https:\/\/jornaltimoneiro.com.br\/#website\",\"url\":\"https:\/\/jornaltimoneiro.com.br\/\",\"name\":\"Jornal Timoneiro Canoas RS\",\"description\":\"Jornal O Timoneiro, o verdadeiro jornal de Canoas\",\"publisher\":{\"@id\":\"https:\/\/jornaltimoneiro.com.br\/#organization\"},\"potentialAction\":[{\"@type\":\"SearchAction\",\"target\":{\"@type\":\"EntryPoint\",\"urlTemplate\":\"https:\/\/jornaltimoneiro.com.br\/?s={search_term_string}\"},\"query-input\":\"required name=search_term_string\"}],\"inLanguage\":\"pt-BR\"},{\"@type\":\"Organization\",\"@id\":\"https:\/\/jornaltimoneiro.com.br\/#organization\",\"name\":\"Jornal Timoneiro Canoas RS\",\"url\":\"https:\/\/jornaltimoneiro.com.br\/\",\"logo\":{\"@type\":\"ImageObject\",\"inLanguage\":\"pt-BR\",\"@id\":\"https:\/\/jornaltimoneiro.com.br\/#\/schema\/logo\/image\/\",\"url\":\"https:\/\/jornaltimoneiro.com.br\/wp-content\/uploads\/2023\/03\/logonovo.png\",\"contentUrl\":\"https:\/\/jornaltimoneiro.com.br\/wp-content\/uploads\/2023\/03\/logonovo.png\",\"width\":\"469\",\"height\":\"171\",\"caption\":\"Jornal Timoneiro Canoas RS\"},\"image\":{\"@id\":\"https:\/\/jornaltimoneiro.com.br\/#\/schema\/logo\/image\/\"},\"sameAs\":[\"https:\/\/www.facebook.com\/jornaltimoneiro\",\"https:\/\/twitter.com\/_OTimoneiro\",\"https:\/\/www.instagram.com\/jornaltimoneirocanoas\/\",\"https:\/\/www.youtube.com\/@jornalotimoneiro7927\"]},{\"@type\":\"Person\",\"@id\":\"https:\/\/jornaltimoneiro.com.br\/#\/schema\/person\/f63482f1a02b1a9592707865e509ab40\",\"name\":\"Reda\u00e7\u00e3o\",\"image\":{\"@type\":\"ImageObject\",\"inLanguage\":\"pt-BR\",\"@id\":\"https:\/\/jornaltimoneiro.com.br\/#\/schema\/person\/image\/\",\"url\":\"https:\/\/jornaltimoneiro.com.br\/wp-content\/uploads\/2023\/03\/download.jpeg\",\"contentUrl\":\"https:\/\/jornaltimoneiro.com.br\/wp-content\/uploads\/2023\/03\/download.jpeg\",\"caption\":\"Reda\u00e7\u00e3o\"},\"url\":\"https:\/\/jornaltimoneiro.com.br\/index.php\/author\/simone-dutra\/\"}]}<\/script>\n<!-- \/ Yoast SEO plugin. -->","yoast_head_json":{"title":"Jorge Uequed: \"H\u00e1 17 dias do pleito, candidatos precisam organizar suas for\u00e7as\" - O Timoneiro Jornal Canoas RS","robots":{"index":"index","follow":"follow","max-snippet":"max-snippet:-1","max-image-preview":"max-image-preview:large","max-video-preview":"max-video-preview:-1"},"canonical":"https:\/\/jornaltimoneiro.com.br\/index.php\/2020\/10\/30\/jorge-uequed-ha-17-dias-do-pleito-candidatos-precisam-organizar-suas-forcas\/","og_locale":"pt_BR","og_type":"article","og_title":"Jorge Uequed: \"H\u00e1 17 dias do pleito, candidatos precisam organizar suas for\u00e7as\" - O Timoneiro Jornal Canoas RS","og_description":"Jorge Uequed &#8211; Momento Pol\u00edtica Saudades Momento de dor pela aus\u00eancia de meu amigo, parceiro e instrutor Tonito. Ant\u00f4nio Canabarro Tr\u00f3is filho me fez lembrar nesta semana as longas conversas com as quais aprendi nos meus 20 anos. Era estudante de Direito, e ao final da tarde, na casa do mestre e amigo Dr. Sezefredo [&hellip;]","og_url":"https:\/\/jornaltimoneiro.com.br\/index.php\/2020\/10\/30\/jorge-uequed-ha-17-dias-do-pleito-candidatos-precisam-organizar-suas-forcas\/","og_site_name":"O Timoneiro Jornal Canoas RS","article_publisher":"https:\/\/www.facebook.com\/jornaltimoneiro","article_published_time":"2020-10-30T10:00:44+00:00","article_modified_time":"2020-10-29T22:29:17+00:00","og_image":[{"width":400,"height":266,"url":"https:\/\/jornaltimoneiro.com.br\/wp-content\/uploads\/2019\/01\/jorge-uequed.jpg","type":"image\/jpeg"}],"author":"Reda\u00e7\u00e3o","twitter_card":"summary_large_image","twitter_creator":"@_OTimoneiro","twitter_site":"@_OTimoneiro","twitter_misc":{"Escrito por":"Reda\u00e7\u00e3o","Est. tempo de leitura":"2 minutos"},"schema":{"@context":"https:\/\/schema.org","@graph":[{"@type":"Article","@id":"https:\/\/jornaltimoneiro.com.br\/index.php\/2020\/10\/30\/jorge-uequed-ha-17-dias-do-pleito-candidatos-precisam-organizar-suas-forcas\/#article","isPartOf":{"@id":"https:\/\/jornaltimoneiro.com.br\/index.php\/2020\/10\/30\/jorge-uequed-ha-17-dias-do-pleito-candidatos-precisam-organizar-suas-forcas\/"},"author":{"name":"Reda\u00e7\u00e3o","@id":"https:\/\/jornaltimoneiro.com.br\/#\/schema\/person\/f63482f1a02b1a9592707865e509ab40"},"headline":"Jorge Uequed: &#8220;H\u00e1 17 dias do pleito, candidatos precisam organizar suas for\u00e7as&#8221;","datePublished":"2020-10-30T10:00:44+00:00","dateModified":"2020-10-29T22:29:17+00:00","mainEntityOfPage":{"@id":"https:\/\/jornaltimoneiro.com.br\/index.php\/2020\/10\/30\/jorge-uequed-ha-17-dias-do-pleito-candidatos-precisam-organizar-suas-forcas\/"},"wordCount":446,"commentCount":0,"publisher":{"@id":"https:\/\/jornaltimoneiro.com.br\/#organization"},"articleSection":["Opini\u00e3o"],"inLanguage":"pt-BR","potentialAction":[{"@type":"CommentAction","name":"Comment","target":["https:\/\/jornaltimoneiro.com.br\/index.php\/2020\/10\/30\/jorge-uequed-ha-17-dias-do-pleito-candidatos-precisam-organizar-suas-forcas\/#respond"]}]},{"@type":"WebPage","@id":"https:\/\/jornaltimoneiro.com.br\/index.php\/2020\/10\/30\/jorge-uequed-ha-17-dias-do-pleito-candidatos-precisam-organizar-suas-forcas\/","url":"https:\/\/jornaltimoneiro.com.br\/index.php\/2020\/10\/30\/jorge-uequed-ha-17-dias-do-pleito-candidatos-precisam-organizar-suas-forcas\/","name":"Jorge Uequed: \"H\u00e1 17 dias do pleito, candidatos precisam organizar suas for\u00e7as\" - O Timoneiro Jornal Canoas RS","isPartOf":{"@id":"https:\/\/jornaltimoneiro.com.br\/#website"},"datePublished":"2020-10-30T10:00:44+00:00","dateModified":"2020-10-29T22:29:17+00:00","breadcrumb":{"@id":"https:\/\/jornaltimoneiro.com.br\/index.php\/2020\/10\/30\/jorge-uequed-ha-17-dias-do-pleito-candidatos-precisam-organizar-suas-forcas\/#breadcrumb"},"inLanguage":"pt-BR","potentialAction":[{"@type":"ReadAction","target":["https:\/\/jornaltimoneiro.com.br\/index.php\/2020\/10\/30\/jorge-uequed-ha-17-dias-do-pleito-candidatos-precisam-organizar-suas-forcas\/"]}]},{"@type":"BreadcrumbList","@id":"https:\/\/jornaltimoneiro.com.br\/index.php\/2020\/10\/30\/jorge-uequed-ha-17-dias-do-pleito-candidatos-precisam-organizar-suas-forcas\/#breadcrumb","itemListElement":[{"@type":"ListItem","position":1,"name":"In\u00edcio","item":"https:\/\/jornaltimoneiro.com.br\/"},{"@type":"ListItem","position":2,"name":"Jorge Uequed: &#8220;H\u00e1 17 dias do pleito, candidatos precisam organizar suas for\u00e7as&#8221;"}]},{"@type":"WebSite","@id":"https:\/\/jornaltimoneiro.com.br\/#website","url":"https:\/\/jornaltimoneiro.com.br\/","name":"Jornal Timoneiro Canoas RS","description":"Jornal O Timoneiro, o verdadeiro jornal de Canoas","publisher":{"@id":"https:\/\/jornaltimoneiro.com.br\/#organization"},"potentialAction":[{"@type":"SearchAction","target":{"@type":"EntryPoint","urlTemplate":"https:\/\/jornaltimoneiro.com.br\/?s={search_term_string}"},"query-input":"required name=search_term_string"}],"inLanguage":"pt-BR"},{"@type":"Organization","@id":"https:\/\/jornaltimoneiro.com.br\/#organization","name":"Jornal Timoneiro Canoas RS","url":"https:\/\/jornaltimoneiro.com.br\/","logo":{"@type":"ImageObject","inLanguage":"pt-BR","@id":"https:\/\/jornaltimoneiro.com.br\/#\/schema\/logo\/image\/","url":"https:\/\/jornaltimoneiro.com.br\/wp-content\/uploads\/2023\/03\/logonovo.png","contentUrl":"https:\/\/jornaltimoneiro.com.br\/wp-content\/uploads\/2023\/03\/logonovo.png","width":"469","height":"171","caption":"Jornal Timoneiro Canoas RS"},"image":{"@id":"https:\/\/jornaltimoneiro.com.br\/#\/schema\/logo\/image\/"},"sameAs":["https:\/\/www.facebook.com\/jornaltimoneiro","https:\/\/twitter.com\/_OTimoneiro","https:\/\/www.instagram.com\/jornaltimoneirocanoas\/","https:\/\/www.youtube.com\/@jornalotimoneiro7927"]},{"@type":"Person","@id":"https:\/\/jornaltimoneiro.com.br\/#\/schema\/person\/f63482f1a02b1a9592707865e509ab40","name":"Reda\u00e7\u00e3o","image":{"@type":"ImageObject","inLanguage":"pt-BR","@id":"https:\/\/jornaltimoneiro.com.br\/#\/schema\/person\/image\/","url":"https:\/\/jornaltimoneiro.com.br\/wp-content\/uploads\/2023\/03\/download.jpeg","contentUrl":"https:\/\/jornaltimoneiro.com.br\/wp-content\/uploads\/2023\/03\/download.jpeg","caption":"Reda\u00e7\u00e3o"},"url":"https:\/\/jornaltimoneiro.com.br\/index.php\/author\/simone-dutra\/"}]}},"_links":{"self":[{"href":"https:\/\/jornaltimoneiro.com.br\/index.php\/wp-json\/wp\/v2\/posts\/18059"}],"collection":[{"href":"https:\/\/jornaltimoneiro.com.br\/index.php\/wp-json\/wp\/v2\/posts"}],"about":[{"href":"https:\/\/jornaltimoneiro.com.br\/index.php\/wp-json\/wp\/v2\/types\/post"}],"author":[{"embeddable":true,"href":"https:\/\/jornaltimoneiro.com.br\/index.php\/wp-json\/wp\/v2\/users\/2"}],"replies":[{"embeddable":true,"href":"https:\/\/jornaltimoneiro.com.br\/index.php\/wp-json\/wp\/v2\/comments?post=18059"}],"version-history":[{"count":3,"href":"https:\/\/jornaltimoneiro.com.br\/index.php\/wp-json\/wp\/v2\/posts\/18059\/revisions"}],"predecessor-version":[{"id":18064,"href":"https:\/\/jornaltimoneiro.com.br\/index.php\/wp-json\/wp\/v2\/posts\/18059\/revisions\/18064"}],"wp:featuredmedia":[{"embeddable":true,"href":"https:\/\/jornaltimoneiro.com.br\/index.php\/wp-json\/wp\/v2\/media\/11940"}],"wp:attachment":[{"href":"https:\/\/jornaltimoneiro.com.br\/index.php\/wp-json\/wp\/v2\/media?parent=18059"}],"wp:term":[{"taxonomy":"category","embeddable":true,"href":"https:\/\/jornaltimoneiro.com.br\/index.php\/wp-json\/wp\/v2\/categories?post=18059"},{"taxonomy":"post_tag","embeddable":true,"href":"https:\/\/jornaltimoneiro.com.br\/index.php\/wp-json\/wp\/v2\/tags?post=18059"}],"curies":[{"name":"wp","href":"https:\/\/api.w.org\/{rel}","templated":true}]}}